{"id":992,"date":"2014-06-18T07:44:54","date_gmt":"2014-06-18T06:44:54","guid":{"rendered":"http:\/\/marion-dev.valars.com\/andromede\/?p=992"},"modified":"2014-06-18T07:44:54","modified_gmt":"2014-06-18T06:44:54","slug":"deces-de-peter-timm-et-adele-stegen","status":"publish","type":"post","link":"https:\/\/www.andromede-ocean.com\/english\/blog\/2014\/06\/18\/deces-de-peter-timm-et-adele-stegen\/","title":{"rendered":"D\u00e9c\u00e8s de Peter Timm et Adele Stegen"},"content":{"rendered":"<p style=\"text-align: center;\"><a href=\"http:\/\/www.andromede-ocean.com\/english\/wp-content\/uploads\/sites\/2\/Peter-Timm.jpg\"><img loading=\"lazy\" decoding=\"async\" class=\"alignleft size-medium wp-image-993\" alt=\"Peter Timm\" src=\"http:\/\/www.andromede-ocean.com\/english\/wp-content\/uploads\/sites\/2\/Peter-Timm-200x300.jpg\" width=\"200\" height=\"300\" \/><\/a>C&#8217;est avec une grande tristesse que nous venons d&#8217;apprendre le d\u00e9c\u00e8s de Peter Timm (51 ans) et Adele Stegen (45 ans) suite \u00e0 un accident de plong\u00e9e en Afrique du Sud.<\/p>\n<p style=\"text-align: center;\">Vous avez pu les voir sur le blog de l&#8217;exp\u00e9dition et dans le documentaire &#8220;Gombessa&#8221;. D\u00e9s 2010, Peter Timm nous avait accueilli pour les diff\u00e9rentes exp\u00e9ditions de pr\u00e9paration. Avec son club de plong\u00e9e &#8220;Triton Dive center&#8221; \u00e0 Sodwana, il permettait notamment aux plongeurs exp\u00e9riment\u00e9s et chanceux d&#8217;approcher le coelacanthe.<\/p>\n","protected":false},"excerpt":{"rendered":"<p>C&#8217;est avec une grande tristesse que nous venons d&#8217;apprendre le d\u00e9c\u00e8s de Peter Timm (51 ans) et Adele Stegen (45 ans) suite \u00e0 un accident de plong\u00e9e en Afrique du Sud. Vous avez pu les voir sur le blog de l&#8217;exp\u00e9dition et dans le documentaire &#8220;Gombessa&#8221;. D\u00e9s 2010, Peter Timm nous avait accueilli pour les [&hellip;]<\/p>\n","protected":false},"author":3,"featured_media":0,"comment_status":"closed","ping_status":"open","sticky":false,"template":"","format":"standard","meta":{"_et_pb_use_builder":"","_et_pb_old_content":"","_et_gb_content_width":"","footnotes":""},"categories":[5],"tags":[],"class_list":["post-992","post","type-post","status-publish","format-standard","hentry","category-expeditions"],"yoast_head":"<!-- This site is optimized with the Yoast SEO plugin v27.0 - https:\/\/yoast.com\/product\/yoast-seo-wordpress\/ -->\n<title>D\u00e9c\u00e8s de Peter Timm et Adele Stegen - Androm\u00e8de Oc\u00e9anologie<\/title>\n<meta name=\"robots\" content=\"index, follow, max-snippet:-1, max-image-preview:large, max-video-preview:-1\" \/>\n<meta property=\"og:locale\" content=\"en_GB\" \/>\n<meta property=\"og:type\" content=\"article\" \/>\n<meta property=\"og:title\" content=\"D\u00e9c\u00e8s de Peter Timm et Adele Stegen - Androm\u00e8de Oc\u00e9anologie\" \/>\n<meta property=\"og:description\" content=\"C&#8217;est avec une grande tristesse que nous venons d&#8217;apprendre le d\u00e9c\u00e8s de Peter Timm (51 ans) et Adele Stegen (45 ans) suite \u00e0 un accident de plong\u00e9e en Afrique du Sud. Vous avez pu les voir sur le blog de l&#8217;exp\u00e9dition et dans le documentaire &#8220;Gombessa&#8221;. D\u00e9s 2010, Peter Timm nous avait accueilli pour les [&hellip;]\" \/>\n<meta property=\"og:url\" content=\"https:\/\/www.andromede-ocean.com\/english\/blog\/2014\/06\/18\/deces-de-peter-timm-et-adele-stegen\/\" \/>\n<meta property=\"og:site_name\" content=\"Androm\u00e8de Oc\u00e9anologie\" \/>\n<meta property=\"article:published_time\" content=\"2014-06-18T06:44:54+00:00\" \/>\n<meta property=\"og:image\" content=\"http:\/\/www.andromede-ocean.com\/english\/wp-content\/uploads\/sites\/2\/Peter-Timm-200x300.jpg\" \/>\n<meta name=\"author\" content=\"julie Deter\" \/>\n<meta name=\"twitter:card\" content=\"summary_large_image\" \/>\n<meta name=\"twitter:label1\" content=\"Written by\" \/>\n\t<meta name=\"twitter:data1\" content=\"julie Deter\" \/>\n<script type=\"application\/ld+json\" class=\"yoast-schema-graph\">{\"@context\":\"https:\/\/schema.org\",\"@graph\":[{\"@type\":\"Article\",\"@id\":\"https:\/\/www.andromede-ocean.com\/english\/blog\/2014\/06\/18\/deces-de-peter-timm-et-adele-stegen\/#article\",\"isPartOf\":{\"@id\":\"https:\/\/www.andromede-ocean.com\/english\/blog\/2014\/06\/18\/deces-de-peter-timm-et-adele-stegen\/\"},\"author\":{\"name\":\"julie Deter\",\"@id\":\"https:\/\/www.andromede-ocean.com\/english\/#\/schema\/person\/670621606150c9eb5a0c92897263dcf6\"},\"headline\":\"D\u00e9c\u00e8s de Peter Timm et Adele Stegen\",\"datePublished\":\"2014-06-18T06:44:54+00:00\",\"mainEntityOfPage\":{\"@id\":\"https:\/\/www.andromede-ocean.com\/english\/blog\/2014\/06\/18\/deces-de-peter-timm-et-adele-stegen\/\"},\"wordCount\":95,\"image\":{\"@id\":\"https:\/\/www.andromede-ocean.com\/english\/blog\/2014\/06\/18\/deces-de-peter-timm-et-adele-stegen\/#primaryimage\"},\"thumbnailUrl\":\"http:\/\/www.andromede-ocean.com\/english\/wp-content\/uploads\/sites\/2\/Peter-Timm-200x300.jpg\",\"articleSection\":[\"Expeditions\"],\"inLanguage\":\"en-GB\"},{\"@type\":\"WebPage\",\"@id\":\"https:\/\/www.andromede-ocean.com\/english\/blog\/2014\/06\/18\/deces-de-peter-timm-et-adele-stegen\/\",\"url\":\"https:\/\/www.andromede-ocean.com\/english\/blog\/2014\/06\/18\/deces-de-peter-timm-et-adele-stegen\/\",\"name\":\"D\u00e9c\u00e8s de Peter Timm et Adele Stegen - Androm\u00e8de Oc\u00e9anologie\",\"isPartOf\":{\"@id\":\"https:\/\/www.andromede-ocean.com\/english\/#website\"},\"primaryImageOfPage\":{\"@id\":\"https:\/\/www.andromede-ocean.com\/english\/blog\/2014\/06\/18\/deces-de-peter-timm-et-adele-stegen\/#primaryimage\"},\"image\":{\"@id\":\"https:\/\/www.andromede-ocean.com\/english\/blog\/2014\/06\/18\/deces-de-peter-timm-et-adele-stegen\/#primaryimage\"},\"thumbnailUrl\":\"http:\/\/www.andromede-ocean.com\/english\/wp-content\/uploads\/sites\/2\/Peter-Timm-200x300.jpg\",\"datePublished\":\"2014-06-18T06:44:54+00:00\",\"author\":{\"@id\":\"https:\/\/www.andromede-ocean.com\/english\/#\/schema\/person\/670621606150c9eb5a0c92897263dcf6\"},\"breadcrumb\":{\"@id\":\"https:\/\/www.andromede-ocean.com\/english\/blog\/2014\/06\/18\/deces-de-peter-timm-et-adele-stegen\/#breadcrumb\"},\"inLanguage\":\"en-GB\",\"potentialAction\":[{\"@type\":\"ReadAction\",\"target\":[\"https:\/\/www.andromede-ocean.com\/english\/blog\/2014\/06\/18\/deces-de-peter-timm-et-adele-stegen\/\"]}]},{\"@type\":\"ImageObject\",\"inLanguage\":\"en-GB\",\"@id\":\"https:\/\/www.andromede-ocean.com\/english\/blog\/2014\/06\/18\/deces-de-peter-timm-et-adele-stegen\/#primaryimage\",\"url\":\"\",\"contentUrl\":\"\"},{\"@type\":\"BreadcrumbList\",\"@id\":\"https:\/\/www.andromede-ocean.com\/english\/blog\/2014\/06\/18\/deces-de-peter-timm-et-adele-stegen\/#breadcrumb\",\"itemListElement\":[{\"@type\":\"ListItem\",\"position\":1,\"name\":\"Accueil\",\"item\":\"https:\/\/www.andromede-ocean.com\/english\/\"},{\"@type\":\"ListItem\",\"position\":2,\"name\":\"D\u00e9c\u00e8s de Peter Timm et Adele Stegen\"}]},{\"@type\":\"WebSite\",\"@id\":\"https:\/\/www.andromede-ocean.com\/english\/#website\",\"url\":\"https:\/\/www.andromede-ocean.com\/english\/\",\"name\":\"Androm\u00e8de Oc\u00e9anologie\",\"description\":\"\",\"potentialAction\":[{\"@type\":\"SearchAction\",\"target\":{\"@type\":\"EntryPoint\",\"urlTemplate\":\"https:\/\/www.andromede-ocean.com\/english\/?s={search_term_string}\"},\"query-input\":{\"@type\":\"PropertyValueSpecification\",\"valueRequired\":true,\"valueName\":\"search_term_string\"}}],\"inLanguage\":\"en-GB\"},{\"@type\":\"Person\",\"@id\":\"https:\/\/www.andromede-ocean.com\/english\/#\/schema\/person\/670621606150c9eb5a0c92897263dcf6\",\"name\":\"julie Deter\",\"image\":{\"@type\":\"ImageObject\",\"inLanguage\":\"en-GB\",\"@id\":\"https:\/\/www.andromede-ocean.com\/english\/#\/schema\/person\/image\/\",\"url\":\"https:\/\/secure.gravatar.com\/avatar\/29b9c20f73f722191c32425ab84445e2b34fcc25b717ea8e1667c86ae7eb81cf?s=96&d=mm&r=g\",\"contentUrl\":\"https:\/\/secure.gravatar.com\/avatar\/29b9c20f73f722191c32425ab84445e2b34fcc25b717ea8e1667c86ae7eb81cf?s=96&d=mm&r=g\",\"caption\":\"julie Deter\"}}]}<\/script>\n<!-- \/ Yoast SEO plugin. -->","yoast_head_json":{"title":"D\u00e9c\u00e8s de Peter Timm et Adele Stegen - Androm\u00e8de Oc\u00e9anologie","robots":{"index":"index","follow":"follow","max-snippet":"max-snippet:-1","max-image-preview":"max-image-preview:large","max-video-preview":"max-video-preview:-1"},"og_locale":"en_GB","og_type":"article","og_title":"D\u00e9c\u00e8s de Peter Timm et Adele Stegen - Androm\u00e8de Oc\u00e9anologie","og_description":"C&#8217;est avec une grande tristesse que nous venons d&#8217;apprendre le d\u00e9c\u00e8s de Peter Timm (51 ans) et Adele Stegen (45 ans) suite \u00e0 un accident de plong\u00e9e en Afrique du Sud. Vous avez pu les voir sur le blog de l&#8217;exp\u00e9dition et dans le documentaire &#8220;Gombessa&#8221;. D\u00e9s 2010, Peter Timm nous avait accueilli pour les [&hellip;]","og_url":"https:\/\/www.andromede-ocean.com\/english\/blog\/2014\/06\/18\/deces-de-peter-timm-et-adele-stegen\/","og_site_name":"Androm\u00e8de Oc\u00e9anologie","article_published_time":"2014-06-18T06:44:54+00:00","og_image":[{"url":"http:\/\/www.andromede-ocean.com\/english\/wp-content\/uploads\/sites\/2\/Peter-Timm-200x300.jpg","type":"","width":"","height":""}],"author":"julie Deter","twitter_card":"summary_large_image","twitter_misc":{"Written by":"julie Deter"},"schema":{"@context":"https:\/\/schema.org","@graph":[{"@type":"Article","@id":"https:\/\/www.andromede-ocean.com\/english\/blog\/2014\/06\/18\/deces-de-peter-timm-et-adele-stegen\/#article","isPartOf":{"@id":"https:\/\/www.andromede-ocean.com\/english\/blog\/2014\/06\/18\/deces-de-peter-timm-et-adele-stegen\/"},"author":{"name":"julie Deter","@id":"https:\/\/www.andromede-ocean.com\/english\/#\/schema\/person\/670621606150c9eb5a0c92897263dcf6"},"headline":"D\u00e9c\u00e8s de Peter Timm et Adele Stegen","datePublished":"2014-06-18T06:44:54+00:00","mainEntityOfPage":{"@id":"https:\/\/www.andromede-ocean.com\/english\/blog\/2014\/06\/18\/deces-de-peter-timm-et-adele-stegen\/"},"wordCount":95,"image":{"@id":"https:\/\/www.andromede-ocean.com\/english\/blog\/2014\/06\/18\/deces-de-peter-timm-et-adele-stegen\/#primaryimage"},"thumbnailUrl":"http:\/\/www.andromede-ocean.com\/english\/wp-content\/uploads\/sites\/2\/Peter-Timm-200x300.jpg","articleSection":["Expeditions"],"inLanguage":"en-GB"},{"@type":"WebPage","@id":"https:\/\/www.andromede-ocean.com\/english\/blog\/2014\/06\/18\/deces-de-peter-timm-et-adele-stegen\/","url":"https:\/\/www.andromede-ocean.com\/english\/blog\/2014\/06\/18\/deces-de-peter-timm-et-adele-stegen\/","name":"D\u00e9c\u00e8s de Peter Timm et Adele Stegen - Androm\u00e8de Oc\u00e9anologie","isPartOf":{"@id":"https:\/\/www.andromede-ocean.com\/english\/#website"},"primaryImageOfPage":{"@id":"https:\/\/www.andromede-ocean.com\/english\/blog\/2014\/06\/18\/deces-de-peter-timm-et-adele-stegen\/#primaryimage"},"image":{"@id":"https:\/\/www.andromede-ocean.com\/english\/blog\/2014\/06\/18\/deces-de-peter-timm-et-adele-stegen\/#primaryimage"},"thumbnailUrl":"http:\/\/www.andromede-ocean.com\/english\/wp-content\/uploads\/sites\/2\/Peter-Timm-200x300.jpg","datePublished":"2014-06-18T06:44:54+00:00","author":{"@id":"https:\/\/www.andromede-ocean.com\/english\/#\/schema\/person\/670621606150c9eb5a0c92897263dcf6"},"breadcrumb":{"@id":"https:\/\/www.andromede-ocean.com\/english\/blog\/2014\/06\/18\/deces-de-peter-timm-et-adele-stegen\/#breadcrumb"},"inLanguage":"en-GB","potentialAction":[{"@type":"ReadAction","target":["https:\/\/www.andromede-ocean.com\/english\/blog\/2014\/06\/18\/deces-de-peter-timm-et-adele-stegen\/"]}]},{"@type":"ImageObject","inLanguage":"en-GB","@id":"https:\/\/www.andromede-ocean.com\/english\/blog\/2014\/06\/18\/deces-de-peter-timm-et-adele-stegen\/#primaryimage","url":"","contentUrl":""},{"@type":"BreadcrumbList","@id":"https:\/\/www.andromede-ocean.com\/english\/blog\/2014\/06\/18\/deces-de-peter-timm-et-adele-stegen\/#breadcrumb","itemListElement":[{"@type":"ListItem","position":1,"name":"Accueil","item":"https:\/\/www.andromede-ocean.com\/english\/"},{"@type":"ListItem","position":2,"name":"D\u00e9c\u00e8s de Peter Timm et Adele Stegen"}]},{"@type":"WebSite","@id":"https:\/\/www.andromede-ocean.com\/english\/#website","url":"https:\/\/www.andromede-ocean.com\/english\/","name":"Androm\u00e8de Oc\u00e9anologie","description":"","potentialAction":[{"@type":"SearchAction","target":{"@type":"EntryPoint","urlTemplate":"https:\/\/www.andromede-ocean.com\/english\/?s={search_term_string}"},"query-input":{"@type":"PropertyValueSpecification","valueRequired":true,"valueName":"search_term_string"}}],"inLanguage":"en-GB"},{"@type":"Person","@id":"https:\/\/www.andromede-ocean.com\/english\/#\/schema\/person\/670621606150c9eb5a0c92897263dcf6","name":"julie Deter","image":{"@type":"ImageObject","inLanguage":"en-GB","@id":"https:\/\/www.andromede-ocean.com\/english\/#\/schema\/person\/image\/","url":"https:\/\/secure.gravatar.com\/avatar\/29b9c20f73f722191c32425ab84445e2b34fcc25b717ea8e1667c86ae7eb81cf?s=96&d=mm&r=g","contentUrl":"https:\/\/secure.gravatar.com\/avatar\/29b9c20f73f722191c32425ab84445e2b34fcc25b717ea8e1667c86ae7eb81cf?s=96&d=mm&r=g","caption":"julie Deter"}}]}},"_links":{"self":[{"href":"https:\/\/www.andromede-ocean.com\/english\/wp-json\/wp\/v2\/posts\/992","targetHints":{"allow":["GET"]}}],"collection":[{"href":"https:\/\/www.andromede-ocean.com\/english\/wp-json\/wp\/v2\/posts"}],"about":[{"href":"https:\/\/www.andromede-ocean.com\/english\/wp-json\/wp\/v2\/types\/post"}],"author":[{"embeddable":true,"href":"https:\/\/www.andromede-ocean.com\/english\/wp-json\/wp\/v2\/users\/3"}],"replies":[{"embeddable":true,"href":"https:\/\/www.andromede-ocean.com\/english\/wp-json\/wp\/v2\/comments?post=992"}],"version-history":[{"count":0,"href":"https:\/\/www.andromede-ocean.com\/english\/wp-json\/wp\/v2\/posts\/992\/revisions"}],"wp:attachment":[{"href":"https:\/\/www.andromede-ocean.com\/english\/wp-json\/wp\/v2\/media?parent=992"}],"wp:term":[{"taxonomy":"category","embeddable":true,"href":"https:\/\/www.andromede-ocean.com\/english\/wp-json\/wp\/v2\/categories?post=992"},{"taxonomy":"post_tag","embeddable":true,"href":"https:\/\/www.andromede-ocean.com\/english\/wp-json\/wp\/v2\/tags?post=992"}],"curies":[{"name":"wp","href":"https:\/\/api.w.org\/{rel}","templated":true}]}}