{"id":936,"date":"2014-06-02T07:51:15","date_gmt":"2014-06-02T06:51:15","guid":{"rendered":"http:\/\/marion-dev.valars.com\/andromede\/?p=936"},"modified":"2014-06-02T07:51:15","modified_gmt":"2014-06-02T06:51:15","slug":"recor-et-tempo-2014-en-corse","status":"publish","type":"post","link":"https:\/\/www.andromede-ocean.com\/english\/blog\/2014\/06\/02\/recor-et-tempo-2014-en-corse\/","title":{"rendered":"RECOR et TEMPO 2014 en Corse"},"content":{"rendered":"<p>\t\t\t\t<a href=\"http:\/\/www.andromede-ocean.com\/english\/wp-content\/uploads\/sites\/2\/corse-googlemap.jpg\"><img loading=\"lazy\" decoding=\"async\" class=\"alignleft size-full wp-image-937\" alt=\"corse-googlemap\" src=\"http:\/\/www.andromede-ocean.com\/english\/wp-content\/uploads\/sites\/2\/corse-googlemap.jpg\" width=\"208\" height=\"267\" \/><\/a>\u00a0\u00a0 Les <strong>campagnes 2014 des r\u00e9seaux de surveillance TEMPO et RECOR<\/strong> d\u00e9marrent aujourd&#8217;hui et se concentrent <strong>cette ann\u00e9e en Corse<\/strong>.<br \/>\nCes deux r\u00e9seaux de surveillance soutenus par l&#8217;Agence de l&#8217;eau Rh\u00f4ne-M\u00e9diterran\u00e9e-Corse font appel \u00e0 de nombreux partenariats. Ils ont pour objectif d&#8217;<strong>estimer la qualit\u00e9 des eaux c\u00f4ti\u00e8res \u00e0 partir de suivis de deux \u00e9cosyst\u00e8mes : les herbiers de posidonie<\/strong> (r\u00e9seau <a href=\"http:\/\/www.observatoire-mer.fr\/tempo.html\">TEMPO<\/a>) et <strong>le corallig\u00e8ne<\/strong> (r\u00e9seau <a href=\"http:\/\/www.observatoire-mer.fr\/recor.html\">RECOR<\/a>).<br \/>\nChaque ann\u00e9e, entre 15 et 40 stations d&#8217;\u00e9chantillonnage sont suivies par r\u00e9gion, chaque r\u00e9gion m\u00e9diterran\u00e9enne fran\u00e7aise \u00e9tant suivie tous les 3 ans.<br \/>\nL&#8217;\u00e9quipe d&#8217;Androm\u00e8de entame donc un tour de Corse qui va durer 3 semaines, elle sera bas\u00e9e sur un catamaran privil\u00e8ge 43 appel\u00e9 &#8220;Zembra&#8221; qui leur sert de plateforme logistique mouvante pour se tenir au plus pr\u00e8s des sites d\u2019\u00e9tude.<br \/>\nLes r\u00e9sultats des campagnes pr\u00e9c\u00e9dentes sont disponibles sur le site web : http:\/\/www.observatoire-mer.fr\/<\/p>\n<p style=\"text-align: center;\"><a href=\"http:\/\/www.andromede-ocean.com\/english\/wp-content\/uploads\/sites\/2\/zembra-vue-de-profil.jpg\"><img loading=\"lazy\" decoding=\"async\" class=\"size-medium wp-image-939 aligncenter\" alt=\"zembra-vue-de-profil\" src=\"http:\/\/www.andromede-ocean.com\/english\/wp-content\/uploads\/sites\/2\/zembra-vue-de-profil-300x225.jpg\" width=\"300\" height=\"225\" \/><\/a><\/p>\n<p style=\"text-align: center;\"><a href=\"http:\/\/www.andromede-ocean.com\/english\/wp-content\/uploads\/sites\/2\/RECORet-TEMPO-logo1.jpg\"><img loading=\"lazy\" decoding=\"async\" class=\"size-thumbnail wp-image-938 aligncenter\" alt=\"Recor_simplifi\u00e9\" src=\"http:\/\/www.andromede-ocean.com\/english\/wp-content\/uploads\/sites\/2\/RECORet-TEMPO-logo1-150x150.jpg\" width=\"150\" height=\"150\" \/><\/a><\/p>\n<p>&nbsp;<br \/>\n&nbsp;\t\t<\/p>\n","protected":false},"excerpt":{"rendered":"<p>\u00a0\u00a0 Les campagnes 2014 des r\u00e9seaux de surveillance TEMPO et RECOR d\u00e9marrent aujourd&#8217;hui et se concentrent cette ann\u00e9e en Corse. Ces deux r\u00e9seaux de surveillance soutenus par l&#8217;Agence de l&#8217;eau Rh\u00f4ne-M\u00e9diterran\u00e9e-Corse font appel \u00e0 de nombreux partenariats. Ils ont pour objectif d&#8217;estimer la qualit\u00e9 des eaux c\u00f4ti\u00e8res \u00e0 partir de suivis de deux \u00e9cosyst\u00e8mes : [&hellip;]<\/p>\n","protected":false},"author":3,"featured_media":0,"comment_status":"closed","ping_status":"open","sticky":false,"template":"","format":"standard","meta":{"_et_pb_use_builder":"","_et_pb_old_content":"","_et_gb_content_width":"","footnotes":""},"categories":[6],"tags":[],"class_list":["post-936","post","type-post","status-publish","format-standard","hentry","category-reseaux-surveillance"],"yoast_head":"<!-- This site is optimized with the Yoast SEO plugin v27.0 - https:\/\/yoast.com\/product\/yoast-seo-wordpress\/ -->\n<title>RECOR et TEMPO 2014 en Corse - Androm\u00e8de Oc\u00e9anologie<\/title>\n<meta name=\"robots\" content=\"index, follow, max-snippet:-1, max-image-preview:large, max-video-preview:-1\" \/>\n<meta property=\"og:locale\" content=\"en_GB\" \/>\n<meta property=\"og:type\" content=\"article\" \/>\n<meta property=\"og:title\" content=\"RECOR et TEMPO 2014 en Corse - Androm\u00e8de Oc\u00e9anologie\" \/>\n<meta property=\"og:description\" content=\"\u00a0\u00a0 Les campagnes 2014 des r\u00e9seaux de surveillance TEMPO et RECOR d\u00e9marrent aujourd&#8217;hui et se concentrent cette ann\u00e9e en Corse. Ces deux r\u00e9seaux de surveillance soutenus par l&#8217;Agence de l&#8217;eau Rh\u00f4ne-M\u00e9diterran\u00e9e-Corse font appel \u00e0 de nombreux partenariats. Ils ont pour objectif d&#8217;estimer la qualit\u00e9 des eaux c\u00f4ti\u00e8res \u00e0 partir de suivis de deux \u00e9cosyst\u00e8mes : [&hellip;]\" \/>\n<meta property=\"og:url\" content=\"https:\/\/www.andromede-ocean.com\/english\/blog\/2014\/06\/02\/recor-et-tempo-2014-en-corse\/\" \/>\n<meta property=\"og:site_name\" content=\"Androm\u00e8de Oc\u00e9anologie\" \/>\n<meta property=\"article:published_time\" content=\"2014-06-02T06:51:15+00:00\" \/>\n<meta property=\"og:image\" content=\"http:\/\/www.andromede-ocean.com\/english\/wp-content\/uploads\/sites\/2\/corse-googlemap.jpg\" \/>\n<meta name=\"author\" content=\"julie Deter\" \/>\n<meta name=\"twitter:card\" content=\"summary_large_image\" \/>\n<meta name=\"twitter:label1\" content=\"Written by\" \/>\n\t<meta name=\"twitter:data1\" content=\"julie Deter\" \/>\n\t<meta name=\"twitter:label2\" content=\"Estimated reading time\" \/>\n\t<meta name=\"twitter:data2\" content=\"1 minute\" \/>\n<script type=\"application\/ld+json\" class=\"yoast-schema-graph\">{\"@context\":\"https:\/\/schema.org\",\"@graph\":[{\"@type\":\"Article\",\"@id\":\"https:\/\/www.andromede-ocean.com\/english\/blog\/2014\/06\/02\/recor-et-tempo-2014-en-corse\/#article\",\"isPartOf\":{\"@id\":\"https:\/\/www.andromede-ocean.com\/english\/blog\/2014\/06\/02\/recor-et-tempo-2014-en-corse\/\"},\"author\":{\"name\":\"julie Deter\",\"@id\":\"https:\/\/www.andromede-ocean.com\/english\/#\/schema\/person\/670621606150c9eb5a0c92897263dcf6\"},\"headline\":\"RECOR et TEMPO 2014 en Corse\",\"datePublished\":\"2014-06-02T06:51:15+00:00\",\"mainEntityOfPage\":{\"@id\":\"https:\/\/www.andromede-ocean.com\/english\/blog\/2014\/06\/02\/recor-et-tempo-2014-en-corse\/\"},\"wordCount\":168,\"image\":{\"@id\":\"https:\/\/www.andromede-ocean.com\/english\/blog\/2014\/06\/02\/recor-et-tempo-2014-en-corse\/#primaryimage\"},\"thumbnailUrl\":\"http:\/\/www.andromede-ocean.com\/english\/wp-content\/uploads\/sites\/2\/corse-googlemap.jpg\",\"articleSection\":[\"Monitoring\"],\"inLanguage\":\"en-GB\"},{\"@type\":\"WebPage\",\"@id\":\"https:\/\/www.andromede-ocean.com\/english\/blog\/2014\/06\/02\/recor-et-tempo-2014-en-corse\/\",\"url\":\"https:\/\/www.andromede-ocean.com\/english\/blog\/2014\/06\/02\/recor-et-tempo-2014-en-corse\/\",\"name\":\"RECOR et TEMPO 2014 en Corse - Androm\u00e8de Oc\u00e9anologie\",\"isPartOf\":{\"@id\":\"https:\/\/www.andromede-ocean.com\/english\/#website\"},\"primaryImageOfPage\":{\"@id\":\"https:\/\/www.andromede-ocean.com\/english\/blog\/2014\/06\/02\/recor-et-tempo-2014-en-corse\/#primaryimage\"},\"image\":{\"@id\":\"https:\/\/www.andromede-ocean.com\/english\/blog\/2014\/06\/02\/recor-et-tempo-2014-en-corse\/#primaryimage\"},\"thumbnailUrl\":\"http:\/\/www.andromede-ocean.com\/english\/wp-content\/uploads\/sites\/2\/corse-googlemap.jpg\",\"datePublished\":\"2014-06-02T06:51:15+00:00\",\"author\":{\"@id\":\"https:\/\/www.andromede-ocean.com\/english\/#\/schema\/person\/670621606150c9eb5a0c92897263dcf6\"},\"breadcrumb\":{\"@id\":\"https:\/\/www.andromede-ocean.com\/english\/blog\/2014\/06\/02\/recor-et-tempo-2014-en-corse\/#breadcrumb\"},\"inLanguage\":\"en-GB\",\"potentialAction\":[{\"@type\":\"ReadAction\",\"target\":[\"https:\/\/www.andromede-ocean.com\/english\/blog\/2014\/06\/02\/recor-et-tempo-2014-en-corse\/\"]}]},{\"@type\":\"ImageObject\",\"inLanguage\":\"en-GB\",\"@id\":\"https:\/\/www.andromede-ocean.com\/english\/blog\/2014\/06\/02\/recor-et-tempo-2014-en-corse\/#primaryimage\",\"url\":\"http:\/\/www.andromede-ocean.com\/english\/wp-content\/uploads\/sites\/2\/corse-googlemap.jpg\",\"contentUrl\":\"http:\/\/www.andromede-ocean.com\/english\/wp-content\/uploads\/sites\/2\/corse-googlemap.jpg\"},{\"@type\":\"BreadcrumbList\",\"@id\":\"https:\/\/www.andromede-ocean.com\/english\/blog\/2014\/06\/02\/recor-et-tempo-2014-en-corse\/#breadcrumb\",\"itemListElement\":[{\"@type\":\"ListItem\",\"position\":1,\"name\":\"Accueil\",\"item\":\"https:\/\/www.andromede-ocean.com\/english\/\"},{\"@type\":\"ListItem\",\"position\":2,\"name\":\"RECOR et TEMPO 2014 en Corse\"}]},{\"@type\":\"WebSite\",\"@id\":\"https:\/\/www.andromede-ocean.com\/english\/#website\",\"url\":\"https:\/\/www.andromede-ocean.com\/english\/\",\"name\":\"Androm\u00e8de Oc\u00e9anologie\",\"description\":\"\",\"potentialAction\":[{\"@type\":\"SearchAction\",\"target\":{\"@type\":\"EntryPoint\",\"urlTemplate\":\"https:\/\/www.andromede-ocean.com\/english\/?s={search_term_string}\"},\"query-input\":{\"@type\":\"PropertyValueSpecification\",\"valueRequired\":true,\"valueName\":\"search_term_string\"}}],\"inLanguage\":\"en-GB\"},{\"@type\":\"Person\",\"@id\":\"https:\/\/www.andromede-ocean.com\/english\/#\/schema\/person\/670621606150c9eb5a0c92897263dcf6\",\"name\":\"julie Deter\",\"image\":{\"@type\":\"ImageObject\",\"inLanguage\":\"en-GB\",\"@id\":\"https:\/\/www.andromede-ocean.com\/english\/#\/schema\/person\/image\/\",\"url\":\"https:\/\/secure.gravatar.com\/avatar\/29b9c20f73f722191c32425ab84445e2b34fcc25b717ea8e1667c86ae7eb81cf?s=96&d=mm&r=g\",\"contentUrl\":\"https:\/\/secure.gravatar.com\/avatar\/29b9c20f73f722191c32425ab84445e2b34fcc25b717ea8e1667c86ae7eb81cf?s=96&d=mm&r=g\",\"caption\":\"julie Deter\"}}]}<\/script>\n<!-- \/ Yoast SEO plugin. -->","yoast_head_json":{"title":"RECOR et TEMPO 2014 en Corse - Androm\u00e8de Oc\u00e9anologie","robots":{"index":"index","follow":"follow","max-snippet":"max-snippet:-1","max-image-preview":"max-image-preview:large","max-video-preview":"max-video-preview:-1"},"og_locale":"en_GB","og_type":"article","og_title":"RECOR et TEMPO 2014 en Corse - Androm\u00e8de Oc\u00e9anologie","og_description":"\u00a0\u00a0 Les campagnes 2014 des r\u00e9seaux de surveillance TEMPO et RECOR d\u00e9marrent aujourd&#8217;hui et se concentrent cette ann\u00e9e en Corse. Ces deux r\u00e9seaux de surveillance soutenus par l&#8217;Agence de l&#8217;eau Rh\u00f4ne-M\u00e9diterran\u00e9e-Corse font appel \u00e0 de nombreux partenariats. Ils ont pour objectif d&#8217;estimer la qualit\u00e9 des eaux c\u00f4ti\u00e8res \u00e0 partir de suivis de deux \u00e9cosyst\u00e8mes : [&hellip;]","og_url":"https:\/\/www.andromede-ocean.com\/english\/blog\/2014\/06\/02\/recor-et-tempo-2014-en-corse\/","og_site_name":"Androm\u00e8de Oc\u00e9anologie","article_published_time":"2014-06-02T06:51:15+00:00","og_image":[{"url":"http:\/\/www.andromede-ocean.com\/english\/wp-content\/uploads\/sites\/2\/corse-googlemap.jpg","type":"","width":"","height":""}],"author":"julie Deter","twitter_card":"summary_large_image","twitter_misc":{"Written by":"julie Deter","Estimated reading time":"1 minute"},"schema":{"@context":"https:\/\/schema.org","@graph":[{"@type":"Article","@id":"https:\/\/www.andromede-ocean.com\/english\/blog\/2014\/06\/02\/recor-et-tempo-2014-en-corse\/#article","isPartOf":{"@id":"https:\/\/www.andromede-ocean.com\/english\/blog\/2014\/06\/02\/recor-et-tempo-2014-en-corse\/"},"author":{"name":"julie Deter","@id":"https:\/\/www.andromede-ocean.com\/english\/#\/schema\/person\/670621606150c9eb5a0c92897263dcf6"},"headline":"RECOR et TEMPO 2014 en Corse","datePublished":"2014-06-02T06:51:15+00:00","mainEntityOfPage":{"@id":"https:\/\/www.andromede-ocean.com\/english\/blog\/2014\/06\/02\/recor-et-tempo-2014-en-corse\/"},"wordCount":168,"image":{"@id":"https:\/\/www.andromede-ocean.com\/english\/blog\/2014\/06\/02\/recor-et-tempo-2014-en-corse\/#primaryimage"},"thumbnailUrl":"http:\/\/www.andromede-ocean.com\/english\/wp-content\/uploads\/sites\/2\/corse-googlemap.jpg","articleSection":["Monitoring"],"inLanguage":"en-GB"},{"@type":"WebPage","@id":"https:\/\/www.andromede-ocean.com\/english\/blog\/2014\/06\/02\/recor-et-tempo-2014-en-corse\/","url":"https:\/\/www.andromede-ocean.com\/english\/blog\/2014\/06\/02\/recor-et-tempo-2014-en-corse\/","name":"RECOR et TEMPO 2014 en Corse - Androm\u00e8de Oc\u00e9anologie","isPartOf":{"@id":"https:\/\/www.andromede-ocean.com\/english\/#website"},"primaryImageOfPage":{"@id":"https:\/\/www.andromede-ocean.com\/english\/blog\/2014\/06\/02\/recor-et-tempo-2014-en-corse\/#primaryimage"},"image":{"@id":"https:\/\/www.andromede-ocean.com\/english\/blog\/2014\/06\/02\/recor-et-tempo-2014-en-corse\/#primaryimage"},"thumbnailUrl":"http:\/\/www.andromede-ocean.com\/english\/wp-content\/uploads\/sites\/2\/corse-googlemap.jpg","datePublished":"2014-06-02T06:51:15+00:00","author":{"@id":"https:\/\/www.andromede-ocean.com\/english\/#\/schema\/person\/670621606150c9eb5a0c92897263dcf6"},"breadcrumb":{"@id":"https:\/\/www.andromede-ocean.com\/english\/blog\/2014\/06\/02\/recor-et-tempo-2014-en-corse\/#breadcrumb"},"inLanguage":"en-GB","potentialAction":[{"@type":"ReadAction","target":["https:\/\/www.andromede-ocean.com\/english\/blog\/2014\/06\/02\/recor-et-tempo-2014-en-corse\/"]}]},{"@type":"ImageObject","inLanguage":"en-GB","@id":"https:\/\/www.andromede-ocean.com\/english\/blog\/2014\/06\/02\/recor-et-tempo-2014-en-corse\/#primaryimage","url":"http:\/\/www.andromede-ocean.com\/english\/wp-content\/uploads\/sites\/2\/corse-googlemap.jpg","contentUrl":"http:\/\/www.andromede-ocean.com\/english\/wp-content\/uploads\/sites\/2\/corse-googlemap.jpg"},{"@type":"BreadcrumbList","@id":"https:\/\/www.andromede-ocean.com\/english\/blog\/2014\/06\/02\/recor-et-tempo-2014-en-corse\/#breadcrumb","itemListElement":[{"@type":"ListItem","position":1,"name":"Accueil","item":"https:\/\/www.andromede-ocean.com\/english\/"},{"@type":"ListItem","position":2,"name":"RECOR et TEMPO 2014 en Corse"}]},{"@type":"WebSite","@id":"https:\/\/www.andromede-ocean.com\/english\/#website","url":"https:\/\/www.andromede-ocean.com\/english\/","name":"Androm\u00e8de Oc\u00e9anologie","description":"","potentialAction":[{"@type":"SearchAction","target":{"@type":"EntryPoint","urlTemplate":"https:\/\/www.andromede-ocean.com\/english\/?s={search_term_string}"},"query-input":{"@type":"PropertyValueSpecification","valueRequired":true,"valueName":"search_term_string"}}],"inLanguage":"en-GB"},{"@type":"Person","@id":"https:\/\/www.andromede-ocean.com\/english\/#\/schema\/person\/670621606150c9eb5a0c92897263dcf6","name":"julie Deter","image":{"@type":"ImageObject","inLanguage":"en-GB","@id":"https:\/\/www.andromede-ocean.com\/english\/#\/schema\/person\/image\/","url":"https:\/\/secure.gravatar.com\/avatar\/29b9c20f73f722191c32425ab84445e2b34fcc25b717ea8e1667c86ae7eb81cf?s=96&d=mm&r=g","contentUrl":"https:\/\/secure.gravatar.com\/avatar\/29b9c20f73f722191c32425ab84445e2b34fcc25b717ea8e1667c86ae7eb81cf?s=96&d=mm&r=g","caption":"julie Deter"}}]}},"_links":{"self":[{"href":"https:\/\/www.andromede-ocean.com\/english\/wp-json\/wp\/v2\/posts\/936","targetHints":{"allow":["GET"]}}],"collection":[{"href":"https:\/\/www.andromede-ocean.com\/english\/wp-json\/wp\/v2\/posts"}],"about":[{"href":"https:\/\/www.andromede-ocean.com\/english\/wp-json\/wp\/v2\/types\/post"}],"author":[{"embeddable":true,"href":"https:\/\/www.andromede-ocean.com\/english\/wp-json\/wp\/v2\/users\/3"}],"replies":[{"embeddable":true,"href":"https:\/\/www.andromede-ocean.com\/english\/wp-json\/wp\/v2\/comments?post=936"}],"version-history":[{"count":0,"href":"https:\/\/www.andromede-ocean.com\/english\/wp-json\/wp\/v2\/posts\/936\/revisions"}],"wp:attachment":[{"href":"https:\/\/www.andromede-ocean.com\/english\/wp-json\/wp\/v2\/media?parent=936"}],"wp:term":[{"taxonomy":"category","embeddable":true,"href":"https:\/\/www.andromede-ocean.com\/english\/wp-json\/wp\/v2\/categories?post=936"},{"taxonomy":"post_tag","embeddable":true,"href":"https:\/\/www.andromede-ocean.com\/english\/wp-json\/wp\/v2\/tags?post=936"}],"curies":[{"name":"wp","href":"https:\/\/api.w.org\/{rel}","templated":true}]}}