{"id":884,"date":"2014-04-28T07:46:37","date_gmt":"2014-04-28T06:46:37","guid":{"rendered":"http:\/\/marion-dev.valars.com\/andromede\/?p=884"},"modified":"2014-04-28T07:46:37","modified_gmt":"2014-04-28T06:46:37","slug":"embarquement-sur-le-tara","status":"publish","type":"post","link":"https:\/\/www.andromede-ocean.com\/english\/blog\/2014\/04\/28\/embarquement-sur-le-tara\/","title":{"rendered":"Embarquement sur le TARA"},"content":{"rendered":"<p style=\"text-align: justify;\"><a href=\"http:\/\/www.andromede-ocean.com\/english\/wp-content\/uploads\/sites\/2\/tara.jpg\"><img loading=\"lazy\" decoding=\"async\" class=\"alignleft size-medium wp-image-885\" alt=\"tara\" src=\"http:\/\/www.andromede-ocean.com\/english\/wp-content\/uploads\/sites\/2\/tara-196x300.jpg\" width=\"196\" height=\"300\" \/><\/a>Le mythique bateau accueillera une petite \u00e9quipe d&#8217;Androm\u00e8de (dont Laurent Ballesta et Florian Holon) durant 20 jours en Mai.<\/p>\n<p style=\"text-align: justify;\"><span style=\"text-decoration: underline;\">Objectifs :<\/span><\/p>\n<p style=\"text-align: justify;\">&#8211; <strong>participer \u00e0 l&#8217;\u00c9tude <\/strong><strong><em> <\/em>des r\u00e9cifs du Parc National Port Cros<\/strong> (France), premi\u00e8re AIRE MARINE PROT\u00c9G\u00c9E de France (d<em>u 5 au 23 mai)<\/em><strong><em><\/em><\/strong><br \/>\n&#8211; <strong>pr\u00e9parer une \u00e9tude sur les r\u00e9cifs coralliens<\/strong> de surface mais aussi de profondeur. Cette exp\u00e9dition sera r\u00e9alis\u00e9e en collaboration avec le r\u00e9alisateur Luc Jacquet, son association Wild Touch et le plongeur Laurent Ballesta. Elle aura lieu en 2015 dans le Pacifique et en Asie du Sud-Est et se terminera \u00e0 Hong Kong.<\/p>\n<p style=\"text-align: justify;\"><strong>Tara Exp\u00e9ditions<\/strong> organise des exp\u00e9ditions pour \u00e9tudier et comprendre l&#8217;impact des changements climatiques et de la crise \u00e9cologique sur nos oc\u00e9ans. Initiative priv\u00e9e (\u00e0 but non lucratif) fran\u00e7aise, Tara Exp\u00e9ditions agit depuis 2003 en faveur de l\u2019environnement et de la recherche gr\u00e2ce \u00e0 un bateau mythique : <em>Tara<\/em>, taill\u00e9 pour les conditions extr\u00eames. Le projet est n\u00e9 de la passion des oc\u00e9ans, d\u2019une vision humaniste et engag\u00e9e de ses cr\u00e9ateurs, agn\u00e8s b et Etienne Bourgois.<\/p>\n<p style=\"text-align: justify;\"><em>Plus d&#8217;infos sur le Tara sur http:\/\/oceans.taraexpeditions.org\/<\/em><\/p>\n<div><\/div>\n","protected":false},"excerpt":{"rendered":"<p>Le mythique bateau accueillera une petite \u00e9quipe d&#8217;Androm\u00e8de (dont Laurent Ballesta et Florian Holon) durant 20 jours en Mai. Objectifs : &#8211; participer \u00e0 l&#8217;\u00c9tude des r\u00e9cifs du Parc National Port Cros (France), premi\u00e8re AIRE MARINE PROT\u00c9G\u00c9E de France (du 5 au 23 mai) &#8211; pr\u00e9parer une \u00e9tude sur les r\u00e9cifs coralliens de surface mais [&hellip;]<\/p>\n","protected":false},"author":3,"featured_media":0,"comment_status":"closed","ping_status":"open","sticky":false,"template":"","format":"standard","meta":{"_et_pb_use_builder":"","_et_pb_old_content":"","_et_gb_content_width":"","footnotes":""},"categories":[5],"tags":[],"class_list":["post-884","post","type-post","status-publish","format-standard","hentry","category-expeditions"],"yoast_head":"<!-- This site is optimized with the Yoast SEO plugin v27.0 - https:\/\/yoast.com\/product\/yoast-seo-wordpress\/ -->\n<title>Embarquement sur le TARA - Androm\u00e8de Oc\u00e9anologie<\/title>\n<meta name=\"robots\" content=\"index, follow, max-snippet:-1, max-image-preview:large, max-video-preview:-1\" \/>\n<meta property=\"og:locale\" content=\"en_GB\" \/>\n<meta property=\"og:type\" content=\"article\" \/>\n<meta property=\"og:title\" content=\"Embarquement sur le TARA - Androm\u00e8de Oc\u00e9anologie\" \/>\n<meta property=\"og:description\" content=\"Le mythique bateau accueillera une petite \u00e9quipe d&#8217;Androm\u00e8de (dont Laurent Ballesta et Florian Holon) durant 20 jours en Mai. Objectifs : &#8211; participer \u00e0 l&#8217;\u00c9tude des r\u00e9cifs du Parc National Port Cros (France), premi\u00e8re AIRE MARINE PROT\u00c9G\u00c9E de France (du 5 au 23 mai) &#8211; pr\u00e9parer une \u00e9tude sur les r\u00e9cifs coralliens de surface mais [&hellip;]\" \/>\n<meta property=\"og:url\" content=\"https:\/\/www.andromede-ocean.com\/english\/blog\/2014\/04\/28\/embarquement-sur-le-tara\/\" \/>\n<meta property=\"og:site_name\" content=\"Androm\u00e8de Oc\u00e9anologie\" \/>\n<meta property=\"article:published_time\" content=\"2014-04-28T06:46:37+00:00\" \/>\n<meta property=\"og:image\" content=\"http:\/\/www.andromede-ocean.com\/english\/wp-content\/uploads\/sites\/2\/tara-196x300.jpg\" \/>\n<meta name=\"author\" content=\"julie Deter\" \/>\n<meta name=\"twitter:card\" content=\"summary_large_image\" \/>\n<meta name=\"twitter:label1\" content=\"Written by\" \/>\n\t<meta name=\"twitter:data1\" content=\"julie Deter\" \/>\n\t<meta name=\"twitter:label2\" content=\"Estimated reading time\" \/>\n\t<meta name=\"twitter:data2\" content=\"1 minute\" \/>\n<script type=\"application\/ld+json\" class=\"yoast-schema-graph\">{\"@context\":\"https:\/\/schema.org\",\"@graph\":[{\"@type\":\"Article\",\"@id\":\"https:\/\/www.andromede-ocean.com\/english\/blog\/2014\/04\/28\/embarquement-sur-le-tara\/#article\",\"isPartOf\":{\"@id\":\"https:\/\/www.andromede-ocean.com\/english\/blog\/2014\/04\/28\/embarquement-sur-le-tara\/\"},\"author\":{\"name\":\"julie Deter\",\"@id\":\"https:\/\/www.andromede-ocean.com\/english\/#\/schema\/person\/670621606150c9eb5a0c92897263dcf6\"},\"headline\":\"Embarquement sur le TARA\",\"datePublished\":\"2014-04-28T06:46:37+00:00\",\"mainEntityOfPage\":{\"@id\":\"https:\/\/www.andromede-ocean.com\/english\/blog\/2014\/04\/28\/embarquement-sur-le-tara\/\"},\"wordCount\":201,\"image\":{\"@id\":\"https:\/\/www.andromede-ocean.com\/english\/blog\/2014\/04\/28\/embarquement-sur-le-tara\/#primaryimage\"},\"thumbnailUrl\":\"http:\/\/www.andromede-ocean.com\/english\/wp-content\/uploads\/sites\/2\/tara-196x300.jpg\",\"articleSection\":[\"Expeditions\"],\"inLanguage\":\"en-GB\"},{\"@type\":\"WebPage\",\"@id\":\"https:\/\/www.andromede-ocean.com\/english\/blog\/2014\/04\/28\/embarquement-sur-le-tara\/\",\"url\":\"https:\/\/www.andromede-ocean.com\/english\/blog\/2014\/04\/28\/embarquement-sur-le-tara\/\",\"name\":\"Embarquement sur le TARA - Androm\u00e8de Oc\u00e9anologie\",\"isPartOf\":{\"@id\":\"https:\/\/www.andromede-ocean.com\/english\/#website\"},\"primaryImageOfPage\":{\"@id\":\"https:\/\/www.andromede-ocean.com\/english\/blog\/2014\/04\/28\/embarquement-sur-le-tara\/#primaryimage\"},\"image\":{\"@id\":\"https:\/\/www.andromede-ocean.com\/english\/blog\/2014\/04\/28\/embarquement-sur-le-tara\/#primaryimage\"},\"thumbnailUrl\":\"http:\/\/www.andromede-ocean.com\/english\/wp-content\/uploads\/sites\/2\/tara-196x300.jpg\",\"datePublished\":\"2014-04-28T06:46:37+00:00\",\"author\":{\"@id\":\"https:\/\/www.andromede-ocean.com\/english\/#\/schema\/person\/670621606150c9eb5a0c92897263dcf6\"},\"breadcrumb\":{\"@id\":\"https:\/\/www.andromede-ocean.com\/english\/blog\/2014\/04\/28\/embarquement-sur-le-tara\/#breadcrumb\"},\"inLanguage\":\"en-GB\",\"potentialAction\":[{\"@type\":\"ReadAction\",\"target\":[\"https:\/\/www.andromede-ocean.com\/english\/blog\/2014\/04\/28\/embarquement-sur-le-tara\/\"]}]},{\"@type\":\"ImageObject\",\"inLanguage\":\"en-GB\",\"@id\":\"https:\/\/www.andromede-ocean.com\/english\/blog\/2014\/04\/28\/embarquement-sur-le-tara\/#primaryimage\",\"url\":\"\",\"contentUrl\":\"\"},{\"@type\":\"BreadcrumbList\",\"@id\":\"https:\/\/www.andromede-ocean.com\/english\/blog\/2014\/04\/28\/embarquement-sur-le-tara\/#breadcrumb\",\"itemListElement\":[{\"@type\":\"ListItem\",\"position\":1,\"name\":\"Accueil\",\"item\":\"https:\/\/www.andromede-ocean.com\/english\/\"},{\"@type\":\"ListItem\",\"position\":2,\"name\":\"Embarquement sur le TARA\"}]},{\"@type\":\"WebSite\",\"@id\":\"https:\/\/www.andromede-ocean.com\/english\/#website\",\"url\":\"https:\/\/www.andromede-ocean.com\/english\/\",\"name\":\"Androm\u00e8de Oc\u00e9anologie\",\"description\":\"\",\"potentialAction\":[{\"@type\":\"SearchAction\",\"target\":{\"@type\":\"EntryPoint\",\"urlTemplate\":\"https:\/\/www.andromede-ocean.com\/english\/?s={search_term_string}\"},\"query-input\":{\"@type\":\"PropertyValueSpecification\",\"valueRequired\":true,\"valueName\":\"search_term_string\"}}],\"inLanguage\":\"en-GB\"},{\"@type\":\"Person\",\"@id\":\"https:\/\/www.andromede-ocean.com\/english\/#\/schema\/person\/670621606150c9eb5a0c92897263dcf6\",\"name\":\"julie Deter\",\"image\":{\"@type\":\"ImageObject\",\"inLanguage\":\"en-GB\",\"@id\":\"https:\/\/www.andromede-ocean.com\/english\/#\/schema\/person\/image\/\",\"url\":\"https:\/\/secure.gravatar.com\/avatar\/29b9c20f73f722191c32425ab84445e2b34fcc25b717ea8e1667c86ae7eb81cf?s=96&d=mm&r=g\",\"contentUrl\":\"https:\/\/secure.gravatar.com\/avatar\/29b9c20f73f722191c32425ab84445e2b34fcc25b717ea8e1667c86ae7eb81cf?s=96&d=mm&r=g\",\"caption\":\"julie Deter\"}}]}<\/script>\n<!-- \/ Yoast SEO plugin. -->","yoast_head_json":{"title":"Embarquement sur le TARA - Androm\u00e8de Oc\u00e9anologie","robots":{"index":"index","follow":"follow","max-snippet":"max-snippet:-1","max-image-preview":"max-image-preview:large","max-video-preview":"max-video-preview:-1"},"og_locale":"en_GB","og_type":"article","og_title":"Embarquement sur le TARA - Androm\u00e8de Oc\u00e9anologie","og_description":"Le mythique bateau accueillera une petite \u00e9quipe d&#8217;Androm\u00e8de (dont Laurent Ballesta et Florian Holon) durant 20 jours en Mai. Objectifs : &#8211; participer \u00e0 l&#8217;\u00c9tude des r\u00e9cifs du Parc National Port Cros (France), premi\u00e8re AIRE MARINE PROT\u00c9G\u00c9E de France (du 5 au 23 mai) &#8211; pr\u00e9parer une \u00e9tude sur les r\u00e9cifs coralliens de surface mais [&hellip;]","og_url":"https:\/\/www.andromede-ocean.com\/english\/blog\/2014\/04\/28\/embarquement-sur-le-tara\/","og_site_name":"Androm\u00e8de Oc\u00e9anologie","article_published_time":"2014-04-28T06:46:37+00:00","og_image":[{"url":"http:\/\/www.andromede-ocean.com\/english\/wp-content\/uploads\/sites\/2\/tara-196x300.jpg","type":"","width":"","height":""}],"author":"julie Deter","twitter_card":"summary_large_image","twitter_misc":{"Written by":"julie Deter","Estimated reading time":"1 minute"},"schema":{"@context":"https:\/\/schema.org","@graph":[{"@type":"Article","@id":"https:\/\/www.andromede-ocean.com\/english\/blog\/2014\/04\/28\/embarquement-sur-le-tara\/#article","isPartOf":{"@id":"https:\/\/www.andromede-ocean.com\/english\/blog\/2014\/04\/28\/embarquement-sur-le-tara\/"},"author":{"name":"julie Deter","@id":"https:\/\/www.andromede-ocean.com\/english\/#\/schema\/person\/670621606150c9eb5a0c92897263dcf6"},"headline":"Embarquement sur le TARA","datePublished":"2014-04-28T06:46:37+00:00","mainEntityOfPage":{"@id":"https:\/\/www.andromede-ocean.com\/english\/blog\/2014\/04\/28\/embarquement-sur-le-tara\/"},"wordCount":201,"image":{"@id":"https:\/\/www.andromede-ocean.com\/english\/blog\/2014\/04\/28\/embarquement-sur-le-tara\/#primaryimage"},"thumbnailUrl":"http:\/\/www.andromede-ocean.com\/english\/wp-content\/uploads\/sites\/2\/tara-196x300.jpg","articleSection":["Expeditions"],"inLanguage":"en-GB"},{"@type":"WebPage","@id":"https:\/\/www.andromede-ocean.com\/english\/blog\/2014\/04\/28\/embarquement-sur-le-tara\/","url":"https:\/\/www.andromede-ocean.com\/english\/blog\/2014\/04\/28\/embarquement-sur-le-tara\/","name":"Embarquement sur le TARA - Androm\u00e8de Oc\u00e9anologie","isPartOf":{"@id":"https:\/\/www.andromede-ocean.com\/english\/#website"},"primaryImageOfPage":{"@id":"https:\/\/www.andromede-ocean.com\/english\/blog\/2014\/04\/28\/embarquement-sur-le-tara\/#primaryimage"},"image":{"@id":"https:\/\/www.andromede-ocean.com\/english\/blog\/2014\/04\/28\/embarquement-sur-le-tara\/#primaryimage"},"thumbnailUrl":"http:\/\/www.andromede-ocean.com\/english\/wp-content\/uploads\/sites\/2\/tara-196x300.jpg","datePublished":"2014-04-28T06:46:37+00:00","author":{"@id":"https:\/\/www.andromede-ocean.com\/english\/#\/schema\/person\/670621606150c9eb5a0c92897263dcf6"},"breadcrumb":{"@id":"https:\/\/www.andromede-ocean.com\/english\/blog\/2014\/04\/28\/embarquement-sur-le-tara\/#breadcrumb"},"inLanguage":"en-GB","potentialAction":[{"@type":"ReadAction","target":["https:\/\/www.andromede-ocean.com\/english\/blog\/2014\/04\/28\/embarquement-sur-le-tara\/"]}]},{"@type":"ImageObject","inLanguage":"en-GB","@id":"https:\/\/www.andromede-ocean.com\/english\/blog\/2014\/04\/28\/embarquement-sur-le-tara\/#primaryimage","url":"","contentUrl":""},{"@type":"BreadcrumbList","@id":"https:\/\/www.andromede-ocean.com\/english\/blog\/2014\/04\/28\/embarquement-sur-le-tara\/#breadcrumb","itemListElement":[{"@type":"ListItem","position":1,"name":"Accueil","item":"https:\/\/www.andromede-ocean.com\/english\/"},{"@type":"ListItem","position":2,"name":"Embarquement sur le TARA"}]},{"@type":"WebSite","@id":"https:\/\/www.andromede-ocean.com\/english\/#website","url":"https:\/\/www.andromede-ocean.com\/english\/","name":"Androm\u00e8de Oc\u00e9anologie","description":"","potentialAction":[{"@type":"SearchAction","target":{"@type":"EntryPoint","urlTemplate":"https:\/\/www.andromede-ocean.com\/english\/?s={search_term_string}"},"query-input":{"@type":"PropertyValueSpecification","valueRequired":true,"valueName":"search_term_string"}}],"inLanguage":"en-GB"},{"@type":"Person","@id":"https:\/\/www.andromede-ocean.com\/english\/#\/schema\/person\/670621606150c9eb5a0c92897263dcf6","name":"julie Deter","image":{"@type":"ImageObject","inLanguage":"en-GB","@id":"https:\/\/www.andromede-ocean.com\/english\/#\/schema\/person\/image\/","url":"https:\/\/secure.gravatar.com\/avatar\/29b9c20f73f722191c32425ab84445e2b34fcc25b717ea8e1667c86ae7eb81cf?s=96&d=mm&r=g","contentUrl":"https:\/\/secure.gravatar.com\/avatar\/29b9c20f73f722191c32425ab84445e2b34fcc25b717ea8e1667c86ae7eb81cf?s=96&d=mm&r=g","caption":"julie Deter"}}]}},"_links":{"self":[{"href":"https:\/\/www.andromede-ocean.com\/english\/wp-json\/wp\/v2\/posts\/884","targetHints":{"allow":["GET"]}}],"collection":[{"href":"https:\/\/www.andromede-ocean.com\/english\/wp-json\/wp\/v2\/posts"}],"about":[{"href":"https:\/\/www.andromede-ocean.com\/english\/wp-json\/wp\/v2\/types\/post"}],"author":[{"embeddable":true,"href":"https:\/\/www.andromede-ocean.com\/english\/wp-json\/wp\/v2\/users\/3"}],"replies":[{"embeddable":true,"href":"https:\/\/www.andromede-ocean.com\/english\/wp-json\/wp\/v2\/comments?post=884"}],"version-history":[{"count":0,"href":"https:\/\/www.andromede-ocean.com\/english\/wp-json\/wp\/v2\/posts\/884\/revisions"}],"wp:attachment":[{"href":"https:\/\/www.andromede-ocean.com\/english\/wp-json\/wp\/v2\/media?parent=884"}],"wp:term":[{"taxonomy":"category","embeddable":true,"href":"https:\/\/www.andromede-ocean.com\/english\/wp-json\/wp\/v2\/categories?post=884"},{"taxonomy":"post_tag","embeddable":true,"href":"https:\/\/www.andromede-ocean.com\/english\/wp-json\/wp\/v2\/tags?post=884"}],"curies":[{"name":"wp","href":"https:\/\/api.w.org\/{rel}","templated":true}]}}