{"id":863,"date":"2014-04-09T07:38:12","date_gmt":"2014-04-09T06:38:12","guid":{"rendered":"http:\/\/marion-dev.valars.com\/andromede\/?p=863"},"modified":"2014-04-09T07:38:12","modified_gmt":"2014-04-09T06:38:12","slug":"avant-premiere-coelacanthe-a-montpellier-le-24-avril","status":"publish","type":"post","link":"https:\/\/www.andromede-ocean.com\/english\/blog\/2014\/04\/09\/avant-premiere-coelacanthe-a-montpellier-le-24-avril\/","title":{"rendered":"Avant-premi\u00e8re &quot;Coelacanthe&quot; \u00e0 Montpellier le 24 avril"},"content":{"rendered":"<p style=\"text-align: center;\"><span style=\"color: #0000ff;\"><strong><a href=\"http:\/\/www.andromede-ocean.com\/english\/wp-content\/uploads\/sites\/2\/Coel-Ced-la-parfaite-reduite.jpg\"><img loading=\"lazy\" decoding=\"async\" class=\"alignleft size-thumbnail wp-image-821\" alt=\"Coel Ced la parfaite-reduite\" src=\"http:\/\/www.andromede-ocean.com\/english\/wp-content\/uploads\/sites\/2\/Coel-Ced-la-parfaite-reduite-150x150.jpg\" width=\"150\" height=\"150\" \/><\/a>LE COELACANTHE, PLONG\u00c9E VERS NOS ORIGINES<\/strong><\/span><br \/>\n(France, 2014, 90 min) r\u00e9alis\u00e9 par Gil Keba\u00efli<br \/>\n<span style=\"color: #993366;\"><strong>Jeudi 24 avril 2014, 20h00, Cin\u00e9ma Le Diagonal, Montpellier<\/strong><\/span><br \/>\n<em>S\u00e9ance en pr\u00e9sence de Laurent Ballesta et l\u2019\u00e9quipe du film<\/em><\/p>\n<p style=\"text-align: center;\">Le film a \u00e9t\u00e9 tourn\u00e9 en Afrique du Sud en 2013 et sera diffus\u00e9 sur ARTE le samedi 3 mai 2014 \u00e0 20h50<\/p>\n<p style=\"text-align: center;\">SYNOPSIS : Au printemps 2013, le biologiste marin et plongeur Laurent Ballesta partait avec une \u00e9quipe de chercheurs en Afrique du Sud pour une exp\u00e9dition scientifique sur les traces du plus mythique des animaux marins. Il rapporte des images exceptionnelles de cet animal rarissime dont les anc\u00eatres sont \u00e0 l\u2019origine de tous les vert\u00e9br\u00e9s terrestres.<\/p>\n<p style=\"text-align: center;\"><em>Le film a b\u00e9n\u00e9fici\u00e9 du soutien financier de la R\u00e9gion Languedoc Roussillon en partenariat avec le CNC,<\/em><br \/>\n<em>du d\u00e9put\u00e9 Jean-Louis Roum\u00e9gas, de France T\u00e9l\u00e9visions et de Blancpain.<\/em><\/p>\n<p style=\"text-align: center;\"><a href=\"http:\/\/www.andromede-ocean.com\/english\/wp-content\/uploads\/sites\/2\/Invitation_AvantPremiere-Mtp_24042014.pdf\">Invitation_AvantPremiere-Mtp_24042014<\/a> valable\u00a0 dans la limite des places disponibles<br \/>\n<span style=\"color: #ff0000;\"><strong>Confirmation imp\u00e9rative par mail avant le 22 avril 2014 \u00e0 granados.joanna@cr-languedocroussillon.fr ou au 04 67 22 97 52<\/strong><\/span><\/p>\n","protected":false},"excerpt":{"rendered":"<p>LE COELACANTHE, PLONG\u00c9E VERS NOS ORIGINES (France, 2014, 90 min) r\u00e9alis\u00e9 par Gil Keba\u00efli Jeudi 24 avril 2014, 20h00, Cin\u00e9ma Le Diagonal, Montpellier S\u00e9ance en pr\u00e9sence de Laurent Ballesta et l\u2019\u00e9quipe du film Le film a \u00e9t\u00e9 tourn\u00e9 en Afrique du Sud en 2013 et sera diffus\u00e9 sur ARTE le samedi 3 mai 2014 \u00e0 [&hellip;]<\/p>\n","protected":false},"author":3,"featured_media":0,"comment_status":"closed","ping_status":"open","sticky":false,"template":"","format":"standard","meta":{"_et_pb_use_builder":"","_et_pb_old_content":"","_et_gb_content_width":"","footnotes":""},"categories":[3],"tags":[],"class_list":["post-863","post","type-post","status-publish","format-standard","hentry","category-conferences"],"yoast_head":"<!-- This site is optimized with the Yoast SEO plugin v27.0 - https:\/\/yoast.com\/product\/yoast-seo-wordpress\/ -->\n<title>Avant-premi\u00e8re &quot;Coelacanthe&quot; \u00e0 Montpellier le 24 avril - Androm\u00e8de Oc\u00e9anologie<\/title>\n<meta name=\"robots\" content=\"index, follow, max-snippet:-1, max-image-preview:large, max-video-preview:-1\" \/>\n<meta property=\"og:locale\" content=\"en_GB\" \/>\n<meta property=\"og:type\" content=\"article\" \/>\n<meta property=\"og:title\" content=\"Avant-premi\u00e8re &quot;Coelacanthe&quot; \u00e0 Montpellier le 24 avril - Androm\u00e8de Oc\u00e9anologie\" \/>\n<meta property=\"og:description\" content=\"LE COELACANTHE, PLONG\u00c9E VERS NOS ORIGINES (France, 2014, 90 min) r\u00e9alis\u00e9 par Gil Keba\u00efli Jeudi 24 avril 2014, 20h00, Cin\u00e9ma Le Diagonal, Montpellier S\u00e9ance en pr\u00e9sence de Laurent Ballesta et l\u2019\u00e9quipe du film Le film a \u00e9t\u00e9 tourn\u00e9 en Afrique du Sud en 2013 et sera diffus\u00e9 sur ARTE le samedi 3 mai 2014 \u00e0 [&hellip;]\" \/>\n<meta property=\"og:url\" content=\"https:\/\/www.andromede-ocean.com\/english\/blog\/2014\/04\/09\/avant-premiere-coelacanthe-a-montpellier-le-24-avril\/\" \/>\n<meta property=\"og:site_name\" content=\"Androm\u00e8de Oc\u00e9anologie\" \/>\n<meta property=\"article:published_time\" content=\"2014-04-09T06:38:12+00:00\" \/>\n<meta property=\"og:image\" content=\"http:\/\/www.andromede-ocean.com\/english\/wp-content\/uploads\/sites\/2\/Coel-Ced-la-parfaite-reduite-150x150.jpg\" \/>\n<meta name=\"author\" content=\"julie Deter\" \/>\n<meta name=\"twitter:card\" content=\"summary_large_image\" \/>\n<meta name=\"twitter:label1\" content=\"Written by\" \/>\n\t<meta name=\"twitter:data1\" content=\"julie Deter\" \/>\n\t<meta name=\"twitter:label2\" content=\"Estimated reading time\" \/>\n\t<meta name=\"twitter:data2\" content=\"1 minute\" \/>\n<script type=\"application\/ld+json\" class=\"yoast-schema-graph\">{\"@context\":\"https:\/\/schema.org\",\"@graph\":[{\"@type\":\"Article\",\"@id\":\"https:\/\/www.andromede-ocean.com\/english\/blog\/2014\/04\/09\/avant-premiere-coelacanthe-a-montpellier-le-24-avril\/#article\",\"isPartOf\":{\"@id\":\"https:\/\/www.andromede-ocean.com\/english\/blog\/2014\/04\/09\/avant-premiere-coelacanthe-a-montpellier-le-24-avril\/\"},\"author\":{\"name\":\"julie Deter\",\"@id\":\"https:\/\/www.andromede-ocean.com\/english\/#\/schema\/person\/670621606150c9eb5a0c92897263dcf6\"},\"headline\":\"Avant-premi\u00e8re &quot;Coelacanthe&quot; \u00e0 Montpellier le 24 avril\",\"datePublished\":\"2014-04-09T06:38:12+00:00\",\"mainEntityOfPage\":{\"@id\":\"https:\/\/www.andromede-ocean.com\/english\/blog\/2014\/04\/09\/avant-premiere-coelacanthe-a-montpellier-le-24-avril\/\"},\"wordCount\":177,\"image\":{\"@id\":\"https:\/\/www.andromede-ocean.com\/english\/blog\/2014\/04\/09\/avant-premiere-coelacanthe-a-montpellier-le-24-avril\/#primaryimage\"},\"thumbnailUrl\":\"http:\/\/www.andromede-ocean.com\/english\/wp-content\/uploads\/sites\/2\/Coel-Ced-la-parfaite-reduite-150x150.jpg\",\"articleSection\":[\"Conferences\"],\"inLanguage\":\"en-GB\"},{\"@type\":\"WebPage\",\"@id\":\"https:\/\/www.andromede-ocean.com\/english\/blog\/2014\/04\/09\/avant-premiere-coelacanthe-a-montpellier-le-24-avril\/\",\"url\":\"https:\/\/www.andromede-ocean.com\/english\/blog\/2014\/04\/09\/avant-premiere-coelacanthe-a-montpellier-le-24-avril\/\",\"name\":\"Avant-premi\u00e8re &quot;Coelacanthe&quot; \u00e0 Montpellier le 24 avril - Androm\u00e8de Oc\u00e9anologie\",\"isPartOf\":{\"@id\":\"https:\/\/www.andromede-ocean.com\/english\/#website\"},\"primaryImageOfPage\":{\"@id\":\"https:\/\/www.andromede-ocean.com\/english\/blog\/2014\/04\/09\/avant-premiere-coelacanthe-a-montpellier-le-24-avril\/#primaryimage\"},\"image\":{\"@id\":\"https:\/\/www.andromede-ocean.com\/english\/blog\/2014\/04\/09\/avant-premiere-coelacanthe-a-montpellier-le-24-avril\/#primaryimage\"},\"thumbnailUrl\":\"http:\/\/www.andromede-ocean.com\/english\/wp-content\/uploads\/sites\/2\/Coel-Ced-la-parfaite-reduite-150x150.jpg\",\"datePublished\":\"2014-04-09T06:38:12+00:00\",\"author\":{\"@id\":\"https:\/\/www.andromede-ocean.com\/english\/#\/schema\/person\/670621606150c9eb5a0c92897263dcf6\"},\"breadcrumb\":{\"@id\":\"https:\/\/www.andromede-ocean.com\/english\/blog\/2014\/04\/09\/avant-premiere-coelacanthe-a-montpellier-le-24-avril\/#breadcrumb\"},\"inLanguage\":\"en-GB\",\"potentialAction\":[{\"@type\":\"ReadAction\",\"target\":[\"https:\/\/www.andromede-ocean.com\/english\/blog\/2014\/04\/09\/avant-premiere-coelacanthe-a-montpellier-le-24-avril\/\"]}]},{\"@type\":\"ImageObject\",\"inLanguage\":\"en-GB\",\"@id\":\"https:\/\/www.andromede-ocean.com\/english\/blog\/2014\/04\/09\/avant-premiere-coelacanthe-a-montpellier-le-24-avril\/#primaryimage\",\"url\":\"\",\"contentUrl\":\"\"},{\"@type\":\"BreadcrumbList\",\"@id\":\"https:\/\/www.andromede-ocean.com\/english\/blog\/2014\/04\/09\/avant-premiere-coelacanthe-a-montpellier-le-24-avril\/#breadcrumb\",\"itemListElement\":[{\"@type\":\"ListItem\",\"position\":1,\"name\":\"Accueil\",\"item\":\"https:\/\/www.andromede-ocean.com\/english\/\"},{\"@type\":\"ListItem\",\"position\":2,\"name\":\"Avant-premi\u00e8re &quot;Coelacanthe&quot; \u00e0 Montpellier le 24 avril\"}]},{\"@type\":\"WebSite\",\"@id\":\"https:\/\/www.andromede-ocean.com\/english\/#website\",\"url\":\"https:\/\/www.andromede-ocean.com\/english\/\",\"name\":\"Androm\u00e8de Oc\u00e9anologie\",\"description\":\"\",\"potentialAction\":[{\"@type\":\"SearchAction\",\"target\":{\"@type\":\"EntryPoint\",\"urlTemplate\":\"https:\/\/www.andromede-ocean.com\/english\/?s={search_term_string}\"},\"query-input\":{\"@type\":\"PropertyValueSpecification\",\"valueRequired\":true,\"valueName\":\"search_term_string\"}}],\"inLanguage\":\"en-GB\"},{\"@type\":\"Person\",\"@id\":\"https:\/\/www.andromede-ocean.com\/english\/#\/schema\/person\/670621606150c9eb5a0c92897263dcf6\",\"name\":\"julie Deter\",\"image\":{\"@type\":\"ImageObject\",\"inLanguage\":\"en-GB\",\"@id\":\"https:\/\/www.andromede-ocean.com\/english\/#\/schema\/person\/image\/\",\"url\":\"https:\/\/secure.gravatar.com\/avatar\/29b9c20f73f722191c32425ab84445e2b34fcc25b717ea8e1667c86ae7eb81cf?s=96&d=mm&r=g\",\"contentUrl\":\"https:\/\/secure.gravatar.com\/avatar\/29b9c20f73f722191c32425ab84445e2b34fcc25b717ea8e1667c86ae7eb81cf?s=96&d=mm&r=g\",\"caption\":\"julie Deter\"}}]}<\/script>\n<!-- \/ Yoast SEO plugin. -->","yoast_head_json":{"title":"Avant-premi\u00e8re &quot;Coelacanthe&quot; \u00e0 Montpellier le 24 avril - Androm\u00e8de Oc\u00e9anologie","robots":{"index":"index","follow":"follow","max-snippet":"max-snippet:-1","max-image-preview":"max-image-preview:large","max-video-preview":"max-video-preview:-1"},"og_locale":"en_GB","og_type":"article","og_title":"Avant-premi\u00e8re &quot;Coelacanthe&quot; \u00e0 Montpellier le 24 avril - Androm\u00e8de Oc\u00e9anologie","og_description":"LE COELACANTHE, PLONG\u00c9E VERS NOS ORIGINES (France, 2014, 90 min) r\u00e9alis\u00e9 par Gil Keba\u00efli Jeudi 24 avril 2014, 20h00, Cin\u00e9ma Le Diagonal, Montpellier S\u00e9ance en pr\u00e9sence de Laurent Ballesta et l\u2019\u00e9quipe du film Le film a \u00e9t\u00e9 tourn\u00e9 en Afrique du Sud en 2013 et sera diffus\u00e9 sur ARTE le samedi 3 mai 2014 \u00e0 [&hellip;]","og_url":"https:\/\/www.andromede-ocean.com\/english\/blog\/2014\/04\/09\/avant-premiere-coelacanthe-a-montpellier-le-24-avril\/","og_site_name":"Androm\u00e8de Oc\u00e9anologie","article_published_time":"2014-04-09T06:38:12+00:00","og_image":[{"url":"http:\/\/www.andromede-ocean.com\/english\/wp-content\/uploads\/sites\/2\/Coel-Ced-la-parfaite-reduite-150x150.jpg","type":"","width":"","height":""}],"author":"julie Deter","twitter_card":"summary_large_image","twitter_misc":{"Written by":"julie Deter","Estimated reading time":"1 minute"},"schema":{"@context":"https:\/\/schema.org","@graph":[{"@type":"Article","@id":"https:\/\/www.andromede-ocean.com\/english\/blog\/2014\/04\/09\/avant-premiere-coelacanthe-a-montpellier-le-24-avril\/#article","isPartOf":{"@id":"https:\/\/www.andromede-ocean.com\/english\/blog\/2014\/04\/09\/avant-premiere-coelacanthe-a-montpellier-le-24-avril\/"},"author":{"name":"julie Deter","@id":"https:\/\/www.andromede-ocean.com\/english\/#\/schema\/person\/670621606150c9eb5a0c92897263dcf6"},"headline":"Avant-premi\u00e8re &quot;Coelacanthe&quot; \u00e0 Montpellier le 24 avril","datePublished":"2014-04-09T06:38:12+00:00","mainEntityOfPage":{"@id":"https:\/\/www.andromede-ocean.com\/english\/blog\/2014\/04\/09\/avant-premiere-coelacanthe-a-montpellier-le-24-avril\/"},"wordCount":177,"image":{"@id":"https:\/\/www.andromede-ocean.com\/english\/blog\/2014\/04\/09\/avant-premiere-coelacanthe-a-montpellier-le-24-avril\/#primaryimage"},"thumbnailUrl":"http:\/\/www.andromede-ocean.com\/english\/wp-content\/uploads\/sites\/2\/Coel-Ced-la-parfaite-reduite-150x150.jpg","articleSection":["Conferences"],"inLanguage":"en-GB"},{"@type":"WebPage","@id":"https:\/\/www.andromede-ocean.com\/english\/blog\/2014\/04\/09\/avant-premiere-coelacanthe-a-montpellier-le-24-avril\/","url":"https:\/\/www.andromede-ocean.com\/english\/blog\/2014\/04\/09\/avant-premiere-coelacanthe-a-montpellier-le-24-avril\/","name":"Avant-premi\u00e8re &quot;Coelacanthe&quot; \u00e0 Montpellier le 24 avril - Androm\u00e8de Oc\u00e9anologie","isPartOf":{"@id":"https:\/\/www.andromede-ocean.com\/english\/#website"},"primaryImageOfPage":{"@id":"https:\/\/www.andromede-ocean.com\/english\/blog\/2014\/04\/09\/avant-premiere-coelacanthe-a-montpellier-le-24-avril\/#primaryimage"},"image":{"@id":"https:\/\/www.andromede-ocean.com\/english\/blog\/2014\/04\/09\/avant-premiere-coelacanthe-a-montpellier-le-24-avril\/#primaryimage"},"thumbnailUrl":"http:\/\/www.andromede-ocean.com\/english\/wp-content\/uploads\/sites\/2\/Coel-Ced-la-parfaite-reduite-150x150.jpg","datePublished":"2014-04-09T06:38:12+00:00","author":{"@id":"https:\/\/www.andromede-ocean.com\/english\/#\/schema\/person\/670621606150c9eb5a0c92897263dcf6"},"breadcrumb":{"@id":"https:\/\/www.andromede-ocean.com\/english\/blog\/2014\/04\/09\/avant-premiere-coelacanthe-a-montpellier-le-24-avril\/#breadcrumb"},"inLanguage":"en-GB","potentialAction":[{"@type":"ReadAction","target":["https:\/\/www.andromede-ocean.com\/english\/blog\/2014\/04\/09\/avant-premiere-coelacanthe-a-montpellier-le-24-avril\/"]}]},{"@type":"ImageObject","inLanguage":"en-GB","@id":"https:\/\/www.andromede-ocean.com\/english\/blog\/2014\/04\/09\/avant-premiere-coelacanthe-a-montpellier-le-24-avril\/#primaryimage","url":"","contentUrl":""},{"@type":"BreadcrumbList","@id":"https:\/\/www.andromede-ocean.com\/english\/blog\/2014\/04\/09\/avant-premiere-coelacanthe-a-montpellier-le-24-avril\/#breadcrumb","itemListElement":[{"@type":"ListItem","position":1,"name":"Accueil","item":"https:\/\/www.andromede-ocean.com\/english\/"},{"@type":"ListItem","position":2,"name":"Avant-premi\u00e8re &quot;Coelacanthe&quot; \u00e0 Montpellier le 24 avril"}]},{"@type":"WebSite","@id":"https:\/\/www.andromede-ocean.com\/english\/#website","url":"https:\/\/www.andromede-ocean.com\/english\/","name":"Androm\u00e8de Oc\u00e9anologie","description":"","potentialAction":[{"@type":"SearchAction","target":{"@type":"EntryPoint","urlTemplate":"https:\/\/www.andromede-ocean.com\/english\/?s={search_term_string}"},"query-input":{"@type":"PropertyValueSpecification","valueRequired":true,"valueName":"search_term_string"}}],"inLanguage":"en-GB"},{"@type":"Person","@id":"https:\/\/www.andromede-ocean.com\/english\/#\/schema\/person\/670621606150c9eb5a0c92897263dcf6","name":"julie Deter","image":{"@type":"ImageObject","inLanguage":"en-GB","@id":"https:\/\/www.andromede-ocean.com\/english\/#\/schema\/person\/image\/","url":"https:\/\/secure.gravatar.com\/avatar\/29b9c20f73f722191c32425ab84445e2b34fcc25b717ea8e1667c86ae7eb81cf?s=96&d=mm&r=g","contentUrl":"https:\/\/secure.gravatar.com\/avatar\/29b9c20f73f722191c32425ab84445e2b34fcc25b717ea8e1667c86ae7eb81cf?s=96&d=mm&r=g","caption":"julie Deter"}}]}},"_links":{"self":[{"href":"https:\/\/www.andromede-ocean.com\/english\/wp-json\/wp\/v2\/posts\/863","targetHints":{"allow":["GET"]}}],"collection":[{"href":"https:\/\/www.andromede-ocean.com\/english\/wp-json\/wp\/v2\/posts"}],"about":[{"href":"https:\/\/www.andromede-ocean.com\/english\/wp-json\/wp\/v2\/types\/post"}],"author":[{"embeddable":true,"href":"https:\/\/www.andromede-ocean.com\/english\/wp-json\/wp\/v2\/users\/3"}],"replies":[{"embeddable":true,"href":"https:\/\/www.andromede-ocean.com\/english\/wp-json\/wp\/v2\/comments?post=863"}],"version-history":[{"count":0,"href":"https:\/\/www.andromede-ocean.com\/english\/wp-json\/wp\/v2\/posts\/863\/revisions"}],"wp:attachment":[{"href":"https:\/\/www.andromede-ocean.com\/english\/wp-json\/wp\/v2\/media?parent=863"}],"wp:term":[{"taxonomy":"category","embeddable":true,"href":"https:\/\/www.andromede-ocean.com\/english\/wp-json\/wp\/v2\/categories?post=863"},{"taxonomy":"post_tag","embeddable":true,"href":"https:\/\/www.andromede-ocean.com\/english\/wp-json\/wp\/v2\/tags?post=863"}],"curies":[{"name":"wp","href":"https:\/\/api.w.org\/{rel}","templated":true}]}}