{"id":816,"date":"2014-03-07T11:46:21","date_gmt":"2014-03-07T10:46:21","guid":{"rendered":"http:\/\/marion-dev.valars.com\/andromede\/?p=816"},"modified":"2014-03-07T11:46:21","modified_gmt":"2014-03-07T10:46:21","slug":"coelacanthe-le-film-diffuse-le-3-mai-sur-arte","status":"publish","type":"post","link":"https:\/\/www.andromede-ocean.com\/english\/blog\/2014\/03\/07\/coelacanthe-le-film-diffuse-le-3-mai-sur-arte\/","title":{"rendered":"Coelacanthe : le film diffus\u00e9 le 3 mai sur ARTE"},"content":{"rendered":"<p style=\"text-align: center;\"><strong><a href=\"http:\/\/www.andromede-ocean.com\/english\/wp-content\/uploads\/sites\/2\/Coel-Ced-la-parfaite-reduite.jpg\"><img loading=\"lazy\" decoding=\"async\" class=\"alignleft size-thumbnail wp-image-821\" alt=\"Coel Ced la parfaite-reduite\" src=\"http:\/\/www.andromede-ocean.com\/english\/wp-content\/uploads\/sites\/2\/Coel-Ced-la-parfaite-reduite-150x150.jpg\" width=\"210\" height=\"210\" \/><\/a>Le COELACANTHE, plong\u00e9e vers nos origines<\/strong><\/p>\n<p style=\"text-align: center;\">Au printemps 2013, le biologiste marin et plongeur Laurent Ballesta partait avec\u00a0 une \u00e9quipe de chercheurs en Afrique du Sud pour une exp\u00e9dition scientifique sur les traces du plus mythique des animaux marins. Pour ARTE, il rapporte des images exceptionnelles.<\/p>\n<p>&nbsp;<\/p>\n<p style=\"text-align: center;\"><strong>Samedi 3 mai 2014 \u00e0 20.50 sur ARTE\u00a0 <\/strong>dans le cadre d\u2019une Journ\u00e9e Oc\u00e9ans<\/p>\n<p>&nbsp;<\/p>\n<p style=\"text-align: center;\">Communiqu\u00e9 de presse : <a href=\"http:\/\/www.andromede-ocean.com\/english\/wp-content\/uploads\/sites\/2\/CP-DiffusionFilmCoelacanthe-ARTE-11032014.pdf\">CP-DiffusionFilmCoelacanthe-ARTE-11032014<\/a><\/p>\n<p>&nbsp;<\/p>\n<p style=\"text-align: center;\">Et si vous souhaitez vous replonger dans l&#8217;exp\u00e9dition, le blog toujours en ligne<\/p>\n<p style=\"text-align: center;\">sur\u00a0 http:\/\/www.coelacanthe-projet-gombessa.com\/<\/p>\n<p style=\"text-align: center;\"><a href=\"http:\/\/www.andromede-ocean.com\/english\/wp-content\/uploads\/sites\/2\/site-web-gombessa.jpg\"><img loading=\"lazy\" decoding=\"async\" class=\"aligncenter size-thumbnail wp-image-649\" alt=\"site web gombessa\" src=\"http:\/\/www.andromede-ocean.com\/english\/wp-content\/uploads\/sites\/2\/site-web-gombessa-150x150.jpg\" width=\"150\" height=\"150\" \/><\/a><\/p>\n","protected":false},"excerpt":{"rendered":"<p>Le COELACANTHE, plong\u00e9e vers nos origines Au printemps 2013, le biologiste marin et plongeur Laurent Ballesta partait avec\u00a0 une \u00e9quipe de chercheurs en Afrique du Sud pour une exp\u00e9dition scientifique sur les traces du plus mythique des animaux marins. Pour ARTE, il rapporte des images exceptionnelles. &nbsp; Samedi 3 mai 2014 \u00e0 20.50 sur ARTE\u00a0 [&hellip;]<\/p>\n","protected":false},"author":3,"featured_media":0,"comment_status":"closed","ping_status":"closed","sticky":false,"template":"","format":"standard","meta":{"_et_pb_use_builder":"","_et_pb_old_content":"","_et_gb_content_width":"","footnotes":""},"categories":[5],"tags":[],"class_list":["post-816","post","type-post","status-publish","format-standard","hentry","category-expeditions"],"yoast_head":"<!-- This site is optimized with the Yoast SEO plugin v27.0 - https:\/\/yoast.com\/product\/yoast-seo-wordpress\/ -->\n<title>Coelacanthe : le film diffus\u00e9 le 3 mai sur ARTE - Androm\u00e8de Oc\u00e9anologie<\/title>\n<meta name=\"robots\" content=\"index, follow, max-snippet:-1, max-image-preview:large, max-video-preview:-1\" \/>\n<meta property=\"og:locale\" content=\"en_GB\" \/>\n<meta property=\"og:type\" content=\"article\" \/>\n<meta property=\"og:title\" content=\"Coelacanthe : le film diffus\u00e9 le 3 mai sur ARTE - Androm\u00e8de Oc\u00e9anologie\" \/>\n<meta property=\"og:description\" content=\"Le COELACANTHE, plong\u00e9e vers nos origines Au printemps 2013, le biologiste marin et plongeur Laurent Ballesta partait avec\u00a0 une \u00e9quipe de chercheurs en Afrique du Sud pour une exp\u00e9dition scientifique sur les traces du plus mythique des animaux marins. Pour ARTE, il rapporte des images exceptionnelles. &nbsp; Samedi 3 mai 2014 \u00e0 20.50 sur ARTE\u00a0 [&hellip;]\" \/>\n<meta property=\"og:url\" content=\"https:\/\/www.andromede-ocean.com\/english\/blog\/2014\/03\/07\/coelacanthe-le-film-diffuse-le-3-mai-sur-arte\/\" \/>\n<meta property=\"og:site_name\" content=\"Androm\u00e8de Oc\u00e9anologie\" \/>\n<meta property=\"article:published_time\" content=\"2014-03-07T10:46:21+00:00\" \/>\n<meta property=\"og:image\" content=\"http:\/\/www.andromede-ocean.com\/english\/wp-content\/uploads\/sites\/2\/Coel-Ced-la-parfaite-reduite-150x150.jpg\" \/>\n<meta name=\"author\" content=\"julie Deter\" \/>\n<meta name=\"twitter:card\" content=\"summary_large_image\" \/>\n<meta name=\"twitter:label1\" content=\"Written by\" \/>\n\t<meta name=\"twitter:data1\" content=\"julie Deter\" \/>\n<script type=\"application\/ld+json\" class=\"yoast-schema-graph\">{\"@context\":\"https:\/\/schema.org\",\"@graph\":[{\"@type\":\"Article\",\"@id\":\"https:\/\/www.andromede-ocean.com\/english\/blog\/2014\/03\/07\/coelacanthe-le-film-diffuse-le-3-mai-sur-arte\/#article\",\"isPartOf\":{\"@id\":\"https:\/\/www.andromede-ocean.com\/english\/blog\/2014\/03\/07\/coelacanthe-le-film-diffuse-le-3-mai-sur-arte\/\"},\"author\":{\"name\":\"julie Deter\",\"@id\":\"https:\/\/www.andromede-ocean.com\/english\/#\/schema\/person\/670621606150c9eb5a0c92897263dcf6\"},\"headline\":\"Coelacanthe : le film diffus\u00e9 le 3 mai sur ARTE\",\"datePublished\":\"2014-03-07T10:46:21+00:00\",\"mainEntityOfPage\":{\"@id\":\"https:\/\/www.andromede-ocean.com\/english\/blog\/2014\/03\/07\/coelacanthe-le-film-diffuse-le-3-mai-sur-arte\/\"},\"wordCount\":94,\"image\":{\"@id\":\"https:\/\/www.andromede-ocean.com\/english\/blog\/2014\/03\/07\/coelacanthe-le-film-diffuse-le-3-mai-sur-arte\/#primaryimage\"},\"thumbnailUrl\":\"http:\/\/www.andromede-ocean.com\/english\/wp-content\/uploads\/sites\/2\/Coel-Ced-la-parfaite-reduite-150x150.jpg\",\"articleSection\":[\"Expeditions\"],\"inLanguage\":\"en-GB\"},{\"@type\":\"WebPage\",\"@id\":\"https:\/\/www.andromede-ocean.com\/english\/blog\/2014\/03\/07\/coelacanthe-le-film-diffuse-le-3-mai-sur-arte\/\",\"url\":\"https:\/\/www.andromede-ocean.com\/english\/blog\/2014\/03\/07\/coelacanthe-le-film-diffuse-le-3-mai-sur-arte\/\",\"name\":\"Coelacanthe : le film diffus\u00e9 le 3 mai sur ARTE - Androm\u00e8de Oc\u00e9anologie\",\"isPartOf\":{\"@id\":\"https:\/\/www.andromede-ocean.com\/english\/#website\"},\"primaryImageOfPage\":{\"@id\":\"https:\/\/www.andromede-ocean.com\/english\/blog\/2014\/03\/07\/coelacanthe-le-film-diffuse-le-3-mai-sur-arte\/#primaryimage\"},\"image\":{\"@id\":\"https:\/\/www.andromede-ocean.com\/english\/blog\/2014\/03\/07\/coelacanthe-le-film-diffuse-le-3-mai-sur-arte\/#primaryimage\"},\"thumbnailUrl\":\"http:\/\/www.andromede-ocean.com\/english\/wp-content\/uploads\/sites\/2\/Coel-Ced-la-parfaite-reduite-150x150.jpg\",\"datePublished\":\"2014-03-07T10:46:21+00:00\",\"author\":{\"@id\":\"https:\/\/www.andromede-ocean.com\/english\/#\/schema\/person\/670621606150c9eb5a0c92897263dcf6\"},\"breadcrumb\":{\"@id\":\"https:\/\/www.andromede-ocean.com\/english\/blog\/2014\/03\/07\/coelacanthe-le-film-diffuse-le-3-mai-sur-arte\/#breadcrumb\"},\"inLanguage\":\"en-GB\",\"potentialAction\":[{\"@type\":\"ReadAction\",\"target\":[\"https:\/\/www.andromede-ocean.com\/english\/blog\/2014\/03\/07\/coelacanthe-le-film-diffuse-le-3-mai-sur-arte\/\"]}]},{\"@type\":\"ImageObject\",\"inLanguage\":\"en-GB\",\"@id\":\"https:\/\/www.andromede-ocean.com\/english\/blog\/2014\/03\/07\/coelacanthe-le-film-diffuse-le-3-mai-sur-arte\/#primaryimage\",\"url\":\"\",\"contentUrl\":\"\"},{\"@type\":\"BreadcrumbList\",\"@id\":\"https:\/\/www.andromede-ocean.com\/english\/blog\/2014\/03\/07\/coelacanthe-le-film-diffuse-le-3-mai-sur-arte\/#breadcrumb\",\"itemListElement\":[{\"@type\":\"ListItem\",\"position\":1,\"name\":\"Accueil\",\"item\":\"https:\/\/www.andromede-ocean.com\/english\/\"},{\"@type\":\"ListItem\",\"position\":2,\"name\":\"Coelacanthe : le film diffus\u00e9 le 3 mai sur ARTE\"}]},{\"@type\":\"WebSite\",\"@id\":\"https:\/\/www.andromede-ocean.com\/english\/#website\",\"url\":\"https:\/\/www.andromede-ocean.com\/english\/\",\"name\":\"Androm\u00e8de Oc\u00e9anologie\",\"description\":\"\",\"potentialAction\":[{\"@type\":\"SearchAction\",\"target\":{\"@type\":\"EntryPoint\",\"urlTemplate\":\"https:\/\/www.andromede-ocean.com\/english\/?s={search_term_string}\"},\"query-input\":{\"@type\":\"PropertyValueSpecification\",\"valueRequired\":true,\"valueName\":\"search_term_string\"}}],\"inLanguage\":\"en-GB\"},{\"@type\":\"Person\",\"@id\":\"https:\/\/www.andromede-ocean.com\/english\/#\/schema\/person\/670621606150c9eb5a0c92897263dcf6\",\"name\":\"julie Deter\",\"image\":{\"@type\":\"ImageObject\",\"inLanguage\":\"en-GB\",\"@id\":\"https:\/\/www.andromede-ocean.com\/english\/#\/schema\/person\/image\/\",\"url\":\"https:\/\/secure.gravatar.com\/avatar\/29b9c20f73f722191c32425ab84445e2b34fcc25b717ea8e1667c86ae7eb81cf?s=96&d=mm&r=g\",\"contentUrl\":\"https:\/\/secure.gravatar.com\/avatar\/29b9c20f73f722191c32425ab84445e2b34fcc25b717ea8e1667c86ae7eb81cf?s=96&d=mm&r=g\",\"caption\":\"julie Deter\"}}]}<\/script>\n<!-- \/ Yoast SEO plugin. -->","yoast_head_json":{"title":"Coelacanthe : le film diffus\u00e9 le 3 mai sur ARTE - Androm\u00e8de Oc\u00e9anologie","robots":{"index":"index","follow":"follow","max-snippet":"max-snippet:-1","max-image-preview":"max-image-preview:large","max-video-preview":"max-video-preview:-1"},"og_locale":"en_GB","og_type":"article","og_title":"Coelacanthe : le film diffus\u00e9 le 3 mai sur ARTE - Androm\u00e8de Oc\u00e9anologie","og_description":"Le COELACANTHE, plong\u00e9e vers nos origines Au printemps 2013, le biologiste marin et plongeur Laurent Ballesta partait avec\u00a0 une \u00e9quipe de chercheurs en Afrique du Sud pour une exp\u00e9dition scientifique sur les traces du plus mythique des animaux marins. Pour ARTE, il rapporte des images exceptionnelles. &nbsp; Samedi 3 mai 2014 \u00e0 20.50 sur ARTE\u00a0 [&hellip;]","og_url":"https:\/\/www.andromede-ocean.com\/english\/blog\/2014\/03\/07\/coelacanthe-le-film-diffuse-le-3-mai-sur-arte\/","og_site_name":"Androm\u00e8de Oc\u00e9anologie","article_published_time":"2014-03-07T10:46:21+00:00","og_image":[{"url":"http:\/\/www.andromede-ocean.com\/english\/wp-content\/uploads\/sites\/2\/Coel-Ced-la-parfaite-reduite-150x150.jpg","type":"","width":"","height":""}],"author":"julie Deter","twitter_card":"summary_large_image","twitter_misc":{"Written by":"julie Deter"},"schema":{"@context":"https:\/\/schema.org","@graph":[{"@type":"Article","@id":"https:\/\/www.andromede-ocean.com\/english\/blog\/2014\/03\/07\/coelacanthe-le-film-diffuse-le-3-mai-sur-arte\/#article","isPartOf":{"@id":"https:\/\/www.andromede-ocean.com\/english\/blog\/2014\/03\/07\/coelacanthe-le-film-diffuse-le-3-mai-sur-arte\/"},"author":{"name":"julie Deter","@id":"https:\/\/www.andromede-ocean.com\/english\/#\/schema\/person\/670621606150c9eb5a0c92897263dcf6"},"headline":"Coelacanthe : le film diffus\u00e9 le 3 mai sur ARTE","datePublished":"2014-03-07T10:46:21+00:00","mainEntityOfPage":{"@id":"https:\/\/www.andromede-ocean.com\/english\/blog\/2014\/03\/07\/coelacanthe-le-film-diffuse-le-3-mai-sur-arte\/"},"wordCount":94,"image":{"@id":"https:\/\/www.andromede-ocean.com\/english\/blog\/2014\/03\/07\/coelacanthe-le-film-diffuse-le-3-mai-sur-arte\/#primaryimage"},"thumbnailUrl":"http:\/\/www.andromede-ocean.com\/english\/wp-content\/uploads\/sites\/2\/Coel-Ced-la-parfaite-reduite-150x150.jpg","articleSection":["Expeditions"],"inLanguage":"en-GB"},{"@type":"WebPage","@id":"https:\/\/www.andromede-ocean.com\/english\/blog\/2014\/03\/07\/coelacanthe-le-film-diffuse-le-3-mai-sur-arte\/","url":"https:\/\/www.andromede-ocean.com\/english\/blog\/2014\/03\/07\/coelacanthe-le-film-diffuse-le-3-mai-sur-arte\/","name":"Coelacanthe : le film diffus\u00e9 le 3 mai sur ARTE - Androm\u00e8de Oc\u00e9anologie","isPartOf":{"@id":"https:\/\/www.andromede-ocean.com\/english\/#website"},"primaryImageOfPage":{"@id":"https:\/\/www.andromede-ocean.com\/english\/blog\/2014\/03\/07\/coelacanthe-le-film-diffuse-le-3-mai-sur-arte\/#primaryimage"},"image":{"@id":"https:\/\/www.andromede-ocean.com\/english\/blog\/2014\/03\/07\/coelacanthe-le-film-diffuse-le-3-mai-sur-arte\/#primaryimage"},"thumbnailUrl":"http:\/\/www.andromede-ocean.com\/english\/wp-content\/uploads\/sites\/2\/Coel-Ced-la-parfaite-reduite-150x150.jpg","datePublished":"2014-03-07T10:46:21+00:00","author":{"@id":"https:\/\/www.andromede-ocean.com\/english\/#\/schema\/person\/670621606150c9eb5a0c92897263dcf6"},"breadcrumb":{"@id":"https:\/\/www.andromede-ocean.com\/english\/blog\/2014\/03\/07\/coelacanthe-le-film-diffuse-le-3-mai-sur-arte\/#breadcrumb"},"inLanguage":"en-GB","potentialAction":[{"@type":"ReadAction","target":["https:\/\/www.andromede-ocean.com\/english\/blog\/2014\/03\/07\/coelacanthe-le-film-diffuse-le-3-mai-sur-arte\/"]}]},{"@type":"ImageObject","inLanguage":"en-GB","@id":"https:\/\/www.andromede-ocean.com\/english\/blog\/2014\/03\/07\/coelacanthe-le-film-diffuse-le-3-mai-sur-arte\/#primaryimage","url":"","contentUrl":""},{"@type":"BreadcrumbList","@id":"https:\/\/www.andromede-ocean.com\/english\/blog\/2014\/03\/07\/coelacanthe-le-film-diffuse-le-3-mai-sur-arte\/#breadcrumb","itemListElement":[{"@type":"ListItem","position":1,"name":"Accueil","item":"https:\/\/www.andromede-ocean.com\/english\/"},{"@type":"ListItem","position":2,"name":"Coelacanthe : le film diffus\u00e9 le 3 mai sur ARTE"}]},{"@type":"WebSite","@id":"https:\/\/www.andromede-ocean.com\/english\/#website","url":"https:\/\/www.andromede-ocean.com\/english\/","name":"Androm\u00e8de Oc\u00e9anologie","description":"","potentialAction":[{"@type":"SearchAction","target":{"@type":"EntryPoint","urlTemplate":"https:\/\/www.andromede-ocean.com\/english\/?s={search_term_string}"},"query-input":{"@type":"PropertyValueSpecification","valueRequired":true,"valueName":"search_term_string"}}],"inLanguage":"en-GB"},{"@type":"Person","@id":"https:\/\/www.andromede-ocean.com\/english\/#\/schema\/person\/670621606150c9eb5a0c92897263dcf6","name":"julie Deter","image":{"@type":"ImageObject","inLanguage":"en-GB","@id":"https:\/\/www.andromede-ocean.com\/english\/#\/schema\/person\/image\/","url":"https:\/\/secure.gravatar.com\/avatar\/29b9c20f73f722191c32425ab84445e2b34fcc25b717ea8e1667c86ae7eb81cf?s=96&d=mm&r=g","contentUrl":"https:\/\/secure.gravatar.com\/avatar\/29b9c20f73f722191c32425ab84445e2b34fcc25b717ea8e1667c86ae7eb81cf?s=96&d=mm&r=g","caption":"julie Deter"}}]}},"_links":{"self":[{"href":"https:\/\/www.andromede-ocean.com\/english\/wp-json\/wp\/v2\/posts\/816","targetHints":{"allow":["GET"]}}],"collection":[{"href":"https:\/\/www.andromede-ocean.com\/english\/wp-json\/wp\/v2\/posts"}],"about":[{"href":"https:\/\/www.andromede-ocean.com\/english\/wp-json\/wp\/v2\/types\/post"}],"author":[{"embeddable":true,"href":"https:\/\/www.andromede-ocean.com\/english\/wp-json\/wp\/v2\/users\/3"}],"replies":[{"embeddable":true,"href":"https:\/\/www.andromede-ocean.com\/english\/wp-json\/wp\/v2\/comments?post=816"}],"version-history":[{"count":0,"href":"https:\/\/www.andromede-ocean.com\/english\/wp-json\/wp\/v2\/posts\/816\/revisions"}],"wp:attachment":[{"href":"https:\/\/www.andromede-ocean.com\/english\/wp-json\/wp\/v2\/media?parent=816"}],"wp:term":[{"taxonomy":"category","embeddable":true,"href":"https:\/\/www.andromede-ocean.com\/english\/wp-json\/wp\/v2\/categories?post=816"},{"taxonomy":"post_tag","embeddable":true,"href":"https:\/\/www.andromede-ocean.com\/english\/wp-json\/wp\/v2\/tags?post=816"}],"curies":[{"name":"wp","href":"https:\/\/api.w.org\/{rel}","templated":true}]}}