{"id":810,"date":"2014-01-08T09:20:47","date_gmt":"2014-01-08T08:20:47","guid":{"rendered":"http:\/\/marion-dev.valars.com\/andromede\/?p=810"},"modified":"2014-01-08T09:20:47","modified_gmt":"2014-01-08T08:20:47","slug":"andromede-au-salon-de-la-plongee-a-paris","status":"publish","type":"post","link":"https:\/\/www.andromede-ocean.com\/english\/blog\/2014\/01\/08\/andromede-au-salon-de-la-plongee-a-paris\/","title":{"rendered":"Androm\u00e8de au salon de la plong\u00e9e \u00e0 Paris"},"content":{"rendered":"<p style=\"text-align: center;\">Laurent, Marie et julien partent aujourd&#8217;hui pour le<\/p>\n<p style=\"text-align: center;\"><strong>Salon international de la plong\u00e9e sous marine \u00e0 Paris<\/strong><\/p>\n<p style=\"text-align: center;\">Retrouvez les du 10 au 12 janvier 2014 \u00e0 Paris \u2013 Porte de versailles<\/p>\n<p style=\"text-align: center;\"><a href=\"http:\/\/www.andromede-ocean.com\/english\/wp-content\/uploads\/sites\/2\/salon-plongee-2014.jpg\"><img loading=\"lazy\" decoding=\"async\" class=\"size-thumbnail wp-image-757\" alt=\"salon plongee 2014\" src=\"http:\/\/www.andromede-ocean.com\/english\/wp-content\/uploads\/sites\/2\/salon-plongee-2014-150x150.jpg\" width=\"150\" height=\"150\" \/><\/a><\/p>\n<p style=\"text-align: center;\">En plus de son <strong>parrainage <\/strong>pour ce 16\u00e8me salon, Laurent Ballesta :<\/p>\n<p style=\"text-align: center;\">&#8211; donnera <strong>une conf\u00e9rence par jour <\/strong><\/p>\n<p style=\"text-align: center;\">&#8211; pr\u00e9sentera sa toute nouvelle <strong>exposition sur le C\u0153lacanthe<\/strong> compos\u00e9e des images de sa derni\u00e8re exp\u00e9dition \u00ab Gombessa, rencontre avec le Coelacanthe &#8220;<\/p>\n<p style=\"text-align: center;\">&#8211; et <strong>d\u00e9dicacera son dernier livre<\/strong> tout chaud sortie de l\u2019imprimerie <strong>\u00ab Gombessa, rencontre avec le Coelacanthe &#8220;<\/strong><\/p>\n<p style=\"text-align: center;\"><em>\u00a0<\/em><\/p>\n<p style=\"text-align: center;\">Julien, quant \u00e0 lui vous renseignera sur <strong>Androm\u00e8de plong\u00e9e bio<\/strong>, notre centre de plong\u00e9e et vous proposera des s\u00e9jours et sorties pour groupes ou individuels. (http:\/\/www.andromede-ocean.com\/english\/plongee\/)<\/p>\n<p>&nbsp;<br \/>\n<em>Infos sur le salon : http:\/\/www.salon-de-la-plongee.com\/fr\/accueil.html<\/em>\t\t<\/p>\n","protected":false},"excerpt":{"rendered":"<p>Laurent, Marie et julien partent aujourd&#8217;hui pour le Salon international de la plong\u00e9e sous marine \u00e0 Paris Retrouvez les du 10 au 12 janvier 2014 \u00e0 Paris \u2013 Porte de versailles En plus de son parrainage pour ce 16\u00e8me salon, Laurent Ballesta : &#8211; donnera une conf\u00e9rence par jour &#8211; pr\u00e9sentera sa toute nouvelle exposition [&hellip;]<\/p>\n","protected":false},"author":3,"featured_media":0,"comment_status":"closed","ping_status":"open","sticky":false,"template":"","format":"standard","meta":{"_et_pb_use_builder":"","_et_pb_old_content":"","_et_gb_content_width":"","footnotes":""},"categories":[2],"tags":[],"class_list":["post-810","post","type-post","status-publish","format-standard","hentry","category-animations"],"yoast_head":"<!-- This site is optimized with the Yoast SEO plugin v27.0 - https:\/\/yoast.com\/product\/yoast-seo-wordpress\/ -->\n<title>Androm\u00e8de au salon de la plong\u00e9e \u00e0 Paris - Androm\u00e8de Oc\u00e9anologie<\/title>\n<meta name=\"robots\" content=\"index, follow, max-snippet:-1, max-image-preview:large, max-video-preview:-1\" \/>\n<meta property=\"og:locale\" content=\"en_GB\" \/>\n<meta property=\"og:type\" content=\"article\" \/>\n<meta property=\"og:title\" content=\"Androm\u00e8de au salon de la plong\u00e9e \u00e0 Paris - Androm\u00e8de Oc\u00e9anologie\" \/>\n<meta property=\"og:description\" content=\"Laurent, Marie et julien partent aujourd&#8217;hui pour le Salon international de la plong\u00e9e sous marine \u00e0 Paris Retrouvez les du 10 au 12 janvier 2014 \u00e0 Paris \u2013 Porte de versailles En plus de son parrainage pour ce 16\u00e8me salon, Laurent Ballesta : &#8211; donnera une conf\u00e9rence par jour &#8211; pr\u00e9sentera sa toute nouvelle exposition [&hellip;]\" \/>\n<meta property=\"og:url\" content=\"https:\/\/www.andromede-ocean.com\/english\/blog\/2014\/01\/08\/andromede-au-salon-de-la-plongee-a-paris\/\" \/>\n<meta property=\"og:site_name\" content=\"Androm\u00e8de Oc\u00e9anologie\" \/>\n<meta property=\"article:published_time\" content=\"2014-01-08T08:20:47+00:00\" \/>\n<meta property=\"og:image\" content=\"http:\/\/www.andromede-ocean.com\/english\/wp-content\/uploads\/sites\/2\/salon-plongee-2014-150x150.jpg\" \/>\n<meta name=\"author\" content=\"julie Deter\" \/>\n<meta name=\"twitter:card\" content=\"summary_large_image\" \/>\n<meta name=\"twitter:label1\" content=\"Written by\" \/>\n\t<meta name=\"twitter:data1\" content=\"julie Deter\" \/>\n\t<meta name=\"twitter:label2\" content=\"Estimated reading time\" \/>\n\t<meta name=\"twitter:data2\" content=\"1 minute\" \/>\n<script type=\"application\/ld+json\" class=\"yoast-schema-graph\">{\"@context\":\"https:\/\/schema.org\",\"@graph\":[{\"@type\":\"Article\",\"@id\":\"https:\/\/www.andromede-ocean.com\/english\/blog\/2014\/01\/08\/andromede-au-salon-de-la-plongee-a-paris\/#article\",\"isPartOf\":{\"@id\":\"https:\/\/www.andromede-ocean.com\/english\/blog\/2014\/01\/08\/andromede-au-salon-de-la-plongee-a-paris\/\"},\"author\":{\"name\":\"julie Deter\",\"@id\":\"https:\/\/www.andromede-ocean.com\/english\/#\/schema\/person\/670621606150c9eb5a0c92897263dcf6\"},\"headline\":\"Androm\u00e8de au salon de la plong\u00e9e \u00e0 Paris\",\"datePublished\":\"2014-01-08T08:20:47+00:00\",\"mainEntityOfPage\":{\"@id\":\"https:\/\/www.andromede-ocean.com\/english\/blog\/2014\/01\/08\/andromede-au-salon-de-la-plongee-a-paris\/\"},\"wordCount\":143,\"image\":{\"@id\":\"https:\/\/www.andromede-ocean.com\/english\/blog\/2014\/01\/08\/andromede-au-salon-de-la-plongee-a-paris\/#primaryimage\"},\"thumbnailUrl\":\"http:\/\/www.andromede-ocean.com\/english\/wp-content\/uploads\/sites\/2\/salon-plongee-2014-150x150.jpg\",\"articleSection\":[\"Animations\"],\"inLanguage\":\"en-GB\"},{\"@type\":\"WebPage\",\"@id\":\"https:\/\/www.andromede-ocean.com\/english\/blog\/2014\/01\/08\/andromede-au-salon-de-la-plongee-a-paris\/\",\"url\":\"https:\/\/www.andromede-ocean.com\/english\/blog\/2014\/01\/08\/andromede-au-salon-de-la-plongee-a-paris\/\",\"name\":\"Androm\u00e8de au salon de la plong\u00e9e \u00e0 Paris - Androm\u00e8de Oc\u00e9anologie\",\"isPartOf\":{\"@id\":\"https:\/\/www.andromede-ocean.com\/english\/#website\"},\"primaryImageOfPage\":{\"@id\":\"https:\/\/www.andromede-ocean.com\/english\/blog\/2014\/01\/08\/andromede-au-salon-de-la-plongee-a-paris\/#primaryimage\"},\"image\":{\"@id\":\"https:\/\/www.andromede-ocean.com\/english\/blog\/2014\/01\/08\/andromede-au-salon-de-la-plongee-a-paris\/#primaryimage\"},\"thumbnailUrl\":\"http:\/\/www.andromede-ocean.com\/english\/wp-content\/uploads\/sites\/2\/salon-plongee-2014-150x150.jpg\",\"datePublished\":\"2014-01-08T08:20:47+00:00\",\"author\":{\"@id\":\"https:\/\/www.andromede-ocean.com\/english\/#\/schema\/person\/670621606150c9eb5a0c92897263dcf6\"},\"breadcrumb\":{\"@id\":\"https:\/\/www.andromede-ocean.com\/english\/blog\/2014\/01\/08\/andromede-au-salon-de-la-plongee-a-paris\/#breadcrumb\"},\"inLanguage\":\"en-GB\",\"potentialAction\":[{\"@type\":\"ReadAction\",\"target\":[\"https:\/\/www.andromede-ocean.com\/english\/blog\/2014\/01\/08\/andromede-au-salon-de-la-plongee-a-paris\/\"]}]},{\"@type\":\"ImageObject\",\"inLanguage\":\"en-GB\",\"@id\":\"https:\/\/www.andromede-ocean.com\/english\/blog\/2014\/01\/08\/andromede-au-salon-de-la-plongee-a-paris\/#primaryimage\",\"url\":\"\",\"contentUrl\":\"\"},{\"@type\":\"BreadcrumbList\",\"@id\":\"https:\/\/www.andromede-ocean.com\/english\/blog\/2014\/01\/08\/andromede-au-salon-de-la-plongee-a-paris\/#breadcrumb\",\"itemListElement\":[{\"@type\":\"ListItem\",\"position\":1,\"name\":\"Accueil\",\"item\":\"https:\/\/www.andromede-ocean.com\/english\/\"},{\"@type\":\"ListItem\",\"position\":2,\"name\":\"Androm\u00e8de au salon de la plong\u00e9e \u00e0 Paris\"}]},{\"@type\":\"WebSite\",\"@id\":\"https:\/\/www.andromede-ocean.com\/english\/#website\",\"url\":\"https:\/\/www.andromede-ocean.com\/english\/\",\"name\":\"Androm\u00e8de Oc\u00e9anologie\",\"description\":\"\",\"potentialAction\":[{\"@type\":\"SearchAction\",\"target\":{\"@type\":\"EntryPoint\",\"urlTemplate\":\"https:\/\/www.andromede-ocean.com\/english\/?s={search_term_string}\"},\"query-input\":{\"@type\":\"PropertyValueSpecification\",\"valueRequired\":true,\"valueName\":\"search_term_string\"}}],\"inLanguage\":\"en-GB\"},{\"@type\":\"Person\",\"@id\":\"https:\/\/www.andromede-ocean.com\/english\/#\/schema\/person\/670621606150c9eb5a0c92897263dcf6\",\"name\":\"julie Deter\",\"image\":{\"@type\":\"ImageObject\",\"inLanguage\":\"en-GB\",\"@id\":\"https:\/\/www.andromede-ocean.com\/english\/#\/schema\/person\/image\/\",\"url\":\"https:\/\/secure.gravatar.com\/avatar\/29b9c20f73f722191c32425ab84445e2b34fcc25b717ea8e1667c86ae7eb81cf?s=96&d=mm&r=g\",\"contentUrl\":\"https:\/\/secure.gravatar.com\/avatar\/29b9c20f73f722191c32425ab84445e2b34fcc25b717ea8e1667c86ae7eb81cf?s=96&d=mm&r=g\",\"caption\":\"julie Deter\"}}]}<\/script>\n<!-- \/ Yoast SEO plugin. -->","yoast_head_json":{"title":"Androm\u00e8de au salon de la plong\u00e9e \u00e0 Paris - Androm\u00e8de Oc\u00e9anologie","robots":{"index":"index","follow":"follow","max-snippet":"max-snippet:-1","max-image-preview":"max-image-preview:large","max-video-preview":"max-video-preview:-1"},"og_locale":"en_GB","og_type":"article","og_title":"Androm\u00e8de au salon de la plong\u00e9e \u00e0 Paris - Androm\u00e8de Oc\u00e9anologie","og_description":"Laurent, Marie et julien partent aujourd&#8217;hui pour le Salon international de la plong\u00e9e sous marine \u00e0 Paris Retrouvez les du 10 au 12 janvier 2014 \u00e0 Paris \u2013 Porte de versailles En plus de son parrainage pour ce 16\u00e8me salon, Laurent Ballesta : &#8211; donnera une conf\u00e9rence par jour &#8211; pr\u00e9sentera sa toute nouvelle exposition [&hellip;]","og_url":"https:\/\/www.andromede-ocean.com\/english\/blog\/2014\/01\/08\/andromede-au-salon-de-la-plongee-a-paris\/","og_site_name":"Androm\u00e8de Oc\u00e9anologie","article_published_time":"2014-01-08T08:20:47+00:00","og_image":[{"url":"http:\/\/www.andromede-ocean.com\/english\/wp-content\/uploads\/sites\/2\/salon-plongee-2014-150x150.jpg","type":"","width":"","height":""}],"author":"julie Deter","twitter_card":"summary_large_image","twitter_misc":{"Written by":"julie Deter","Estimated reading time":"1 minute"},"schema":{"@context":"https:\/\/schema.org","@graph":[{"@type":"Article","@id":"https:\/\/www.andromede-ocean.com\/english\/blog\/2014\/01\/08\/andromede-au-salon-de-la-plongee-a-paris\/#article","isPartOf":{"@id":"https:\/\/www.andromede-ocean.com\/english\/blog\/2014\/01\/08\/andromede-au-salon-de-la-plongee-a-paris\/"},"author":{"name":"julie Deter","@id":"https:\/\/www.andromede-ocean.com\/english\/#\/schema\/person\/670621606150c9eb5a0c92897263dcf6"},"headline":"Androm\u00e8de au salon de la plong\u00e9e \u00e0 Paris","datePublished":"2014-01-08T08:20:47+00:00","mainEntityOfPage":{"@id":"https:\/\/www.andromede-ocean.com\/english\/blog\/2014\/01\/08\/andromede-au-salon-de-la-plongee-a-paris\/"},"wordCount":143,"image":{"@id":"https:\/\/www.andromede-ocean.com\/english\/blog\/2014\/01\/08\/andromede-au-salon-de-la-plongee-a-paris\/#primaryimage"},"thumbnailUrl":"http:\/\/www.andromede-ocean.com\/english\/wp-content\/uploads\/sites\/2\/salon-plongee-2014-150x150.jpg","articleSection":["Animations"],"inLanguage":"en-GB"},{"@type":"WebPage","@id":"https:\/\/www.andromede-ocean.com\/english\/blog\/2014\/01\/08\/andromede-au-salon-de-la-plongee-a-paris\/","url":"https:\/\/www.andromede-ocean.com\/english\/blog\/2014\/01\/08\/andromede-au-salon-de-la-plongee-a-paris\/","name":"Androm\u00e8de au salon de la plong\u00e9e \u00e0 Paris - Androm\u00e8de Oc\u00e9anologie","isPartOf":{"@id":"https:\/\/www.andromede-ocean.com\/english\/#website"},"primaryImageOfPage":{"@id":"https:\/\/www.andromede-ocean.com\/english\/blog\/2014\/01\/08\/andromede-au-salon-de-la-plongee-a-paris\/#primaryimage"},"image":{"@id":"https:\/\/www.andromede-ocean.com\/english\/blog\/2014\/01\/08\/andromede-au-salon-de-la-plongee-a-paris\/#primaryimage"},"thumbnailUrl":"http:\/\/www.andromede-ocean.com\/english\/wp-content\/uploads\/sites\/2\/salon-plongee-2014-150x150.jpg","datePublished":"2014-01-08T08:20:47+00:00","author":{"@id":"https:\/\/www.andromede-ocean.com\/english\/#\/schema\/person\/670621606150c9eb5a0c92897263dcf6"},"breadcrumb":{"@id":"https:\/\/www.andromede-ocean.com\/english\/blog\/2014\/01\/08\/andromede-au-salon-de-la-plongee-a-paris\/#breadcrumb"},"inLanguage":"en-GB","potentialAction":[{"@type":"ReadAction","target":["https:\/\/www.andromede-ocean.com\/english\/blog\/2014\/01\/08\/andromede-au-salon-de-la-plongee-a-paris\/"]}]},{"@type":"ImageObject","inLanguage":"en-GB","@id":"https:\/\/www.andromede-ocean.com\/english\/blog\/2014\/01\/08\/andromede-au-salon-de-la-plongee-a-paris\/#primaryimage","url":"","contentUrl":""},{"@type":"BreadcrumbList","@id":"https:\/\/www.andromede-ocean.com\/english\/blog\/2014\/01\/08\/andromede-au-salon-de-la-plongee-a-paris\/#breadcrumb","itemListElement":[{"@type":"ListItem","position":1,"name":"Accueil","item":"https:\/\/www.andromede-ocean.com\/english\/"},{"@type":"ListItem","position":2,"name":"Androm\u00e8de au salon de la plong\u00e9e \u00e0 Paris"}]},{"@type":"WebSite","@id":"https:\/\/www.andromede-ocean.com\/english\/#website","url":"https:\/\/www.andromede-ocean.com\/english\/","name":"Androm\u00e8de Oc\u00e9anologie","description":"","potentialAction":[{"@type":"SearchAction","target":{"@type":"EntryPoint","urlTemplate":"https:\/\/www.andromede-ocean.com\/english\/?s={search_term_string}"},"query-input":{"@type":"PropertyValueSpecification","valueRequired":true,"valueName":"search_term_string"}}],"inLanguage":"en-GB"},{"@type":"Person","@id":"https:\/\/www.andromede-ocean.com\/english\/#\/schema\/person\/670621606150c9eb5a0c92897263dcf6","name":"julie Deter","image":{"@type":"ImageObject","inLanguage":"en-GB","@id":"https:\/\/www.andromede-ocean.com\/english\/#\/schema\/person\/image\/","url":"https:\/\/secure.gravatar.com\/avatar\/29b9c20f73f722191c32425ab84445e2b34fcc25b717ea8e1667c86ae7eb81cf?s=96&d=mm&r=g","contentUrl":"https:\/\/secure.gravatar.com\/avatar\/29b9c20f73f722191c32425ab84445e2b34fcc25b717ea8e1667c86ae7eb81cf?s=96&d=mm&r=g","caption":"julie Deter"}}]}},"_links":{"self":[{"href":"https:\/\/www.andromede-ocean.com\/english\/wp-json\/wp\/v2\/posts\/810","targetHints":{"allow":["GET"]}}],"collection":[{"href":"https:\/\/www.andromede-ocean.com\/english\/wp-json\/wp\/v2\/posts"}],"about":[{"href":"https:\/\/www.andromede-ocean.com\/english\/wp-json\/wp\/v2\/types\/post"}],"author":[{"embeddable":true,"href":"https:\/\/www.andromede-ocean.com\/english\/wp-json\/wp\/v2\/users\/3"}],"replies":[{"embeddable":true,"href":"https:\/\/www.andromede-ocean.com\/english\/wp-json\/wp\/v2\/comments?post=810"}],"version-history":[{"count":0,"href":"https:\/\/www.andromede-ocean.com\/english\/wp-json\/wp\/v2\/posts\/810\/revisions"}],"wp:attachment":[{"href":"https:\/\/www.andromede-ocean.com\/english\/wp-json\/wp\/v2\/media?parent=810"}],"wp:term":[{"taxonomy":"category","embeddable":true,"href":"https:\/\/www.andromede-ocean.com\/english\/wp-json\/wp\/v2\/categories?post=810"},{"taxonomy":"post_tag","embeddable":true,"href":"https:\/\/www.andromede-ocean.com\/english\/wp-json\/wp\/v2\/tags?post=810"}],"curies":[{"name":"wp","href":"https:\/\/api.w.org\/{rel}","templated":true}]}}