{"id":726,"date":"2013-10-18T07:56:06","date_gmt":"2013-10-18T06:56:06","guid":{"rendered":"http:\/\/marion-dev.valars.com\/andromede\/?p=726"},"modified":"2013-10-18T07:56:06","modified_gmt":"2013-10-18T06:56:06","slug":"avant-premiere-du-film-sur-le-coelacanthe-le-21113-a-marseille","status":"publish","type":"post","link":"https:\/\/www.andromede-ocean.com\/english\/blog\/2013\/10\/18\/avant-premiere-du-film-sur-le-coelacanthe-le-21113-a-marseille\/","title":{"rendered":"Avant premi\u00e8re du film sur le coelacanthe le 2\/11\/13 \u00e0 Marseille"},"content":{"rendered":"<p style=\"text-align: center;\"><a href=\"http:\/\/www.andromede-ocean.com\/english\/wp-content\/uploads\/sites\/2\/festival-marseille-2013.jpg\"><img loading=\"lazy\" decoding=\"async\" class=\"alignleft size-medium wp-image-727\" alt=\"festival marseille-2013\" src=\"http:\/\/www.andromede-ocean.com\/english\/wp-content\/uploads\/sites\/2\/festival-marseille-2013-300x266.jpg\" width=\"300\" height=\"266\" \/><\/a><\/p>\n<p style=\"text-align: center;\">A noter dans vos agendas :<\/p>\n<p style=\"text-align: center;\">L&#8217;<strong>avant-avant-premi\u00e8re du<\/strong><strong> film sur le coelacanthe<\/strong> (dur\u00e9e 90 min) se d\u00e9roulera \u00e0 <strong>Marseille le samedi 2 novembre \u00e0 14h<\/strong> !<\/p>\n<p style=\"text-align: justify;\">Pour la 40\u00e8me \u00e9dition du festival mondial de l&#8217;image sous-marine qui se tiendra du 31 octobre au 3 novembre 2013 au parc Chanot \u00e0 Marseille , nous pr\u00e9sentons en concours :<\/p>\n<p style=\"text-align: justify;\">&#8211; <span style=\"text-decoration: underline;\">le film<\/span> sur le coelacanthe<\/p>\n<p style=\"text-align: justify;\">&#8211;\u00a0 le <span style=\"text-decoration: underline;\">blog de l&#8217;exp\u00e9dition<\/span> &#8220;Gombessa&#8221; (http:\/\/www.coelacanthe-projet-gombessa.com\/)<\/p>\n<p style=\"text-align: justify;\">&#8211;\u00a0 <span style=\"text-decoration: underline;\">le livre &#8220;Une vie dans le port. Chroniques de la biodiversit\u00e9 marine du port de Marseille Fos&#8221;<\/span> de Laurent Ballesta.<\/p>\n<p style=\"text-align: center;\">Une exposition tir\u00e9e du livre &#8220;Une vie dans le port&#8221; sera \u00e9galement pr\u00e9sent\u00e9e et Laurent Ballesta sera pr\u00e9sent durant toute la dur\u00e9e du festival avec s\u00e9ances de d\u00e9dicace<\/p>\n<p><a href=\"http:\/\/www.andromede-ocean.com\/english\/wp-content\/uploads\/sites\/2\/1e-couv-Une-vie-dans-le-port-OK-2-faible.jpg\"><img loading=\"lazy\" decoding=\"async\" class=\"alignleft size-full wp-image-587\" alt=\"1e couv-Une vie dans le port-OK-2.indd\" src=\"http:\/\/www.andromede-ocean.com\/english\/wp-content\/uploads\/sites\/2\/1e-couv-Une-vie-dans-le-port-OK-2-faible.jpg\" width=\"236\" height=\"278\" \/><\/a><a href=\"http:\/\/www.andromede-ocean.com\/english\/wp-content\/uploads\/sites\/2\/site-web-gombessa.jpg\"><img loading=\"lazy\" decoding=\"async\" class=\"alignleft size-medium wp-image-649\" alt=\"site web gombessa\" src=\"http:\/\/www.andromede-ocean.com\/english\/wp-content\/uploads\/sites\/2\/site-web-gombessa-300x155.jpg\" width=\"300\" height=\"155\" \/><\/a><br \/>\n&nbsp;<br \/>\n&nbsp;<br \/>\n&nbsp;<br \/>\n&nbsp;<br \/>\n&nbsp;<br \/>\n&nbsp;<br \/>\n&nbsp;<br \/>\nPlus d&#8217;infos sur le programme du festival sur http:\/\/www.underwater-festival.com\/<br \/>\n&nbsp;\t\t<\/p>\n","protected":false},"excerpt":{"rendered":"<p>A noter dans vos agendas : L&#8217;avant-avant-premi\u00e8re du film sur le coelacanthe (dur\u00e9e 90 min) se d\u00e9roulera \u00e0 Marseille le samedi 2 novembre \u00e0 14h ! Pour la 40\u00e8me \u00e9dition du festival mondial de l&#8217;image sous-marine qui se tiendra du 31 octobre au 3 novembre 2013 au parc Chanot \u00e0 Marseille , nous pr\u00e9sentons en [&hellip;]<\/p>\n","protected":false},"author":3,"featured_media":0,"comment_status":"closed","ping_status":"open","sticky":false,"template":"","format":"standard","meta":{"_et_pb_use_builder":"","_et_pb_old_content":"","_et_gb_content_width":"","footnotes":""},"categories":[2,4,5],"tags":[],"class_list":["post-726","post","type-post","status-publish","format-standard","hentry","category-animations","category-livres","category-expeditions"],"yoast_head":"<!-- This site is optimized with the Yoast SEO plugin v27.0 - https:\/\/yoast.com\/product\/yoast-seo-wordpress\/ -->\n<title>Avant premi\u00e8re du film sur le coelacanthe le 2\/11\/13 \u00e0 Marseille - Androm\u00e8de Oc\u00e9anologie<\/title>\n<meta name=\"robots\" content=\"index, follow, max-snippet:-1, max-image-preview:large, max-video-preview:-1\" \/>\n<meta property=\"og:locale\" content=\"en_GB\" \/>\n<meta property=\"og:type\" content=\"article\" \/>\n<meta property=\"og:title\" content=\"Avant premi\u00e8re du film sur le coelacanthe le 2\/11\/13 \u00e0 Marseille - Androm\u00e8de Oc\u00e9anologie\" \/>\n<meta property=\"og:description\" content=\"A noter dans vos agendas : L&#8217;avant-avant-premi\u00e8re du film sur le coelacanthe (dur\u00e9e 90 min) se d\u00e9roulera \u00e0 Marseille le samedi 2 novembre \u00e0 14h ! Pour la 40\u00e8me \u00e9dition du festival mondial de l&#8217;image sous-marine qui se tiendra du 31 octobre au 3 novembre 2013 au parc Chanot \u00e0 Marseille , nous pr\u00e9sentons en [&hellip;]\" \/>\n<meta property=\"og:url\" content=\"https:\/\/www.andromede-ocean.com\/english\/blog\/2013\/10\/18\/avant-premiere-du-film-sur-le-coelacanthe-le-21113-a-marseille\/\" \/>\n<meta property=\"og:site_name\" content=\"Androm\u00e8de Oc\u00e9anologie\" \/>\n<meta property=\"article:published_time\" content=\"2013-10-18T06:56:06+00:00\" \/>\n<meta property=\"og:image\" content=\"http:\/\/www.andromede-ocean.com\/english\/wp-content\/uploads\/sites\/2\/festival-marseille-2013-300x266.jpg\" \/>\n<meta name=\"author\" content=\"julie Deter\" \/>\n<meta name=\"twitter:card\" content=\"summary_large_image\" \/>\n<meta name=\"twitter:label1\" content=\"Written by\" \/>\n\t<meta name=\"twitter:data1\" content=\"julie Deter\" \/>\n\t<meta name=\"twitter:label2\" content=\"Estimated reading time\" \/>\n\t<meta name=\"twitter:data2\" content=\"1 minute\" \/>\n<script type=\"application\/ld+json\" class=\"yoast-schema-graph\">{\"@context\":\"https:\/\/schema.org\",\"@graph\":[{\"@type\":\"Article\",\"@id\":\"https:\/\/www.andromede-ocean.com\/english\/blog\/2013\/10\/18\/avant-premiere-du-film-sur-le-coelacanthe-le-21113-a-marseille\/#article\",\"isPartOf\":{\"@id\":\"https:\/\/www.andromede-ocean.com\/english\/blog\/2013\/10\/18\/avant-premiere-du-film-sur-le-coelacanthe-le-21113-a-marseille\/\"},\"author\":{\"name\":\"julie Deter\",\"@id\":\"https:\/\/www.andromede-ocean.com\/english\/#\/schema\/person\/670621606150c9eb5a0c92897263dcf6\"},\"headline\":\"Avant premi\u00e8re du film sur le coelacanthe le 2\/11\/13 \u00e0 Marseille\",\"datePublished\":\"2013-10-18T06:56:06+00:00\",\"mainEntityOfPage\":{\"@id\":\"https:\/\/www.andromede-ocean.com\/english\/blog\/2013\/10\/18\/avant-premiere-du-film-sur-le-coelacanthe-le-21113-a-marseille\/\"},\"wordCount\":152,\"image\":{\"@id\":\"https:\/\/www.andromede-ocean.com\/english\/blog\/2013\/10\/18\/avant-premiere-du-film-sur-le-coelacanthe-le-21113-a-marseille\/#primaryimage\"},\"thumbnailUrl\":\"http:\/\/www.andromede-ocean.com\/english\/wp-content\/uploads\/sites\/2\/festival-marseille-2013-300x266.jpg\",\"articleSection\":[\"Animations\",\"books\",\"Expeditions\"],\"inLanguage\":\"en-GB\"},{\"@type\":\"WebPage\",\"@id\":\"https:\/\/www.andromede-ocean.com\/english\/blog\/2013\/10\/18\/avant-premiere-du-film-sur-le-coelacanthe-le-21113-a-marseille\/\",\"url\":\"https:\/\/www.andromede-ocean.com\/english\/blog\/2013\/10\/18\/avant-premiere-du-film-sur-le-coelacanthe-le-21113-a-marseille\/\",\"name\":\"Avant premi\u00e8re du film sur le coelacanthe le 2\/11\/13 \u00e0 Marseille - Androm\u00e8de Oc\u00e9anologie\",\"isPartOf\":{\"@id\":\"https:\/\/www.andromede-ocean.com\/english\/#website\"},\"primaryImageOfPage\":{\"@id\":\"https:\/\/www.andromede-ocean.com\/english\/blog\/2013\/10\/18\/avant-premiere-du-film-sur-le-coelacanthe-le-21113-a-marseille\/#primaryimage\"},\"image\":{\"@id\":\"https:\/\/www.andromede-ocean.com\/english\/blog\/2013\/10\/18\/avant-premiere-du-film-sur-le-coelacanthe-le-21113-a-marseille\/#primaryimage\"},\"thumbnailUrl\":\"http:\/\/www.andromede-ocean.com\/english\/wp-content\/uploads\/sites\/2\/festival-marseille-2013-300x266.jpg\",\"datePublished\":\"2013-10-18T06:56:06+00:00\",\"author\":{\"@id\":\"https:\/\/www.andromede-ocean.com\/english\/#\/schema\/person\/670621606150c9eb5a0c92897263dcf6\"},\"breadcrumb\":{\"@id\":\"https:\/\/www.andromede-ocean.com\/english\/blog\/2013\/10\/18\/avant-premiere-du-film-sur-le-coelacanthe-le-21113-a-marseille\/#breadcrumb\"},\"inLanguage\":\"en-GB\",\"potentialAction\":[{\"@type\":\"ReadAction\",\"target\":[\"https:\/\/www.andromede-ocean.com\/english\/blog\/2013\/10\/18\/avant-premiere-du-film-sur-le-coelacanthe-le-21113-a-marseille\/\"]}]},{\"@type\":\"ImageObject\",\"inLanguage\":\"en-GB\",\"@id\":\"https:\/\/www.andromede-ocean.com\/english\/blog\/2013\/10\/18\/avant-premiere-du-film-sur-le-coelacanthe-le-21113-a-marseille\/#primaryimage\",\"url\":\"\",\"contentUrl\":\"\"},{\"@type\":\"BreadcrumbList\",\"@id\":\"https:\/\/www.andromede-ocean.com\/english\/blog\/2013\/10\/18\/avant-premiere-du-film-sur-le-coelacanthe-le-21113-a-marseille\/#breadcrumb\",\"itemListElement\":[{\"@type\":\"ListItem\",\"position\":1,\"name\":\"Accueil\",\"item\":\"https:\/\/www.andromede-ocean.com\/english\/\"},{\"@type\":\"ListItem\",\"position\":2,\"name\":\"Avant premi\u00e8re du film sur le coelacanthe le 2\/11\/13 \u00e0 Marseille\"}]},{\"@type\":\"WebSite\",\"@id\":\"https:\/\/www.andromede-ocean.com\/english\/#website\",\"url\":\"https:\/\/www.andromede-ocean.com\/english\/\",\"name\":\"Androm\u00e8de Oc\u00e9anologie\",\"description\":\"\",\"potentialAction\":[{\"@type\":\"SearchAction\",\"target\":{\"@type\":\"EntryPoint\",\"urlTemplate\":\"https:\/\/www.andromede-ocean.com\/english\/?s={search_term_string}\"},\"query-input\":{\"@type\":\"PropertyValueSpecification\",\"valueRequired\":true,\"valueName\":\"search_term_string\"}}],\"inLanguage\":\"en-GB\"},{\"@type\":\"Person\",\"@id\":\"https:\/\/www.andromede-ocean.com\/english\/#\/schema\/person\/670621606150c9eb5a0c92897263dcf6\",\"name\":\"julie Deter\",\"image\":{\"@type\":\"ImageObject\",\"inLanguage\":\"en-GB\",\"@id\":\"https:\/\/www.andromede-ocean.com\/english\/#\/schema\/person\/image\/\",\"url\":\"https:\/\/secure.gravatar.com\/avatar\/29b9c20f73f722191c32425ab84445e2b34fcc25b717ea8e1667c86ae7eb81cf?s=96&d=mm&r=g\",\"contentUrl\":\"https:\/\/secure.gravatar.com\/avatar\/29b9c20f73f722191c32425ab84445e2b34fcc25b717ea8e1667c86ae7eb81cf?s=96&d=mm&r=g\",\"caption\":\"julie Deter\"}}]}<\/script>\n<!-- \/ Yoast SEO plugin. -->","yoast_head_json":{"title":"Avant premi\u00e8re du film sur le coelacanthe le 2\/11\/13 \u00e0 Marseille - Androm\u00e8de Oc\u00e9anologie","robots":{"index":"index","follow":"follow","max-snippet":"max-snippet:-1","max-image-preview":"max-image-preview:large","max-video-preview":"max-video-preview:-1"},"og_locale":"en_GB","og_type":"article","og_title":"Avant premi\u00e8re du film sur le coelacanthe le 2\/11\/13 \u00e0 Marseille - Androm\u00e8de Oc\u00e9anologie","og_description":"A noter dans vos agendas : L&#8217;avant-avant-premi\u00e8re du film sur le coelacanthe (dur\u00e9e 90 min) se d\u00e9roulera \u00e0 Marseille le samedi 2 novembre \u00e0 14h ! Pour la 40\u00e8me \u00e9dition du festival mondial de l&#8217;image sous-marine qui se tiendra du 31 octobre au 3 novembre 2013 au parc Chanot \u00e0 Marseille , nous pr\u00e9sentons en [&hellip;]","og_url":"https:\/\/www.andromede-ocean.com\/english\/blog\/2013\/10\/18\/avant-premiere-du-film-sur-le-coelacanthe-le-21113-a-marseille\/","og_site_name":"Androm\u00e8de Oc\u00e9anologie","article_published_time":"2013-10-18T06:56:06+00:00","og_image":[{"url":"http:\/\/www.andromede-ocean.com\/english\/wp-content\/uploads\/sites\/2\/festival-marseille-2013-300x266.jpg","type":"","width":"","height":""}],"author":"julie Deter","twitter_card":"summary_large_image","twitter_misc":{"Written by":"julie Deter","Estimated reading time":"1 minute"},"schema":{"@context":"https:\/\/schema.org","@graph":[{"@type":"Article","@id":"https:\/\/www.andromede-ocean.com\/english\/blog\/2013\/10\/18\/avant-premiere-du-film-sur-le-coelacanthe-le-21113-a-marseille\/#article","isPartOf":{"@id":"https:\/\/www.andromede-ocean.com\/english\/blog\/2013\/10\/18\/avant-premiere-du-film-sur-le-coelacanthe-le-21113-a-marseille\/"},"author":{"name":"julie Deter","@id":"https:\/\/www.andromede-ocean.com\/english\/#\/schema\/person\/670621606150c9eb5a0c92897263dcf6"},"headline":"Avant premi\u00e8re du film sur le coelacanthe le 2\/11\/13 \u00e0 Marseille","datePublished":"2013-10-18T06:56:06+00:00","mainEntityOfPage":{"@id":"https:\/\/www.andromede-ocean.com\/english\/blog\/2013\/10\/18\/avant-premiere-du-film-sur-le-coelacanthe-le-21113-a-marseille\/"},"wordCount":152,"image":{"@id":"https:\/\/www.andromede-ocean.com\/english\/blog\/2013\/10\/18\/avant-premiere-du-film-sur-le-coelacanthe-le-21113-a-marseille\/#primaryimage"},"thumbnailUrl":"http:\/\/www.andromede-ocean.com\/english\/wp-content\/uploads\/sites\/2\/festival-marseille-2013-300x266.jpg","articleSection":["Animations","books","Expeditions"],"inLanguage":"en-GB"},{"@type":"WebPage","@id":"https:\/\/www.andromede-ocean.com\/english\/blog\/2013\/10\/18\/avant-premiere-du-film-sur-le-coelacanthe-le-21113-a-marseille\/","url":"https:\/\/www.andromede-ocean.com\/english\/blog\/2013\/10\/18\/avant-premiere-du-film-sur-le-coelacanthe-le-21113-a-marseille\/","name":"Avant premi\u00e8re du film sur le coelacanthe le 2\/11\/13 \u00e0 Marseille - Androm\u00e8de Oc\u00e9anologie","isPartOf":{"@id":"https:\/\/www.andromede-ocean.com\/english\/#website"},"primaryImageOfPage":{"@id":"https:\/\/www.andromede-ocean.com\/english\/blog\/2013\/10\/18\/avant-premiere-du-film-sur-le-coelacanthe-le-21113-a-marseille\/#primaryimage"},"image":{"@id":"https:\/\/www.andromede-ocean.com\/english\/blog\/2013\/10\/18\/avant-premiere-du-film-sur-le-coelacanthe-le-21113-a-marseille\/#primaryimage"},"thumbnailUrl":"http:\/\/www.andromede-ocean.com\/english\/wp-content\/uploads\/sites\/2\/festival-marseille-2013-300x266.jpg","datePublished":"2013-10-18T06:56:06+00:00","author":{"@id":"https:\/\/www.andromede-ocean.com\/english\/#\/schema\/person\/670621606150c9eb5a0c92897263dcf6"},"breadcrumb":{"@id":"https:\/\/www.andromede-ocean.com\/english\/blog\/2013\/10\/18\/avant-premiere-du-film-sur-le-coelacanthe-le-21113-a-marseille\/#breadcrumb"},"inLanguage":"en-GB","potentialAction":[{"@type":"ReadAction","target":["https:\/\/www.andromede-ocean.com\/english\/blog\/2013\/10\/18\/avant-premiere-du-film-sur-le-coelacanthe-le-21113-a-marseille\/"]}]},{"@type":"ImageObject","inLanguage":"en-GB","@id":"https:\/\/www.andromede-ocean.com\/english\/blog\/2013\/10\/18\/avant-premiere-du-film-sur-le-coelacanthe-le-21113-a-marseille\/#primaryimage","url":"","contentUrl":""},{"@type":"BreadcrumbList","@id":"https:\/\/www.andromede-ocean.com\/english\/blog\/2013\/10\/18\/avant-premiere-du-film-sur-le-coelacanthe-le-21113-a-marseille\/#breadcrumb","itemListElement":[{"@type":"ListItem","position":1,"name":"Accueil","item":"https:\/\/www.andromede-ocean.com\/english\/"},{"@type":"ListItem","position":2,"name":"Avant premi\u00e8re du film sur le coelacanthe le 2\/11\/13 \u00e0 Marseille"}]},{"@type":"WebSite","@id":"https:\/\/www.andromede-ocean.com\/english\/#website","url":"https:\/\/www.andromede-ocean.com\/english\/","name":"Androm\u00e8de Oc\u00e9anologie","description":"","potentialAction":[{"@type":"SearchAction","target":{"@type":"EntryPoint","urlTemplate":"https:\/\/www.andromede-ocean.com\/english\/?s={search_term_string}"},"query-input":{"@type":"PropertyValueSpecification","valueRequired":true,"valueName":"search_term_string"}}],"inLanguage":"en-GB"},{"@type":"Person","@id":"https:\/\/www.andromede-ocean.com\/english\/#\/schema\/person\/670621606150c9eb5a0c92897263dcf6","name":"julie Deter","image":{"@type":"ImageObject","inLanguage":"en-GB","@id":"https:\/\/www.andromede-ocean.com\/english\/#\/schema\/person\/image\/","url":"https:\/\/secure.gravatar.com\/avatar\/29b9c20f73f722191c32425ab84445e2b34fcc25b717ea8e1667c86ae7eb81cf?s=96&d=mm&r=g","contentUrl":"https:\/\/secure.gravatar.com\/avatar\/29b9c20f73f722191c32425ab84445e2b34fcc25b717ea8e1667c86ae7eb81cf?s=96&d=mm&r=g","caption":"julie Deter"}}]}},"_links":{"self":[{"href":"https:\/\/www.andromede-ocean.com\/english\/wp-json\/wp\/v2\/posts\/726","targetHints":{"allow":["GET"]}}],"collection":[{"href":"https:\/\/www.andromede-ocean.com\/english\/wp-json\/wp\/v2\/posts"}],"about":[{"href":"https:\/\/www.andromede-ocean.com\/english\/wp-json\/wp\/v2\/types\/post"}],"author":[{"embeddable":true,"href":"https:\/\/www.andromede-ocean.com\/english\/wp-json\/wp\/v2\/users\/3"}],"replies":[{"embeddable":true,"href":"https:\/\/www.andromede-ocean.com\/english\/wp-json\/wp\/v2\/comments?post=726"}],"version-history":[{"count":0,"href":"https:\/\/www.andromede-ocean.com\/english\/wp-json\/wp\/v2\/posts\/726\/revisions"}],"wp:attachment":[{"href":"https:\/\/www.andromede-ocean.com\/english\/wp-json\/wp\/v2\/media?parent=726"}],"wp:term":[{"taxonomy":"category","embeddable":true,"href":"https:\/\/www.andromede-ocean.com\/english\/wp-json\/wp\/v2\/categories?post=726"},{"taxonomy":"post_tag","embeddable":true,"href":"https:\/\/www.andromede-ocean.com\/english\/wp-json\/wp\/v2\/tags?post=726"}],"curies":[{"name":"wp","href":"https:\/\/api.w.org\/{rel}","templated":true}]}}