{"id":659,"date":"2013-06-01T15:12:49","date_gmt":"2013-06-01T14:12:49","guid":{"rendered":"http:\/\/marion-dev.valars.com\/andromede\/?p=659"},"modified":"2013-06-01T15:12:49","modified_gmt":"2013-06-01T14:12:49","slug":"campagnes-de-terrain-recor-et-tempo-2013-en-region-paca","status":"publish","type":"post","link":"https:\/\/www.andromede-ocean.com\/english\/blog\/2013\/06\/01\/campagnes-de-terrain-recor-et-tempo-2013-en-region-paca\/","title":{"rendered":"Campagnes de terrain RECOR et TEMPO 2013 en r\u00e9gion PACA"},"content":{"rendered":"<p>\t\t\t\t<a href=\"http:\/\/www.andromede-ocean.com\/english\/wp-content\/uploads\/sites\/2\/RECORet-TEMPO-logo.jpg\"><img loading=\"lazy\" decoding=\"async\" src=\"http:\/\/www.andromede-ocean.com\/english\/wp-content\/uploads\/sites\/2\/RECORet-TEMPO-logo-300x282.jpg\" alt=\"Recor_simplifi\u00e9\" width=\"300\" height=\"282\" class=\"alignleft size-medium wp-image-660\" \/><\/a><br \/>\nAu mois de juin, l&#8217;\u00e9quipe d&#8217;Androm\u00e8de va sillonner le littoral m\u00e9diterran\u00e9en de Toulon \u00e0 la fronti\u00e8re italienne pour surveiller la qualit\u00e9 de nos eaux c\u00f4ti\u00e8res par le suivi d&#8217;indicateurs biologiques. Cette campagne est r\u00e9alis\u00e9e dans le cadre des r\u00e9seaux de surveillance RECOR  et TEMPO soutenus par l&#8217;agence de l&#8217;eau RMC.<br \/>\n<strong>RECOR<\/strong> &#8211; R\u00e9seau Corallig\u00e8ne &#8211; est un r\u00e9seau de surveillance des assemblages de communaut\u00e9s du Corallig\u00e8ne.  Trois types de descripteurs sont utilis\u00e9s sur 124 stations \u00e9chantillonn\u00e9es tous les trois ans depuis 2010 :<br \/>\n1) une description g\u00e9n\u00e9rale et la mesure de facteurs abiotiques<br \/>\n2) les pourcentages de recouvrement par du non vivant (vase, sable, rocher, anfractuosit\u00e9, d\u00e9bris d\u2019organismes vivants, d\u00e9chets) et du vivant (les macro-esp\u00e8ces visibles fix\u00e9es ou peu mobiles). Ces pourcentages sont calcul\u00e9s \u00e0 partir de l\u2019analyse de quadrats photographiques via le logiciel CPCe 4.1 \u00ab coralligenous assemblages version \u00bb<br \/>\n3) la d\u00e9mographie des esp\u00e8ces \u00e9rig\u00e9es (gorgones principalement).<br \/>\n<strong>TEMPO<\/strong> &#8211; Surveillance des herbiers de posidonie par t\u00e9l\u00e9m\u00e9trie acoustique &#8211; est un r\u00e9seau de surveillance des limites d\u2019herbiers \u00e0 <em>Posidonia oceanica<\/em>.<br \/>\nBas\u00e9e sur un principe d\u2019interf\u00e9rom\u00e9trie acoustique 3D, la t\u00e9l\u00e9m\u00e9trie acoustique permet la r\u00e9alisation de cartographies avec une pr\u00e9cision centim\u00e9trique. Cette m\u00e9thode est utilis\u00e9e pour le suivi des limites des herbiers de posidonie en plus de mesures de vitalit\u00e9 stationnaires (type de limite, densit\u00e9, d\u00e9chaussement) et de relev\u00e9s de pressions (perturbations physiques, biologiques et pollutions). Une centaine de limites inf\u00e9rieures sont suivies tous les trois ans sur l\u2019ensemble du littoral fran\u00e7ais m\u00e9diterran\u00e9en depuis 2011.\t\t<\/p>\n","protected":false},"excerpt":{"rendered":"<p>Au mois de juin, l&#8217;\u00e9quipe d&#8217;Androm\u00e8de va sillonner le littoral m\u00e9diterran\u00e9en de Toulon \u00e0 la fronti\u00e8re italienne pour surveiller la qualit\u00e9 de nos eaux c\u00f4ti\u00e8res par le suivi d&#8217;indicateurs biologiques. Cette campagne est r\u00e9alis\u00e9e dans le cadre des r\u00e9seaux de surveillance RECOR et TEMPO soutenus par l&#8217;agence de l&#8217;eau RMC. RECOR &#8211; R\u00e9seau Corallig\u00e8ne &#8211; [&hellip;]<\/p>\n","protected":false},"author":3,"featured_media":0,"comment_status":"closed","ping_status":"open","sticky":false,"template":"","format":"standard","meta":{"_et_pb_use_builder":"","_et_pb_old_content":"","_et_gb_content_width":"","footnotes":""},"categories":[5],"tags":[],"class_list":["post-659","post","type-post","status-publish","format-standard","hentry","category-expeditions"],"yoast_head":"<!-- This site is optimized with the Yoast SEO plugin v27.0 - https:\/\/yoast.com\/product\/yoast-seo-wordpress\/ -->\n<title>Campagnes de terrain RECOR et TEMPO 2013 en r\u00e9gion PACA - Androm\u00e8de Oc\u00e9anologie<\/title>\n<meta name=\"robots\" content=\"index, follow, max-snippet:-1, max-image-preview:large, max-video-preview:-1\" \/>\n<meta property=\"og:locale\" content=\"en_GB\" \/>\n<meta property=\"og:type\" content=\"article\" \/>\n<meta property=\"og:title\" content=\"Campagnes de terrain RECOR et TEMPO 2013 en r\u00e9gion PACA - Androm\u00e8de Oc\u00e9anologie\" \/>\n<meta property=\"og:description\" content=\"Au mois de juin, l&#8217;\u00e9quipe d&#8217;Androm\u00e8de va sillonner le littoral m\u00e9diterran\u00e9en de Toulon \u00e0 la fronti\u00e8re italienne pour surveiller la qualit\u00e9 de nos eaux c\u00f4ti\u00e8res par le suivi d&#8217;indicateurs biologiques. Cette campagne est r\u00e9alis\u00e9e dans le cadre des r\u00e9seaux de surveillance RECOR et TEMPO soutenus par l&#8217;agence de l&#8217;eau RMC. RECOR &#8211; R\u00e9seau Corallig\u00e8ne &#8211; [&hellip;]\" \/>\n<meta property=\"og:url\" content=\"https:\/\/www.andromede-ocean.com\/english\/blog\/2013\/06\/01\/campagnes-de-terrain-recor-et-tempo-2013-en-region-paca\/\" \/>\n<meta property=\"og:site_name\" content=\"Androm\u00e8de Oc\u00e9anologie\" \/>\n<meta property=\"article:published_time\" content=\"2013-06-01T14:12:49+00:00\" \/>\n<meta property=\"og:image\" content=\"http:\/\/www.andromede-ocean.com\/english\/wp-content\/uploads\/sites\/2\/RECORet-TEMPO-logo-300x282.jpg\" \/>\n<meta name=\"author\" content=\"julie Deter\" \/>\n<meta name=\"twitter:card\" content=\"summary_large_image\" \/>\n<meta name=\"twitter:label1\" content=\"Written by\" \/>\n\t<meta name=\"twitter:data1\" content=\"julie Deter\" \/>\n\t<meta name=\"twitter:label2\" content=\"Estimated reading time\" \/>\n\t<meta name=\"twitter:data2\" content=\"1 minute\" \/>\n<script type=\"application\/ld+json\" class=\"yoast-schema-graph\">{\"@context\":\"https:\/\/schema.org\",\"@graph\":[{\"@type\":\"Article\",\"@id\":\"https:\/\/www.andromede-ocean.com\/english\/blog\/2013\/06\/01\/campagnes-de-terrain-recor-et-tempo-2013-en-region-paca\/#article\",\"isPartOf\":{\"@id\":\"https:\/\/www.andromede-ocean.com\/english\/blog\/2013\/06\/01\/campagnes-de-terrain-recor-et-tempo-2013-en-region-paca\/\"},\"author\":{\"name\":\"julie Deter\",\"@id\":\"https:\/\/www.andromede-ocean.com\/english\/#\/schema\/person\/670621606150c9eb5a0c92897263dcf6\"},\"headline\":\"Campagnes de terrain RECOR et TEMPO 2013 en r\u00e9gion PACA\",\"datePublished\":\"2013-06-01T14:12:49+00:00\",\"mainEntityOfPage\":{\"@id\":\"https:\/\/www.andromede-ocean.com\/english\/blog\/2013\/06\/01\/campagnes-de-terrain-recor-et-tempo-2013-en-region-paca\/\"},\"wordCount\":294,\"image\":{\"@id\":\"https:\/\/www.andromede-ocean.com\/english\/blog\/2013\/06\/01\/campagnes-de-terrain-recor-et-tempo-2013-en-region-paca\/#primaryimage\"},\"thumbnailUrl\":\"http:\/\/www.andromede-ocean.com\/english\/wp-content\/uploads\/sites\/2\/RECORet-TEMPO-logo-300x282.jpg\",\"articleSection\":[\"Expeditions\"],\"inLanguage\":\"en-GB\"},{\"@type\":\"WebPage\",\"@id\":\"https:\/\/www.andromede-ocean.com\/english\/blog\/2013\/06\/01\/campagnes-de-terrain-recor-et-tempo-2013-en-region-paca\/\",\"url\":\"https:\/\/www.andromede-ocean.com\/english\/blog\/2013\/06\/01\/campagnes-de-terrain-recor-et-tempo-2013-en-region-paca\/\",\"name\":\"Campagnes de terrain RECOR et TEMPO 2013 en r\u00e9gion PACA - Androm\u00e8de Oc\u00e9anologie\",\"isPartOf\":{\"@id\":\"https:\/\/www.andromede-ocean.com\/english\/#website\"},\"primaryImageOfPage\":{\"@id\":\"https:\/\/www.andromede-ocean.com\/english\/blog\/2013\/06\/01\/campagnes-de-terrain-recor-et-tempo-2013-en-region-paca\/#primaryimage\"},\"image\":{\"@id\":\"https:\/\/www.andromede-ocean.com\/english\/blog\/2013\/06\/01\/campagnes-de-terrain-recor-et-tempo-2013-en-region-paca\/#primaryimage\"},\"thumbnailUrl\":\"http:\/\/www.andromede-ocean.com\/english\/wp-content\/uploads\/sites\/2\/RECORet-TEMPO-logo-300x282.jpg\",\"datePublished\":\"2013-06-01T14:12:49+00:00\",\"author\":{\"@id\":\"https:\/\/www.andromede-ocean.com\/english\/#\/schema\/person\/670621606150c9eb5a0c92897263dcf6\"},\"breadcrumb\":{\"@id\":\"https:\/\/www.andromede-ocean.com\/english\/blog\/2013\/06\/01\/campagnes-de-terrain-recor-et-tempo-2013-en-region-paca\/#breadcrumb\"},\"inLanguage\":\"en-GB\",\"potentialAction\":[{\"@type\":\"ReadAction\",\"target\":[\"https:\/\/www.andromede-ocean.com\/english\/blog\/2013\/06\/01\/campagnes-de-terrain-recor-et-tempo-2013-en-region-paca\/\"]}]},{\"@type\":\"ImageObject\",\"inLanguage\":\"en-GB\",\"@id\":\"https:\/\/www.andromede-ocean.com\/english\/blog\/2013\/06\/01\/campagnes-de-terrain-recor-et-tempo-2013-en-region-paca\/#primaryimage\",\"url\":\"\",\"contentUrl\":\"\"},{\"@type\":\"BreadcrumbList\",\"@id\":\"https:\/\/www.andromede-ocean.com\/english\/blog\/2013\/06\/01\/campagnes-de-terrain-recor-et-tempo-2013-en-region-paca\/#breadcrumb\",\"itemListElement\":[{\"@type\":\"ListItem\",\"position\":1,\"name\":\"Accueil\",\"item\":\"https:\/\/www.andromede-ocean.com\/english\/\"},{\"@type\":\"ListItem\",\"position\":2,\"name\":\"Campagnes de terrain RECOR et TEMPO 2013 en r\u00e9gion PACA\"}]},{\"@type\":\"WebSite\",\"@id\":\"https:\/\/www.andromede-ocean.com\/english\/#website\",\"url\":\"https:\/\/www.andromede-ocean.com\/english\/\",\"name\":\"Androm\u00e8de Oc\u00e9anologie\",\"description\":\"\",\"potentialAction\":[{\"@type\":\"SearchAction\",\"target\":{\"@type\":\"EntryPoint\",\"urlTemplate\":\"https:\/\/www.andromede-ocean.com\/english\/?s={search_term_string}\"},\"query-input\":{\"@type\":\"PropertyValueSpecification\",\"valueRequired\":true,\"valueName\":\"search_term_string\"}}],\"inLanguage\":\"en-GB\"},{\"@type\":\"Person\",\"@id\":\"https:\/\/www.andromede-ocean.com\/english\/#\/schema\/person\/670621606150c9eb5a0c92897263dcf6\",\"name\":\"julie Deter\",\"image\":{\"@type\":\"ImageObject\",\"inLanguage\":\"en-GB\",\"@id\":\"https:\/\/www.andromede-ocean.com\/english\/#\/schema\/person\/image\/\",\"url\":\"https:\/\/secure.gravatar.com\/avatar\/29b9c20f73f722191c32425ab84445e2b34fcc25b717ea8e1667c86ae7eb81cf?s=96&d=mm&r=g\",\"contentUrl\":\"https:\/\/secure.gravatar.com\/avatar\/29b9c20f73f722191c32425ab84445e2b34fcc25b717ea8e1667c86ae7eb81cf?s=96&d=mm&r=g\",\"caption\":\"julie Deter\"}}]}<\/script>\n<!-- \/ Yoast SEO plugin. -->","yoast_head_json":{"title":"Campagnes de terrain RECOR et TEMPO 2013 en r\u00e9gion PACA - Androm\u00e8de Oc\u00e9anologie","robots":{"index":"index","follow":"follow","max-snippet":"max-snippet:-1","max-image-preview":"max-image-preview:large","max-video-preview":"max-video-preview:-1"},"og_locale":"en_GB","og_type":"article","og_title":"Campagnes de terrain RECOR et TEMPO 2013 en r\u00e9gion PACA - Androm\u00e8de Oc\u00e9anologie","og_description":"Au mois de juin, l&#8217;\u00e9quipe d&#8217;Androm\u00e8de va sillonner le littoral m\u00e9diterran\u00e9en de Toulon \u00e0 la fronti\u00e8re italienne pour surveiller la qualit\u00e9 de nos eaux c\u00f4ti\u00e8res par le suivi d&#8217;indicateurs biologiques. Cette campagne est r\u00e9alis\u00e9e dans le cadre des r\u00e9seaux de surveillance RECOR et TEMPO soutenus par l&#8217;agence de l&#8217;eau RMC. RECOR &#8211; R\u00e9seau Corallig\u00e8ne &#8211; [&hellip;]","og_url":"https:\/\/www.andromede-ocean.com\/english\/blog\/2013\/06\/01\/campagnes-de-terrain-recor-et-tempo-2013-en-region-paca\/","og_site_name":"Androm\u00e8de Oc\u00e9anologie","article_published_time":"2013-06-01T14:12:49+00:00","og_image":[{"url":"http:\/\/www.andromede-ocean.com\/english\/wp-content\/uploads\/sites\/2\/RECORet-TEMPO-logo-300x282.jpg","type":"","width":"","height":""}],"author":"julie Deter","twitter_card":"summary_large_image","twitter_misc":{"Written by":"julie Deter","Estimated reading time":"1 minute"},"schema":{"@context":"https:\/\/schema.org","@graph":[{"@type":"Article","@id":"https:\/\/www.andromede-ocean.com\/english\/blog\/2013\/06\/01\/campagnes-de-terrain-recor-et-tempo-2013-en-region-paca\/#article","isPartOf":{"@id":"https:\/\/www.andromede-ocean.com\/english\/blog\/2013\/06\/01\/campagnes-de-terrain-recor-et-tempo-2013-en-region-paca\/"},"author":{"name":"julie Deter","@id":"https:\/\/www.andromede-ocean.com\/english\/#\/schema\/person\/670621606150c9eb5a0c92897263dcf6"},"headline":"Campagnes de terrain RECOR et TEMPO 2013 en r\u00e9gion PACA","datePublished":"2013-06-01T14:12:49+00:00","mainEntityOfPage":{"@id":"https:\/\/www.andromede-ocean.com\/english\/blog\/2013\/06\/01\/campagnes-de-terrain-recor-et-tempo-2013-en-region-paca\/"},"wordCount":294,"image":{"@id":"https:\/\/www.andromede-ocean.com\/english\/blog\/2013\/06\/01\/campagnes-de-terrain-recor-et-tempo-2013-en-region-paca\/#primaryimage"},"thumbnailUrl":"http:\/\/www.andromede-ocean.com\/english\/wp-content\/uploads\/sites\/2\/RECORet-TEMPO-logo-300x282.jpg","articleSection":["Expeditions"],"inLanguage":"en-GB"},{"@type":"WebPage","@id":"https:\/\/www.andromede-ocean.com\/english\/blog\/2013\/06\/01\/campagnes-de-terrain-recor-et-tempo-2013-en-region-paca\/","url":"https:\/\/www.andromede-ocean.com\/english\/blog\/2013\/06\/01\/campagnes-de-terrain-recor-et-tempo-2013-en-region-paca\/","name":"Campagnes de terrain RECOR et TEMPO 2013 en r\u00e9gion PACA - Androm\u00e8de Oc\u00e9anologie","isPartOf":{"@id":"https:\/\/www.andromede-ocean.com\/english\/#website"},"primaryImageOfPage":{"@id":"https:\/\/www.andromede-ocean.com\/english\/blog\/2013\/06\/01\/campagnes-de-terrain-recor-et-tempo-2013-en-region-paca\/#primaryimage"},"image":{"@id":"https:\/\/www.andromede-ocean.com\/english\/blog\/2013\/06\/01\/campagnes-de-terrain-recor-et-tempo-2013-en-region-paca\/#primaryimage"},"thumbnailUrl":"http:\/\/www.andromede-ocean.com\/english\/wp-content\/uploads\/sites\/2\/RECORet-TEMPO-logo-300x282.jpg","datePublished":"2013-06-01T14:12:49+00:00","author":{"@id":"https:\/\/www.andromede-ocean.com\/english\/#\/schema\/person\/670621606150c9eb5a0c92897263dcf6"},"breadcrumb":{"@id":"https:\/\/www.andromede-ocean.com\/english\/blog\/2013\/06\/01\/campagnes-de-terrain-recor-et-tempo-2013-en-region-paca\/#breadcrumb"},"inLanguage":"en-GB","potentialAction":[{"@type":"ReadAction","target":["https:\/\/www.andromede-ocean.com\/english\/blog\/2013\/06\/01\/campagnes-de-terrain-recor-et-tempo-2013-en-region-paca\/"]}]},{"@type":"ImageObject","inLanguage":"en-GB","@id":"https:\/\/www.andromede-ocean.com\/english\/blog\/2013\/06\/01\/campagnes-de-terrain-recor-et-tempo-2013-en-region-paca\/#primaryimage","url":"","contentUrl":""},{"@type":"BreadcrumbList","@id":"https:\/\/www.andromede-ocean.com\/english\/blog\/2013\/06\/01\/campagnes-de-terrain-recor-et-tempo-2013-en-region-paca\/#breadcrumb","itemListElement":[{"@type":"ListItem","position":1,"name":"Accueil","item":"https:\/\/www.andromede-ocean.com\/english\/"},{"@type":"ListItem","position":2,"name":"Campagnes de terrain RECOR et TEMPO 2013 en r\u00e9gion PACA"}]},{"@type":"WebSite","@id":"https:\/\/www.andromede-ocean.com\/english\/#website","url":"https:\/\/www.andromede-ocean.com\/english\/","name":"Androm\u00e8de Oc\u00e9anologie","description":"","potentialAction":[{"@type":"SearchAction","target":{"@type":"EntryPoint","urlTemplate":"https:\/\/www.andromede-ocean.com\/english\/?s={search_term_string}"},"query-input":{"@type":"PropertyValueSpecification","valueRequired":true,"valueName":"search_term_string"}}],"inLanguage":"en-GB"},{"@type":"Person","@id":"https:\/\/www.andromede-ocean.com\/english\/#\/schema\/person\/670621606150c9eb5a0c92897263dcf6","name":"julie Deter","image":{"@type":"ImageObject","inLanguage":"en-GB","@id":"https:\/\/www.andromede-ocean.com\/english\/#\/schema\/person\/image\/","url":"https:\/\/secure.gravatar.com\/avatar\/29b9c20f73f722191c32425ab84445e2b34fcc25b717ea8e1667c86ae7eb81cf?s=96&d=mm&r=g","contentUrl":"https:\/\/secure.gravatar.com\/avatar\/29b9c20f73f722191c32425ab84445e2b34fcc25b717ea8e1667c86ae7eb81cf?s=96&d=mm&r=g","caption":"julie Deter"}}]}},"_links":{"self":[{"href":"https:\/\/www.andromede-ocean.com\/english\/wp-json\/wp\/v2\/posts\/659","targetHints":{"allow":["GET"]}}],"collection":[{"href":"https:\/\/www.andromede-ocean.com\/english\/wp-json\/wp\/v2\/posts"}],"about":[{"href":"https:\/\/www.andromede-ocean.com\/english\/wp-json\/wp\/v2\/types\/post"}],"author":[{"embeddable":true,"href":"https:\/\/www.andromede-ocean.com\/english\/wp-json\/wp\/v2\/users\/3"}],"replies":[{"embeddable":true,"href":"https:\/\/www.andromede-ocean.com\/english\/wp-json\/wp\/v2\/comments?post=659"}],"version-history":[{"count":0,"href":"https:\/\/www.andromede-ocean.com\/english\/wp-json\/wp\/v2\/posts\/659\/revisions"}],"wp:attachment":[{"href":"https:\/\/www.andromede-ocean.com\/english\/wp-json\/wp\/v2\/media?parent=659"}],"wp:term":[{"taxonomy":"category","embeddable":true,"href":"https:\/\/www.andromede-ocean.com\/english\/wp-json\/wp\/v2\/categories?post=659"},{"taxonomy":"post_tag","embeddable":true,"href":"https:\/\/www.andromede-ocean.com\/english\/wp-json\/wp\/v2\/tags?post=659"}],"curies":[{"name":"wp","href":"https:\/\/api.w.org\/{rel}","templated":true}]}}