{"id":655,"date":"2013-05-30T16:08:46","date_gmt":"2013-05-30T15:08:46","guid":{"rendered":"http:\/\/marion-dev.valars.com\/andromede\/?p=655"},"modified":"2013-05-30T16:08:46","modified_gmt":"2013-05-30T15:08:46","slug":"exposition-planete-mers-a-calvi","status":"publish","type":"post","link":"https:\/\/www.andromede-ocean.com\/english\/blog\/2013\/05\/30\/exposition-planete-mers-a-calvi\/","title":{"rendered":"Exposition &quot;Plan\u00e8te MERS&quot; \u00e0 Calvi"},"content":{"rendered":"<p>\t\t\t\t<a href=\"http:\/\/www.andromede-ocean.com\/english\/wp-content\/uploads\/sites\/2\/planete-mers.jpg\"><img loading=\"lazy\" decoding=\"async\" src=\"http:\/\/www.andromede-ocean.com\/english\/wp-content\/uploads\/sites\/2\/planete-mers-300x225.jpg\" alt=\"planete mers\" width=\"300\" height=\"225\" class=\"alignleft size-medium wp-image-656\" \/><\/a>L\u2019exposition \u00ab Plan\u00e8te MERS \u00bb (Photographies de Laurent Ballesta, Textes de Pierre Descamp) sera pr\u00e9sent\u00e9e du 1er Juin au 15 septembre 2013 sur le port de Calvi (Acc\u00e8s libre et gratuit tout l&#8217;\u00e9t\u00e9)<br \/>\nRendez vous pour le vernissage samedi 1er juin \u00e0 18h45 \u00e0 la capitainerie.<br \/>\nA l&#8217;issue de la visite guid\u00e9e par Laurent Ballesta, un vin d&#8217;honneur sera offert par le maire de la ville de Calvi \t\t<\/p>\n","protected":false},"excerpt":{"rendered":"<p>L\u2019exposition \u00ab Plan\u00e8te MERS \u00bb (Photographies de Laurent Ballesta, Textes de Pierre Descamp) sera pr\u00e9sent\u00e9e du 1er Juin au 15 septembre 2013 sur le port de Calvi (Acc\u00e8s libre et gratuit tout l&#8217;\u00e9t\u00e9) Rendez vous pour le vernissage samedi 1er juin \u00e0 18h45 \u00e0 la capitainerie. A l&#8217;issue de la visite guid\u00e9e par Laurent Ballesta, [&hellip;]<\/p>\n","protected":false},"author":3,"featured_media":0,"comment_status":"closed","ping_status":"open","sticky":false,"template":"","format":"standard","meta":{"_et_pb_use_builder":"","_et_pb_old_content":"","_et_gb_content_width":"","footnotes":""},"categories":[2],"tags":[],"class_list":["post-655","post","type-post","status-publish","format-standard","hentry","category-animations"],"yoast_head":"<!-- This site is optimized with the Yoast SEO plugin v27.0 - https:\/\/yoast.com\/product\/yoast-seo-wordpress\/ -->\n<title>Exposition &quot;Plan\u00e8te MERS&quot; \u00e0 Calvi - Androm\u00e8de Oc\u00e9anologie<\/title>\n<meta name=\"robots\" content=\"index, follow, max-snippet:-1, max-image-preview:large, max-video-preview:-1\" \/>\n<meta property=\"og:locale\" content=\"en_GB\" \/>\n<meta property=\"og:type\" content=\"article\" \/>\n<meta property=\"og:title\" content=\"Exposition &quot;Plan\u00e8te MERS&quot; \u00e0 Calvi - Androm\u00e8de Oc\u00e9anologie\" \/>\n<meta property=\"og:description\" content=\"L\u2019exposition \u00ab Plan\u00e8te MERS \u00bb (Photographies de Laurent Ballesta, Textes de Pierre Descamp) sera pr\u00e9sent\u00e9e du 1er Juin au 15 septembre 2013 sur le port de Calvi (Acc\u00e8s libre et gratuit tout l&#8217;\u00e9t\u00e9) Rendez vous pour le vernissage samedi 1er juin \u00e0 18h45 \u00e0 la capitainerie. A l&#8217;issue de la visite guid\u00e9e par Laurent Ballesta, [&hellip;]\" \/>\n<meta property=\"og:url\" content=\"https:\/\/www.andromede-ocean.com\/english\/blog\/2013\/05\/30\/exposition-planete-mers-a-calvi\/\" \/>\n<meta property=\"og:site_name\" content=\"Androm\u00e8de Oc\u00e9anologie\" \/>\n<meta property=\"article:published_time\" content=\"2013-05-30T15:08:46+00:00\" \/>\n<meta property=\"og:image\" content=\"http:\/\/www.andromede-ocean.com\/english\/wp-content\/uploads\/sites\/2\/planete-mers-300x225.jpg\" \/>\n<meta name=\"author\" content=\"julie Deter\" \/>\n<meta name=\"twitter:card\" content=\"summary_large_image\" \/>\n<meta name=\"twitter:label1\" content=\"Written by\" \/>\n\t<meta name=\"twitter:data1\" content=\"julie Deter\" \/>\n<script type=\"application\/ld+json\" class=\"yoast-schema-graph\">{\"@context\":\"https:\/\/schema.org\",\"@graph\":[{\"@type\":\"Article\",\"@id\":\"https:\/\/www.andromede-ocean.com\/english\/blog\/2013\/05\/30\/exposition-planete-mers-a-calvi\/#article\",\"isPartOf\":{\"@id\":\"https:\/\/www.andromede-ocean.com\/english\/blog\/2013\/05\/30\/exposition-planete-mers-a-calvi\/\"},\"author\":{\"name\":\"julie Deter\",\"@id\":\"https:\/\/www.andromede-ocean.com\/english\/#\/schema\/person\/670621606150c9eb5a0c92897263dcf6\"},\"headline\":\"Exposition &quot;Plan\u00e8te MERS&quot; \u00e0 Calvi\",\"datePublished\":\"2013-05-30T15:08:46+00:00\",\"mainEntityOfPage\":{\"@id\":\"https:\/\/www.andromede-ocean.com\/english\/blog\/2013\/05\/30\/exposition-planete-mers-a-calvi\/\"},\"wordCount\":76,\"image\":{\"@id\":\"https:\/\/www.andromede-ocean.com\/english\/blog\/2013\/05\/30\/exposition-planete-mers-a-calvi\/#primaryimage\"},\"thumbnailUrl\":\"http:\/\/www.andromede-ocean.com\/english\/wp-content\/uploads\/sites\/2\/planete-mers-300x225.jpg\",\"articleSection\":[\"Animations\"],\"inLanguage\":\"en-GB\"},{\"@type\":\"WebPage\",\"@id\":\"https:\/\/www.andromede-ocean.com\/english\/blog\/2013\/05\/30\/exposition-planete-mers-a-calvi\/\",\"url\":\"https:\/\/www.andromede-ocean.com\/english\/blog\/2013\/05\/30\/exposition-planete-mers-a-calvi\/\",\"name\":\"Exposition &quot;Plan\u00e8te MERS&quot; \u00e0 Calvi - Androm\u00e8de Oc\u00e9anologie\",\"isPartOf\":{\"@id\":\"https:\/\/www.andromede-ocean.com\/english\/#website\"},\"primaryImageOfPage\":{\"@id\":\"https:\/\/www.andromede-ocean.com\/english\/blog\/2013\/05\/30\/exposition-planete-mers-a-calvi\/#primaryimage\"},\"image\":{\"@id\":\"https:\/\/www.andromede-ocean.com\/english\/blog\/2013\/05\/30\/exposition-planete-mers-a-calvi\/#primaryimage\"},\"thumbnailUrl\":\"http:\/\/www.andromede-ocean.com\/english\/wp-content\/uploads\/sites\/2\/planete-mers-300x225.jpg\",\"datePublished\":\"2013-05-30T15:08:46+00:00\",\"author\":{\"@id\":\"https:\/\/www.andromede-ocean.com\/english\/#\/schema\/person\/670621606150c9eb5a0c92897263dcf6\"},\"breadcrumb\":{\"@id\":\"https:\/\/www.andromede-ocean.com\/english\/blog\/2013\/05\/30\/exposition-planete-mers-a-calvi\/#breadcrumb\"},\"inLanguage\":\"en-GB\",\"potentialAction\":[{\"@type\":\"ReadAction\",\"target\":[\"https:\/\/www.andromede-ocean.com\/english\/blog\/2013\/05\/30\/exposition-planete-mers-a-calvi\/\"]}]},{\"@type\":\"ImageObject\",\"inLanguage\":\"en-GB\",\"@id\":\"https:\/\/www.andromede-ocean.com\/english\/blog\/2013\/05\/30\/exposition-planete-mers-a-calvi\/#primaryimage\",\"url\":\"\",\"contentUrl\":\"\"},{\"@type\":\"BreadcrumbList\",\"@id\":\"https:\/\/www.andromede-ocean.com\/english\/blog\/2013\/05\/30\/exposition-planete-mers-a-calvi\/#breadcrumb\",\"itemListElement\":[{\"@type\":\"ListItem\",\"position\":1,\"name\":\"Accueil\",\"item\":\"https:\/\/www.andromede-ocean.com\/english\/\"},{\"@type\":\"ListItem\",\"position\":2,\"name\":\"Exposition &quot;Plan\u00e8te MERS&quot; \u00e0 Calvi\"}]},{\"@type\":\"WebSite\",\"@id\":\"https:\/\/www.andromede-ocean.com\/english\/#website\",\"url\":\"https:\/\/www.andromede-ocean.com\/english\/\",\"name\":\"Androm\u00e8de Oc\u00e9anologie\",\"description\":\"\",\"potentialAction\":[{\"@type\":\"SearchAction\",\"target\":{\"@type\":\"EntryPoint\",\"urlTemplate\":\"https:\/\/www.andromede-ocean.com\/english\/?s={search_term_string}\"},\"query-input\":{\"@type\":\"PropertyValueSpecification\",\"valueRequired\":true,\"valueName\":\"search_term_string\"}}],\"inLanguage\":\"en-GB\"},{\"@type\":\"Person\",\"@id\":\"https:\/\/www.andromede-ocean.com\/english\/#\/schema\/person\/670621606150c9eb5a0c92897263dcf6\",\"name\":\"julie Deter\",\"image\":{\"@type\":\"ImageObject\",\"inLanguage\":\"en-GB\",\"@id\":\"https:\/\/www.andromede-ocean.com\/english\/#\/schema\/person\/image\/\",\"url\":\"https:\/\/secure.gravatar.com\/avatar\/29b9c20f73f722191c32425ab84445e2b34fcc25b717ea8e1667c86ae7eb81cf?s=96&d=mm&r=g\",\"contentUrl\":\"https:\/\/secure.gravatar.com\/avatar\/29b9c20f73f722191c32425ab84445e2b34fcc25b717ea8e1667c86ae7eb81cf?s=96&d=mm&r=g\",\"caption\":\"julie Deter\"}}]}<\/script>\n<!-- \/ Yoast SEO plugin. -->","yoast_head_json":{"title":"Exposition &quot;Plan\u00e8te MERS&quot; \u00e0 Calvi - Androm\u00e8de Oc\u00e9anologie","robots":{"index":"index","follow":"follow","max-snippet":"max-snippet:-1","max-image-preview":"max-image-preview:large","max-video-preview":"max-video-preview:-1"},"og_locale":"en_GB","og_type":"article","og_title":"Exposition &quot;Plan\u00e8te MERS&quot; \u00e0 Calvi - Androm\u00e8de Oc\u00e9anologie","og_description":"L\u2019exposition \u00ab Plan\u00e8te MERS \u00bb (Photographies de Laurent Ballesta, Textes de Pierre Descamp) sera pr\u00e9sent\u00e9e du 1er Juin au 15 septembre 2013 sur le port de Calvi (Acc\u00e8s libre et gratuit tout l&#8217;\u00e9t\u00e9) Rendez vous pour le vernissage samedi 1er juin \u00e0 18h45 \u00e0 la capitainerie. A l&#8217;issue de la visite guid\u00e9e par Laurent Ballesta, [&hellip;]","og_url":"https:\/\/www.andromede-ocean.com\/english\/blog\/2013\/05\/30\/exposition-planete-mers-a-calvi\/","og_site_name":"Androm\u00e8de Oc\u00e9anologie","article_published_time":"2013-05-30T15:08:46+00:00","og_image":[{"url":"http:\/\/www.andromede-ocean.com\/english\/wp-content\/uploads\/sites\/2\/planete-mers-300x225.jpg","type":"","width":"","height":""}],"author":"julie Deter","twitter_card":"summary_large_image","twitter_misc":{"Written by":"julie Deter"},"schema":{"@context":"https:\/\/schema.org","@graph":[{"@type":"Article","@id":"https:\/\/www.andromede-ocean.com\/english\/blog\/2013\/05\/30\/exposition-planete-mers-a-calvi\/#article","isPartOf":{"@id":"https:\/\/www.andromede-ocean.com\/english\/blog\/2013\/05\/30\/exposition-planete-mers-a-calvi\/"},"author":{"name":"julie Deter","@id":"https:\/\/www.andromede-ocean.com\/english\/#\/schema\/person\/670621606150c9eb5a0c92897263dcf6"},"headline":"Exposition &quot;Plan\u00e8te MERS&quot; \u00e0 Calvi","datePublished":"2013-05-30T15:08:46+00:00","mainEntityOfPage":{"@id":"https:\/\/www.andromede-ocean.com\/english\/blog\/2013\/05\/30\/exposition-planete-mers-a-calvi\/"},"wordCount":76,"image":{"@id":"https:\/\/www.andromede-ocean.com\/english\/blog\/2013\/05\/30\/exposition-planete-mers-a-calvi\/#primaryimage"},"thumbnailUrl":"http:\/\/www.andromede-ocean.com\/english\/wp-content\/uploads\/sites\/2\/planete-mers-300x225.jpg","articleSection":["Animations"],"inLanguage":"en-GB"},{"@type":"WebPage","@id":"https:\/\/www.andromede-ocean.com\/english\/blog\/2013\/05\/30\/exposition-planete-mers-a-calvi\/","url":"https:\/\/www.andromede-ocean.com\/english\/blog\/2013\/05\/30\/exposition-planete-mers-a-calvi\/","name":"Exposition &quot;Plan\u00e8te MERS&quot; \u00e0 Calvi - Androm\u00e8de Oc\u00e9anologie","isPartOf":{"@id":"https:\/\/www.andromede-ocean.com\/english\/#website"},"primaryImageOfPage":{"@id":"https:\/\/www.andromede-ocean.com\/english\/blog\/2013\/05\/30\/exposition-planete-mers-a-calvi\/#primaryimage"},"image":{"@id":"https:\/\/www.andromede-ocean.com\/english\/blog\/2013\/05\/30\/exposition-planete-mers-a-calvi\/#primaryimage"},"thumbnailUrl":"http:\/\/www.andromede-ocean.com\/english\/wp-content\/uploads\/sites\/2\/planete-mers-300x225.jpg","datePublished":"2013-05-30T15:08:46+00:00","author":{"@id":"https:\/\/www.andromede-ocean.com\/english\/#\/schema\/person\/670621606150c9eb5a0c92897263dcf6"},"breadcrumb":{"@id":"https:\/\/www.andromede-ocean.com\/english\/blog\/2013\/05\/30\/exposition-planete-mers-a-calvi\/#breadcrumb"},"inLanguage":"en-GB","potentialAction":[{"@type":"ReadAction","target":["https:\/\/www.andromede-ocean.com\/english\/blog\/2013\/05\/30\/exposition-planete-mers-a-calvi\/"]}]},{"@type":"ImageObject","inLanguage":"en-GB","@id":"https:\/\/www.andromede-ocean.com\/english\/blog\/2013\/05\/30\/exposition-planete-mers-a-calvi\/#primaryimage","url":"","contentUrl":""},{"@type":"BreadcrumbList","@id":"https:\/\/www.andromede-ocean.com\/english\/blog\/2013\/05\/30\/exposition-planete-mers-a-calvi\/#breadcrumb","itemListElement":[{"@type":"ListItem","position":1,"name":"Accueil","item":"https:\/\/www.andromede-ocean.com\/english\/"},{"@type":"ListItem","position":2,"name":"Exposition &quot;Plan\u00e8te MERS&quot; \u00e0 Calvi"}]},{"@type":"WebSite","@id":"https:\/\/www.andromede-ocean.com\/english\/#website","url":"https:\/\/www.andromede-ocean.com\/english\/","name":"Androm\u00e8de Oc\u00e9anologie","description":"","potentialAction":[{"@type":"SearchAction","target":{"@type":"EntryPoint","urlTemplate":"https:\/\/www.andromede-ocean.com\/english\/?s={search_term_string}"},"query-input":{"@type":"PropertyValueSpecification","valueRequired":true,"valueName":"search_term_string"}}],"inLanguage":"en-GB"},{"@type":"Person","@id":"https:\/\/www.andromede-ocean.com\/english\/#\/schema\/person\/670621606150c9eb5a0c92897263dcf6","name":"julie Deter","image":{"@type":"ImageObject","inLanguage":"en-GB","@id":"https:\/\/www.andromede-ocean.com\/english\/#\/schema\/person\/image\/","url":"https:\/\/secure.gravatar.com\/avatar\/29b9c20f73f722191c32425ab84445e2b34fcc25b717ea8e1667c86ae7eb81cf?s=96&d=mm&r=g","contentUrl":"https:\/\/secure.gravatar.com\/avatar\/29b9c20f73f722191c32425ab84445e2b34fcc25b717ea8e1667c86ae7eb81cf?s=96&d=mm&r=g","caption":"julie Deter"}}]}},"_links":{"self":[{"href":"https:\/\/www.andromede-ocean.com\/english\/wp-json\/wp\/v2\/posts\/655","targetHints":{"allow":["GET"]}}],"collection":[{"href":"https:\/\/www.andromede-ocean.com\/english\/wp-json\/wp\/v2\/posts"}],"about":[{"href":"https:\/\/www.andromede-ocean.com\/english\/wp-json\/wp\/v2\/types\/post"}],"author":[{"embeddable":true,"href":"https:\/\/www.andromede-ocean.com\/english\/wp-json\/wp\/v2\/users\/3"}],"replies":[{"embeddable":true,"href":"https:\/\/www.andromede-ocean.com\/english\/wp-json\/wp\/v2\/comments?post=655"}],"version-history":[{"count":0,"href":"https:\/\/www.andromede-ocean.com\/english\/wp-json\/wp\/v2\/posts\/655\/revisions"}],"wp:attachment":[{"href":"https:\/\/www.andromede-ocean.com\/english\/wp-json\/wp\/v2\/media?parent=655"}],"wp:term":[{"taxonomy":"category","embeddable":true,"href":"https:\/\/www.andromede-ocean.com\/english\/wp-json\/wp\/v2\/categories?post=655"},{"taxonomy":"post_tag","embeddable":true,"href":"https:\/\/www.andromede-ocean.com\/english\/wp-json\/wp\/v2\/tags?post=655"}],"curies":[{"name":"wp","href":"https:\/\/api.w.org\/{rel}","templated":true}]}}