{"id":600,"date":"2013-01-17T14:34:35","date_gmt":"2013-01-17T13:34:35","guid":{"rendered":"http:\/\/marion-dev.valars.com\/andromede\/?p=600"},"modified":"2020-01-15T14:46:25","modified_gmt":"2020-01-15T13:46:25","slug":"stand-andromede-au-salon-des-metiers-et-des-professionnels-de-lecologie-a-montpellier","status":"publish","type":"post","link":"https:\/\/www.andromede-ocean.com\/english\/blog\/2013\/01\/17\/stand-andromede-au-salon-des-metiers-et-des-professionnels-de-lecologie-a-montpellier\/","title":{"rendered":"Stand Androm\u00e8de au salon des m\u00e9tiers et des professionnels de l&#8217;\u00e9cologie \u00e0 Montpellier"},"content":{"rendered":"\n<p style=\"text-align: center;\"><strong>le 16 f\u00e9vrier prochain, de 9h \u00e0 16h,<\/strong><\/p>\n<p style=\"text-align: center;\">venez nous retrouver \u00e0 l&#8217;universit\u00e9 de Montpellier 2(UM2)<\/p>\n<p style=\"text-align: center;\">\u00e0 l&#8217;occasion des <strong>portes ouvertes<\/strong> de l&#8217;universit\u00e9 et du <strong>Salon des m\u00e9tiers et des professionnels de l&#8217;Ecologie<\/strong>.<\/p>\n<p>&nbsp;<\/p>\n<p style=\"text-align: center;\">Ce salon se d\u00e9roulera du 14 au 16 f\u00e9vrier 2013 sur la campus de l&#8217;UM2, place Eug\u00e8ne Bataillon \u00e0 Montpellier. Notre stand se trouvera dans la chapiteau situ\u00e9 \u00e0 l&#8217;entr\u00e9e du campus. Entr\u00e9e libre et gratuite.<\/p>\n<p>&nbsp;<\/p>\n<div>\n<p style=\"text-align: center;\"><img loading=\"lazy\" decoding=\"async\" class=\"size-full wp-image-601 aligncenter\" alt=\"SMPE\" src=\"http:\/\/www.andromede-ocean.com\/english\/wp-content\/uploads\/sites\/2\/SMPE.jpg\" width=\"120\" height=\"112\" \/><\/p>\n<p>\u00c0<em> l\u2019image des \u00e9ditions pr\u00e9c\u00e9dentes, ce cinqui\u00e8me<strong> Salon des M\u00e9tiers et des Professionnels de L\u2019\u00c9cologie<\/strong> se veut \u00eatre une passerelle entre les diff\u00e9rents acteurs de cette discipline, qu\u2019ils soient d\u2019ores et d\u00e9j\u00e0 des professionnels accomplis ou au contraire des \u00e9tudiants d\u00e9sireux de s\u2019investir dans ce domaine.<\/em>\n<\/div>\n<p><em>Cette ann\u00e9e, l\u2019actualit\u00e9 \u00e9conomique et le constat des probl\u00e8mes environnementaux toujours croissant am\u00e8nent sur le devant de la sc\u00e8ne un sujet de plus en plus \u00e9voqu\u00e9 <strong>: la valorisation de la biodiversit\u00e9.<\/strong><\/em><br \/>\nle programme et plus d&#8217;infos sur http:\/\/www.salon-smpe.com\/2013\/<br \/>\n&nbsp;\t\t<\/p>\n","protected":false},"excerpt":{"rendered":"<p>le 16 f\u00e9vrier prochain, de 9h \u00e0 16h, venez nous retrouver \u00e0 l&#8217;universit\u00e9 de Montpellier 2(UM2) \u00e0 l&#8217;occasion des portes ouvertes de l&#8217;universit\u00e9 et du Salon des m\u00e9tiers et des professionnels de l&#8217;Ecologie. &nbsp; Ce salon se d\u00e9roulera du 14 au 16 f\u00e9vrier 2013 sur la campus de l&#8217;UM2, place Eug\u00e8ne Bataillon \u00e0 Montpellier. Notre [&hellip;]<\/p>\n","protected":false},"author":3,"featured_media":0,"comment_status":"closed","ping_status":"closed","sticky":false,"template":"","format":"standard","meta":{"_et_pb_use_builder":"","_et_pb_old_content":"","_et_gb_content_width":"","footnotes":""},"categories":[2],"tags":[],"class_list":["post-600","post","type-post","status-publish","format-standard","hentry","category-animations"],"yoast_head":"<!-- This site is optimized with the Yoast SEO plugin v27.0 - https:\/\/yoast.com\/product\/yoast-seo-wordpress\/ -->\n<title>Stand Androm\u00e8de au salon des m\u00e9tiers et des professionnels de l&#039;\u00e9cologie \u00e0 Montpellier - Androm\u00e8de Oc\u00e9anologie<\/title>\n<meta name=\"robots\" content=\"index, follow, max-snippet:-1, max-image-preview:large, max-video-preview:-1\" \/>\n<meta property=\"og:locale\" content=\"en_GB\" \/>\n<meta property=\"og:type\" content=\"article\" \/>\n<meta property=\"og:title\" content=\"Stand Androm\u00e8de au salon des m\u00e9tiers et des professionnels de l&#039;\u00e9cologie \u00e0 Montpellier - Androm\u00e8de Oc\u00e9anologie\" \/>\n<meta property=\"og:description\" content=\"le 16 f\u00e9vrier prochain, de 9h \u00e0 16h, venez nous retrouver \u00e0 l&#8217;universit\u00e9 de Montpellier 2(UM2) \u00e0 l&#8217;occasion des portes ouvertes de l&#8217;universit\u00e9 et du Salon des m\u00e9tiers et des professionnels de l&#8217;Ecologie. &nbsp; Ce salon se d\u00e9roulera du 14 au 16 f\u00e9vrier 2013 sur la campus de l&#8217;UM2, place Eug\u00e8ne Bataillon \u00e0 Montpellier. Notre [&hellip;]\" \/>\n<meta property=\"og:url\" content=\"https:\/\/www.andromede-ocean.com\/english\/blog\/2013\/01\/17\/stand-andromede-au-salon-des-metiers-et-des-professionnels-de-lecologie-a-montpellier\/\" \/>\n<meta property=\"og:site_name\" content=\"Androm\u00e8de Oc\u00e9anologie\" \/>\n<meta property=\"article:published_time\" content=\"2013-01-17T13:34:35+00:00\" \/>\n<meta property=\"article:modified_time\" content=\"2020-01-15T13:46:25+00:00\" \/>\n<meta property=\"og:image\" content=\"http:\/\/www.andromede-ocean.com\/english\/wp-content\/uploads\/sites\/2\/SMPE.jpg\" \/>\n<meta name=\"author\" content=\"julie Deter\" \/>\n<meta name=\"twitter:card\" content=\"summary_large_image\" \/>\n<meta name=\"twitter:label1\" content=\"Written by\" \/>\n\t<meta name=\"twitter:data1\" content=\"julie Deter\" \/>\n\t<meta name=\"twitter:label2\" content=\"Estimated reading time\" \/>\n\t<meta name=\"twitter:data2\" content=\"1 minute\" \/>\n<script type=\"application\/ld+json\" class=\"yoast-schema-graph\">{\"@context\":\"https:\/\/schema.org\",\"@graph\":[{\"@type\":\"Article\",\"@id\":\"https:\/\/www.andromede-ocean.com\/english\/blog\/2013\/01\/17\/stand-andromede-au-salon-des-metiers-et-des-professionnels-de-lecologie-a-montpellier\/#article\",\"isPartOf\":{\"@id\":\"https:\/\/www.andromede-ocean.com\/english\/blog\/2013\/01\/17\/stand-andromede-au-salon-des-metiers-et-des-professionnels-de-lecologie-a-montpellier\/\"},\"author\":{\"name\":\"julie Deter\",\"@id\":\"https:\/\/www.andromede-ocean.com\/english\/#\/schema\/person\/670621606150c9eb5a0c92897263dcf6\"},\"headline\":\"Stand Androm\u00e8de au salon des m\u00e9tiers et des professionnels de l&#8217;\u00e9cologie \u00e0 Montpellier\",\"datePublished\":\"2013-01-17T13:34:35+00:00\",\"dateModified\":\"2020-01-15T13:46:25+00:00\",\"mainEntityOfPage\":{\"@id\":\"https:\/\/www.andromede-ocean.com\/english\/blog\/2013\/01\/17\/stand-andromede-au-salon-des-metiers-et-des-professionnels-de-lecologie-a-montpellier\/\"},\"wordCount\":188,\"image\":{\"@id\":\"https:\/\/www.andromede-ocean.com\/english\/blog\/2013\/01\/17\/stand-andromede-au-salon-des-metiers-et-des-professionnels-de-lecologie-a-montpellier\/#primaryimage\"},\"thumbnailUrl\":\"http:\/\/www.andromede-ocean.com\/english\/wp-content\/uploads\/sites\/2\/SMPE.jpg\",\"articleSection\":[\"Animations\"],\"inLanguage\":\"en-GB\"},{\"@type\":\"WebPage\",\"@id\":\"https:\/\/www.andromede-ocean.com\/english\/blog\/2013\/01\/17\/stand-andromede-au-salon-des-metiers-et-des-professionnels-de-lecologie-a-montpellier\/\",\"url\":\"https:\/\/www.andromede-ocean.com\/english\/blog\/2013\/01\/17\/stand-andromede-au-salon-des-metiers-et-des-professionnels-de-lecologie-a-montpellier\/\",\"name\":\"Stand Androm\u00e8de au salon des m\u00e9tiers et des professionnels de l'\u00e9cologie \u00e0 Montpellier - Androm\u00e8de Oc\u00e9anologie\",\"isPartOf\":{\"@id\":\"https:\/\/www.andromede-ocean.com\/english\/#website\"},\"primaryImageOfPage\":{\"@id\":\"https:\/\/www.andromede-ocean.com\/english\/blog\/2013\/01\/17\/stand-andromede-au-salon-des-metiers-et-des-professionnels-de-lecologie-a-montpellier\/#primaryimage\"},\"image\":{\"@id\":\"https:\/\/www.andromede-ocean.com\/english\/blog\/2013\/01\/17\/stand-andromede-au-salon-des-metiers-et-des-professionnels-de-lecologie-a-montpellier\/#primaryimage\"},\"thumbnailUrl\":\"http:\/\/www.andromede-ocean.com\/english\/wp-content\/uploads\/sites\/2\/SMPE.jpg\",\"datePublished\":\"2013-01-17T13:34:35+00:00\",\"dateModified\":\"2020-01-15T13:46:25+00:00\",\"author\":{\"@id\":\"https:\/\/www.andromede-ocean.com\/english\/#\/schema\/person\/670621606150c9eb5a0c92897263dcf6\"},\"breadcrumb\":{\"@id\":\"https:\/\/www.andromede-ocean.com\/english\/blog\/2013\/01\/17\/stand-andromede-au-salon-des-metiers-et-des-professionnels-de-lecologie-a-montpellier\/#breadcrumb\"},\"inLanguage\":\"en-GB\",\"potentialAction\":[{\"@type\":\"ReadAction\",\"target\":[\"https:\/\/www.andromede-ocean.com\/english\/blog\/2013\/01\/17\/stand-andromede-au-salon-des-metiers-et-des-professionnels-de-lecologie-a-montpellier\/\"]}]},{\"@type\":\"ImageObject\",\"inLanguage\":\"en-GB\",\"@id\":\"https:\/\/www.andromede-ocean.com\/english\/blog\/2013\/01\/17\/stand-andromede-au-salon-des-metiers-et-des-professionnels-de-lecologie-a-montpellier\/#primaryimage\",\"url\":\"http:\/\/www.andromede-ocean.com\/english\/wp-content\/uploads\/sites\/2\/SMPE.jpg\",\"contentUrl\":\"http:\/\/www.andromede-ocean.com\/english\/wp-content\/uploads\/sites\/2\/SMPE.jpg\"},{\"@type\":\"BreadcrumbList\",\"@id\":\"https:\/\/www.andromede-ocean.com\/english\/blog\/2013\/01\/17\/stand-andromede-au-salon-des-metiers-et-des-professionnels-de-lecologie-a-montpellier\/#breadcrumb\",\"itemListElement\":[{\"@type\":\"ListItem\",\"position\":1,\"name\":\"Accueil\",\"item\":\"https:\/\/www.andromede-ocean.com\/english\/\"},{\"@type\":\"ListItem\",\"position\":2,\"name\":\"Stand Androm\u00e8de au salon des m\u00e9tiers et des professionnels de l&#8217;\u00e9cologie \u00e0 Montpellier\"}]},{\"@type\":\"WebSite\",\"@id\":\"https:\/\/www.andromede-ocean.com\/english\/#website\",\"url\":\"https:\/\/www.andromede-ocean.com\/english\/\",\"name\":\"Androm\u00e8de Oc\u00e9anologie\",\"description\":\"\",\"potentialAction\":[{\"@type\":\"SearchAction\",\"target\":{\"@type\":\"EntryPoint\",\"urlTemplate\":\"https:\/\/www.andromede-ocean.com\/english\/?s={search_term_string}\"},\"query-input\":{\"@type\":\"PropertyValueSpecification\",\"valueRequired\":true,\"valueName\":\"search_term_string\"}}],\"inLanguage\":\"en-GB\"},{\"@type\":\"Person\",\"@id\":\"https:\/\/www.andromede-ocean.com\/english\/#\/schema\/person\/670621606150c9eb5a0c92897263dcf6\",\"name\":\"julie Deter\",\"image\":{\"@type\":\"ImageObject\",\"inLanguage\":\"en-GB\",\"@id\":\"https:\/\/www.andromede-ocean.com\/english\/#\/schema\/person\/image\/\",\"url\":\"https:\/\/secure.gravatar.com\/avatar\/29b9c20f73f722191c32425ab84445e2b34fcc25b717ea8e1667c86ae7eb81cf?s=96&d=mm&r=g\",\"contentUrl\":\"https:\/\/secure.gravatar.com\/avatar\/29b9c20f73f722191c32425ab84445e2b34fcc25b717ea8e1667c86ae7eb81cf?s=96&d=mm&r=g\",\"caption\":\"julie Deter\"}}]}<\/script>\n<!-- \/ Yoast SEO plugin. -->","yoast_head_json":{"title":"Stand Androm\u00e8de au salon des m\u00e9tiers et des professionnels de l'\u00e9cologie \u00e0 Montpellier - Androm\u00e8de Oc\u00e9anologie","robots":{"index":"index","follow":"follow","max-snippet":"max-snippet:-1","max-image-preview":"max-image-preview:large","max-video-preview":"max-video-preview:-1"},"og_locale":"en_GB","og_type":"article","og_title":"Stand Androm\u00e8de au salon des m\u00e9tiers et des professionnels de l'\u00e9cologie \u00e0 Montpellier - Androm\u00e8de Oc\u00e9anologie","og_description":"le 16 f\u00e9vrier prochain, de 9h \u00e0 16h, venez nous retrouver \u00e0 l&#8217;universit\u00e9 de Montpellier 2(UM2) \u00e0 l&#8217;occasion des portes ouvertes de l&#8217;universit\u00e9 et du Salon des m\u00e9tiers et des professionnels de l&#8217;Ecologie. &nbsp; Ce salon se d\u00e9roulera du 14 au 16 f\u00e9vrier 2013 sur la campus de l&#8217;UM2, place Eug\u00e8ne Bataillon \u00e0 Montpellier. Notre [&hellip;]","og_url":"https:\/\/www.andromede-ocean.com\/english\/blog\/2013\/01\/17\/stand-andromede-au-salon-des-metiers-et-des-professionnels-de-lecologie-a-montpellier\/","og_site_name":"Androm\u00e8de Oc\u00e9anologie","article_published_time":"2013-01-17T13:34:35+00:00","article_modified_time":"2020-01-15T13:46:25+00:00","og_image":[{"url":"http:\/\/www.andromede-ocean.com\/english\/wp-content\/uploads\/sites\/2\/SMPE.jpg","type":"","width":"","height":""}],"author":"julie Deter","twitter_card":"summary_large_image","twitter_misc":{"Written by":"julie Deter","Estimated reading time":"1 minute"},"schema":{"@context":"https:\/\/schema.org","@graph":[{"@type":"Article","@id":"https:\/\/www.andromede-ocean.com\/english\/blog\/2013\/01\/17\/stand-andromede-au-salon-des-metiers-et-des-professionnels-de-lecologie-a-montpellier\/#article","isPartOf":{"@id":"https:\/\/www.andromede-ocean.com\/english\/blog\/2013\/01\/17\/stand-andromede-au-salon-des-metiers-et-des-professionnels-de-lecologie-a-montpellier\/"},"author":{"name":"julie Deter","@id":"https:\/\/www.andromede-ocean.com\/english\/#\/schema\/person\/670621606150c9eb5a0c92897263dcf6"},"headline":"Stand Androm\u00e8de au salon des m\u00e9tiers et des professionnels de l&#8217;\u00e9cologie \u00e0 Montpellier","datePublished":"2013-01-17T13:34:35+00:00","dateModified":"2020-01-15T13:46:25+00:00","mainEntityOfPage":{"@id":"https:\/\/www.andromede-ocean.com\/english\/blog\/2013\/01\/17\/stand-andromede-au-salon-des-metiers-et-des-professionnels-de-lecologie-a-montpellier\/"},"wordCount":188,"image":{"@id":"https:\/\/www.andromede-ocean.com\/english\/blog\/2013\/01\/17\/stand-andromede-au-salon-des-metiers-et-des-professionnels-de-lecologie-a-montpellier\/#primaryimage"},"thumbnailUrl":"http:\/\/www.andromede-ocean.com\/english\/wp-content\/uploads\/sites\/2\/SMPE.jpg","articleSection":["Animations"],"inLanguage":"en-GB"},{"@type":"WebPage","@id":"https:\/\/www.andromede-ocean.com\/english\/blog\/2013\/01\/17\/stand-andromede-au-salon-des-metiers-et-des-professionnels-de-lecologie-a-montpellier\/","url":"https:\/\/www.andromede-ocean.com\/english\/blog\/2013\/01\/17\/stand-andromede-au-salon-des-metiers-et-des-professionnels-de-lecologie-a-montpellier\/","name":"Stand Androm\u00e8de au salon des m\u00e9tiers et des professionnels de l'\u00e9cologie \u00e0 Montpellier - Androm\u00e8de Oc\u00e9anologie","isPartOf":{"@id":"https:\/\/www.andromede-ocean.com\/english\/#website"},"primaryImageOfPage":{"@id":"https:\/\/www.andromede-ocean.com\/english\/blog\/2013\/01\/17\/stand-andromede-au-salon-des-metiers-et-des-professionnels-de-lecologie-a-montpellier\/#primaryimage"},"image":{"@id":"https:\/\/www.andromede-ocean.com\/english\/blog\/2013\/01\/17\/stand-andromede-au-salon-des-metiers-et-des-professionnels-de-lecologie-a-montpellier\/#primaryimage"},"thumbnailUrl":"http:\/\/www.andromede-ocean.com\/english\/wp-content\/uploads\/sites\/2\/SMPE.jpg","datePublished":"2013-01-17T13:34:35+00:00","dateModified":"2020-01-15T13:46:25+00:00","author":{"@id":"https:\/\/www.andromede-ocean.com\/english\/#\/schema\/person\/670621606150c9eb5a0c92897263dcf6"},"breadcrumb":{"@id":"https:\/\/www.andromede-ocean.com\/english\/blog\/2013\/01\/17\/stand-andromede-au-salon-des-metiers-et-des-professionnels-de-lecologie-a-montpellier\/#breadcrumb"},"inLanguage":"en-GB","potentialAction":[{"@type":"ReadAction","target":["https:\/\/www.andromede-ocean.com\/english\/blog\/2013\/01\/17\/stand-andromede-au-salon-des-metiers-et-des-professionnels-de-lecologie-a-montpellier\/"]}]},{"@type":"ImageObject","inLanguage":"en-GB","@id":"https:\/\/www.andromede-ocean.com\/english\/blog\/2013\/01\/17\/stand-andromede-au-salon-des-metiers-et-des-professionnels-de-lecologie-a-montpellier\/#primaryimage","url":"http:\/\/www.andromede-ocean.com\/english\/wp-content\/uploads\/sites\/2\/SMPE.jpg","contentUrl":"http:\/\/www.andromede-ocean.com\/english\/wp-content\/uploads\/sites\/2\/SMPE.jpg"},{"@type":"BreadcrumbList","@id":"https:\/\/www.andromede-ocean.com\/english\/blog\/2013\/01\/17\/stand-andromede-au-salon-des-metiers-et-des-professionnels-de-lecologie-a-montpellier\/#breadcrumb","itemListElement":[{"@type":"ListItem","position":1,"name":"Accueil","item":"https:\/\/www.andromede-ocean.com\/english\/"},{"@type":"ListItem","position":2,"name":"Stand Androm\u00e8de au salon des m\u00e9tiers et des professionnels de l&#8217;\u00e9cologie \u00e0 Montpellier"}]},{"@type":"WebSite","@id":"https:\/\/www.andromede-ocean.com\/english\/#website","url":"https:\/\/www.andromede-ocean.com\/english\/","name":"Androm\u00e8de Oc\u00e9anologie","description":"","potentialAction":[{"@type":"SearchAction","target":{"@type":"EntryPoint","urlTemplate":"https:\/\/www.andromede-ocean.com\/english\/?s={search_term_string}"},"query-input":{"@type":"PropertyValueSpecification","valueRequired":true,"valueName":"search_term_string"}}],"inLanguage":"en-GB"},{"@type":"Person","@id":"https:\/\/www.andromede-ocean.com\/english\/#\/schema\/person\/670621606150c9eb5a0c92897263dcf6","name":"julie Deter","image":{"@type":"ImageObject","inLanguage":"en-GB","@id":"https:\/\/www.andromede-ocean.com\/english\/#\/schema\/person\/image\/","url":"https:\/\/secure.gravatar.com\/avatar\/29b9c20f73f722191c32425ab84445e2b34fcc25b717ea8e1667c86ae7eb81cf?s=96&d=mm&r=g","contentUrl":"https:\/\/secure.gravatar.com\/avatar\/29b9c20f73f722191c32425ab84445e2b34fcc25b717ea8e1667c86ae7eb81cf?s=96&d=mm&r=g","caption":"julie Deter"}}]}},"_links":{"self":[{"href":"https:\/\/www.andromede-ocean.com\/english\/wp-json\/wp\/v2\/posts\/600","targetHints":{"allow":["GET"]}}],"collection":[{"href":"https:\/\/www.andromede-ocean.com\/english\/wp-json\/wp\/v2\/posts"}],"about":[{"href":"https:\/\/www.andromede-ocean.com\/english\/wp-json\/wp\/v2\/types\/post"}],"author":[{"embeddable":true,"href":"https:\/\/www.andromede-ocean.com\/english\/wp-json\/wp\/v2\/users\/3"}],"replies":[{"embeddable":true,"href":"https:\/\/www.andromede-ocean.com\/english\/wp-json\/wp\/v2\/comments?post=600"}],"version-history":[{"count":2,"href":"https:\/\/www.andromede-ocean.com\/english\/wp-json\/wp\/v2\/posts\/600\/revisions"}],"predecessor-version":[{"id":4748,"href":"https:\/\/www.andromede-ocean.com\/english\/wp-json\/wp\/v2\/posts\/600\/revisions\/4748"}],"wp:attachment":[{"href":"https:\/\/www.andromede-ocean.com\/english\/wp-json\/wp\/v2\/media?parent=600"}],"wp:term":[{"taxonomy":"category","embeddable":true,"href":"https:\/\/www.andromede-ocean.com\/english\/wp-json\/wp\/v2\/categories?post=600"},{"taxonomy":"post_tag","embeddable":true,"href":"https:\/\/www.andromede-ocean.com\/english\/wp-json\/wp\/v2\/tags?post=600"}],"curies":[{"name":"wp","href":"https:\/\/api.w.org\/{rel}","templated":true}]}}