{"id":4693,"date":"2019-12-06T10:45:56","date_gmt":"2019-12-06T09:45:56","guid":{"rendered":"https:\/\/www.andromede-ocean.com\/english\/?p=4693"},"modified":"2020-04-16T22:46:18","modified_gmt":"2020-04-16T20:46:18","slug":"donia-au-salon-nautique-de-paris","status":"publish","type":"post","link":"https:\/\/www.andromede-ocean.com\/english\/blog\/2019\/12\/06\/donia-au-salon-nautique-de-paris\/","title":{"rendered":"Donia au salon nautique de Paris"},"content":{"rendered":"<p>[et_pb_section admin_label=&#8221;section&#8221;]<br \/>\n\t\t\t[et_pb_row admin_label=&#8221;row&#8221;]<br \/>\n\t\t\t\t[et_pb_column type=&#8221;4_4&#8243;][et_pb_text admin_label=&#8221;Text&#8221;]<img loading=\"lazy\" decoding=\"async\" class=\"alignleft size-medium wp-image-4694\" src=\"https:\/\/www.andromede-ocean.com\/english\/wp-content\/uploads\/sites\/2\/2019\/12\/dalles-Bathym\u00e9triques\u00a9Androm\u00e8de-Oc\u00e9anologie-155x300.jpg\" alt=\"\" width=\"155\" height=\"300\" srcset=\"https:\/\/www.andromede-ocean.com\/english\/wp-content\/uploads\/sites\/2\/2019\/12\/dalles-Bathym\u00e9triques\u00a9Androm\u00e8de-Oc\u00e9anologie-155x300.jpg 155w, https:\/\/www.andromede-ocean.com\/english\/wp-content\/uploads\/sites\/2\/2019\/12\/dalles-Bathym\u00e9triques\u00a9Androm\u00e8de-Oc\u00e9anologie-768x1485.jpg 768w, https:\/\/www.andromede-ocean.com\/english\/wp-content\/uploads\/sites\/2\/2019\/12\/dalles-Bathym\u00e9triques\u00a9Androm\u00e8de-Oc\u00e9anologie-530x1024.jpg 530w, https:\/\/www.andromede-ocean.com\/english\/wp-content\/uploads\/sites\/2\/2019\/12\/dalles-Bathym\u00e9triques\u00a9Androm\u00e8de-Oc\u00e9anologie-980x1894.jpg 980w, https:\/\/www.andromede-ocean.com\/english\/wp-content\/uploads\/sites\/2\/2019\/12\/dalles-Bathym\u00e9triques\u00a9Androm\u00e8de-Oc\u00e9anologie-480x928.jpg 480w, https:\/\/www.andromede-ocean.com\/english\/wp-content\/uploads\/sites\/2\/2019\/12\/dalles-Bathym\u00e9triques\u00a9Androm\u00e8de-Oc\u00e9anologie.jpg 1075w\" sizes=\"(max-width: 155px) 100vw, 155px\" \/>Androm\u00e8de Oc\u00e9anologie pr\u00e9sentera l&#8217;application <a href=\"https:\/\/donia.fr\/\" target=\"_blank\" rel=\"noopener noreferrer\">DONIA<\/a> du 7 au 10 d\u00e9cembre au <a class=\"profileLink\" href=\"https:\/\/www.facebook.com\/nauticparis\/?__tn__=K-R&amp;eid=ARCGuUyNOWxgBpKGFiGMHvuLdE4FhGmpcGW9z8i25zoH7es4p-R9tEz_sin_tzra57pffmoWqoSfspIQ&amp;fref=mentions&amp;__xts__%5B0%5D=68.ARCRxDeSg3XS9_D0iSi17xfHhWfP3gtfGrT2FNu4IfOs28i5q8TAz6hEQO90zREahMN9io4fYQMvyHJr7zW2VLe1o37rY_ssqpfVCoaHm5OHnnxRMmg9a3dvO88iVcShbL6y8K7-6gLS2o2GoZXBklYlsXVJCaQaruNOOn-XFRaC1R3KX__Cjhfgkh_CC3yDOs6rzba2CVPF9_swvkj84O-VijJ6eWu6iLw1Zs0J4cKB8tqxij-zFNAKJlJW3_s3qyRasBYanYq1BqROtI3vJNKLgpp7wJc5O24FpzYd8S1af03CJxwb3QdSOCeSJbTBF5VE6VC1rKXA1feFzRm3R5pi92nb\" data-hovercard=\"\/ajax\/hovercard\/page.php?id=160806313933&amp;extragetparams=%7B%22__tn__%22%3A%22%2CdK-R-R%22%2C%22eid%22%3A%22ARCGuUyNOWxgBpKGFiGMHvuLdE4FhGmpcGW9z8i25zoH7es4p-R9tEz_sin_tzra57pffmoWqoSfspIQ%22%2C%22fref%22%3A%22mentions%22%7D\" data-hovercard-prefer-more-content-show=\"1\">Nautic &#8211; Salon nautique de Paris<\/a> sur le stand de la <a class=\"profileLink\" href=\"https:\/\/www.facebook.com\/maregionsud\/?__tn__=K-R&amp;eid=ARC7EPMCtbrCMkw0F4os6MqCG6GP3Xnum7EWBKmHVXR0SPoZkHGPSs0IbNK8d8FZgw_vrWuFUjBzrDLh&amp;fref=mentions&amp;__xts__%5B0%5D=68.ARCRxDeSg3XS9_D0iSi17xfHhWfP3gtfGrT2FNu4IfOs28i5q8TAz6hEQO90zREahMN9io4fYQMvyHJr7zW2VLe1o37rY_ssqpfVCoaHm5OHnnxRMmg9a3dvO88iVcShbL6y8K7-6gLS2o2GoZXBklYlsXVJCaQaruNOOn-XFRaC1R3KX__Cjhfgkh_CC3yDOs6rzba2CVPF9_swvkj84O-VijJ6eWu6iLw1Zs0J4cKB8tqxij-zFNAKJlJW3_s3qyRasBYanYq1BqROtI3vJNKLgpp7wJc5O24FpzYd8S1af03CJxwb3QdSOCeSJbTBF5VE6VC1rKXA1feFzRm3R5pi92nb\" data-hovercard=\"\/ajax\/hovercard\/page.php?id=117398214969167&amp;extragetparams=%7B%22__tn__%22%3A%22%2CdK-R-R%22%2C%22eid%22%3A%22ARC7EPMCtbrCMkw0F4os6MqCG6GP3Xnum7EWBKmHVXR0SPoZkHGPSs0IbNK8d8FZgw_vrWuFUjBzrDLh%22%2C%22fref%22%3A%22mentions%22%7D\" data-hovercard-prefer-more-content-show=\"1\">R\u00e9gion Sud Provence-Alpes-C\u00f4te d&#8217;Azur<\/a>.<\/p>\n<p>Samedi 7 d\u00e9cembre \u00e0 11.30, Pierre Descamp pr\u00e9sentera l&#8217;application DONIA dans l&#8217;espace conf\u00e9rence de la r\u00e9gion.<\/p>\n<p>Retrouvez nous sur le Stand 1L28 ![\/et_pb_text][\/et_pb_column]<br \/>\n\t\t\t[\/et_pb_row]<br \/>\n\t\t[\/et_pb_section]<\/p>\n","protected":false},"excerpt":{"rendered":"<p>Androm\u00e8de Oc\u00e9anologie pr\u00e9sentera l&#8217;application DONIA du 7 au 10 d\u00e9cembre au Nautic &#8211; Salon nautique de Paris sur le stand de la R\u00e9gion Sud Provence-Alpes-C\u00f4te d&#8217;Azur. Samedi 7 d\u00e9cembre \u00e0 11.30, Pierre Descamp pr\u00e9sentera l&#8217;application DONIA dans l&#8217;espace conf\u00e9rence de la r\u00e9gion. Retrouvez nous sur le Stand 1L28 !<\/p>\n","protected":false},"author":3,"featured_media":4694,"comment_status":"closed","ping_status":"open","sticky":false,"template":"","format":"standard","meta":{"_et_pb_use_builder":"on","_et_pb_old_content":"<img class=\"alignleft size-medium wp-image-4694\" src=\"https:\/\/www.andromede-ocean.com\/english\/wp-content\/uploads\/sites\/2\/2019\/12\/dalles-Bathym\u00e9triques\u00a9Androm\u00e8de-Oc\u00e9anologie-155x300.jpg\" alt=\"\" width=\"155\" height=\"300\" \/>Androm\u00e8de Oc\u00e9anologie pr\u00e9sentera l'application <a href=\"https:\/\/donia.fr\/\" target=\"_blank\" rel=\"noopener noreferrer\">DONIA<\/a> du 7 au 10 d\u00e9cembre au <a class=\"profileLink\" href=\"https:\/\/www.facebook.com\/nauticparis\/?__tn__=K-R&amp;eid=ARCGuUyNOWxgBpKGFiGMHvuLdE4FhGmpcGW9z8i25zoH7es4p-R9tEz_sin_tzra57pffmoWqoSfspIQ&amp;fref=mentions&amp;__xts__%5B0%5D=68.ARCRxDeSg3XS9_D0iSi17xfHhWfP3gtfGrT2FNu4IfOs28i5q8TAz6hEQO90zREahMN9io4fYQMvyHJr7zW2VLe1o37rY_ssqpfVCoaHm5OHnnxRMmg9a3dvO88iVcShbL6y8K7-6gLS2o2GoZXBklYlsXVJCaQaruNOOn-XFRaC1R3KX__Cjhfgkh_CC3yDOs6rzba2CVPF9_swvkj84O-VijJ6eWu6iLw1Zs0J4cKB8tqxij-zFNAKJlJW3_s3qyRasBYanYq1BqROtI3vJNKLgpp7wJc5O24FpzYd8S1af03CJxwb3QdSOCeSJbTBF5VE6VC1rKXA1feFzRm3R5pi92nb\" data-hovercard=\"\/ajax\/hovercard\/page.php?id=160806313933&amp;extragetparams=%7B%22__tn__%22%3A%22%2CdK-R-R%22%2C%22eid%22%3A%22ARCGuUyNOWxgBpKGFiGMHvuLdE4FhGmpcGW9z8i25zoH7es4p-R9tEz_sin_tzra57pffmoWqoSfspIQ%22%2C%22fref%22%3A%22mentions%22%7D\" data-hovercard-prefer-more-content-show=\"1\">Nautic - Salon nautique de Paris<\/a> sur le stand de la <a class=\"profileLink\" href=\"https:\/\/www.facebook.com\/maregionsud\/?__tn__=K-R&amp;eid=ARC7EPMCtbrCMkw0F4os6MqCG6GP3Xnum7EWBKmHVXR0SPoZkHGPSs0IbNK8d8FZgw_vrWuFUjBzrDLh&amp;fref=mentions&amp;__xts__%5B0%5D=68.ARCRxDeSg3XS9_D0iSi17xfHhWfP3gtfGrT2FNu4IfOs28i5q8TAz6hEQO90zREahMN9io4fYQMvyHJr7zW2VLe1o37rY_ssqpfVCoaHm5OHnnxRMmg9a3dvO88iVcShbL6y8K7-6gLS2o2GoZXBklYlsXVJCaQaruNOOn-XFRaC1R3KX__Cjhfgkh_CC3yDOs6rzba2CVPF9_swvkj84O-VijJ6eWu6iLw1Zs0J4cKB8tqxij-zFNAKJlJW3_s3qyRasBYanYq1BqROtI3vJNKLgpp7wJc5O24FpzYd8S1af03CJxwb3QdSOCeSJbTBF5VE6VC1rKXA1feFzRm3R5pi92nb\" data-hovercard=\"\/ajax\/hovercard\/page.php?id=117398214969167&amp;extragetparams=%7B%22__tn__%22%3A%22%2CdK-R-R%22%2C%22eid%22%3A%22ARC7EPMCtbrCMkw0F4os6MqCG6GP3Xnum7EWBKmHVXR0SPoZkHGPSs0IbNK8d8FZgw_vrWuFUjBzrDLh%22%2C%22fref%22%3A%22mentions%22%7D\" data-hovercard-prefer-more-content-show=\"1\">R\u00e9gion Sud Provence-Alpes-C\u00f4te d'Azur<\/a>.\r\n\r\nSamedi 7 d\u00e9cembre \u00e0 11.30, Pierre Descamp pr\u00e9sentera l'application DONIA dans l'espace conf\u00e9rence de la r\u00e9gion.\r\n\r\nRetrouvez nous sur le Stand 1L28 !","_et_gb_content_width":"","footnotes":""},"categories":[3,11],"tags":[],"class_list":["post-4693","post","type-post","status-publish","format-standard","has-post-thumbnail","hentry","category-conferences","category-donia"],"yoast_head":"<!-- This site is optimized with the Yoast SEO plugin v27.0 - https:\/\/yoast.com\/product\/yoast-seo-wordpress\/ -->\n<title>Donia au salon nautique de Paris - Androm\u00e8de Oc\u00e9anologie<\/title>\n<meta name=\"robots\" content=\"index, follow, max-snippet:-1, max-image-preview:large, max-video-preview:-1\" \/>\n<meta property=\"og:locale\" content=\"en_GB\" \/>\n<meta property=\"og:type\" content=\"article\" \/>\n<meta property=\"og:title\" content=\"Donia au salon nautique de Paris - Androm\u00e8de Oc\u00e9anologie\" \/>\n<meta property=\"og:description\" content=\"Androm\u00e8de Oc\u00e9anologie pr\u00e9sentera l&#039;application DONIA du 7 au 10 d\u00e9cembre au Nautic - Salon nautique de Paris sur le stand de la R\u00e9gion Sud Provence-Alpes-C\u00f4te d&#039;Azur. Samedi 7 d\u00e9cembre \u00e0 11.30, Pierre Descamp pr\u00e9sentera l&#039;application DONIA dans l&#039;espace conf\u00e9rence de la r\u00e9gion. Retrouvez nous sur le Stand 1L28 !\" \/>\n<meta property=\"og:url\" content=\"https:\/\/www.andromede-ocean.com\/english\/blog\/2019\/12\/06\/donia-au-salon-nautique-de-paris\/\" \/>\n<meta property=\"og:site_name\" content=\"Androm\u00e8de Oc\u00e9anologie\" \/>\n<meta property=\"article:published_time\" content=\"2019-12-06T09:45:56+00:00\" \/>\n<meta property=\"article:modified_time\" content=\"2020-04-16T20:46:18+00:00\" \/>\n<meta property=\"og:image\" content=\"https:\/\/www.andromede-ocean.com\/english\/wp-content\/uploads\/sites\/2\/2019\/12\/dalles-Bathym\u00e9triques\u00a9Androm\u00e8de-Oc\u00e9anologie.jpg\" \/>\n\t<meta property=\"og:image:width\" content=\"1075\" \/>\n\t<meta property=\"og:image:height\" content=\"2078\" \/>\n\t<meta property=\"og:image:type\" content=\"image\/jpeg\" \/>\n<meta name=\"author\" content=\"julie Deter\" \/>\n<meta name=\"twitter:card\" content=\"summary_large_image\" \/>\n<meta name=\"twitter:label1\" content=\"Written by\" \/>\n\t<meta name=\"twitter:data1\" content=\"julie Deter\" \/>\n<script type=\"application\/ld+json\" class=\"yoast-schema-graph\">{\"@context\":\"https:\/\/schema.org\",\"@graph\":[{\"@type\":\"Article\",\"@id\":\"https:\/\/www.andromede-ocean.com\/english\/blog\/2019\/12\/06\/donia-au-salon-nautique-de-paris\/#article\",\"isPartOf\":{\"@id\":\"https:\/\/www.andromede-ocean.com\/english\/blog\/2019\/12\/06\/donia-au-salon-nautique-de-paris\/\"},\"author\":{\"name\":\"julie Deter\",\"@id\":\"https:\/\/www.andromede-ocean.com\/english\/#\/schema\/person\/670621606150c9eb5a0c92897263dcf6\"},\"headline\":\"Donia au salon nautique de Paris\",\"datePublished\":\"2019-12-06T09:45:56+00:00\",\"dateModified\":\"2020-04-16T20:46:18+00:00\",\"mainEntityOfPage\":{\"@id\":\"https:\/\/www.andromede-ocean.com\/english\/blog\/2019\/12\/06\/donia-au-salon-nautique-de-paris\/\"},\"wordCount\":93,\"image\":{\"@id\":\"https:\/\/www.andromede-ocean.com\/english\/blog\/2019\/12\/06\/donia-au-salon-nautique-de-paris\/#primaryimage\"},\"thumbnailUrl\":\"https:\/\/www.andromede-ocean.com\/english\/wp-content\/uploads\/sites\/2\/2019\/12\/dalles-Bathym\u00e9triques\u00a9Androm\u00e8de-Oc\u00e9anologie.jpg\",\"articleSection\":[\"Conferences\",\"Donia\"],\"inLanguage\":\"en-GB\"},{\"@type\":\"WebPage\",\"@id\":\"https:\/\/www.andromede-ocean.com\/english\/blog\/2019\/12\/06\/donia-au-salon-nautique-de-paris\/\",\"url\":\"https:\/\/www.andromede-ocean.com\/english\/blog\/2019\/12\/06\/donia-au-salon-nautique-de-paris\/\",\"name\":\"Donia au salon nautique de Paris - Androm\u00e8de Oc\u00e9anologie\",\"isPartOf\":{\"@id\":\"https:\/\/www.andromede-ocean.com\/english\/#website\"},\"primaryImageOfPage\":{\"@id\":\"https:\/\/www.andromede-ocean.com\/english\/blog\/2019\/12\/06\/donia-au-salon-nautique-de-paris\/#primaryimage\"},\"image\":{\"@id\":\"https:\/\/www.andromede-ocean.com\/english\/blog\/2019\/12\/06\/donia-au-salon-nautique-de-paris\/#primaryimage\"},\"thumbnailUrl\":\"https:\/\/www.andromede-ocean.com\/english\/wp-content\/uploads\/sites\/2\/2019\/12\/dalles-Bathym\u00e9triques\u00a9Androm\u00e8de-Oc\u00e9anologie.jpg\",\"datePublished\":\"2019-12-06T09:45:56+00:00\",\"dateModified\":\"2020-04-16T20:46:18+00:00\",\"author\":{\"@id\":\"https:\/\/www.andromede-ocean.com\/english\/#\/schema\/person\/670621606150c9eb5a0c92897263dcf6\"},\"breadcrumb\":{\"@id\":\"https:\/\/www.andromede-ocean.com\/english\/blog\/2019\/12\/06\/donia-au-salon-nautique-de-paris\/#breadcrumb\"},\"inLanguage\":\"en-GB\",\"potentialAction\":[{\"@type\":\"ReadAction\",\"target\":[\"https:\/\/www.andromede-ocean.com\/english\/blog\/2019\/12\/06\/donia-au-salon-nautique-de-paris\/\"]}]},{\"@type\":\"ImageObject\",\"inLanguage\":\"en-GB\",\"@id\":\"https:\/\/www.andromede-ocean.com\/english\/blog\/2019\/12\/06\/donia-au-salon-nautique-de-paris\/#primaryimage\",\"url\":\"https:\/\/www.andromede-ocean.com\/english\/wp-content\/uploads\/sites\/2\/2019\/12\/dalles-Bathym\u00e9triques\u00a9Androm\u00e8de-Oc\u00e9anologie.jpg\",\"contentUrl\":\"https:\/\/www.andromede-ocean.com\/english\/wp-content\/uploads\/sites\/2\/2019\/12\/dalles-Bathym\u00e9triques\u00a9Androm\u00e8de-Oc\u00e9anologie.jpg\",\"width\":1075,\"height\":2078},{\"@type\":\"BreadcrumbList\",\"@id\":\"https:\/\/www.andromede-ocean.com\/english\/blog\/2019\/12\/06\/donia-au-salon-nautique-de-paris\/#breadcrumb\",\"itemListElement\":[{\"@type\":\"ListItem\",\"position\":1,\"name\":\"Accueil\",\"item\":\"https:\/\/www.andromede-ocean.com\/english\/\"},{\"@type\":\"ListItem\",\"position\":2,\"name\":\"Donia au salon nautique de Paris\"}]},{\"@type\":\"WebSite\",\"@id\":\"https:\/\/www.andromede-ocean.com\/english\/#website\",\"url\":\"https:\/\/www.andromede-ocean.com\/english\/\",\"name\":\"Androm\u00e8de Oc\u00e9anologie\",\"description\":\"\",\"potentialAction\":[{\"@type\":\"SearchAction\",\"target\":{\"@type\":\"EntryPoint\",\"urlTemplate\":\"https:\/\/www.andromede-ocean.com\/english\/?s={search_term_string}\"},\"query-input\":{\"@type\":\"PropertyValueSpecification\",\"valueRequired\":true,\"valueName\":\"search_term_string\"}}],\"inLanguage\":\"en-GB\"},{\"@type\":\"Person\",\"@id\":\"https:\/\/www.andromede-ocean.com\/english\/#\/schema\/person\/670621606150c9eb5a0c92897263dcf6\",\"name\":\"julie Deter\",\"image\":{\"@type\":\"ImageObject\",\"inLanguage\":\"en-GB\",\"@id\":\"https:\/\/www.andromede-ocean.com\/english\/#\/schema\/person\/image\/\",\"url\":\"https:\/\/secure.gravatar.com\/avatar\/29b9c20f73f722191c32425ab84445e2b34fcc25b717ea8e1667c86ae7eb81cf?s=96&d=mm&r=g\",\"contentUrl\":\"https:\/\/secure.gravatar.com\/avatar\/29b9c20f73f722191c32425ab84445e2b34fcc25b717ea8e1667c86ae7eb81cf?s=96&d=mm&r=g\",\"caption\":\"julie Deter\"}}]}<\/script>\n<!-- \/ Yoast SEO plugin. -->","yoast_head_json":{"title":"Donia au salon nautique de Paris - Androm\u00e8de Oc\u00e9anologie","robots":{"index":"index","follow":"follow","max-snippet":"max-snippet:-1","max-image-preview":"max-image-preview:large","max-video-preview":"max-video-preview:-1"},"og_locale":"en_GB","og_type":"article","og_title":"Donia au salon nautique de Paris - Androm\u00e8de Oc\u00e9anologie","og_description":"Androm\u00e8de Oc\u00e9anologie pr\u00e9sentera l'application DONIA du 7 au 10 d\u00e9cembre au Nautic - Salon nautique de Paris sur le stand de la R\u00e9gion Sud Provence-Alpes-C\u00f4te d'Azur. Samedi 7 d\u00e9cembre \u00e0 11.30, Pierre Descamp pr\u00e9sentera l'application DONIA dans l'espace conf\u00e9rence de la r\u00e9gion. Retrouvez nous sur le Stand 1L28 !","og_url":"https:\/\/www.andromede-ocean.com\/english\/blog\/2019\/12\/06\/donia-au-salon-nautique-de-paris\/","og_site_name":"Androm\u00e8de Oc\u00e9anologie","article_published_time":"2019-12-06T09:45:56+00:00","article_modified_time":"2020-04-16T20:46:18+00:00","og_image":[{"width":1075,"height":2078,"url":"https:\/\/www.andromede-ocean.com\/english\/wp-content\/uploads\/sites\/2\/2019\/12\/dalles-Bathym\u00e9triques\u00a9Androm\u00e8de-Oc\u00e9anologie.jpg","type":"image\/jpeg"}],"author":"julie Deter","twitter_card":"summary_large_image","twitter_misc":{"Written by":"julie Deter"},"schema":{"@context":"https:\/\/schema.org","@graph":[{"@type":"Article","@id":"https:\/\/www.andromede-ocean.com\/english\/blog\/2019\/12\/06\/donia-au-salon-nautique-de-paris\/#article","isPartOf":{"@id":"https:\/\/www.andromede-ocean.com\/english\/blog\/2019\/12\/06\/donia-au-salon-nautique-de-paris\/"},"author":{"name":"julie Deter","@id":"https:\/\/www.andromede-ocean.com\/english\/#\/schema\/person\/670621606150c9eb5a0c92897263dcf6"},"headline":"Donia au salon nautique de Paris","datePublished":"2019-12-06T09:45:56+00:00","dateModified":"2020-04-16T20:46:18+00:00","mainEntityOfPage":{"@id":"https:\/\/www.andromede-ocean.com\/english\/blog\/2019\/12\/06\/donia-au-salon-nautique-de-paris\/"},"wordCount":93,"image":{"@id":"https:\/\/www.andromede-ocean.com\/english\/blog\/2019\/12\/06\/donia-au-salon-nautique-de-paris\/#primaryimage"},"thumbnailUrl":"https:\/\/www.andromede-ocean.com\/english\/wp-content\/uploads\/sites\/2\/2019\/12\/dalles-Bathym\u00e9triques\u00a9Androm\u00e8de-Oc\u00e9anologie.jpg","articleSection":["Conferences","Donia"],"inLanguage":"en-GB"},{"@type":"WebPage","@id":"https:\/\/www.andromede-ocean.com\/english\/blog\/2019\/12\/06\/donia-au-salon-nautique-de-paris\/","url":"https:\/\/www.andromede-ocean.com\/english\/blog\/2019\/12\/06\/donia-au-salon-nautique-de-paris\/","name":"Donia au salon nautique de Paris - Androm\u00e8de Oc\u00e9anologie","isPartOf":{"@id":"https:\/\/www.andromede-ocean.com\/english\/#website"},"primaryImageOfPage":{"@id":"https:\/\/www.andromede-ocean.com\/english\/blog\/2019\/12\/06\/donia-au-salon-nautique-de-paris\/#primaryimage"},"image":{"@id":"https:\/\/www.andromede-ocean.com\/english\/blog\/2019\/12\/06\/donia-au-salon-nautique-de-paris\/#primaryimage"},"thumbnailUrl":"https:\/\/www.andromede-ocean.com\/english\/wp-content\/uploads\/sites\/2\/2019\/12\/dalles-Bathym\u00e9triques\u00a9Androm\u00e8de-Oc\u00e9anologie.jpg","datePublished":"2019-12-06T09:45:56+00:00","dateModified":"2020-04-16T20:46:18+00:00","author":{"@id":"https:\/\/www.andromede-ocean.com\/english\/#\/schema\/person\/670621606150c9eb5a0c92897263dcf6"},"breadcrumb":{"@id":"https:\/\/www.andromede-ocean.com\/english\/blog\/2019\/12\/06\/donia-au-salon-nautique-de-paris\/#breadcrumb"},"inLanguage":"en-GB","potentialAction":[{"@type":"ReadAction","target":["https:\/\/www.andromede-ocean.com\/english\/blog\/2019\/12\/06\/donia-au-salon-nautique-de-paris\/"]}]},{"@type":"ImageObject","inLanguage":"en-GB","@id":"https:\/\/www.andromede-ocean.com\/english\/blog\/2019\/12\/06\/donia-au-salon-nautique-de-paris\/#primaryimage","url":"https:\/\/www.andromede-ocean.com\/english\/wp-content\/uploads\/sites\/2\/2019\/12\/dalles-Bathym\u00e9triques\u00a9Androm\u00e8de-Oc\u00e9anologie.jpg","contentUrl":"https:\/\/www.andromede-ocean.com\/english\/wp-content\/uploads\/sites\/2\/2019\/12\/dalles-Bathym\u00e9triques\u00a9Androm\u00e8de-Oc\u00e9anologie.jpg","width":1075,"height":2078},{"@type":"BreadcrumbList","@id":"https:\/\/www.andromede-ocean.com\/english\/blog\/2019\/12\/06\/donia-au-salon-nautique-de-paris\/#breadcrumb","itemListElement":[{"@type":"ListItem","position":1,"name":"Accueil","item":"https:\/\/www.andromede-ocean.com\/english\/"},{"@type":"ListItem","position":2,"name":"Donia au salon nautique de Paris"}]},{"@type":"WebSite","@id":"https:\/\/www.andromede-ocean.com\/english\/#website","url":"https:\/\/www.andromede-ocean.com\/english\/","name":"Androm\u00e8de Oc\u00e9anologie","description":"","potentialAction":[{"@type":"SearchAction","target":{"@type":"EntryPoint","urlTemplate":"https:\/\/www.andromede-ocean.com\/english\/?s={search_term_string}"},"query-input":{"@type":"PropertyValueSpecification","valueRequired":true,"valueName":"search_term_string"}}],"inLanguage":"en-GB"},{"@type":"Person","@id":"https:\/\/www.andromede-ocean.com\/english\/#\/schema\/person\/670621606150c9eb5a0c92897263dcf6","name":"julie Deter","image":{"@type":"ImageObject","inLanguage":"en-GB","@id":"https:\/\/www.andromede-ocean.com\/english\/#\/schema\/person\/image\/","url":"https:\/\/secure.gravatar.com\/avatar\/29b9c20f73f722191c32425ab84445e2b34fcc25b717ea8e1667c86ae7eb81cf?s=96&d=mm&r=g","contentUrl":"https:\/\/secure.gravatar.com\/avatar\/29b9c20f73f722191c32425ab84445e2b34fcc25b717ea8e1667c86ae7eb81cf?s=96&d=mm&r=g","caption":"julie Deter"}}]}},"_links":{"self":[{"href":"https:\/\/www.andromede-ocean.com\/english\/wp-json\/wp\/v2\/posts\/4693","targetHints":{"allow":["GET"]}}],"collection":[{"href":"https:\/\/www.andromede-ocean.com\/english\/wp-json\/wp\/v2\/posts"}],"about":[{"href":"https:\/\/www.andromede-ocean.com\/english\/wp-json\/wp\/v2\/types\/post"}],"author":[{"embeddable":true,"href":"https:\/\/www.andromede-ocean.com\/english\/wp-json\/wp\/v2\/users\/3"}],"replies":[{"embeddable":true,"href":"https:\/\/www.andromede-ocean.com\/english\/wp-json\/wp\/v2\/comments?post=4693"}],"version-history":[{"count":2,"href":"https:\/\/www.andromede-ocean.com\/english\/wp-json\/wp\/v2\/posts\/4693\/revisions"}],"predecessor-version":[{"id":4912,"href":"https:\/\/www.andromede-ocean.com\/english\/wp-json\/wp\/v2\/posts\/4693\/revisions\/4912"}],"wp:featuredmedia":[{"embeddable":true,"href":"https:\/\/www.andromede-ocean.com\/english\/wp-json\/wp\/v2\/media\/4694"}],"wp:attachment":[{"href":"https:\/\/www.andromede-ocean.com\/english\/wp-json\/wp\/v2\/media?parent=4693"}],"wp:term":[{"taxonomy":"category","embeddable":true,"href":"https:\/\/www.andromede-ocean.com\/english\/wp-json\/wp\/v2\/categories?post=4693"},{"taxonomy":"post_tag","embeddable":true,"href":"https:\/\/www.andromede-ocean.com\/english\/wp-json\/wp\/v2\/tags?post=4693"}],"curies":[{"name":"wp","href":"https:\/\/api.w.org\/{rel}","templated":true}]}}