{"id":4144,"date":"2019-09-27T10:52:19","date_gmt":"2019-09-27T08:52:19","guid":{"rendered":"https:\/\/www.andromede-ocean.com\/english\/?p=4144"},"modified":"2019-10-01T10:52:37","modified_gmt":"2019-10-01T08:52:37","slug":"conference-de-retour-des-abysses-de-la-mediterranee-a-sete-le-28-09-2019","status":"publish","type":"post","link":"https:\/\/www.andromede-ocean.com\/english\/blog\/2019\/09\/27\/conference-de-retour-des-abysses-de-la-mediterranee-a-sete-le-28-09-2019\/","title":{"rendered":"Conf\u00e9rence &#8220;De retour des abysses de la M\u00e9diterran\u00e9e&#8221; \u00e0 S\u00e8te le 28\/09\/2019"},"content":{"rendered":"<p>Demain \u00e0 20 h, <a class=\"profileLink\" title=\"Julie Deter\" href=\"https:\/\/www.facebook.com\/julie.deter?__tn__=K-R&amp;eid=ARCreYzYkoHpL4nVbtkvpC6JtzUuvX2O3zYC8qx9szEW3FW75f-K3gzLqQCd0XmImjUAVdqAXBEnLShl&amp;fref=mentions&amp;__xts__%5B0%5D=68.ARDs5uHvkhBpyCNpSMPaVaE1FPMg-iaN5yQILojzxd5OusRduRaA5Lx5yqBpg1yqygh0mIqJ_M1DKKw8w0BdSLwPooHGCb7PJ2Uh2xB5NReVUKue-8Fk0zfNQkSGKqRxKKFMOG8rGCszn4FQos9TYTXlOq9z2B8jnkEcOzcfCaxKrpMf0wBlQvrecHhIbK5bVLcr6BRg3D6XtmX5xGZO4iByWISvA-Xq-I50M2Frj-0fp1xFx8KBbQgFRHaQFvn6DT3xj_lm4vDMSdBQ9BNhRXyF5ZbO-gqliRoM8N8p9nEmsp8ENmCzUbZzyi2A0rnygAe9I56TLzYqleYPUybOOotK2d-ziPqdOCJd\" data-hovercard=\"\/ajax\/hovercard\/user.php?id=658683013&amp;extragetparams=%7B%22__tn__%22%3A%22%2CdK-R-R%22%2C%22eid%22%3A%22ARCreYzYkoHpL4nVbtkvpC6JtzUuvX2O3zYC8qx9szEW3FW75f-K3gzLqQCd0XmImjUAVdqAXBEnLShl%22%2C%22fref%22%3A%22mentions%22%7D\" data-hovercard-prefer-more-content-show=\"1\">Julie Deter<\/a>\u00a0 racontera le d\u00e9roul\u00e9 scientifique de l&#8217;exp\u00e9dition Gombessa 5 lors de la conf\u00e9rence\u00a0 &#8220;De retour des abysses de la M\u00e9diterran\u00e9e&#8221; au Cin\u00e9ma le Palace \/ S\u00e8te<\/p>\n<div class=\"text_exposed_show\">\n<p>dans le cadre des assises du territoire du <a class=\"profileLink\" href=\"https:\/\/www.facebook.com\/Syndicat-mixte-du-bassin-de-Thau-282249938542860\/?__tn__=K-R&amp;eid=ARA0x-YzLlBCJnanqjYZy6R03qXfMMIcJBAAgSqcykhGdAYlgphV8uaOx4tBX4ZlsvTIYkXiSDDNVDNh&amp;fref=mentions&amp;__xts__%5B0%5D=68.ARDs5uHvkhBpyCNpSMPaVaE1FPMg-iaN5yQILojzxd5OusRduRaA5Lx5yqBpg1yqygh0mIqJ_M1DKKw8w0BdSLwPooHGCb7PJ2Uh2xB5NReVUKue-8Fk0zfNQkSGKqRxKKFMOG8rGCszn4FQos9TYTXlOq9z2B8jnkEcOzcfCaxKrpMf0wBlQvrecHhIbK5bVLcr6BRg3D6XtmX5xGZO4iByWISvA-Xq-I50M2Frj-0fp1xFx8KBbQgFRHaQFvn6DT3xj_lm4vDMSdBQ9BNhRXyF5ZbO-gqliRoM8N8p9nEmsp8ENmCzUbZzyi2A0rnygAe9I56TLzYqleYPUybOOotK2d-ziPqdOCJd\" data-hovercard=\"\/ajax\/hovercard\/page.php?id=282249938542860&amp;extragetparams=%7B%22__tn__%22%3A%22%2CdK-R-R%22%2C%22eid%22%3A%22ARA0x-YzLlBCJnanqjYZy6R03qXfMMIcJBAAgSqcykhGdAYlgphV8uaOx4tBX4ZlsvTIYkXiSDDNVDNh%22%2C%22fref%22%3A%22mentions%22%7D\" data-hovercard-prefer-more-content-show=\"1\">Syndicat mixte du bassin de Thau<\/a> : Ora Maritima !<\/p>\n<p><a class=\"profileLink\" href=\"https:\/\/www.facebook.com\/ExpeditionsGombessa\/?__tn__=K-R&amp;eid=ARBp_1d_Wt1N1PlzgdGNfJWAsqloUKNtQ9yyyM_upTYgLqP8Do28kMTjbGVQzPBW4s8nDPKKo8LakNTV&amp;fref=mentions&amp;__xts__%5B0%5D=68.ARDs5uHvkhBpyCNpSMPaVaE1FPMg-iaN5yQILojzxd5OusRduRaA5Lx5yqBpg1yqygh0mIqJ_M1DKKw8w0BdSLwPooHGCb7PJ2Uh2xB5NReVUKue-8Fk0zfNQkSGKqRxKKFMOG8rGCszn4FQos9TYTXlOq9z2B8jnkEcOzcfCaxKrpMf0wBlQvrecHhIbK5bVLcr6BRg3D6XtmX5xGZO4iByWISvA-Xq-I50M2Frj-0fp1xFx8KBbQgFRHaQFvn6DT3xj_lm4vDMSdBQ9BNhRXyF5ZbO-gqliRoM8N8p9nEmsp8ENmCzUbZzyi2A0rnygAe9I56TLzYqleYPUybOOotK2d-ziPqdOCJd\" data-hovercard=\"\/ajax\/hovercard\/page.php?id=303370320073591&amp;extragetparams=%7B%22__tn__%22%3A%22%2CdK-R-R%22%2C%22eid%22%3A%22ARBp_1d_Wt1N1PlzgdGNfJWAsqloUKNtQ9yyyM_upTYgLqP8Do28kMTjbGVQzPBW4s8nDPKKo8LakNTV%22%2C%22fref%22%3A%22mentions%22%7D\" data-hovercard-prefer-more-content-show=\"1\">Expeditions Gombessa<\/a><\/p>\n<\/div>\n","protected":false},"excerpt":{"rendered":"<p>Demain \u00e0 20 h, Julie Deter\u00a0 racontera le d\u00e9roul\u00e9 scientifique de l&#8217;exp\u00e9dition Gombessa 5 lors de la conf\u00e9rence\u00a0 &#8220;De retour des abysses de la M\u00e9diterran\u00e9e&#8221; au Cin\u00e9ma le Palace \/ S\u00e8te dans le cadre des assises du territoire du Syndicat mixte du bassin de Thau : Ora Maritima ! Expeditions Gombessa<\/p>\n","protected":false},"author":3,"featured_media":0,"comment_status":"open","ping_status":"open","sticky":false,"template":"","format":"standard","meta":{"_et_pb_use_builder":"","_et_pb_old_content":"","_et_gb_content_width":"","footnotes":""},"categories":[3],"tags":[],"class_list":["post-4144","post","type-post","status-publish","format-standard","hentry","category-conferences"],"yoast_head":"<!-- This site is optimized with the Yoast SEO plugin v27.0 - https:\/\/yoast.com\/product\/yoast-seo-wordpress\/ -->\n<title>Conf\u00e9rence &quot;De retour des abysses de la M\u00e9diterran\u00e9e&quot; \u00e0 S\u00e8te le 28\/09\/2019 - Androm\u00e8de Oc\u00e9anologie<\/title>\n<meta name=\"robots\" content=\"index, follow, max-snippet:-1, max-image-preview:large, max-video-preview:-1\" \/>\n<meta property=\"og:locale\" content=\"en_GB\" \/>\n<meta property=\"og:type\" content=\"article\" \/>\n<meta property=\"og:title\" content=\"Conf\u00e9rence &quot;De retour des abysses de la M\u00e9diterran\u00e9e&quot; \u00e0 S\u00e8te le 28\/09\/2019 - Androm\u00e8de Oc\u00e9anologie\" \/>\n<meta property=\"og:description\" content=\"Demain \u00e0 20 h, Julie Deter\u00a0 racontera le d\u00e9roul\u00e9 scientifique de l&#8217;exp\u00e9dition Gombessa 5 lors de la conf\u00e9rence\u00a0 &#8220;De retour des abysses de la M\u00e9diterran\u00e9e&#8221; au Cin\u00e9ma le Palace \/ S\u00e8te dans le cadre des assises du territoire du Syndicat mixte du bassin de Thau : Ora Maritima ! Expeditions Gombessa\" \/>\n<meta property=\"og:url\" content=\"https:\/\/www.andromede-ocean.com\/english\/blog\/2019\/09\/27\/conference-de-retour-des-abysses-de-la-mediterranee-a-sete-le-28-09-2019\/\" \/>\n<meta property=\"og:site_name\" content=\"Androm\u00e8de Oc\u00e9anologie\" \/>\n<meta property=\"article:published_time\" content=\"2019-09-27T08:52:19+00:00\" \/>\n<meta property=\"article:modified_time\" content=\"2019-10-01T08:52:37+00:00\" \/>\n<meta name=\"author\" content=\"julie Deter\" \/>\n<meta name=\"twitter:card\" content=\"summary_large_image\" \/>\n<meta name=\"twitter:label1\" content=\"Written by\" \/>\n\t<meta name=\"twitter:data1\" content=\"julie Deter\" \/>\n<script type=\"application\/ld+json\" class=\"yoast-schema-graph\">{\"@context\":\"https:\/\/schema.org\",\"@graph\":[{\"@type\":\"Article\",\"@id\":\"https:\/\/www.andromede-ocean.com\/english\/blog\/2019\/09\/27\/conference-de-retour-des-abysses-de-la-mediterranee-a-sete-le-28-09-2019\/#article\",\"isPartOf\":{\"@id\":\"https:\/\/www.andromede-ocean.com\/english\/blog\/2019\/09\/27\/conference-de-retour-des-abysses-de-la-mediterranee-a-sete-le-28-09-2019\/\"},\"author\":{\"name\":\"julie Deter\",\"@id\":\"https:\/\/www.andromede-ocean.com\/english\/#\/schema\/person\/670621606150c9eb5a0c92897263dcf6\"},\"headline\":\"Conf\u00e9rence &#8220;De retour des abysses de la M\u00e9diterran\u00e9e&#8221; \u00e0 S\u00e8te le 28\/09\/2019\",\"datePublished\":\"2019-09-27T08:52:19+00:00\",\"dateModified\":\"2019-10-01T08:52:37+00:00\",\"mainEntityOfPage\":{\"@id\":\"https:\/\/www.andromede-ocean.com\/english\/blog\/2019\/09\/27\/conference-de-retour-des-abysses-de-la-mediterranee-a-sete-le-28-09-2019\/\"},\"wordCount\":66,\"commentCount\":0,\"articleSection\":[\"Conferences\"],\"inLanguage\":\"en-GB\",\"potentialAction\":[{\"@type\":\"CommentAction\",\"name\":\"Comment\",\"target\":[\"https:\/\/www.andromede-ocean.com\/english\/blog\/2019\/09\/27\/conference-de-retour-des-abysses-de-la-mediterranee-a-sete-le-28-09-2019\/#respond\"]}]},{\"@type\":\"WebPage\",\"@id\":\"https:\/\/www.andromede-ocean.com\/english\/blog\/2019\/09\/27\/conference-de-retour-des-abysses-de-la-mediterranee-a-sete-le-28-09-2019\/\",\"url\":\"https:\/\/www.andromede-ocean.com\/english\/blog\/2019\/09\/27\/conference-de-retour-des-abysses-de-la-mediterranee-a-sete-le-28-09-2019\/\",\"name\":\"Conf\u00e9rence \\\"De retour des abysses de la M\u00e9diterran\u00e9e\\\" \u00e0 S\u00e8te le 28\/09\/2019 - Androm\u00e8de Oc\u00e9anologie\",\"isPartOf\":{\"@id\":\"https:\/\/www.andromede-ocean.com\/english\/#website\"},\"datePublished\":\"2019-09-27T08:52:19+00:00\",\"dateModified\":\"2019-10-01T08:52:37+00:00\",\"author\":{\"@id\":\"https:\/\/www.andromede-ocean.com\/english\/#\/schema\/person\/670621606150c9eb5a0c92897263dcf6\"},\"breadcrumb\":{\"@id\":\"https:\/\/www.andromede-ocean.com\/english\/blog\/2019\/09\/27\/conference-de-retour-des-abysses-de-la-mediterranee-a-sete-le-28-09-2019\/#breadcrumb\"},\"inLanguage\":\"en-GB\",\"potentialAction\":[{\"@type\":\"ReadAction\",\"target\":[\"https:\/\/www.andromede-ocean.com\/english\/blog\/2019\/09\/27\/conference-de-retour-des-abysses-de-la-mediterranee-a-sete-le-28-09-2019\/\"]}]},{\"@type\":\"BreadcrumbList\",\"@id\":\"https:\/\/www.andromede-ocean.com\/english\/blog\/2019\/09\/27\/conference-de-retour-des-abysses-de-la-mediterranee-a-sete-le-28-09-2019\/#breadcrumb\",\"itemListElement\":[{\"@type\":\"ListItem\",\"position\":1,\"name\":\"Accueil\",\"item\":\"https:\/\/www.andromede-ocean.com\/english\/\"},{\"@type\":\"ListItem\",\"position\":2,\"name\":\"Conf\u00e9rence &#8220;De retour des abysses de la M\u00e9diterran\u00e9e&#8221; \u00e0 S\u00e8te le 28\/09\/2019\"}]},{\"@type\":\"WebSite\",\"@id\":\"https:\/\/www.andromede-ocean.com\/english\/#website\",\"url\":\"https:\/\/www.andromede-ocean.com\/english\/\",\"name\":\"Androm\u00e8de Oc\u00e9anologie\",\"description\":\"\",\"potentialAction\":[{\"@type\":\"SearchAction\",\"target\":{\"@type\":\"EntryPoint\",\"urlTemplate\":\"https:\/\/www.andromede-ocean.com\/english\/?s={search_term_string}\"},\"query-input\":{\"@type\":\"PropertyValueSpecification\",\"valueRequired\":true,\"valueName\":\"search_term_string\"}}],\"inLanguage\":\"en-GB\"},{\"@type\":\"Person\",\"@id\":\"https:\/\/www.andromede-ocean.com\/english\/#\/schema\/person\/670621606150c9eb5a0c92897263dcf6\",\"name\":\"julie Deter\",\"image\":{\"@type\":\"ImageObject\",\"inLanguage\":\"en-GB\",\"@id\":\"https:\/\/www.andromede-ocean.com\/english\/#\/schema\/person\/image\/\",\"url\":\"https:\/\/secure.gravatar.com\/avatar\/29b9c20f73f722191c32425ab84445e2b34fcc25b717ea8e1667c86ae7eb81cf?s=96&d=mm&r=g\",\"contentUrl\":\"https:\/\/secure.gravatar.com\/avatar\/29b9c20f73f722191c32425ab84445e2b34fcc25b717ea8e1667c86ae7eb81cf?s=96&d=mm&r=g\",\"caption\":\"julie Deter\"}}]}<\/script>\n<!-- \/ Yoast SEO plugin. -->","yoast_head_json":{"title":"Conf\u00e9rence \"De retour des abysses de la M\u00e9diterran\u00e9e\" \u00e0 S\u00e8te le 28\/09\/2019 - Androm\u00e8de Oc\u00e9anologie","robots":{"index":"index","follow":"follow","max-snippet":"max-snippet:-1","max-image-preview":"max-image-preview:large","max-video-preview":"max-video-preview:-1"},"og_locale":"en_GB","og_type":"article","og_title":"Conf\u00e9rence \"De retour des abysses de la M\u00e9diterran\u00e9e\" \u00e0 S\u00e8te le 28\/09\/2019 - Androm\u00e8de Oc\u00e9anologie","og_description":"Demain \u00e0 20 h, Julie Deter\u00a0 racontera le d\u00e9roul\u00e9 scientifique de l&#8217;exp\u00e9dition Gombessa 5 lors de la conf\u00e9rence\u00a0 &#8220;De retour des abysses de la M\u00e9diterran\u00e9e&#8221; au Cin\u00e9ma le Palace \/ S\u00e8te dans le cadre des assises du territoire du Syndicat mixte du bassin de Thau : Ora Maritima ! Expeditions Gombessa","og_url":"https:\/\/www.andromede-ocean.com\/english\/blog\/2019\/09\/27\/conference-de-retour-des-abysses-de-la-mediterranee-a-sete-le-28-09-2019\/","og_site_name":"Androm\u00e8de Oc\u00e9anologie","article_published_time":"2019-09-27T08:52:19+00:00","article_modified_time":"2019-10-01T08:52:37+00:00","author":"julie Deter","twitter_card":"summary_large_image","twitter_misc":{"Written by":"julie Deter"},"schema":{"@context":"https:\/\/schema.org","@graph":[{"@type":"Article","@id":"https:\/\/www.andromede-ocean.com\/english\/blog\/2019\/09\/27\/conference-de-retour-des-abysses-de-la-mediterranee-a-sete-le-28-09-2019\/#article","isPartOf":{"@id":"https:\/\/www.andromede-ocean.com\/english\/blog\/2019\/09\/27\/conference-de-retour-des-abysses-de-la-mediterranee-a-sete-le-28-09-2019\/"},"author":{"name":"julie Deter","@id":"https:\/\/www.andromede-ocean.com\/english\/#\/schema\/person\/670621606150c9eb5a0c92897263dcf6"},"headline":"Conf\u00e9rence &#8220;De retour des abysses de la M\u00e9diterran\u00e9e&#8221; \u00e0 S\u00e8te le 28\/09\/2019","datePublished":"2019-09-27T08:52:19+00:00","dateModified":"2019-10-01T08:52:37+00:00","mainEntityOfPage":{"@id":"https:\/\/www.andromede-ocean.com\/english\/blog\/2019\/09\/27\/conference-de-retour-des-abysses-de-la-mediterranee-a-sete-le-28-09-2019\/"},"wordCount":66,"commentCount":0,"articleSection":["Conferences"],"inLanguage":"en-GB","potentialAction":[{"@type":"CommentAction","name":"Comment","target":["https:\/\/www.andromede-ocean.com\/english\/blog\/2019\/09\/27\/conference-de-retour-des-abysses-de-la-mediterranee-a-sete-le-28-09-2019\/#respond"]}]},{"@type":"WebPage","@id":"https:\/\/www.andromede-ocean.com\/english\/blog\/2019\/09\/27\/conference-de-retour-des-abysses-de-la-mediterranee-a-sete-le-28-09-2019\/","url":"https:\/\/www.andromede-ocean.com\/english\/blog\/2019\/09\/27\/conference-de-retour-des-abysses-de-la-mediterranee-a-sete-le-28-09-2019\/","name":"Conf\u00e9rence \"De retour des abysses de la M\u00e9diterran\u00e9e\" \u00e0 S\u00e8te le 28\/09\/2019 - Androm\u00e8de Oc\u00e9anologie","isPartOf":{"@id":"https:\/\/www.andromede-ocean.com\/english\/#website"},"datePublished":"2019-09-27T08:52:19+00:00","dateModified":"2019-10-01T08:52:37+00:00","author":{"@id":"https:\/\/www.andromede-ocean.com\/english\/#\/schema\/person\/670621606150c9eb5a0c92897263dcf6"},"breadcrumb":{"@id":"https:\/\/www.andromede-ocean.com\/english\/blog\/2019\/09\/27\/conference-de-retour-des-abysses-de-la-mediterranee-a-sete-le-28-09-2019\/#breadcrumb"},"inLanguage":"en-GB","potentialAction":[{"@type":"ReadAction","target":["https:\/\/www.andromede-ocean.com\/english\/blog\/2019\/09\/27\/conference-de-retour-des-abysses-de-la-mediterranee-a-sete-le-28-09-2019\/"]}]},{"@type":"BreadcrumbList","@id":"https:\/\/www.andromede-ocean.com\/english\/blog\/2019\/09\/27\/conference-de-retour-des-abysses-de-la-mediterranee-a-sete-le-28-09-2019\/#breadcrumb","itemListElement":[{"@type":"ListItem","position":1,"name":"Accueil","item":"https:\/\/www.andromede-ocean.com\/english\/"},{"@type":"ListItem","position":2,"name":"Conf\u00e9rence &#8220;De retour des abysses de la M\u00e9diterran\u00e9e&#8221; \u00e0 S\u00e8te le 28\/09\/2019"}]},{"@type":"WebSite","@id":"https:\/\/www.andromede-ocean.com\/english\/#website","url":"https:\/\/www.andromede-ocean.com\/english\/","name":"Androm\u00e8de Oc\u00e9anologie","description":"","potentialAction":[{"@type":"SearchAction","target":{"@type":"EntryPoint","urlTemplate":"https:\/\/www.andromede-ocean.com\/english\/?s={search_term_string}"},"query-input":{"@type":"PropertyValueSpecification","valueRequired":true,"valueName":"search_term_string"}}],"inLanguage":"en-GB"},{"@type":"Person","@id":"https:\/\/www.andromede-ocean.com\/english\/#\/schema\/person\/670621606150c9eb5a0c92897263dcf6","name":"julie Deter","image":{"@type":"ImageObject","inLanguage":"en-GB","@id":"https:\/\/www.andromede-ocean.com\/english\/#\/schema\/person\/image\/","url":"https:\/\/secure.gravatar.com\/avatar\/29b9c20f73f722191c32425ab84445e2b34fcc25b717ea8e1667c86ae7eb81cf?s=96&d=mm&r=g","contentUrl":"https:\/\/secure.gravatar.com\/avatar\/29b9c20f73f722191c32425ab84445e2b34fcc25b717ea8e1667c86ae7eb81cf?s=96&d=mm&r=g","caption":"julie Deter"}}]}},"_links":{"self":[{"href":"https:\/\/www.andromede-ocean.com\/english\/wp-json\/wp\/v2\/posts\/4144","targetHints":{"allow":["GET"]}}],"collection":[{"href":"https:\/\/www.andromede-ocean.com\/english\/wp-json\/wp\/v2\/posts"}],"about":[{"href":"https:\/\/www.andromede-ocean.com\/english\/wp-json\/wp\/v2\/types\/post"}],"author":[{"embeddable":true,"href":"https:\/\/www.andromede-ocean.com\/english\/wp-json\/wp\/v2\/users\/3"}],"replies":[{"embeddable":true,"href":"https:\/\/www.andromede-ocean.com\/english\/wp-json\/wp\/v2\/comments?post=4144"}],"version-history":[{"count":1,"href":"https:\/\/www.andromede-ocean.com\/english\/wp-json\/wp\/v2\/posts\/4144\/revisions"}],"predecessor-version":[{"id":4145,"href":"https:\/\/www.andromede-ocean.com\/english\/wp-json\/wp\/v2\/posts\/4144\/revisions\/4145"}],"wp:attachment":[{"href":"https:\/\/www.andromede-ocean.com\/english\/wp-json\/wp\/v2\/media?parent=4144"}],"wp:term":[{"taxonomy":"category","embeddable":true,"href":"https:\/\/www.andromede-ocean.com\/english\/wp-json\/wp\/v2\/categories?post=4144"},{"taxonomy":"post_tag","embeddable":true,"href":"https:\/\/www.andromede-ocean.com\/english\/wp-json\/wp\/v2\/tags?post=4144"}],"curies":[{"name":"wp","href":"https:\/\/api.w.org\/{rel}","templated":true}]}}