{"id":355,"date":"2011-01-27T22:52:39","date_gmt":"2011-01-27T21:52:39","guid":{"rendered":"http:\/\/marion-dev.valars.com\/andromede\/?p=355"},"modified":"2019-05-28T14:30:12","modified_gmt":"2019-05-28T12:30:12","slug":"laurent-ballesta-invite-de-la-tete-au-carre","status":"publish","type":"post","link":"https:\/\/www.andromede-ocean.com\/english\/blog\/2011\/01\/27\/laurent-ballesta-invite-de-la-tete-au-carre\/","title":{"rendered":"Laurent Ballesta invit\u00e9 de la t\u00eate au carr\u00e9"},"content":{"rendered":"<p>\t\t\t\t\u00e0 \u00e9couter en post cast sur :<br \/>\n<a href=\"http:\/\/sites.radiofrance.fr\/franceinter\/em\/lateteaucarre\/index.php?id=100430\">http:\/\/sites.radiofrance.fr\/f<\/a><a href=\"http:\/\/www.andromede-ocean.com\/english\/wp-content\/uploads\/sites\/2\/17.jpg\"><img loading=\"lazy\" decoding=\"async\" class=\"alignleft size-medium wp-image-356\" title=\"17\" src=\"http:\/\/www.andromede-ocean.com\/english\/wp-content\/uploads\/sites\/2\/17-263x300.jpg\" alt=\"\" width=\"263\" height=\"300\" \/><\/a>ranceinter\/em\/lateteaucarre\/index.php?id=100430\t\t<\/p>\n","protected":false},"excerpt":{"rendered":"<p>\u00e0 \u00e9couter en post cast sur : http:\/\/sites.radiofrance.fr\/franceinter\/em\/lateteaucarre\/index.php?id=100430<\/p>\n","protected":false},"author":4,"featured_media":0,"comment_status":"closed","ping_status":"closed","sticky":false,"template":"","format":"standard","meta":{"_et_pb_use_builder":"","_et_pb_old_content":"","_et_gb_content_width":"","footnotes":""},"categories":[1],"tags":[],"class_list":["post-355","post","type-post","status-publish","format-standard","hentry","category-non-classe"],"yoast_head":"<!-- This site is optimized with the Yoast SEO plugin v27.0 - https:\/\/yoast.com\/product\/yoast-seo-wordpress\/ -->\n<title>Laurent Ballesta invit\u00e9 de la t\u00eate au carr\u00e9 - Androm\u00e8de Oc\u00e9anologie<\/title>\n<meta name=\"robots\" content=\"index, follow, max-snippet:-1, max-image-preview:large, max-video-preview:-1\" \/>\n<meta property=\"og:locale\" content=\"en_GB\" \/>\n<meta property=\"og:type\" content=\"article\" \/>\n<meta property=\"og:title\" content=\"Laurent Ballesta invit\u00e9 de la t\u00eate au carr\u00e9 - Androm\u00e8de Oc\u00e9anologie\" \/>\n<meta property=\"og:description\" content=\"\u00e0 \u00e9couter en post cast sur : http:\/\/sites.radiofrance.fr\/franceinter\/em\/lateteaucarre\/index.php?id=100430\" \/>\n<meta property=\"og:url\" content=\"https:\/\/www.andromede-ocean.com\/english\/blog\/2011\/01\/27\/laurent-ballesta-invite-de-la-tete-au-carre\/\" \/>\n<meta property=\"og:site_name\" content=\"Androm\u00e8de Oc\u00e9anologie\" \/>\n<meta property=\"article:published_time\" content=\"2011-01-27T21:52:39+00:00\" \/>\n<meta property=\"article:modified_time\" content=\"2019-05-28T12:30:12+00:00\" \/>\n<meta property=\"og:image\" content=\"http:\/\/www.andromede-ocean.com\/english\/wp-content\/uploads\/sites\/2\/17-263x300.jpg\" \/>\n<meta name=\"author\" content=\"Pierre Descamp\" \/>\n<meta name=\"twitter:card\" content=\"summary_large_image\" \/>\n<meta name=\"twitter:label1\" content=\"Written by\" \/>\n\t<meta name=\"twitter:data1\" content=\"Pierre Descamp\" \/>\n<script type=\"application\/ld+json\" class=\"yoast-schema-graph\">{\"@context\":\"https:\/\/schema.org\",\"@graph\":[{\"@type\":\"Article\",\"@id\":\"https:\/\/www.andromede-ocean.com\/english\/blog\/2011\/01\/27\/laurent-ballesta-invite-de-la-tete-au-carre\/#article\",\"isPartOf\":{\"@id\":\"https:\/\/www.andromede-ocean.com\/english\/blog\/2011\/01\/27\/laurent-ballesta-invite-de-la-tete-au-carre\/\"},\"author\":{\"name\":\"Pierre Descamp\",\"@id\":\"https:\/\/www.andromede-ocean.com\/english\/#\/schema\/person\/b85de64939bd2607453a4a0255735406\"},\"headline\":\"Laurent Ballesta invit\u00e9 de la t\u00eate au carr\u00e9\",\"datePublished\":\"2011-01-27T21:52:39+00:00\",\"dateModified\":\"2019-05-28T12:30:12+00:00\",\"mainEntityOfPage\":{\"@id\":\"https:\/\/www.andromede-ocean.com\/english\/blog\/2011\/01\/27\/laurent-ballesta-invite-de-la-tete-au-carre\/\"},\"wordCount\":25,\"image\":{\"@id\":\"https:\/\/www.andromede-ocean.com\/english\/blog\/2011\/01\/27\/laurent-ballesta-invite-de-la-tete-au-carre\/#primaryimage\"},\"thumbnailUrl\":\"http:\/\/www.andromede-ocean.com\/english\/wp-content\/uploads\/sites\/2\/17-263x300.jpg\",\"articleSection\":[\"Not rated\"],\"inLanguage\":\"en-GB\"},{\"@type\":\"WebPage\",\"@id\":\"https:\/\/www.andromede-ocean.com\/english\/blog\/2011\/01\/27\/laurent-ballesta-invite-de-la-tete-au-carre\/\",\"url\":\"https:\/\/www.andromede-ocean.com\/english\/blog\/2011\/01\/27\/laurent-ballesta-invite-de-la-tete-au-carre\/\",\"name\":\"Laurent Ballesta invit\u00e9 de la t\u00eate au carr\u00e9 - Androm\u00e8de Oc\u00e9anologie\",\"isPartOf\":{\"@id\":\"https:\/\/www.andromede-ocean.com\/english\/#website\"},\"primaryImageOfPage\":{\"@id\":\"https:\/\/www.andromede-ocean.com\/english\/blog\/2011\/01\/27\/laurent-ballesta-invite-de-la-tete-au-carre\/#primaryimage\"},\"image\":{\"@id\":\"https:\/\/www.andromede-ocean.com\/english\/blog\/2011\/01\/27\/laurent-ballesta-invite-de-la-tete-au-carre\/#primaryimage\"},\"thumbnailUrl\":\"http:\/\/www.andromede-ocean.com\/english\/wp-content\/uploads\/sites\/2\/17-263x300.jpg\",\"datePublished\":\"2011-01-27T21:52:39+00:00\",\"dateModified\":\"2019-05-28T12:30:12+00:00\",\"author\":{\"@id\":\"https:\/\/www.andromede-ocean.com\/english\/#\/schema\/person\/b85de64939bd2607453a4a0255735406\"},\"breadcrumb\":{\"@id\":\"https:\/\/www.andromede-ocean.com\/english\/blog\/2011\/01\/27\/laurent-ballesta-invite-de-la-tete-au-carre\/#breadcrumb\"},\"inLanguage\":\"en-GB\",\"potentialAction\":[{\"@type\":\"ReadAction\",\"target\":[\"https:\/\/www.andromede-ocean.com\/english\/blog\/2011\/01\/27\/laurent-ballesta-invite-de-la-tete-au-carre\/\"]}]},{\"@type\":\"ImageObject\",\"inLanguage\":\"en-GB\",\"@id\":\"https:\/\/www.andromede-ocean.com\/english\/blog\/2011\/01\/27\/laurent-ballesta-invite-de-la-tete-au-carre\/#primaryimage\",\"url\":\"\",\"contentUrl\":\"\"},{\"@type\":\"BreadcrumbList\",\"@id\":\"https:\/\/www.andromede-ocean.com\/english\/blog\/2011\/01\/27\/laurent-ballesta-invite-de-la-tete-au-carre\/#breadcrumb\",\"itemListElement\":[{\"@type\":\"ListItem\",\"position\":1,\"name\":\"Accueil\",\"item\":\"https:\/\/www.andromede-ocean.com\/english\/\"},{\"@type\":\"ListItem\",\"position\":2,\"name\":\"Laurent Ballesta invit\u00e9 de la t\u00eate au carr\u00e9\"}]},{\"@type\":\"WebSite\",\"@id\":\"https:\/\/www.andromede-ocean.com\/english\/#website\",\"url\":\"https:\/\/www.andromede-ocean.com\/english\/\",\"name\":\"Androm\u00e8de Oc\u00e9anologie\",\"description\":\"\",\"potentialAction\":[{\"@type\":\"SearchAction\",\"target\":{\"@type\":\"EntryPoint\",\"urlTemplate\":\"https:\/\/www.andromede-ocean.com\/english\/?s={search_term_string}\"},\"query-input\":{\"@type\":\"PropertyValueSpecification\",\"valueRequired\":true,\"valueName\":\"search_term_string\"}}],\"inLanguage\":\"en-GB\"},{\"@type\":\"Person\",\"@id\":\"https:\/\/www.andromede-ocean.com\/english\/#\/schema\/person\/b85de64939bd2607453a4a0255735406\",\"name\":\"Pierre Descamp\",\"image\":{\"@type\":\"ImageObject\",\"inLanguage\":\"en-GB\",\"@id\":\"https:\/\/www.andromede-ocean.com\/english\/#\/schema\/person\/image\/\",\"url\":\"https:\/\/secure.gravatar.com\/avatar\/af346b3036f5a3cae5eba06f561141cff203d9fe7c0c75b65aac36c4ecd44a4f?s=96&d=mm&r=g\",\"contentUrl\":\"https:\/\/secure.gravatar.com\/avatar\/af346b3036f5a3cae5eba06f561141cff203d9fe7c0c75b65aac36c4ecd44a4f?s=96&d=mm&r=g\",\"caption\":\"Pierre Descamp\"},\"sameAs\":[\"http:\/\/www.andromede-ocean.com\"]}]}<\/script>\n<!-- \/ Yoast SEO plugin. -->","yoast_head_json":{"title":"Laurent Ballesta invit\u00e9 de la t\u00eate au carr\u00e9 - Androm\u00e8de Oc\u00e9anologie","robots":{"index":"index","follow":"follow","max-snippet":"max-snippet:-1","max-image-preview":"max-image-preview:large","max-video-preview":"max-video-preview:-1"},"og_locale":"en_GB","og_type":"article","og_title":"Laurent Ballesta invit\u00e9 de la t\u00eate au carr\u00e9 - Androm\u00e8de Oc\u00e9anologie","og_description":"\u00e0 \u00e9couter en post cast sur : http:\/\/sites.radiofrance.fr\/franceinter\/em\/lateteaucarre\/index.php?id=100430","og_url":"https:\/\/www.andromede-ocean.com\/english\/blog\/2011\/01\/27\/laurent-ballesta-invite-de-la-tete-au-carre\/","og_site_name":"Androm\u00e8de Oc\u00e9anologie","article_published_time":"2011-01-27T21:52:39+00:00","article_modified_time":"2019-05-28T12:30:12+00:00","og_image":[{"url":"http:\/\/www.andromede-ocean.com\/english\/wp-content\/uploads\/sites\/2\/17-263x300.jpg","type":"","width":"","height":""}],"author":"Pierre Descamp","twitter_card":"summary_large_image","twitter_misc":{"Written by":"Pierre Descamp"},"schema":{"@context":"https:\/\/schema.org","@graph":[{"@type":"Article","@id":"https:\/\/www.andromede-ocean.com\/english\/blog\/2011\/01\/27\/laurent-ballesta-invite-de-la-tete-au-carre\/#article","isPartOf":{"@id":"https:\/\/www.andromede-ocean.com\/english\/blog\/2011\/01\/27\/laurent-ballesta-invite-de-la-tete-au-carre\/"},"author":{"name":"Pierre Descamp","@id":"https:\/\/www.andromede-ocean.com\/english\/#\/schema\/person\/b85de64939bd2607453a4a0255735406"},"headline":"Laurent Ballesta invit\u00e9 de la t\u00eate au carr\u00e9","datePublished":"2011-01-27T21:52:39+00:00","dateModified":"2019-05-28T12:30:12+00:00","mainEntityOfPage":{"@id":"https:\/\/www.andromede-ocean.com\/english\/blog\/2011\/01\/27\/laurent-ballesta-invite-de-la-tete-au-carre\/"},"wordCount":25,"image":{"@id":"https:\/\/www.andromede-ocean.com\/english\/blog\/2011\/01\/27\/laurent-ballesta-invite-de-la-tete-au-carre\/#primaryimage"},"thumbnailUrl":"http:\/\/www.andromede-ocean.com\/english\/wp-content\/uploads\/sites\/2\/17-263x300.jpg","articleSection":["Not rated"],"inLanguage":"en-GB"},{"@type":"WebPage","@id":"https:\/\/www.andromede-ocean.com\/english\/blog\/2011\/01\/27\/laurent-ballesta-invite-de-la-tete-au-carre\/","url":"https:\/\/www.andromede-ocean.com\/english\/blog\/2011\/01\/27\/laurent-ballesta-invite-de-la-tete-au-carre\/","name":"Laurent Ballesta invit\u00e9 de la t\u00eate au carr\u00e9 - Androm\u00e8de Oc\u00e9anologie","isPartOf":{"@id":"https:\/\/www.andromede-ocean.com\/english\/#website"},"primaryImageOfPage":{"@id":"https:\/\/www.andromede-ocean.com\/english\/blog\/2011\/01\/27\/laurent-ballesta-invite-de-la-tete-au-carre\/#primaryimage"},"image":{"@id":"https:\/\/www.andromede-ocean.com\/english\/blog\/2011\/01\/27\/laurent-ballesta-invite-de-la-tete-au-carre\/#primaryimage"},"thumbnailUrl":"http:\/\/www.andromede-ocean.com\/english\/wp-content\/uploads\/sites\/2\/17-263x300.jpg","datePublished":"2011-01-27T21:52:39+00:00","dateModified":"2019-05-28T12:30:12+00:00","author":{"@id":"https:\/\/www.andromede-ocean.com\/english\/#\/schema\/person\/b85de64939bd2607453a4a0255735406"},"breadcrumb":{"@id":"https:\/\/www.andromede-ocean.com\/english\/blog\/2011\/01\/27\/laurent-ballesta-invite-de-la-tete-au-carre\/#breadcrumb"},"inLanguage":"en-GB","potentialAction":[{"@type":"ReadAction","target":["https:\/\/www.andromede-ocean.com\/english\/blog\/2011\/01\/27\/laurent-ballesta-invite-de-la-tete-au-carre\/"]}]},{"@type":"ImageObject","inLanguage":"en-GB","@id":"https:\/\/www.andromede-ocean.com\/english\/blog\/2011\/01\/27\/laurent-ballesta-invite-de-la-tete-au-carre\/#primaryimage","url":"","contentUrl":""},{"@type":"BreadcrumbList","@id":"https:\/\/www.andromede-ocean.com\/english\/blog\/2011\/01\/27\/laurent-ballesta-invite-de-la-tete-au-carre\/#breadcrumb","itemListElement":[{"@type":"ListItem","position":1,"name":"Accueil","item":"https:\/\/www.andromede-ocean.com\/english\/"},{"@type":"ListItem","position":2,"name":"Laurent Ballesta invit\u00e9 de la t\u00eate au carr\u00e9"}]},{"@type":"WebSite","@id":"https:\/\/www.andromede-ocean.com\/english\/#website","url":"https:\/\/www.andromede-ocean.com\/english\/","name":"Androm\u00e8de Oc\u00e9anologie","description":"","potentialAction":[{"@type":"SearchAction","target":{"@type":"EntryPoint","urlTemplate":"https:\/\/www.andromede-ocean.com\/english\/?s={search_term_string}"},"query-input":{"@type":"PropertyValueSpecification","valueRequired":true,"valueName":"search_term_string"}}],"inLanguage":"en-GB"},{"@type":"Person","@id":"https:\/\/www.andromede-ocean.com\/english\/#\/schema\/person\/b85de64939bd2607453a4a0255735406","name":"Pierre Descamp","image":{"@type":"ImageObject","inLanguage":"en-GB","@id":"https:\/\/www.andromede-ocean.com\/english\/#\/schema\/person\/image\/","url":"https:\/\/secure.gravatar.com\/avatar\/af346b3036f5a3cae5eba06f561141cff203d9fe7c0c75b65aac36c4ecd44a4f?s=96&d=mm&r=g","contentUrl":"https:\/\/secure.gravatar.com\/avatar\/af346b3036f5a3cae5eba06f561141cff203d9fe7c0c75b65aac36c4ecd44a4f?s=96&d=mm&r=g","caption":"Pierre Descamp"},"sameAs":["http:\/\/www.andromede-ocean.com"]}]}},"_links":{"self":[{"href":"https:\/\/www.andromede-ocean.com\/english\/wp-json\/wp\/v2\/posts\/355","targetHints":{"allow":["GET"]}}],"collection":[{"href":"https:\/\/www.andromede-ocean.com\/english\/wp-json\/wp\/v2\/posts"}],"about":[{"href":"https:\/\/www.andromede-ocean.com\/english\/wp-json\/wp\/v2\/types\/post"}],"author":[{"embeddable":true,"href":"https:\/\/www.andromede-ocean.com\/english\/wp-json\/wp\/v2\/users\/4"}],"replies":[{"embeddable":true,"href":"https:\/\/www.andromede-ocean.com\/english\/wp-json\/wp\/v2\/comments?post=355"}],"version-history":[{"count":1,"href":"https:\/\/www.andromede-ocean.com\/english\/wp-json\/wp\/v2\/posts\/355\/revisions"}],"predecessor-version":[{"id":2717,"href":"https:\/\/www.andromede-ocean.com\/english\/wp-json\/wp\/v2\/posts\/355\/revisions\/2717"}],"wp:attachment":[{"href":"https:\/\/www.andromede-ocean.com\/english\/wp-json\/wp\/v2\/media?parent=355"}],"wp:term":[{"taxonomy":"category","embeddable":true,"href":"https:\/\/www.andromede-ocean.com\/english\/wp-json\/wp\/v2\/categories?post=355"},{"taxonomy":"post_tag","embeddable":true,"href":"https:\/\/www.andromede-ocean.com\/english\/wp-json\/wp\/v2\/tags?post=355"}],"curies":[{"name":"wp","href":"https:\/\/api.w.org\/{rel}","templated":true}]}}