{"id":2651,"date":"2019-04-18T09:05:54","date_gmt":"2019-04-18T08:05:54","guid":{"rendered":"http:\/\/marion-dev.valars.com\/andromede\/?p=2651"},"modified":"2019-06-25T12:29:00","modified_gmt":"2019-06-25T10:29:00","slug":"antarctica-sur-les-traces-de-lempereur-rediffuse-sur-arte","status":"publish","type":"post","link":"https:\/\/www.andromede-ocean.com\/english\/blog\/2019\/04\/18\/antarctica-sur-les-traces-de-lempereur-rediffuse-sur-arte\/","title":{"rendered":"Antarctica, sur les traces de l&#8217;empereur, rediffus\u00e9 sur Arte"},"content":{"rendered":"\t\t\t\t\r\n<p>Ne ratez pas la rediffusion du film de 90 minutes issu de l&#8217;exp\u00e9dition Antarctica avec Laurent Ballesta et Vincent Munier sur arte samedi 27 avril \u00e0  10h30 ! Il est aussi disponible sur https:\/\/www.arte.tv\/fr\/videos\/060769-000-A\/antarctica-sur-les-traces-de-l-empereur\/ (arte+7) jusqu&#8217;au 4 juin 2019 <\/p>\r\n\r\n\r\n<figure class=\"wp-block-image\"><img decoding=\"async\" src=\"http:\/\/www.andromede-ocean.com\/english\/wp-content\/uploads\/sites\/2\/PhoqueCredit-1024x681.jpg\" alt=\"\" class=\"wp-image-1983\"\/><\/figure>\r\n\t\t","protected":false},"excerpt":{"rendered":"<p>Ne ratez pas la rediffusion du film de 90 minutes issu de l&#8217;exp\u00e9dition Antarctica avec Laurent Ballesta et Vincent Munier sur arte samedi 27 avril \u00e0 10h30 ! Il est aussi disponible sur https:\/\/www.arte.tv\/fr\/videos\/060769-000-A\/antarctica-sur-les-traces-de-l-empereur\/ (arte+7) jusqu&#8217;au 4 juin 2019<\/p>\n","protected":false},"author":3,"featured_media":4006,"comment_status":"closed","ping_status":"open","sticky":false,"template":"","format":"standard","meta":{"_et_pb_use_builder":"","_et_pb_old_content":"","_et_gb_content_width":"","footnotes":""},"categories":[1],"tags":[],"class_list":["post-2651","post","type-post","status-publish","format-standard","has-post-thumbnail","hentry","category-non-classe"],"yoast_head":"<!-- This site is optimized with the Yoast SEO plugin v27.0 - https:\/\/yoast.com\/product\/yoast-seo-wordpress\/ -->\n<title>Antarctica, sur les traces de l&#039;empereur, rediffus\u00e9 sur Arte - Androm\u00e8de Oc\u00e9anologie<\/title>\n<meta name=\"robots\" content=\"index, follow, max-snippet:-1, max-image-preview:large, max-video-preview:-1\" \/>\n<meta property=\"og:locale\" content=\"en_GB\" \/>\n<meta property=\"og:type\" content=\"article\" \/>\n<meta property=\"og:title\" content=\"Antarctica, sur les traces de l&#039;empereur, rediffus\u00e9 sur Arte - Androm\u00e8de Oc\u00e9anologie\" \/>\n<meta property=\"og:description\" content=\"Ne ratez pas la rediffusion du film de 90 minutes issu de l&#8217;exp\u00e9dition Antarctica avec Laurent Ballesta et Vincent Munier sur arte samedi 27 avril \u00e0 10h30 ! Il est aussi disponible sur https:\/\/www.arte.tv\/fr\/videos\/060769-000-A\/antarctica-sur-les-traces-de-l-empereur\/ (arte+7) jusqu&#8217;au 4 juin 2019\" \/>\n<meta property=\"og:url\" content=\"https:\/\/www.andromede-ocean.com\/english\/blog\/2019\/04\/18\/antarctica-sur-les-traces-de-lempereur-rediffuse-sur-arte\/\" \/>\n<meta property=\"og:site_name\" content=\"Androm\u00e8de Oc\u00e9anologie\" \/>\n<meta property=\"article:published_time\" content=\"2019-04-18T08:05:54+00:00\" \/>\n<meta property=\"article:modified_time\" content=\"2019-06-25T10:29:00+00:00\" \/>\n<meta property=\"og:image\" content=\"https:\/\/www.andromede-ocean.com\/english\/wp-content\/uploads\/sites\/2\/2019\/04\/blog_antarctica.jpg\" \/>\n\t<meta property=\"og:image:width\" content=\"800\" \/>\n\t<meta property=\"og:image:height\" content=\"450\" \/>\n\t<meta property=\"og:image:type\" content=\"image\/jpeg\" \/>\n<meta name=\"author\" content=\"julie Deter\" \/>\n<meta name=\"twitter:card\" content=\"summary_large_image\" \/>\n<meta name=\"twitter:label1\" content=\"Written by\" \/>\n\t<meta name=\"twitter:data1\" content=\"julie Deter\" \/>\n<script type=\"application\/ld+json\" class=\"yoast-schema-graph\">{\"@context\":\"https:\/\/schema.org\",\"@graph\":[{\"@type\":\"Article\",\"@id\":\"https:\/\/www.andromede-ocean.com\/english\/blog\/2019\/04\/18\/antarctica-sur-les-traces-de-lempereur-rediffuse-sur-arte\/#article\",\"isPartOf\":{\"@id\":\"https:\/\/www.andromede-ocean.com\/english\/blog\/2019\/04\/18\/antarctica-sur-les-traces-de-lempereur-rediffuse-sur-arte\/\"},\"author\":{\"name\":\"julie Deter\",\"@id\":\"https:\/\/www.andromede-ocean.com\/english\/#\/schema\/person\/670621606150c9eb5a0c92897263dcf6\"},\"headline\":\"Antarctica, sur les traces de l&#8217;empereur, rediffus\u00e9 sur Arte\",\"datePublished\":\"2019-04-18T08:05:54+00:00\",\"dateModified\":\"2019-06-25T10:29:00+00:00\",\"mainEntityOfPage\":{\"@id\":\"https:\/\/www.andromede-ocean.com\/english\/blog\/2019\/04\/18\/antarctica-sur-les-traces-de-lempereur-rediffuse-sur-arte\/\"},\"wordCount\":51,\"image\":{\"@id\":\"https:\/\/www.andromede-ocean.com\/english\/blog\/2019\/04\/18\/antarctica-sur-les-traces-de-lempereur-rediffuse-sur-arte\/#primaryimage\"},\"thumbnailUrl\":\"https:\/\/www.andromede-ocean.com\/english\/wp-content\/uploads\/sites\/2\/2019\/04\/blog_antarctica.jpg\",\"articleSection\":[\"Not rated\"],\"inLanguage\":\"en-GB\"},{\"@type\":\"WebPage\",\"@id\":\"https:\/\/www.andromede-ocean.com\/english\/blog\/2019\/04\/18\/antarctica-sur-les-traces-de-lempereur-rediffuse-sur-arte\/\",\"url\":\"https:\/\/www.andromede-ocean.com\/english\/blog\/2019\/04\/18\/antarctica-sur-les-traces-de-lempereur-rediffuse-sur-arte\/\",\"name\":\"Antarctica, sur les traces de l'empereur, rediffus\u00e9 sur Arte - Androm\u00e8de Oc\u00e9anologie\",\"isPartOf\":{\"@id\":\"https:\/\/www.andromede-ocean.com\/english\/#website\"},\"primaryImageOfPage\":{\"@id\":\"https:\/\/www.andromede-ocean.com\/english\/blog\/2019\/04\/18\/antarctica-sur-les-traces-de-lempereur-rediffuse-sur-arte\/#primaryimage\"},\"image\":{\"@id\":\"https:\/\/www.andromede-ocean.com\/english\/blog\/2019\/04\/18\/antarctica-sur-les-traces-de-lempereur-rediffuse-sur-arte\/#primaryimage\"},\"thumbnailUrl\":\"https:\/\/www.andromede-ocean.com\/english\/wp-content\/uploads\/sites\/2\/2019\/04\/blog_antarctica.jpg\",\"datePublished\":\"2019-04-18T08:05:54+00:00\",\"dateModified\":\"2019-06-25T10:29:00+00:00\",\"author\":{\"@id\":\"https:\/\/www.andromede-ocean.com\/english\/#\/schema\/person\/670621606150c9eb5a0c92897263dcf6\"},\"breadcrumb\":{\"@id\":\"https:\/\/www.andromede-ocean.com\/english\/blog\/2019\/04\/18\/antarctica-sur-les-traces-de-lempereur-rediffuse-sur-arte\/#breadcrumb\"},\"inLanguage\":\"en-GB\",\"potentialAction\":[{\"@type\":\"ReadAction\",\"target\":[\"https:\/\/www.andromede-ocean.com\/english\/blog\/2019\/04\/18\/antarctica-sur-les-traces-de-lempereur-rediffuse-sur-arte\/\"]}]},{\"@type\":\"ImageObject\",\"inLanguage\":\"en-GB\",\"@id\":\"https:\/\/www.andromede-ocean.com\/english\/blog\/2019\/04\/18\/antarctica-sur-les-traces-de-lempereur-rediffuse-sur-arte\/#primaryimage\",\"url\":\"https:\/\/www.andromede-ocean.com\/english\/wp-content\/uploads\/sites\/2\/2019\/04\/blog_antarctica.jpg\",\"contentUrl\":\"https:\/\/www.andromede-ocean.com\/english\/wp-content\/uploads\/sites\/2\/2019\/04\/blog_antarctica.jpg\",\"width\":800,\"height\":450,\"caption\":\"Antarctica, sur les traces de l\u2019empereur, rediffus\u00e9 sur Arte\"},{\"@type\":\"BreadcrumbList\",\"@id\":\"https:\/\/www.andromede-ocean.com\/english\/blog\/2019\/04\/18\/antarctica-sur-les-traces-de-lempereur-rediffuse-sur-arte\/#breadcrumb\",\"itemListElement\":[{\"@type\":\"ListItem\",\"position\":1,\"name\":\"Accueil\",\"item\":\"https:\/\/www.andromede-ocean.com\/english\/\"},{\"@type\":\"ListItem\",\"position\":2,\"name\":\"Antarctica, sur les traces de l&#8217;empereur, rediffus\u00e9 sur Arte\"}]},{\"@type\":\"WebSite\",\"@id\":\"https:\/\/www.andromede-ocean.com\/english\/#website\",\"url\":\"https:\/\/www.andromede-ocean.com\/english\/\",\"name\":\"Androm\u00e8de Oc\u00e9anologie\",\"description\":\"\",\"potentialAction\":[{\"@type\":\"SearchAction\",\"target\":{\"@type\":\"EntryPoint\",\"urlTemplate\":\"https:\/\/www.andromede-ocean.com\/english\/?s={search_term_string}\"},\"query-input\":{\"@type\":\"PropertyValueSpecification\",\"valueRequired\":true,\"valueName\":\"search_term_string\"}}],\"inLanguage\":\"en-GB\"},{\"@type\":\"Person\",\"@id\":\"https:\/\/www.andromede-ocean.com\/english\/#\/schema\/person\/670621606150c9eb5a0c92897263dcf6\",\"name\":\"julie Deter\",\"image\":{\"@type\":\"ImageObject\",\"inLanguage\":\"en-GB\",\"@id\":\"https:\/\/www.andromede-ocean.com\/english\/#\/schema\/person\/image\/\",\"url\":\"https:\/\/secure.gravatar.com\/avatar\/29b9c20f73f722191c32425ab84445e2b34fcc25b717ea8e1667c86ae7eb81cf?s=96&d=mm&r=g\",\"contentUrl\":\"https:\/\/secure.gravatar.com\/avatar\/29b9c20f73f722191c32425ab84445e2b34fcc25b717ea8e1667c86ae7eb81cf?s=96&d=mm&r=g\",\"caption\":\"julie Deter\"}}]}<\/script>\n<!-- \/ Yoast SEO plugin. -->","yoast_head_json":{"title":"Antarctica, sur les traces de l'empereur, rediffus\u00e9 sur Arte - Androm\u00e8de Oc\u00e9anologie","robots":{"index":"index","follow":"follow","max-snippet":"max-snippet:-1","max-image-preview":"max-image-preview:large","max-video-preview":"max-video-preview:-1"},"og_locale":"en_GB","og_type":"article","og_title":"Antarctica, sur les traces de l'empereur, rediffus\u00e9 sur Arte - Androm\u00e8de Oc\u00e9anologie","og_description":"Ne ratez pas la rediffusion du film de 90 minutes issu de l&#8217;exp\u00e9dition Antarctica avec Laurent Ballesta et Vincent Munier sur arte samedi 27 avril \u00e0 10h30 ! Il est aussi disponible sur https:\/\/www.arte.tv\/fr\/videos\/060769-000-A\/antarctica-sur-les-traces-de-l-empereur\/ (arte+7) jusqu&#8217;au 4 juin 2019","og_url":"https:\/\/www.andromede-ocean.com\/english\/blog\/2019\/04\/18\/antarctica-sur-les-traces-de-lempereur-rediffuse-sur-arte\/","og_site_name":"Androm\u00e8de Oc\u00e9anologie","article_published_time":"2019-04-18T08:05:54+00:00","article_modified_time":"2019-06-25T10:29:00+00:00","og_image":[{"width":800,"height":450,"url":"https:\/\/www.andromede-ocean.com\/english\/wp-content\/uploads\/sites\/2\/2019\/04\/blog_antarctica.jpg","type":"image\/jpeg"}],"author":"julie Deter","twitter_card":"summary_large_image","twitter_misc":{"Written by":"julie Deter"},"schema":{"@context":"https:\/\/schema.org","@graph":[{"@type":"Article","@id":"https:\/\/www.andromede-ocean.com\/english\/blog\/2019\/04\/18\/antarctica-sur-les-traces-de-lempereur-rediffuse-sur-arte\/#article","isPartOf":{"@id":"https:\/\/www.andromede-ocean.com\/english\/blog\/2019\/04\/18\/antarctica-sur-les-traces-de-lempereur-rediffuse-sur-arte\/"},"author":{"name":"julie Deter","@id":"https:\/\/www.andromede-ocean.com\/english\/#\/schema\/person\/670621606150c9eb5a0c92897263dcf6"},"headline":"Antarctica, sur les traces de l&#8217;empereur, rediffus\u00e9 sur Arte","datePublished":"2019-04-18T08:05:54+00:00","dateModified":"2019-06-25T10:29:00+00:00","mainEntityOfPage":{"@id":"https:\/\/www.andromede-ocean.com\/english\/blog\/2019\/04\/18\/antarctica-sur-les-traces-de-lempereur-rediffuse-sur-arte\/"},"wordCount":51,"image":{"@id":"https:\/\/www.andromede-ocean.com\/english\/blog\/2019\/04\/18\/antarctica-sur-les-traces-de-lempereur-rediffuse-sur-arte\/#primaryimage"},"thumbnailUrl":"https:\/\/www.andromede-ocean.com\/english\/wp-content\/uploads\/sites\/2\/2019\/04\/blog_antarctica.jpg","articleSection":["Not rated"],"inLanguage":"en-GB"},{"@type":"WebPage","@id":"https:\/\/www.andromede-ocean.com\/english\/blog\/2019\/04\/18\/antarctica-sur-les-traces-de-lempereur-rediffuse-sur-arte\/","url":"https:\/\/www.andromede-ocean.com\/english\/blog\/2019\/04\/18\/antarctica-sur-les-traces-de-lempereur-rediffuse-sur-arte\/","name":"Antarctica, sur les traces de l'empereur, rediffus\u00e9 sur Arte - Androm\u00e8de Oc\u00e9anologie","isPartOf":{"@id":"https:\/\/www.andromede-ocean.com\/english\/#website"},"primaryImageOfPage":{"@id":"https:\/\/www.andromede-ocean.com\/english\/blog\/2019\/04\/18\/antarctica-sur-les-traces-de-lempereur-rediffuse-sur-arte\/#primaryimage"},"image":{"@id":"https:\/\/www.andromede-ocean.com\/english\/blog\/2019\/04\/18\/antarctica-sur-les-traces-de-lempereur-rediffuse-sur-arte\/#primaryimage"},"thumbnailUrl":"https:\/\/www.andromede-ocean.com\/english\/wp-content\/uploads\/sites\/2\/2019\/04\/blog_antarctica.jpg","datePublished":"2019-04-18T08:05:54+00:00","dateModified":"2019-06-25T10:29:00+00:00","author":{"@id":"https:\/\/www.andromede-ocean.com\/english\/#\/schema\/person\/670621606150c9eb5a0c92897263dcf6"},"breadcrumb":{"@id":"https:\/\/www.andromede-ocean.com\/english\/blog\/2019\/04\/18\/antarctica-sur-les-traces-de-lempereur-rediffuse-sur-arte\/#breadcrumb"},"inLanguage":"en-GB","potentialAction":[{"@type":"ReadAction","target":["https:\/\/www.andromede-ocean.com\/english\/blog\/2019\/04\/18\/antarctica-sur-les-traces-de-lempereur-rediffuse-sur-arte\/"]}]},{"@type":"ImageObject","inLanguage":"en-GB","@id":"https:\/\/www.andromede-ocean.com\/english\/blog\/2019\/04\/18\/antarctica-sur-les-traces-de-lempereur-rediffuse-sur-arte\/#primaryimage","url":"https:\/\/www.andromede-ocean.com\/english\/wp-content\/uploads\/sites\/2\/2019\/04\/blog_antarctica.jpg","contentUrl":"https:\/\/www.andromede-ocean.com\/english\/wp-content\/uploads\/sites\/2\/2019\/04\/blog_antarctica.jpg","width":800,"height":450,"caption":"Antarctica, sur les traces de l\u2019empereur, rediffus\u00e9 sur Arte"},{"@type":"BreadcrumbList","@id":"https:\/\/www.andromede-ocean.com\/english\/blog\/2019\/04\/18\/antarctica-sur-les-traces-de-lempereur-rediffuse-sur-arte\/#breadcrumb","itemListElement":[{"@type":"ListItem","position":1,"name":"Accueil","item":"https:\/\/www.andromede-ocean.com\/english\/"},{"@type":"ListItem","position":2,"name":"Antarctica, sur les traces de l&#8217;empereur, rediffus\u00e9 sur Arte"}]},{"@type":"WebSite","@id":"https:\/\/www.andromede-ocean.com\/english\/#website","url":"https:\/\/www.andromede-ocean.com\/english\/","name":"Androm\u00e8de Oc\u00e9anologie","description":"","potentialAction":[{"@type":"SearchAction","target":{"@type":"EntryPoint","urlTemplate":"https:\/\/www.andromede-ocean.com\/english\/?s={search_term_string}"},"query-input":{"@type":"PropertyValueSpecification","valueRequired":true,"valueName":"search_term_string"}}],"inLanguage":"en-GB"},{"@type":"Person","@id":"https:\/\/www.andromede-ocean.com\/english\/#\/schema\/person\/670621606150c9eb5a0c92897263dcf6","name":"julie Deter","image":{"@type":"ImageObject","inLanguage":"en-GB","@id":"https:\/\/www.andromede-ocean.com\/english\/#\/schema\/person\/image\/","url":"https:\/\/secure.gravatar.com\/avatar\/29b9c20f73f722191c32425ab84445e2b34fcc25b717ea8e1667c86ae7eb81cf?s=96&d=mm&r=g","contentUrl":"https:\/\/secure.gravatar.com\/avatar\/29b9c20f73f722191c32425ab84445e2b34fcc25b717ea8e1667c86ae7eb81cf?s=96&d=mm&r=g","caption":"julie Deter"}}]}},"_links":{"self":[{"href":"https:\/\/www.andromede-ocean.com\/english\/wp-json\/wp\/v2\/posts\/2651","targetHints":{"allow":["GET"]}}],"collection":[{"href":"https:\/\/www.andromede-ocean.com\/english\/wp-json\/wp\/v2\/posts"}],"about":[{"href":"https:\/\/www.andromede-ocean.com\/english\/wp-json\/wp\/v2\/types\/post"}],"author":[{"embeddable":true,"href":"https:\/\/www.andromede-ocean.com\/english\/wp-json\/wp\/v2\/users\/3"}],"replies":[{"embeddable":true,"href":"https:\/\/www.andromede-ocean.com\/english\/wp-json\/wp\/v2\/comments?post=2651"}],"version-history":[{"count":1,"href":"https:\/\/www.andromede-ocean.com\/english\/wp-json\/wp\/v2\/posts\/2651\/revisions"}],"predecessor-version":[{"id":3253,"href":"https:\/\/www.andromede-ocean.com\/english\/wp-json\/wp\/v2\/posts\/2651\/revisions\/3253"}],"wp:featuredmedia":[{"embeddable":true,"href":"https:\/\/www.andromede-ocean.com\/english\/wp-json\/wp\/v2\/media\/4006"}],"wp:attachment":[{"href":"https:\/\/www.andromede-ocean.com\/english\/wp-json\/wp\/v2\/media?parent=2651"}],"wp:term":[{"taxonomy":"category","embeddable":true,"href":"https:\/\/www.andromede-ocean.com\/english\/wp-json\/wp\/v2\/categories?post=2651"},{"taxonomy":"post_tag","embeddable":true,"href":"https:\/\/www.andromede-ocean.com\/english\/wp-json\/wp\/v2\/tags?post=2651"}],"curies":[{"name":"wp","href":"https:\/\/api.w.org\/{rel}","templated":true}]}}