{"id":2626,"date":"2019-03-17T12:52:34","date_gmt":"2019-03-17T11:52:34","guid":{"rendered":"http:\/\/marion-dev.valars.com\/andromede\/?p=2626"},"modified":"2019-06-21T17:56:30","modified_gmt":"2019-06-21T15:56:30","slug":"le-zembra-aux-couleurs-de-lexpedition-gombessa-5","status":"publish","type":"post","link":"https:\/\/www.andromede-ocean.com\/english\/blog\/2019\/03\/17\/le-zembra-aux-couleurs-de-lexpedition-gombessa-5\/","title":{"rendered":"Le Zembra, aux couleurs de l&#8217;exp\u00e9dition Gombessa 5"},"content":{"rendered":"<div id=\"attachment_2627\" style=\"width: 624px\" class=\"wp-caption alignleft\"><a href=\"http:\/\/www.andromede-ocean.com\/english\/wp-content\/uploads\/sites\/2\/zembra-pour-gombessa5.jpg\"><img loading=\"lazy\" decoding=\"async\" aria-describedby=\"caption-attachment-2627\" class=\" wp-image-2627 \" alt=\"Photo : Stephen Maurond\" src=\"http:\/\/www.andromede-ocean.com\/english\/wp-content\/uploads\/sites\/2\/zembra-pour-gombessa5-1024x765.jpg\" width=\"614\" height=\"459\" \/><\/a><p id=\"caption-attachment-2627\" class=\"wp-caption-text\">Zembra aux couleurs de l&#8217;exp\u00e9dition Gombessa 5. Photo : Stephen Mauron<\/p><\/div>\n<p style=\"text-align: center;\">Le Zembra, catamaran d&#8217;Androm\u00e8de oc\u00e9anologie,<\/p>\n<p style=\"text-align: center;\">arbore fi\u00e8rement ses nouvelles couleurs<\/p>\n<p style=\"text-align: center;\">\u00e0 l&#8217;image de<\/p>\n<p style=\"text-align: center;\"><strong>l&#8217;exp\u00e9dition Gombessa 5 &#8220;Plan\u00e8te M\u00e9diterran\u00e9e&#8221; <\/strong><\/p>\n<p style=\"text-align: center;\">pr\u00e9vue en juillet prochain<\/p>\n<p style=\"text-align: center;\">pour explorer la zone cr\u00e9pusculaire de M\u00e9diterran\u00e9e Fran\u00e7aise.<\/p>\n","protected":false},"excerpt":{"rendered":"<p>Le Zembra, catamaran d&#8217;Androm\u00e8de oc\u00e9anologie, arbore fi\u00e8rement ses nouvelles couleurs \u00e0 l&#8217;image de l&#8217;exp\u00e9dition Gombessa 5 &#8220;Plan\u00e8te M\u00e9diterran\u00e9e&#8221; pr\u00e9vue en juillet prochain pour explorer la zone cr\u00e9pusculaire de M\u00e9diterran\u00e9e Fran\u00e7aise.<\/p>\n","protected":false},"author":3,"featured_media":3265,"comment_status":"closed","ping_status":"open","sticky":false,"template":"","format":"standard","meta":{"_et_pb_use_builder":"","_et_pb_old_content":"","_et_gb_content_width":"","footnotes":""},"categories":[5,6],"tags":[],"class_list":["post-2626","post","type-post","status-publish","format-standard","has-post-thumbnail","hentry","category-expeditions","category-reseaux-surveillance"],"yoast_head":"<!-- This site is optimized with the Yoast SEO plugin v27.0 - https:\/\/yoast.com\/product\/yoast-seo-wordpress\/ -->\n<title>Le Zembra, aux couleurs de l&#039;exp\u00e9dition Gombessa 5 - Androm\u00e8de Oc\u00e9anologie<\/title>\n<meta name=\"robots\" content=\"index, follow, max-snippet:-1, max-image-preview:large, max-video-preview:-1\" \/>\n<meta property=\"og:locale\" content=\"en_GB\" \/>\n<meta property=\"og:type\" content=\"article\" \/>\n<meta property=\"og:title\" content=\"Le Zembra, aux couleurs de l&#039;exp\u00e9dition Gombessa 5 - Androm\u00e8de Oc\u00e9anologie\" \/>\n<meta property=\"og:description\" content=\"Le Zembra, catamaran d&#8217;Androm\u00e8de oc\u00e9anologie, arbore fi\u00e8rement ses nouvelles couleurs \u00e0 l&#8217;image de l&#8217;exp\u00e9dition Gombessa 5 &#8220;Plan\u00e8te M\u00e9diterran\u00e9e&#8221; pr\u00e9vue en juillet prochain pour explorer la zone cr\u00e9pusculaire de M\u00e9diterran\u00e9e Fran\u00e7aise.\" \/>\n<meta property=\"og:url\" content=\"https:\/\/www.andromede-ocean.com\/english\/blog\/2019\/03\/17\/le-zembra-aux-couleurs-de-lexpedition-gombessa-5\/\" \/>\n<meta property=\"og:site_name\" content=\"Androm\u00e8de Oc\u00e9anologie\" \/>\n<meta property=\"article:published_time\" content=\"2019-03-17T11:52:34+00:00\" \/>\n<meta property=\"article:modified_time\" content=\"2019-06-21T15:56:30+00:00\" \/>\n<meta property=\"og:image\" content=\"https:\/\/www.andromede-ocean.com\/english\/wp-content\/uploads\/sites\/2\/zembra-pour-gombessa5.jpg\" \/>\n\t<meta property=\"og:image:width\" content=\"1600\" \/>\n\t<meta property=\"og:image:height\" content=\"1196\" \/>\n\t<meta property=\"og:image:type\" content=\"image\/jpeg\" \/>\n<meta name=\"author\" content=\"julie Deter\" \/>\n<meta name=\"twitter:card\" content=\"summary_large_image\" \/>\n<meta name=\"twitter:label1\" content=\"Written by\" \/>\n\t<meta name=\"twitter:data1\" content=\"julie Deter\" \/>\n<script type=\"application\/ld+json\" class=\"yoast-schema-graph\">{\"@context\":\"https:\/\/schema.org\",\"@graph\":[{\"@type\":\"Article\",\"@id\":\"https:\/\/www.andromede-ocean.com\/english\/blog\/2019\/03\/17\/le-zembra-aux-couleurs-de-lexpedition-gombessa-5\/#article\",\"isPartOf\":{\"@id\":\"https:\/\/www.andromede-ocean.com\/english\/blog\/2019\/03\/17\/le-zembra-aux-couleurs-de-lexpedition-gombessa-5\/\"},\"author\":{\"name\":\"julie Deter\",\"@id\":\"https:\/\/www.andromede-ocean.com\/english\/#\/schema\/person\/670621606150c9eb5a0c92897263dcf6\"},\"headline\":\"Le Zembra, aux couleurs de l&#8217;exp\u00e9dition Gombessa 5\",\"datePublished\":\"2019-03-17T11:52:34+00:00\",\"dateModified\":\"2019-06-21T15:56:30+00:00\",\"mainEntityOfPage\":{\"@id\":\"https:\/\/www.andromede-ocean.com\/english\/blog\/2019\/03\/17\/le-zembra-aux-couleurs-de-lexpedition-gombessa-5\/\"},\"wordCount\":65,\"image\":{\"@id\":\"https:\/\/www.andromede-ocean.com\/english\/blog\/2019\/03\/17\/le-zembra-aux-couleurs-de-lexpedition-gombessa-5\/#primaryimage\"},\"thumbnailUrl\":\"https:\/\/www.andromede-ocean.com\/english\/wp-content\/uploads\/sites\/2\/zembra-pour-gombessa5.jpg\",\"articleSection\":[\"Expeditions\",\"Monitoring\"],\"inLanguage\":\"en-GB\"},{\"@type\":\"WebPage\",\"@id\":\"https:\/\/www.andromede-ocean.com\/english\/blog\/2019\/03\/17\/le-zembra-aux-couleurs-de-lexpedition-gombessa-5\/\",\"url\":\"https:\/\/www.andromede-ocean.com\/english\/blog\/2019\/03\/17\/le-zembra-aux-couleurs-de-lexpedition-gombessa-5\/\",\"name\":\"Le Zembra, aux couleurs de l'exp\u00e9dition Gombessa 5 - Androm\u00e8de Oc\u00e9anologie\",\"isPartOf\":{\"@id\":\"https:\/\/www.andromede-ocean.com\/english\/#website\"},\"primaryImageOfPage\":{\"@id\":\"https:\/\/www.andromede-ocean.com\/english\/blog\/2019\/03\/17\/le-zembra-aux-couleurs-de-lexpedition-gombessa-5\/#primaryimage\"},\"image\":{\"@id\":\"https:\/\/www.andromede-ocean.com\/english\/blog\/2019\/03\/17\/le-zembra-aux-couleurs-de-lexpedition-gombessa-5\/#primaryimage\"},\"thumbnailUrl\":\"https:\/\/www.andromede-ocean.com\/english\/wp-content\/uploads\/sites\/2\/zembra-pour-gombessa5.jpg\",\"datePublished\":\"2019-03-17T11:52:34+00:00\",\"dateModified\":\"2019-06-21T15:56:30+00:00\",\"author\":{\"@id\":\"https:\/\/www.andromede-ocean.com\/english\/#\/schema\/person\/670621606150c9eb5a0c92897263dcf6\"},\"breadcrumb\":{\"@id\":\"https:\/\/www.andromede-ocean.com\/english\/blog\/2019\/03\/17\/le-zembra-aux-couleurs-de-lexpedition-gombessa-5\/#breadcrumb\"},\"inLanguage\":\"en-GB\",\"potentialAction\":[{\"@type\":\"ReadAction\",\"target\":[\"https:\/\/www.andromede-ocean.com\/english\/blog\/2019\/03\/17\/le-zembra-aux-couleurs-de-lexpedition-gombessa-5\/\"]}]},{\"@type\":\"ImageObject\",\"inLanguage\":\"en-GB\",\"@id\":\"https:\/\/www.andromede-ocean.com\/english\/blog\/2019\/03\/17\/le-zembra-aux-couleurs-de-lexpedition-gombessa-5\/#primaryimage\",\"url\":\"https:\/\/www.andromede-ocean.com\/english\/wp-content\/uploads\/sites\/2\/zembra-pour-gombessa5.jpg\",\"contentUrl\":\"https:\/\/www.andromede-ocean.com\/english\/wp-content\/uploads\/sites\/2\/zembra-pour-gombessa5.jpg\",\"width\":1600,\"height\":1196},{\"@type\":\"BreadcrumbList\",\"@id\":\"https:\/\/www.andromede-ocean.com\/english\/blog\/2019\/03\/17\/le-zembra-aux-couleurs-de-lexpedition-gombessa-5\/#breadcrumb\",\"itemListElement\":[{\"@type\":\"ListItem\",\"position\":1,\"name\":\"Accueil\",\"item\":\"https:\/\/www.andromede-ocean.com\/english\/\"},{\"@type\":\"ListItem\",\"position\":2,\"name\":\"Le Zembra, aux couleurs de l&#8217;exp\u00e9dition Gombessa 5\"}]},{\"@type\":\"WebSite\",\"@id\":\"https:\/\/www.andromede-ocean.com\/english\/#website\",\"url\":\"https:\/\/www.andromede-ocean.com\/english\/\",\"name\":\"Androm\u00e8de Oc\u00e9anologie\",\"description\":\"\",\"potentialAction\":[{\"@type\":\"SearchAction\",\"target\":{\"@type\":\"EntryPoint\",\"urlTemplate\":\"https:\/\/www.andromede-ocean.com\/english\/?s={search_term_string}\"},\"query-input\":{\"@type\":\"PropertyValueSpecification\",\"valueRequired\":true,\"valueName\":\"search_term_string\"}}],\"inLanguage\":\"en-GB\"},{\"@type\":\"Person\",\"@id\":\"https:\/\/www.andromede-ocean.com\/english\/#\/schema\/person\/670621606150c9eb5a0c92897263dcf6\",\"name\":\"julie Deter\",\"image\":{\"@type\":\"ImageObject\",\"inLanguage\":\"en-GB\",\"@id\":\"https:\/\/www.andromede-ocean.com\/english\/#\/schema\/person\/image\/\",\"url\":\"https:\/\/secure.gravatar.com\/avatar\/29b9c20f73f722191c32425ab84445e2b34fcc25b717ea8e1667c86ae7eb81cf?s=96&d=mm&r=g\",\"contentUrl\":\"https:\/\/secure.gravatar.com\/avatar\/29b9c20f73f722191c32425ab84445e2b34fcc25b717ea8e1667c86ae7eb81cf?s=96&d=mm&r=g\",\"caption\":\"julie Deter\"}}]}<\/script>\n<!-- \/ Yoast SEO plugin. -->","yoast_head_json":{"title":"Le Zembra, aux couleurs de l'exp\u00e9dition Gombessa 5 - Androm\u00e8de Oc\u00e9anologie","robots":{"index":"index","follow":"follow","max-snippet":"max-snippet:-1","max-image-preview":"max-image-preview:large","max-video-preview":"max-video-preview:-1"},"og_locale":"en_GB","og_type":"article","og_title":"Le Zembra, aux couleurs de l'exp\u00e9dition Gombessa 5 - Androm\u00e8de Oc\u00e9anologie","og_description":"Le Zembra, catamaran d&#8217;Androm\u00e8de oc\u00e9anologie, arbore fi\u00e8rement ses nouvelles couleurs \u00e0 l&#8217;image de l&#8217;exp\u00e9dition Gombessa 5 &#8220;Plan\u00e8te M\u00e9diterran\u00e9e&#8221; pr\u00e9vue en juillet prochain pour explorer la zone cr\u00e9pusculaire de M\u00e9diterran\u00e9e Fran\u00e7aise.","og_url":"https:\/\/www.andromede-ocean.com\/english\/blog\/2019\/03\/17\/le-zembra-aux-couleurs-de-lexpedition-gombessa-5\/","og_site_name":"Androm\u00e8de Oc\u00e9anologie","article_published_time":"2019-03-17T11:52:34+00:00","article_modified_time":"2019-06-21T15:56:30+00:00","og_image":[{"width":1600,"height":1196,"url":"https:\/\/www.andromede-ocean.com\/english\/wp-content\/uploads\/sites\/2\/zembra-pour-gombessa5.jpg","type":"image\/jpeg"}],"author":"julie Deter","twitter_card":"summary_large_image","twitter_misc":{"Written by":"julie Deter"},"schema":{"@context":"https:\/\/schema.org","@graph":[{"@type":"Article","@id":"https:\/\/www.andromede-ocean.com\/english\/blog\/2019\/03\/17\/le-zembra-aux-couleurs-de-lexpedition-gombessa-5\/#article","isPartOf":{"@id":"https:\/\/www.andromede-ocean.com\/english\/blog\/2019\/03\/17\/le-zembra-aux-couleurs-de-lexpedition-gombessa-5\/"},"author":{"name":"julie Deter","@id":"https:\/\/www.andromede-ocean.com\/english\/#\/schema\/person\/670621606150c9eb5a0c92897263dcf6"},"headline":"Le Zembra, aux couleurs de l&#8217;exp\u00e9dition Gombessa 5","datePublished":"2019-03-17T11:52:34+00:00","dateModified":"2019-06-21T15:56:30+00:00","mainEntityOfPage":{"@id":"https:\/\/www.andromede-ocean.com\/english\/blog\/2019\/03\/17\/le-zembra-aux-couleurs-de-lexpedition-gombessa-5\/"},"wordCount":65,"image":{"@id":"https:\/\/www.andromede-ocean.com\/english\/blog\/2019\/03\/17\/le-zembra-aux-couleurs-de-lexpedition-gombessa-5\/#primaryimage"},"thumbnailUrl":"https:\/\/www.andromede-ocean.com\/english\/wp-content\/uploads\/sites\/2\/zembra-pour-gombessa5.jpg","articleSection":["Expeditions","Monitoring"],"inLanguage":"en-GB"},{"@type":"WebPage","@id":"https:\/\/www.andromede-ocean.com\/english\/blog\/2019\/03\/17\/le-zembra-aux-couleurs-de-lexpedition-gombessa-5\/","url":"https:\/\/www.andromede-ocean.com\/english\/blog\/2019\/03\/17\/le-zembra-aux-couleurs-de-lexpedition-gombessa-5\/","name":"Le Zembra, aux couleurs de l'exp\u00e9dition Gombessa 5 - Androm\u00e8de Oc\u00e9anologie","isPartOf":{"@id":"https:\/\/www.andromede-ocean.com\/english\/#website"},"primaryImageOfPage":{"@id":"https:\/\/www.andromede-ocean.com\/english\/blog\/2019\/03\/17\/le-zembra-aux-couleurs-de-lexpedition-gombessa-5\/#primaryimage"},"image":{"@id":"https:\/\/www.andromede-ocean.com\/english\/blog\/2019\/03\/17\/le-zembra-aux-couleurs-de-lexpedition-gombessa-5\/#primaryimage"},"thumbnailUrl":"https:\/\/www.andromede-ocean.com\/english\/wp-content\/uploads\/sites\/2\/zembra-pour-gombessa5.jpg","datePublished":"2019-03-17T11:52:34+00:00","dateModified":"2019-06-21T15:56:30+00:00","author":{"@id":"https:\/\/www.andromede-ocean.com\/english\/#\/schema\/person\/670621606150c9eb5a0c92897263dcf6"},"breadcrumb":{"@id":"https:\/\/www.andromede-ocean.com\/english\/blog\/2019\/03\/17\/le-zembra-aux-couleurs-de-lexpedition-gombessa-5\/#breadcrumb"},"inLanguage":"en-GB","potentialAction":[{"@type":"ReadAction","target":["https:\/\/www.andromede-ocean.com\/english\/blog\/2019\/03\/17\/le-zembra-aux-couleurs-de-lexpedition-gombessa-5\/"]}]},{"@type":"ImageObject","inLanguage":"en-GB","@id":"https:\/\/www.andromede-ocean.com\/english\/blog\/2019\/03\/17\/le-zembra-aux-couleurs-de-lexpedition-gombessa-5\/#primaryimage","url":"https:\/\/www.andromede-ocean.com\/english\/wp-content\/uploads\/sites\/2\/zembra-pour-gombessa5.jpg","contentUrl":"https:\/\/www.andromede-ocean.com\/english\/wp-content\/uploads\/sites\/2\/zembra-pour-gombessa5.jpg","width":1600,"height":1196},{"@type":"BreadcrumbList","@id":"https:\/\/www.andromede-ocean.com\/english\/blog\/2019\/03\/17\/le-zembra-aux-couleurs-de-lexpedition-gombessa-5\/#breadcrumb","itemListElement":[{"@type":"ListItem","position":1,"name":"Accueil","item":"https:\/\/www.andromede-ocean.com\/english\/"},{"@type":"ListItem","position":2,"name":"Le Zembra, aux couleurs de l&#8217;exp\u00e9dition Gombessa 5"}]},{"@type":"WebSite","@id":"https:\/\/www.andromede-ocean.com\/english\/#website","url":"https:\/\/www.andromede-ocean.com\/english\/","name":"Androm\u00e8de Oc\u00e9anologie","description":"","potentialAction":[{"@type":"SearchAction","target":{"@type":"EntryPoint","urlTemplate":"https:\/\/www.andromede-ocean.com\/english\/?s={search_term_string}"},"query-input":{"@type":"PropertyValueSpecification","valueRequired":true,"valueName":"search_term_string"}}],"inLanguage":"en-GB"},{"@type":"Person","@id":"https:\/\/www.andromede-ocean.com\/english\/#\/schema\/person\/670621606150c9eb5a0c92897263dcf6","name":"julie Deter","image":{"@type":"ImageObject","inLanguage":"en-GB","@id":"https:\/\/www.andromede-ocean.com\/english\/#\/schema\/person\/image\/","url":"https:\/\/secure.gravatar.com\/avatar\/29b9c20f73f722191c32425ab84445e2b34fcc25b717ea8e1667c86ae7eb81cf?s=96&d=mm&r=g","contentUrl":"https:\/\/secure.gravatar.com\/avatar\/29b9c20f73f722191c32425ab84445e2b34fcc25b717ea8e1667c86ae7eb81cf?s=96&d=mm&r=g","caption":"julie Deter"}}]}},"_links":{"self":[{"href":"https:\/\/www.andromede-ocean.com\/english\/wp-json\/wp\/v2\/posts\/2626","targetHints":{"allow":["GET"]}}],"collection":[{"href":"https:\/\/www.andromede-ocean.com\/english\/wp-json\/wp\/v2\/posts"}],"about":[{"href":"https:\/\/www.andromede-ocean.com\/english\/wp-json\/wp\/v2\/types\/post"}],"author":[{"embeddable":true,"href":"https:\/\/www.andromede-ocean.com\/english\/wp-json\/wp\/v2\/users\/3"}],"replies":[{"embeddable":true,"href":"https:\/\/www.andromede-ocean.com\/english\/wp-json\/wp\/v2\/comments?post=2626"}],"version-history":[{"count":2,"href":"https:\/\/www.andromede-ocean.com\/english\/wp-json\/wp\/v2\/posts\/2626\/revisions"}],"predecessor-version":[{"id":2774,"href":"https:\/\/www.andromede-ocean.com\/english\/wp-json\/wp\/v2\/posts\/2626\/revisions\/2774"}],"wp:featuredmedia":[{"embeddable":true,"href":"https:\/\/www.andromede-ocean.com\/english\/wp-json\/wp\/v2\/media\/3265"}],"wp:attachment":[{"href":"https:\/\/www.andromede-ocean.com\/english\/wp-json\/wp\/v2\/media?parent=2626"}],"wp:term":[{"taxonomy":"category","embeddable":true,"href":"https:\/\/www.andromede-ocean.com\/english\/wp-json\/wp\/v2\/categories?post=2626"},{"taxonomy":"post_tag","embeddable":true,"href":"https:\/\/www.andromede-ocean.com\/english\/wp-json\/wp\/v2\/tags?post=2626"}],"curies":[{"name":"wp","href":"https:\/\/api.w.org\/{rel}","templated":true}]}}