{"id":2586,"date":"2019-01-08T12:25:34","date_gmt":"2019-01-08T11:25:34","guid":{"rendered":"http:\/\/marion-dev.valars.com\/andromede\/?p=2586"},"modified":"2019-01-08T12:25:34","modified_gmt":"2019-01-08T11:25:34","slug":"laurent-ballesta-au-salon-de-la-plongee-2019-a-paris","status":"publish","type":"post","link":"https:\/\/www.andromede-ocean.com\/english\/blog\/2019\/01\/08\/laurent-ballesta-au-salon-de-la-plongee-2019-a-paris\/","title":{"rendered":"Laurent Ballesta au salon de la plong\u00e9e 2019 \u00e0 Paris"},"content":{"rendered":"<p style=\"text-align: center;\">Rendez-vous au<a href=\"http:\/\/www.salon-de-la-plongee.com\/fr\/accueil.html\" target=\"_blank\" rel=\"noopener noreferrer\"><b><span style=\"color: #000099;\"> Salon de la plong\u00e9e<\/span><\/b><\/a> \u00e0 Paris,<\/p>\n<p style=\"text-align: center;\">du <strong>vendredi 11 au lundi 14 janvier 2019<\/strong> (Stand A08) :<\/p>\n<p align=\"center\">100 m\u00e8tres carr\u00e9s pour une <span style=\"color: #0000ff;\">r\u00e9trospective des exp\u00e9ditions Gombessa<\/span> :<\/p>\n<p align=\"center\">4 exp\u00e9ditions,<\/p>\n<p align=\"center\">4 grands \u00e9crans,<\/p>\n<p align=\"center\">4 livres de photographies,<\/p>\n<p align=\"center\">4 DVD dont le tout nouveau &#8220;700 requins dans la nuit&#8221;<\/p>\n<p style=\"text-align: center;\" align=\"center\"><a href=\"http:\/\/www.andromede-ocean.com\/english\/wp-content\/uploads\/sites\/2\/salon-plongee.jpg\"><img loading=\"lazy\" decoding=\"async\" class=\"aligncenter  wp-image-2587\" alt=\"salon plongee\" src=\"http:\/\/www.andromede-ocean.com\/english\/wp-content\/uploads\/sites\/2\/salon-plongee.jpg\" width=\"1393\" height=\"248\" \/><\/a><\/p>\n","protected":false},"excerpt":{"rendered":"<p>Rendez-vous au Salon de la plong\u00e9e \u00e0 Paris, du vendredi 11 au lundi 14 janvier 2019 (Stand A08) : 100 m\u00e8tres carr\u00e9s pour une r\u00e9trospective des exp\u00e9ditions Gombessa : 4 exp\u00e9ditions, 4 grands \u00e9crans, 4 livres de photographies, 4 DVD dont le tout nouveau &#8220;700 requins dans la nuit&#8221;<\/p>\n","protected":false},"author":3,"featured_media":0,"comment_status":"closed","ping_status":"open","sticky":false,"template":"","format":"standard","meta":{"_et_pb_use_builder":"","_et_pb_old_content":"","_et_gb_content_width":"","footnotes":""},"categories":[4,5],"tags":[],"class_list":["post-2586","post","type-post","status-publish","format-standard","hentry","category-livres","category-expeditions"],"yoast_head":"<!-- This site is optimized with the Yoast SEO plugin v27.0 - https:\/\/yoast.com\/product\/yoast-seo-wordpress\/ -->\n<title>Laurent Ballesta au salon de la plong\u00e9e 2019 \u00e0 Paris - Androm\u00e8de Oc\u00e9anologie<\/title>\n<meta name=\"robots\" content=\"index, follow, max-snippet:-1, max-image-preview:large, max-video-preview:-1\" \/>\n<meta property=\"og:locale\" content=\"en_GB\" \/>\n<meta property=\"og:type\" content=\"article\" \/>\n<meta property=\"og:title\" content=\"Laurent Ballesta au salon de la plong\u00e9e 2019 \u00e0 Paris - Androm\u00e8de Oc\u00e9anologie\" \/>\n<meta property=\"og:description\" content=\"Rendez-vous au Salon de la plong\u00e9e \u00e0 Paris, du vendredi 11 au lundi 14 janvier 2019 (Stand A08) : 100 m\u00e8tres carr\u00e9s pour une r\u00e9trospective des exp\u00e9ditions Gombessa : 4 exp\u00e9ditions, 4 grands \u00e9crans, 4 livres de photographies, 4 DVD dont le tout nouveau &#8220;700 requins dans la nuit&#8221;\" \/>\n<meta property=\"og:url\" content=\"https:\/\/www.andromede-ocean.com\/english\/blog\/2019\/01\/08\/laurent-ballesta-au-salon-de-la-plongee-2019-a-paris\/\" \/>\n<meta property=\"og:site_name\" content=\"Androm\u00e8de Oc\u00e9anologie\" \/>\n<meta property=\"article:published_time\" content=\"2019-01-08T11:25:34+00:00\" \/>\n<meta property=\"og:image\" content=\"http:\/\/www.andromede-ocean.com\/english\/wp-content\/uploads\/sites\/2\/salon-plongee.jpg\" \/>\n<meta name=\"author\" content=\"julie Deter\" \/>\n<meta name=\"twitter:card\" content=\"summary_large_image\" \/>\n<meta name=\"twitter:label1\" content=\"Written by\" \/>\n\t<meta name=\"twitter:data1\" content=\"julie Deter\" \/>\n<script type=\"application\/ld+json\" class=\"yoast-schema-graph\">{\"@context\":\"https:\/\/schema.org\",\"@graph\":[{\"@type\":\"Article\",\"@id\":\"https:\/\/www.andromede-ocean.com\/english\/blog\/2019\/01\/08\/laurent-ballesta-au-salon-de-la-plongee-2019-a-paris\/#article\",\"isPartOf\":{\"@id\":\"https:\/\/www.andromede-ocean.com\/english\/blog\/2019\/01\/08\/laurent-ballesta-au-salon-de-la-plongee-2019-a-paris\/\"},\"author\":{\"name\":\"julie Deter\",\"@id\":\"https:\/\/www.andromede-ocean.com\/english\/#\/schema\/person\/670621606150c9eb5a0c92897263dcf6\"},\"headline\":\"Laurent Ballesta au salon de la plong\u00e9e 2019 \u00e0 Paris\",\"datePublished\":\"2019-01-08T11:25:34+00:00\",\"mainEntityOfPage\":{\"@id\":\"https:\/\/www.andromede-ocean.com\/english\/blog\/2019\/01\/08\/laurent-ballesta-au-salon-de-la-plongee-2019-a-paris\/\"},\"wordCount\":52,\"image\":{\"@id\":\"https:\/\/www.andromede-ocean.com\/english\/blog\/2019\/01\/08\/laurent-ballesta-au-salon-de-la-plongee-2019-a-paris\/#primaryimage\"},\"thumbnailUrl\":\"http:\/\/www.andromede-ocean.com\/english\/wp-content\/uploads\/sites\/2\/salon-plongee.jpg\",\"articleSection\":[\"books\",\"Expeditions\"],\"inLanguage\":\"en-GB\"},{\"@type\":\"WebPage\",\"@id\":\"https:\/\/www.andromede-ocean.com\/english\/blog\/2019\/01\/08\/laurent-ballesta-au-salon-de-la-plongee-2019-a-paris\/\",\"url\":\"https:\/\/www.andromede-ocean.com\/english\/blog\/2019\/01\/08\/laurent-ballesta-au-salon-de-la-plongee-2019-a-paris\/\",\"name\":\"Laurent Ballesta au salon de la plong\u00e9e 2019 \u00e0 Paris - Androm\u00e8de Oc\u00e9anologie\",\"isPartOf\":{\"@id\":\"https:\/\/www.andromede-ocean.com\/english\/#website\"},\"primaryImageOfPage\":{\"@id\":\"https:\/\/www.andromede-ocean.com\/english\/blog\/2019\/01\/08\/laurent-ballesta-au-salon-de-la-plongee-2019-a-paris\/#primaryimage\"},\"image\":{\"@id\":\"https:\/\/www.andromede-ocean.com\/english\/blog\/2019\/01\/08\/laurent-ballesta-au-salon-de-la-plongee-2019-a-paris\/#primaryimage\"},\"thumbnailUrl\":\"http:\/\/www.andromede-ocean.com\/english\/wp-content\/uploads\/sites\/2\/salon-plongee.jpg\",\"datePublished\":\"2019-01-08T11:25:34+00:00\",\"author\":{\"@id\":\"https:\/\/www.andromede-ocean.com\/english\/#\/schema\/person\/670621606150c9eb5a0c92897263dcf6\"},\"breadcrumb\":{\"@id\":\"https:\/\/www.andromede-ocean.com\/english\/blog\/2019\/01\/08\/laurent-ballesta-au-salon-de-la-plongee-2019-a-paris\/#breadcrumb\"},\"inLanguage\":\"en-GB\",\"potentialAction\":[{\"@type\":\"ReadAction\",\"target\":[\"https:\/\/www.andromede-ocean.com\/english\/blog\/2019\/01\/08\/laurent-ballesta-au-salon-de-la-plongee-2019-a-paris\/\"]}]},{\"@type\":\"ImageObject\",\"inLanguage\":\"en-GB\",\"@id\":\"https:\/\/www.andromede-ocean.com\/english\/blog\/2019\/01\/08\/laurent-ballesta-au-salon-de-la-plongee-2019-a-paris\/#primaryimage\",\"url\":\"http:\/\/www.andromede-ocean.com\/english\/wp-content\/uploads\/sites\/2\/salon-plongee.jpg\",\"contentUrl\":\"http:\/\/www.andromede-ocean.com\/english\/wp-content\/uploads\/sites\/2\/salon-plongee.jpg\"},{\"@type\":\"BreadcrumbList\",\"@id\":\"https:\/\/www.andromede-ocean.com\/english\/blog\/2019\/01\/08\/laurent-ballesta-au-salon-de-la-plongee-2019-a-paris\/#breadcrumb\",\"itemListElement\":[{\"@type\":\"ListItem\",\"position\":1,\"name\":\"Accueil\",\"item\":\"https:\/\/www.andromede-ocean.com\/english\/\"},{\"@type\":\"ListItem\",\"position\":2,\"name\":\"Laurent Ballesta au salon de la plong\u00e9e 2019 \u00e0 Paris\"}]},{\"@type\":\"WebSite\",\"@id\":\"https:\/\/www.andromede-ocean.com\/english\/#website\",\"url\":\"https:\/\/www.andromede-ocean.com\/english\/\",\"name\":\"Androm\u00e8de Oc\u00e9anologie\",\"description\":\"\",\"potentialAction\":[{\"@type\":\"SearchAction\",\"target\":{\"@type\":\"EntryPoint\",\"urlTemplate\":\"https:\/\/www.andromede-ocean.com\/english\/?s={search_term_string}\"},\"query-input\":{\"@type\":\"PropertyValueSpecification\",\"valueRequired\":true,\"valueName\":\"search_term_string\"}}],\"inLanguage\":\"en-GB\"},{\"@type\":\"Person\",\"@id\":\"https:\/\/www.andromede-ocean.com\/english\/#\/schema\/person\/670621606150c9eb5a0c92897263dcf6\",\"name\":\"julie Deter\",\"image\":{\"@type\":\"ImageObject\",\"inLanguage\":\"en-GB\",\"@id\":\"https:\/\/www.andromede-ocean.com\/english\/#\/schema\/person\/image\/\",\"url\":\"https:\/\/secure.gravatar.com\/avatar\/29b9c20f73f722191c32425ab84445e2b34fcc25b717ea8e1667c86ae7eb81cf?s=96&d=mm&r=g\",\"contentUrl\":\"https:\/\/secure.gravatar.com\/avatar\/29b9c20f73f722191c32425ab84445e2b34fcc25b717ea8e1667c86ae7eb81cf?s=96&d=mm&r=g\",\"caption\":\"julie Deter\"}}]}<\/script>\n<!-- \/ Yoast SEO plugin. -->","yoast_head_json":{"title":"Laurent Ballesta au salon de la plong\u00e9e 2019 \u00e0 Paris - Androm\u00e8de Oc\u00e9anologie","robots":{"index":"index","follow":"follow","max-snippet":"max-snippet:-1","max-image-preview":"max-image-preview:large","max-video-preview":"max-video-preview:-1"},"og_locale":"en_GB","og_type":"article","og_title":"Laurent Ballesta au salon de la plong\u00e9e 2019 \u00e0 Paris - Androm\u00e8de Oc\u00e9anologie","og_description":"Rendez-vous au Salon de la plong\u00e9e \u00e0 Paris, du vendredi 11 au lundi 14 janvier 2019 (Stand A08) : 100 m\u00e8tres carr\u00e9s pour une r\u00e9trospective des exp\u00e9ditions Gombessa : 4 exp\u00e9ditions, 4 grands \u00e9crans, 4 livres de photographies, 4 DVD dont le tout nouveau &#8220;700 requins dans la nuit&#8221;","og_url":"https:\/\/www.andromede-ocean.com\/english\/blog\/2019\/01\/08\/laurent-ballesta-au-salon-de-la-plongee-2019-a-paris\/","og_site_name":"Androm\u00e8de Oc\u00e9anologie","article_published_time":"2019-01-08T11:25:34+00:00","og_image":[{"url":"http:\/\/www.andromede-ocean.com\/english\/wp-content\/uploads\/sites\/2\/salon-plongee.jpg","type":"","width":"","height":""}],"author":"julie Deter","twitter_card":"summary_large_image","twitter_misc":{"Written by":"julie Deter"},"schema":{"@context":"https:\/\/schema.org","@graph":[{"@type":"Article","@id":"https:\/\/www.andromede-ocean.com\/english\/blog\/2019\/01\/08\/laurent-ballesta-au-salon-de-la-plongee-2019-a-paris\/#article","isPartOf":{"@id":"https:\/\/www.andromede-ocean.com\/english\/blog\/2019\/01\/08\/laurent-ballesta-au-salon-de-la-plongee-2019-a-paris\/"},"author":{"name":"julie Deter","@id":"https:\/\/www.andromede-ocean.com\/english\/#\/schema\/person\/670621606150c9eb5a0c92897263dcf6"},"headline":"Laurent Ballesta au salon de la plong\u00e9e 2019 \u00e0 Paris","datePublished":"2019-01-08T11:25:34+00:00","mainEntityOfPage":{"@id":"https:\/\/www.andromede-ocean.com\/english\/blog\/2019\/01\/08\/laurent-ballesta-au-salon-de-la-plongee-2019-a-paris\/"},"wordCount":52,"image":{"@id":"https:\/\/www.andromede-ocean.com\/english\/blog\/2019\/01\/08\/laurent-ballesta-au-salon-de-la-plongee-2019-a-paris\/#primaryimage"},"thumbnailUrl":"http:\/\/www.andromede-ocean.com\/english\/wp-content\/uploads\/sites\/2\/salon-plongee.jpg","articleSection":["books","Expeditions"],"inLanguage":"en-GB"},{"@type":"WebPage","@id":"https:\/\/www.andromede-ocean.com\/english\/blog\/2019\/01\/08\/laurent-ballesta-au-salon-de-la-plongee-2019-a-paris\/","url":"https:\/\/www.andromede-ocean.com\/english\/blog\/2019\/01\/08\/laurent-ballesta-au-salon-de-la-plongee-2019-a-paris\/","name":"Laurent Ballesta au salon de la plong\u00e9e 2019 \u00e0 Paris - Androm\u00e8de Oc\u00e9anologie","isPartOf":{"@id":"https:\/\/www.andromede-ocean.com\/english\/#website"},"primaryImageOfPage":{"@id":"https:\/\/www.andromede-ocean.com\/english\/blog\/2019\/01\/08\/laurent-ballesta-au-salon-de-la-plongee-2019-a-paris\/#primaryimage"},"image":{"@id":"https:\/\/www.andromede-ocean.com\/english\/blog\/2019\/01\/08\/laurent-ballesta-au-salon-de-la-plongee-2019-a-paris\/#primaryimage"},"thumbnailUrl":"http:\/\/www.andromede-ocean.com\/english\/wp-content\/uploads\/sites\/2\/salon-plongee.jpg","datePublished":"2019-01-08T11:25:34+00:00","author":{"@id":"https:\/\/www.andromede-ocean.com\/english\/#\/schema\/person\/670621606150c9eb5a0c92897263dcf6"},"breadcrumb":{"@id":"https:\/\/www.andromede-ocean.com\/english\/blog\/2019\/01\/08\/laurent-ballesta-au-salon-de-la-plongee-2019-a-paris\/#breadcrumb"},"inLanguage":"en-GB","potentialAction":[{"@type":"ReadAction","target":["https:\/\/www.andromede-ocean.com\/english\/blog\/2019\/01\/08\/laurent-ballesta-au-salon-de-la-plongee-2019-a-paris\/"]}]},{"@type":"ImageObject","inLanguage":"en-GB","@id":"https:\/\/www.andromede-ocean.com\/english\/blog\/2019\/01\/08\/laurent-ballesta-au-salon-de-la-plongee-2019-a-paris\/#primaryimage","url":"http:\/\/www.andromede-ocean.com\/english\/wp-content\/uploads\/sites\/2\/salon-plongee.jpg","contentUrl":"http:\/\/www.andromede-ocean.com\/english\/wp-content\/uploads\/sites\/2\/salon-plongee.jpg"},{"@type":"BreadcrumbList","@id":"https:\/\/www.andromede-ocean.com\/english\/blog\/2019\/01\/08\/laurent-ballesta-au-salon-de-la-plongee-2019-a-paris\/#breadcrumb","itemListElement":[{"@type":"ListItem","position":1,"name":"Accueil","item":"https:\/\/www.andromede-ocean.com\/english\/"},{"@type":"ListItem","position":2,"name":"Laurent Ballesta au salon de la plong\u00e9e 2019 \u00e0 Paris"}]},{"@type":"WebSite","@id":"https:\/\/www.andromede-ocean.com\/english\/#website","url":"https:\/\/www.andromede-ocean.com\/english\/","name":"Androm\u00e8de Oc\u00e9anologie","description":"","potentialAction":[{"@type":"SearchAction","target":{"@type":"EntryPoint","urlTemplate":"https:\/\/www.andromede-ocean.com\/english\/?s={search_term_string}"},"query-input":{"@type":"PropertyValueSpecification","valueRequired":true,"valueName":"search_term_string"}}],"inLanguage":"en-GB"},{"@type":"Person","@id":"https:\/\/www.andromede-ocean.com\/english\/#\/schema\/person\/670621606150c9eb5a0c92897263dcf6","name":"julie Deter","image":{"@type":"ImageObject","inLanguage":"en-GB","@id":"https:\/\/www.andromede-ocean.com\/english\/#\/schema\/person\/image\/","url":"https:\/\/secure.gravatar.com\/avatar\/29b9c20f73f722191c32425ab84445e2b34fcc25b717ea8e1667c86ae7eb81cf?s=96&d=mm&r=g","contentUrl":"https:\/\/secure.gravatar.com\/avatar\/29b9c20f73f722191c32425ab84445e2b34fcc25b717ea8e1667c86ae7eb81cf?s=96&d=mm&r=g","caption":"julie Deter"}}]}},"_links":{"self":[{"href":"https:\/\/www.andromede-ocean.com\/english\/wp-json\/wp\/v2\/posts\/2586","targetHints":{"allow":["GET"]}}],"collection":[{"href":"https:\/\/www.andromede-ocean.com\/english\/wp-json\/wp\/v2\/posts"}],"about":[{"href":"https:\/\/www.andromede-ocean.com\/english\/wp-json\/wp\/v2\/types\/post"}],"author":[{"embeddable":true,"href":"https:\/\/www.andromede-ocean.com\/english\/wp-json\/wp\/v2\/users\/3"}],"replies":[{"embeddable":true,"href":"https:\/\/www.andromede-ocean.com\/english\/wp-json\/wp\/v2\/comments?post=2586"}],"version-history":[{"count":0,"href":"https:\/\/www.andromede-ocean.com\/english\/wp-json\/wp\/v2\/posts\/2586\/revisions"}],"wp:attachment":[{"href":"https:\/\/www.andromede-ocean.com\/english\/wp-json\/wp\/v2\/media?parent=2586"}],"wp:term":[{"taxonomy":"category","embeddable":true,"href":"https:\/\/www.andromede-ocean.com\/english\/wp-json\/wp\/v2\/categories?post=2586"},{"taxonomy":"post_tag","embeddable":true,"href":"https:\/\/www.andromede-ocean.com\/english\/wp-json\/wp\/v2\/tags?post=2586"}],"curies":[{"name":"wp","href":"https:\/\/api.w.org\/{rel}","templated":true}]}}