{"id":2562,"date":"2018-10-08T14:38:25","date_gmt":"2018-10-08T13:38:25","guid":{"rendered":"http:\/\/marion-dev.valars.com\/andromede\/?p=2562"},"modified":"2018-10-08T14:38:25","modified_gmt":"2018-10-08T13:38:25","slug":"vernissage-le-26-octobre-odyssee-dun-enfant-dici-a-pierres-vives-montpellier","status":"publish","type":"post","link":"https:\/\/www.andromede-ocean.com\/english\/blog\/2018\/10\/08\/vernissage-le-26-octobre-odyssee-dun-enfant-dici-a-pierres-vives-montpellier\/","title":{"rendered":"Vernissage le 26 octobre &quot;odyss\u00e9e d&#039;un enfant d&#039;ici&quot; \u00e0 Pierres vives (Montpellier)"},"content":{"rendered":"<p style=\"text-align: center;\">Vernissage le 26 octobre (18h30) en pr\u00e9sence de <a href=\"https:\/\/www.facebook.com\/LaurentBallestaPageOfficielle\/?__tn__=%2CdK%2AF-R&amp;eid=ARCfQkn6ErsQF5OTzW35HCyYfbGgoKHmzUh2fq-4W687CV3naXsQ6vVQScWtPzUpDMaXFK_fZD5famjG\" data-hovercard=\"\/ajax\/hovercard\/page.php?id=201411793265090&amp;extragetparams=%7B%22__tn__%22%3A%22%2CdK%2AF-R%22%2C%22eid%22%3A%22ARCfQkn6ErsQF5OTzW35HCyYfbGgoKHmzUh2fq-4W687CV3naXsQ6vVQScWtPzUpDMaXFK_fZD5famjG%22%2C%22directed_target_id%22%3A169412200646904%2C%22groups_location%22%3Anull%7D\" data-hovercard-prefer-more-content-show=\"1\">Laurent Ballesta<\/a> et de son \u00e9quipe.<\/p>\n<p style=\"text-align: center;\">Il invite \u00e0 partager, dans cette exposition exceptionnelle, son travail de photographe-naturaliste des eaux h\u00e9raultaises \u00e0 l&#8217;Antarctique, des couleuvres de rivi\u00e8res aux requins gris de Polyn\u00e9sie Fran\u00e7aise,&#8230;<br \/>\nEn savoir + : <a href=\"https:\/\/l.facebook.com\/l.php?u=http%3A%2F%2Fow.ly%2F9hr030m42a7&amp;h=AT1KWPTdvt5VkcibHEeAliyCnzwiHSoJ3TZvN4BY2mXpQgTqeymXVTVRdrMrCaV6wa6KAGYvSG3ELB6z1rxmjdD29hVKJ61tKmXlAvSq3XKEX8RKvJvZEZaUaeuOUwfrUSujcA\" target=\"_blank\" rel=\"nofollow noopener noreferrer\" data-lynx-mode=\"asynclazy\">http:\/\/ow.ly\/9hr030m42a7<\/a> \u2013 avec <a href=\"https:\/\/www.facebook.com\/page.andromede\/?viewer_id=658683013\" data-tag=\"1369548786397918\" data-hovercard=\"\/ajax\/hovercard\/hovercard.php?id=1369548786397918&amp;type=mediatag&amp;media_info=6.2345000822207942&amp;extragetparams=%7B%22directed_target_id%22%3A169412200646904%2C%22viewer_id%22%3A658683013%7D\" data-hovercard-prefer-more-content-show=\"1\">Andromede Oceanologie<\/a> et <a href=\"https:\/\/www.facebook.com\/departementdelherault\/?viewer_id=658683013\" data-tag=\"1001241043233336\" data-hovercard=\"\/ajax\/hovercard\/hovercard.php?id=1001241043233336&amp;type=mediatag&amp;media_info=6.2345000822207942&amp;extragetparams=%7B%22directed_target_id%22%3A169412200646904%2C%22viewer_id%22%3A658683013%7D\" data-hovercard-prefer-more-content-show=\"1\">H\u00e9rault<\/a>, \u00e0 <a href=\"https:\/\/www.facebook.com\/pierresvives.herault\/?ref=stream\" data-hovercard=\"\/ajax\/hovercard\/page.php?id=273279289380116\" data-hovercard-prefer-more-content-show=\"1\">pierresvives<\/a>.<\/p>\n<p style=\"text-align: center;\"><a href=\"http:\/\/www.andromede-ocean.com\/english\/wp-content\/uploads\/sites\/2\/pierres-vives.jpg\"><img loading=\"lazy\" decoding=\"async\" class=\"aligncenter size-full wp-image-2563\" alt=\"pierres vives\" src=\"http:\/\/www.andromede-ocean.com\/english\/wp-content\/uploads\/sites\/2\/pierres-vives.jpg\" width=\"960\" height=\"502\" \/><\/a><\/p>\n","protected":false},"excerpt":{"rendered":"<p>Vernissage le 26 octobre (18h30) en pr\u00e9sence de Laurent Ballesta et de son \u00e9quipe. Il invite \u00e0 partager, dans cette exposition exceptionnelle, son travail de photographe-naturaliste des eaux h\u00e9raultaises \u00e0 l&#8217;Antarctique, des couleuvres de rivi\u00e8res aux requins gris de Polyn\u00e9sie Fran\u00e7aise,&#8230; En savoir + : http:\/\/ow.ly\/9hr030m42a7 \u2013 avec Andromede Oceanologie et H\u00e9rault, \u00e0 pierresvives.<\/p>\n","protected":false},"author":3,"featured_media":0,"comment_status":"closed","ping_status":"open","sticky":false,"template":"","format":"standard","meta":{"_et_pb_use_builder":"","_et_pb_old_content":"","_et_gb_content_width":"","footnotes":""},"categories":[2,3],"tags":[],"class_list":["post-2562","post","type-post","status-publish","format-standard","hentry","category-animations","category-conferences"],"yoast_head":"<!-- This site is optimized with the Yoast SEO plugin v27.0 - https:\/\/yoast.com\/product\/yoast-seo-wordpress\/ -->\n<title>Vernissage le 26 octobre &quot;odyss\u00e9e d&#039;un enfant d&#039;ici&quot; \u00e0 Pierres vives (Montpellier) - Androm\u00e8de Oc\u00e9anologie<\/title>\n<meta name=\"robots\" content=\"index, follow, max-snippet:-1, max-image-preview:large, max-video-preview:-1\" \/>\n<meta property=\"og:locale\" content=\"en_GB\" \/>\n<meta property=\"og:type\" content=\"article\" \/>\n<meta property=\"og:title\" content=\"Vernissage le 26 octobre &quot;odyss\u00e9e d&#039;un enfant d&#039;ici&quot; \u00e0 Pierres vives (Montpellier) - Androm\u00e8de Oc\u00e9anologie\" \/>\n<meta property=\"og:description\" content=\"Vernissage le 26 octobre (18h30) en pr\u00e9sence de Laurent Ballesta et de son \u00e9quipe. Il invite \u00e0 partager, dans cette exposition exceptionnelle, son travail de photographe-naturaliste des eaux h\u00e9raultaises \u00e0 l&#8217;Antarctique, des couleuvres de rivi\u00e8res aux requins gris de Polyn\u00e9sie Fran\u00e7aise,&#8230; En savoir + : http:\/\/ow.ly\/9hr030m42a7 \u2013 avec Andromede Oceanologie et H\u00e9rault, \u00e0 pierresvives.\" \/>\n<meta property=\"og:url\" content=\"https:\/\/www.andromede-ocean.com\/english\/blog\/2018\/10\/08\/vernissage-le-26-octobre-odyssee-dun-enfant-dici-a-pierres-vives-montpellier\/\" \/>\n<meta property=\"og:site_name\" content=\"Androm\u00e8de Oc\u00e9anologie\" \/>\n<meta property=\"article:published_time\" content=\"2018-10-08T13:38:25+00:00\" \/>\n<meta property=\"og:image\" content=\"http:\/\/www.andromede-ocean.com\/english\/wp-content\/uploads\/sites\/2\/pierres-vives.jpg\" \/>\n<meta name=\"author\" content=\"julie Deter\" \/>\n<meta name=\"twitter:card\" content=\"summary_large_image\" \/>\n<meta name=\"twitter:label1\" content=\"Written by\" \/>\n\t<meta name=\"twitter:data1\" content=\"julie Deter\" \/>\n<script type=\"application\/ld+json\" class=\"yoast-schema-graph\">{\"@context\":\"https:\/\/schema.org\",\"@graph\":[{\"@type\":\"Article\",\"@id\":\"https:\/\/www.andromede-ocean.com\/english\/blog\/2018\/10\/08\/vernissage-le-26-octobre-odyssee-dun-enfant-dici-a-pierres-vives-montpellier\/#article\",\"isPartOf\":{\"@id\":\"https:\/\/www.andromede-ocean.com\/english\/blog\/2018\/10\/08\/vernissage-le-26-octobre-odyssee-dun-enfant-dici-a-pierres-vives-montpellier\/\"},\"author\":{\"name\":\"julie Deter\",\"@id\":\"https:\/\/www.andromede-ocean.com\/english\/#\/schema\/person\/670621606150c9eb5a0c92897263dcf6\"},\"headline\":\"Vernissage le 26 octobre &quot;odyss\u00e9e d&#039;un enfant d&#039;ici&quot; \u00e0 Pierres vives (Montpellier)\",\"datePublished\":\"2018-10-08T13:38:25+00:00\",\"mainEntityOfPage\":{\"@id\":\"https:\/\/www.andromede-ocean.com\/english\/blog\/2018\/10\/08\/vernissage-le-26-octobre-odyssee-dun-enfant-dici-a-pierres-vives-montpellier\/\"},\"wordCount\":73,\"image\":{\"@id\":\"https:\/\/www.andromede-ocean.com\/english\/blog\/2018\/10\/08\/vernissage-le-26-octobre-odyssee-dun-enfant-dici-a-pierres-vives-montpellier\/#primaryimage\"},\"thumbnailUrl\":\"http:\/\/www.andromede-ocean.com\/english\/wp-content\/uploads\/sites\/2\/pierres-vives.jpg\",\"articleSection\":[\"Animations\",\"Conferences\"],\"inLanguage\":\"en-GB\"},{\"@type\":\"WebPage\",\"@id\":\"https:\/\/www.andromede-ocean.com\/english\/blog\/2018\/10\/08\/vernissage-le-26-octobre-odyssee-dun-enfant-dici-a-pierres-vives-montpellier\/\",\"url\":\"https:\/\/www.andromede-ocean.com\/english\/blog\/2018\/10\/08\/vernissage-le-26-octobre-odyssee-dun-enfant-dici-a-pierres-vives-montpellier\/\",\"name\":\"Vernissage le 26 octobre &quot;odyss\u00e9e d&#039;un enfant d&#039;ici&quot; \u00e0 Pierres vives (Montpellier) - Androm\u00e8de Oc\u00e9anologie\",\"isPartOf\":{\"@id\":\"https:\/\/www.andromede-ocean.com\/english\/#website\"},\"primaryImageOfPage\":{\"@id\":\"https:\/\/www.andromede-ocean.com\/english\/blog\/2018\/10\/08\/vernissage-le-26-octobre-odyssee-dun-enfant-dici-a-pierres-vives-montpellier\/#primaryimage\"},\"image\":{\"@id\":\"https:\/\/www.andromede-ocean.com\/english\/blog\/2018\/10\/08\/vernissage-le-26-octobre-odyssee-dun-enfant-dici-a-pierres-vives-montpellier\/#primaryimage\"},\"thumbnailUrl\":\"http:\/\/www.andromede-ocean.com\/english\/wp-content\/uploads\/sites\/2\/pierres-vives.jpg\",\"datePublished\":\"2018-10-08T13:38:25+00:00\",\"author\":{\"@id\":\"https:\/\/www.andromede-ocean.com\/english\/#\/schema\/person\/670621606150c9eb5a0c92897263dcf6\"},\"breadcrumb\":{\"@id\":\"https:\/\/www.andromede-ocean.com\/english\/blog\/2018\/10\/08\/vernissage-le-26-octobre-odyssee-dun-enfant-dici-a-pierres-vives-montpellier\/#breadcrumb\"},\"inLanguage\":\"en-GB\",\"potentialAction\":[{\"@type\":\"ReadAction\",\"target\":[\"https:\/\/www.andromede-ocean.com\/english\/blog\/2018\/10\/08\/vernissage-le-26-octobre-odyssee-dun-enfant-dici-a-pierres-vives-montpellier\/\"]}]},{\"@type\":\"ImageObject\",\"inLanguage\":\"en-GB\",\"@id\":\"https:\/\/www.andromede-ocean.com\/english\/blog\/2018\/10\/08\/vernissage-le-26-octobre-odyssee-dun-enfant-dici-a-pierres-vives-montpellier\/#primaryimage\",\"url\":\"http:\/\/www.andromede-ocean.com\/english\/wp-content\/uploads\/sites\/2\/pierres-vives.jpg\",\"contentUrl\":\"http:\/\/www.andromede-ocean.com\/english\/wp-content\/uploads\/sites\/2\/pierres-vives.jpg\"},{\"@type\":\"BreadcrumbList\",\"@id\":\"https:\/\/www.andromede-ocean.com\/english\/blog\/2018\/10\/08\/vernissage-le-26-octobre-odyssee-dun-enfant-dici-a-pierres-vives-montpellier\/#breadcrumb\",\"itemListElement\":[{\"@type\":\"ListItem\",\"position\":1,\"name\":\"Accueil\",\"item\":\"https:\/\/www.andromede-ocean.com\/english\/\"},{\"@type\":\"ListItem\",\"position\":2,\"name\":\"Vernissage le 26 octobre &quot;odyss\u00e9e d&#039;un enfant d&#039;ici&quot; \u00e0 Pierres vives (Montpellier)\"}]},{\"@type\":\"WebSite\",\"@id\":\"https:\/\/www.andromede-ocean.com\/english\/#website\",\"url\":\"https:\/\/www.andromede-ocean.com\/english\/\",\"name\":\"Androm\u00e8de Oc\u00e9anologie\",\"description\":\"\",\"potentialAction\":[{\"@type\":\"SearchAction\",\"target\":{\"@type\":\"EntryPoint\",\"urlTemplate\":\"https:\/\/www.andromede-ocean.com\/english\/?s={search_term_string}\"},\"query-input\":{\"@type\":\"PropertyValueSpecification\",\"valueRequired\":true,\"valueName\":\"search_term_string\"}}],\"inLanguage\":\"en-GB\"},{\"@type\":\"Person\",\"@id\":\"https:\/\/www.andromede-ocean.com\/english\/#\/schema\/person\/670621606150c9eb5a0c92897263dcf6\",\"name\":\"julie Deter\",\"image\":{\"@type\":\"ImageObject\",\"inLanguage\":\"en-GB\",\"@id\":\"https:\/\/www.andromede-ocean.com\/english\/#\/schema\/person\/image\/\",\"url\":\"https:\/\/secure.gravatar.com\/avatar\/29b9c20f73f722191c32425ab84445e2b34fcc25b717ea8e1667c86ae7eb81cf?s=96&d=mm&r=g\",\"contentUrl\":\"https:\/\/secure.gravatar.com\/avatar\/29b9c20f73f722191c32425ab84445e2b34fcc25b717ea8e1667c86ae7eb81cf?s=96&d=mm&r=g\",\"caption\":\"julie Deter\"}}]}<\/script>\n<!-- \/ Yoast SEO plugin. -->","yoast_head_json":{"title":"Vernissage le 26 octobre &quot;odyss\u00e9e d&#039;un enfant d&#039;ici&quot; \u00e0 Pierres vives (Montpellier) - Androm\u00e8de Oc\u00e9anologie","robots":{"index":"index","follow":"follow","max-snippet":"max-snippet:-1","max-image-preview":"max-image-preview:large","max-video-preview":"max-video-preview:-1"},"og_locale":"en_GB","og_type":"article","og_title":"Vernissage le 26 octobre &quot;odyss\u00e9e d&#039;un enfant d&#039;ici&quot; \u00e0 Pierres vives (Montpellier) - Androm\u00e8de Oc\u00e9anologie","og_description":"Vernissage le 26 octobre (18h30) en pr\u00e9sence de Laurent Ballesta et de son \u00e9quipe. Il invite \u00e0 partager, dans cette exposition exceptionnelle, son travail de photographe-naturaliste des eaux h\u00e9raultaises \u00e0 l&#8217;Antarctique, des couleuvres de rivi\u00e8res aux requins gris de Polyn\u00e9sie Fran\u00e7aise,&#8230; En savoir + : http:\/\/ow.ly\/9hr030m42a7 \u2013 avec Andromede Oceanologie et H\u00e9rault, \u00e0 pierresvives.","og_url":"https:\/\/www.andromede-ocean.com\/english\/blog\/2018\/10\/08\/vernissage-le-26-octobre-odyssee-dun-enfant-dici-a-pierres-vives-montpellier\/","og_site_name":"Androm\u00e8de Oc\u00e9anologie","article_published_time":"2018-10-08T13:38:25+00:00","og_image":[{"url":"http:\/\/www.andromede-ocean.com\/english\/wp-content\/uploads\/sites\/2\/pierres-vives.jpg","type":"","width":"","height":""}],"author":"julie Deter","twitter_card":"summary_large_image","twitter_misc":{"Written by":"julie Deter"},"schema":{"@context":"https:\/\/schema.org","@graph":[{"@type":"Article","@id":"https:\/\/www.andromede-ocean.com\/english\/blog\/2018\/10\/08\/vernissage-le-26-octobre-odyssee-dun-enfant-dici-a-pierres-vives-montpellier\/#article","isPartOf":{"@id":"https:\/\/www.andromede-ocean.com\/english\/blog\/2018\/10\/08\/vernissage-le-26-octobre-odyssee-dun-enfant-dici-a-pierres-vives-montpellier\/"},"author":{"name":"julie Deter","@id":"https:\/\/www.andromede-ocean.com\/english\/#\/schema\/person\/670621606150c9eb5a0c92897263dcf6"},"headline":"Vernissage le 26 octobre &quot;odyss\u00e9e d&#039;un enfant d&#039;ici&quot; \u00e0 Pierres vives (Montpellier)","datePublished":"2018-10-08T13:38:25+00:00","mainEntityOfPage":{"@id":"https:\/\/www.andromede-ocean.com\/english\/blog\/2018\/10\/08\/vernissage-le-26-octobre-odyssee-dun-enfant-dici-a-pierres-vives-montpellier\/"},"wordCount":73,"image":{"@id":"https:\/\/www.andromede-ocean.com\/english\/blog\/2018\/10\/08\/vernissage-le-26-octobre-odyssee-dun-enfant-dici-a-pierres-vives-montpellier\/#primaryimage"},"thumbnailUrl":"http:\/\/www.andromede-ocean.com\/english\/wp-content\/uploads\/sites\/2\/pierres-vives.jpg","articleSection":["Animations","Conferences"],"inLanguage":"en-GB"},{"@type":"WebPage","@id":"https:\/\/www.andromede-ocean.com\/english\/blog\/2018\/10\/08\/vernissage-le-26-octobre-odyssee-dun-enfant-dici-a-pierres-vives-montpellier\/","url":"https:\/\/www.andromede-ocean.com\/english\/blog\/2018\/10\/08\/vernissage-le-26-octobre-odyssee-dun-enfant-dici-a-pierres-vives-montpellier\/","name":"Vernissage le 26 octobre &quot;odyss\u00e9e d&#039;un enfant d&#039;ici&quot; \u00e0 Pierres vives (Montpellier) - Androm\u00e8de Oc\u00e9anologie","isPartOf":{"@id":"https:\/\/www.andromede-ocean.com\/english\/#website"},"primaryImageOfPage":{"@id":"https:\/\/www.andromede-ocean.com\/english\/blog\/2018\/10\/08\/vernissage-le-26-octobre-odyssee-dun-enfant-dici-a-pierres-vives-montpellier\/#primaryimage"},"image":{"@id":"https:\/\/www.andromede-ocean.com\/english\/blog\/2018\/10\/08\/vernissage-le-26-octobre-odyssee-dun-enfant-dici-a-pierres-vives-montpellier\/#primaryimage"},"thumbnailUrl":"http:\/\/www.andromede-ocean.com\/english\/wp-content\/uploads\/sites\/2\/pierres-vives.jpg","datePublished":"2018-10-08T13:38:25+00:00","author":{"@id":"https:\/\/www.andromede-ocean.com\/english\/#\/schema\/person\/670621606150c9eb5a0c92897263dcf6"},"breadcrumb":{"@id":"https:\/\/www.andromede-ocean.com\/english\/blog\/2018\/10\/08\/vernissage-le-26-octobre-odyssee-dun-enfant-dici-a-pierres-vives-montpellier\/#breadcrumb"},"inLanguage":"en-GB","potentialAction":[{"@type":"ReadAction","target":["https:\/\/www.andromede-ocean.com\/english\/blog\/2018\/10\/08\/vernissage-le-26-octobre-odyssee-dun-enfant-dici-a-pierres-vives-montpellier\/"]}]},{"@type":"ImageObject","inLanguage":"en-GB","@id":"https:\/\/www.andromede-ocean.com\/english\/blog\/2018\/10\/08\/vernissage-le-26-octobre-odyssee-dun-enfant-dici-a-pierres-vives-montpellier\/#primaryimage","url":"http:\/\/www.andromede-ocean.com\/english\/wp-content\/uploads\/sites\/2\/pierres-vives.jpg","contentUrl":"http:\/\/www.andromede-ocean.com\/english\/wp-content\/uploads\/sites\/2\/pierres-vives.jpg"},{"@type":"BreadcrumbList","@id":"https:\/\/www.andromede-ocean.com\/english\/blog\/2018\/10\/08\/vernissage-le-26-octobre-odyssee-dun-enfant-dici-a-pierres-vives-montpellier\/#breadcrumb","itemListElement":[{"@type":"ListItem","position":1,"name":"Accueil","item":"https:\/\/www.andromede-ocean.com\/english\/"},{"@type":"ListItem","position":2,"name":"Vernissage le 26 octobre &quot;odyss\u00e9e d&#039;un enfant d&#039;ici&quot; \u00e0 Pierres vives (Montpellier)"}]},{"@type":"WebSite","@id":"https:\/\/www.andromede-ocean.com\/english\/#website","url":"https:\/\/www.andromede-ocean.com\/english\/","name":"Androm\u00e8de Oc\u00e9anologie","description":"","potentialAction":[{"@type":"SearchAction","target":{"@type":"EntryPoint","urlTemplate":"https:\/\/www.andromede-ocean.com\/english\/?s={search_term_string}"},"query-input":{"@type":"PropertyValueSpecification","valueRequired":true,"valueName":"search_term_string"}}],"inLanguage":"en-GB"},{"@type":"Person","@id":"https:\/\/www.andromede-ocean.com\/english\/#\/schema\/person\/670621606150c9eb5a0c92897263dcf6","name":"julie Deter","image":{"@type":"ImageObject","inLanguage":"en-GB","@id":"https:\/\/www.andromede-ocean.com\/english\/#\/schema\/person\/image\/","url":"https:\/\/secure.gravatar.com\/avatar\/29b9c20f73f722191c32425ab84445e2b34fcc25b717ea8e1667c86ae7eb81cf?s=96&d=mm&r=g","contentUrl":"https:\/\/secure.gravatar.com\/avatar\/29b9c20f73f722191c32425ab84445e2b34fcc25b717ea8e1667c86ae7eb81cf?s=96&d=mm&r=g","caption":"julie Deter"}}]}},"_links":{"self":[{"href":"https:\/\/www.andromede-ocean.com\/english\/wp-json\/wp\/v2\/posts\/2562","targetHints":{"allow":["GET"]}}],"collection":[{"href":"https:\/\/www.andromede-ocean.com\/english\/wp-json\/wp\/v2\/posts"}],"about":[{"href":"https:\/\/www.andromede-ocean.com\/english\/wp-json\/wp\/v2\/types\/post"}],"author":[{"embeddable":true,"href":"https:\/\/www.andromede-ocean.com\/english\/wp-json\/wp\/v2\/users\/3"}],"replies":[{"embeddable":true,"href":"https:\/\/www.andromede-ocean.com\/english\/wp-json\/wp\/v2\/comments?post=2562"}],"version-history":[{"count":0,"href":"https:\/\/www.andromede-ocean.com\/english\/wp-json\/wp\/v2\/posts\/2562\/revisions"}],"wp:attachment":[{"href":"https:\/\/www.andromede-ocean.com\/english\/wp-json\/wp\/v2\/media?parent=2562"}],"wp:term":[{"taxonomy":"category","embeddable":true,"href":"https:\/\/www.andromede-ocean.com\/english\/wp-json\/wp\/v2\/categories?post=2562"},{"taxonomy":"post_tag","embeddable":true,"href":"https:\/\/www.andromede-ocean.com\/english\/wp-json\/wp\/v2\/tags?post=2562"}],"curies":[{"name":"wp","href":"https:\/\/api.w.org\/{rel}","templated":true}]}}