{"id":2503,"date":"2018-09-05T12:45:27","date_gmt":"2018-09-05T11:45:27","guid":{"rendered":"http:\/\/marion-dev.valars.com\/andromede\/?p=2503"},"modified":"2018-09-05T12:45:27","modified_gmt":"2018-09-05T11:45:27","slug":"publication-dune-synthese-sur-les-liens-entre-esthetique-des-paysages-et-biodiversite","status":"publish","type":"post","link":"https:\/\/www.andromede-ocean.com\/english\/blog\/2018\/09\/05\/publication-dune-synthese-sur-les-liens-entre-esthetique-des-paysages-et-biodiversite\/","title":{"rendered":"Publication d&#039;une synth\u00e8se sur les liens entre esth\u00e9tique des paysages et  biodiversit\u00e9"},"content":{"rendered":"<p style=\"text-align: center;\"><a href=\"http:\/\/www.andromede-ocean.com\/english\/wp-content\/uploads\/sites\/2\/photo-review.jpg\"><img loading=\"lazy\" decoding=\"async\" class=\"alignleft size-full wp-image-2505\" alt=\"photo review\" src=\"http:\/\/www.andromede-ocean.com\/english\/wp-content\/uploads\/sites\/2\/photo-review.jpg\" width=\"425\" height=\"240\" \/><\/a><strong>Sortie aujourd&#8217;hui de notre article de synth\u00e8se dans Proceedings of the Royal Society Biological Sciences<\/strong><\/p>\n<p><em>R\u00e9f\u00e9rence : Tribot A-S, Deter J, Mouquet N. 2018 Integrating the aesthetic value of landscapes and biological diversity. Proc. R. Soc. B 285: 20180971. http:\/\/dx.doi.org\/10.1098\/rspb.2018.0971.<\/em> <span style=\"color: #000080;\">Disponible <a href=\"http:\/\/www.andromede-ocean.com\/english\/wp-content\/uploads\/sites\/2\/Tribot_el_al_2018_review-aethetics-landscape-biodiversity.pdf\"><span style=\"color: #000080;\">ici<\/span><\/a><\/span><br \/>\nR\u00e9sum\u00e9 : En tant que service \u00e9cosyst\u00e9mique culturel, la valeur esth\u00e9tique des paysages contribue au bien-\u00eatre humain, mais les \u00e9tudes reliant la biodiversit\u00e9 et les services \u00e9cosyst\u00e9miques ne tiennent g\u00e9n\u00e9ralement pas compte de ce service particulier. Par cons\u00e9quent, la congruence entre la perception esth\u00e9tique des paysages, la valeur \u00e9cologique et la biodiversit\u00e9 reste mal compris. Ici, nous d\u00e9crivons le contexte conceptuel, les m\u00e9thodologies actuelles et les d\u00e9fis futurs en mati\u00e8re d&#8217;\u00e9valuation esth\u00e9tique du paysage et sa relation avec la biodiversit\u00e9. Nous mettons en \u00e9vidence les \u00e9carts m\u00e9thodologiques entre l&#8217;\u00e9valuation de l&#8217;esth\u00e9tique du paysage, de la diversit\u00e9 \u00e9cologique et du fonctionnement. Nous discutons des d\u00e9fis associ\u00e9s en reliant l&#8217;esth\u00e9tique du paysage \u00e0 la valeur \u00e9cologique et \u00e0 la mise \u00e0 l&#8217;\u00e9chelle des questions dans l&#8217;\u00e9valuation de la perception de l&#8217;esth\u00e9tique humaine. Pour mieux int\u00e9grer valeur esth\u00e9tique et composantes \u00e9cologiques de la biodiversit\u00e9, nous proposons de combiner l&#8217;\u00e9tude de l&#8217;esth\u00e9tique et la compr\u00e9hension de la fonction \u00e9cologique au niveau des esp\u00e8ces et du paysage. \u00c9tant donn\u00e9 le besoin urgent de s\u2019engager soci\u00e9t\u00e9 dans les efforts de conservation, cette approche, bas\u00e9e sur la combinaison de l&#8217;exp\u00e9rience esth\u00e9tique et la reconnaissance du fonctionnement \u00e9cologique par le grand public, aidera \u00e0 changer notre culture de la nature et \u00e0 promouvoir politiques de conservation orient\u00e9es vers l&#8217;environnement.<br \/>\n&nbsp;\t\t<\/p>\n","protected":false},"excerpt":{"rendered":"<p>Sortie aujourd&#8217;hui de notre article de synth\u00e8se dans Proceedings of the Royal Society Biological Sciences R\u00e9f\u00e9rence : Tribot A-S, Deter J, Mouquet N. 2018 Integrating the aesthetic value of landscapes and biological diversity. Proc. R. Soc. B 285: 20180971. http:\/\/dx.doi.org\/10.1098\/rspb.2018.0971. Disponible ici R\u00e9sum\u00e9 : En tant que service \u00e9cosyst\u00e9mique culturel, la valeur esth\u00e9tique des paysages [&hellip;]<\/p>\n","protected":false},"author":3,"featured_media":0,"comment_status":"closed","ping_status":"open","sticky":false,"template":"","format":"standard","meta":{"_et_pb_use_builder":"","_et_pb_old_content":"","_et_gb_content_width":"","footnotes":""},"categories":[10],"tags":[],"class_list":["post-2503","post","type-post","status-publish","format-standard","hentry","category-resultats-scientifiques"],"yoast_head":"<!-- This site is optimized with the Yoast SEO plugin v27.0 - https:\/\/yoast.com\/product\/yoast-seo-wordpress\/ -->\n<title>Publication d&#039;une synth\u00e8se sur les liens entre esth\u00e9tique des paysages et biodiversit\u00e9 - Androm\u00e8de Oc\u00e9anologie<\/title>\n<meta name=\"robots\" content=\"index, follow, max-snippet:-1, max-image-preview:large, max-video-preview:-1\" \/>\n<meta property=\"og:locale\" content=\"en_GB\" \/>\n<meta property=\"og:type\" content=\"article\" \/>\n<meta property=\"og:title\" content=\"Publication d&#039;une synth\u00e8se sur les liens entre esth\u00e9tique des paysages et biodiversit\u00e9 - Androm\u00e8de Oc\u00e9anologie\" \/>\n<meta property=\"og:description\" content=\"Sortie aujourd&#8217;hui de notre article de synth\u00e8se dans Proceedings of the Royal Society Biological Sciences R\u00e9f\u00e9rence : Tribot A-S, Deter J, Mouquet N. 2018 Integrating the aesthetic value of landscapes and biological diversity. Proc. R. Soc. B 285: 20180971. http:\/\/dx.doi.org\/10.1098\/rspb.2018.0971. Disponible ici R\u00e9sum\u00e9 : En tant que service \u00e9cosyst\u00e9mique culturel, la valeur esth\u00e9tique des paysages [&hellip;]\" \/>\n<meta property=\"og:url\" content=\"https:\/\/www.andromede-ocean.com\/english\/blog\/2018\/09\/05\/publication-dune-synthese-sur-les-liens-entre-esthetique-des-paysages-et-biodiversite\/\" \/>\n<meta property=\"og:site_name\" content=\"Androm\u00e8de Oc\u00e9anologie\" \/>\n<meta property=\"article:published_time\" content=\"2018-09-05T11:45:27+00:00\" \/>\n<meta property=\"og:image\" content=\"http:\/\/www.andromede-ocean.com\/english\/wp-content\/uploads\/sites\/2\/photo-review.jpg\" \/>\n<meta name=\"author\" content=\"julie Deter\" \/>\n<meta name=\"twitter:card\" content=\"summary_large_image\" \/>\n<meta name=\"twitter:label1\" content=\"Written by\" \/>\n\t<meta name=\"twitter:data1\" content=\"julie Deter\" \/>\n\t<meta name=\"twitter:label2\" content=\"Estimated reading time\" \/>\n\t<meta name=\"twitter:data2\" content=\"1 minute\" \/>\n<script type=\"application\/ld+json\" class=\"yoast-schema-graph\">{\"@context\":\"https:\/\/schema.org\",\"@graph\":[{\"@type\":\"Article\",\"@id\":\"https:\/\/www.andromede-ocean.com\/english\/blog\/2018\/09\/05\/publication-dune-synthese-sur-les-liens-entre-esthetique-des-paysages-et-biodiversite\/#article\",\"isPartOf\":{\"@id\":\"https:\/\/www.andromede-ocean.com\/english\/blog\/2018\/09\/05\/publication-dune-synthese-sur-les-liens-entre-esthetique-des-paysages-et-biodiversite\/\"},\"author\":{\"name\":\"julie Deter\",\"@id\":\"https:\/\/www.andromede-ocean.com\/english\/#\/schema\/person\/670621606150c9eb5a0c92897263dcf6\"},\"headline\":\"Publication d&#039;une synth\u00e8se sur les liens entre esth\u00e9tique des paysages et biodiversit\u00e9\",\"datePublished\":\"2018-09-05T11:45:27+00:00\",\"mainEntityOfPage\":{\"@id\":\"https:\/\/www.andromede-ocean.com\/english\/blog\/2018\/09\/05\/publication-dune-synthese-sur-les-liens-entre-esthetique-des-paysages-et-biodiversite\/\"},\"wordCount\":302,\"image\":{\"@id\":\"https:\/\/www.andromede-ocean.com\/english\/blog\/2018\/09\/05\/publication-dune-synthese-sur-les-liens-entre-esthetique-des-paysages-et-biodiversite\/#primaryimage\"},\"thumbnailUrl\":\"http:\/\/www.andromede-ocean.com\/english\/wp-content\/uploads\/sites\/2\/photo-review.jpg\",\"articleSection\":[\"Scientific results\"],\"inLanguage\":\"en-GB\"},{\"@type\":\"WebPage\",\"@id\":\"https:\/\/www.andromede-ocean.com\/english\/blog\/2018\/09\/05\/publication-dune-synthese-sur-les-liens-entre-esthetique-des-paysages-et-biodiversite\/\",\"url\":\"https:\/\/www.andromede-ocean.com\/english\/blog\/2018\/09\/05\/publication-dune-synthese-sur-les-liens-entre-esthetique-des-paysages-et-biodiversite\/\",\"name\":\"Publication d&#039;une synth\u00e8se sur les liens entre esth\u00e9tique des paysages et biodiversit\u00e9 - Androm\u00e8de Oc\u00e9anologie\",\"isPartOf\":{\"@id\":\"https:\/\/www.andromede-ocean.com\/english\/#website\"},\"primaryImageOfPage\":{\"@id\":\"https:\/\/www.andromede-ocean.com\/english\/blog\/2018\/09\/05\/publication-dune-synthese-sur-les-liens-entre-esthetique-des-paysages-et-biodiversite\/#primaryimage\"},\"image\":{\"@id\":\"https:\/\/www.andromede-ocean.com\/english\/blog\/2018\/09\/05\/publication-dune-synthese-sur-les-liens-entre-esthetique-des-paysages-et-biodiversite\/#primaryimage\"},\"thumbnailUrl\":\"http:\/\/www.andromede-ocean.com\/english\/wp-content\/uploads\/sites\/2\/photo-review.jpg\",\"datePublished\":\"2018-09-05T11:45:27+00:00\",\"author\":{\"@id\":\"https:\/\/www.andromede-ocean.com\/english\/#\/schema\/person\/670621606150c9eb5a0c92897263dcf6\"},\"breadcrumb\":{\"@id\":\"https:\/\/www.andromede-ocean.com\/english\/blog\/2018\/09\/05\/publication-dune-synthese-sur-les-liens-entre-esthetique-des-paysages-et-biodiversite\/#breadcrumb\"},\"inLanguage\":\"en-GB\",\"potentialAction\":[{\"@type\":\"ReadAction\",\"target\":[\"https:\/\/www.andromede-ocean.com\/english\/blog\/2018\/09\/05\/publication-dune-synthese-sur-les-liens-entre-esthetique-des-paysages-et-biodiversite\/\"]}]},{\"@type\":\"ImageObject\",\"inLanguage\":\"en-GB\",\"@id\":\"https:\/\/www.andromede-ocean.com\/english\/blog\/2018\/09\/05\/publication-dune-synthese-sur-les-liens-entre-esthetique-des-paysages-et-biodiversite\/#primaryimage\",\"url\":\"http:\/\/www.andromede-ocean.com\/english\/wp-content\/uploads\/sites\/2\/photo-review.jpg\",\"contentUrl\":\"http:\/\/www.andromede-ocean.com\/english\/wp-content\/uploads\/sites\/2\/photo-review.jpg\"},{\"@type\":\"BreadcrumbList\",\"@id\":\"https:\/\/www.andromede-ocean.com\/english\/blog\/2018\/09\/05\/publication-dune-synthese-sur-les-liens-entre-esthetique-des-paysages-et-biodiversite\/#breadcrumb\",\"itemListElement\":[{\"@type\":\"ListItem\",\"position\":1,\"name\":\"Accueil\",\"item\":\"https:\/\/www.andromede-ocean.com\/english\/\"},{\"@type\":\"ListItem\",\"position\":2,\"name\":\"Publication d&#039;une synth\u00e8se sur les liens entre esth\u00e9tique des paysages et biodiversit\u00e9\"}]},{\"@type\":\"WebSite\",\"@id\":\"https:\/\/www.andromede-ocean.com\/english\/#website\",\"url\":\"https:\/\/www.andromede-ocean.com\/english\/\",\"name\":\"Androm\u00e8de Oc\u00e9anologie\",\"description\":\"\",\"potentialAction\":[{\"@type\":\"SearchAction\",\"target\":{\"@type\":\"EntryPoint\",\"urlTemplate\":\"https:\/\/www.andromede-ocean.com\/english\/?s={search_term_string}\"},\"query-input\":{\"@type\":\"PropertyValueSpecification\",\"valueRequired\":true,\"valueName\":\"search_term_string\"}}],\"inLanguage\":\"en-GB\"},{\"@type\":\"Person\",\"@id\":\"https:\/\/www.andromede-ocean.com\/english\/#\/schema\/person\/670621606150c9eb5a0c92897263dcf6\",\"name\":\"julie Deter\",\"image\":{\"@type\":\"ImageObject\",\"inLanguage\":\"en-GB\",\"@id\":\"https:\/\/www.andromede-ocean.com\/english\/#\/schema\/person\/image\/\",\"url\":\"https:\/\/secure.gravatar.com\/avatar\/29b9c20f73f722191c32425ab84445e2b34fcc25b717ea8e1667c86ae7eb81cf?s=96&d=mm&r=g\",\"contentUrl\":\"https:\/\/secure.gravatar.com\/avatar\/29b9c20f73f722191c32425ab84445e2b34fcc25b717ea8e1667c86ae7eb81cf?s=96&d=mm&r=g\",\"caption\":\"julie Deter\"}}]}<\/script>\n<!-- \/ Yoast SEO plugin. -->","yoast_head_json":{"title":"Publication d&#039;une synth\u00e8se sur les liens entre esth\u00e9tique des paysages et biodiversit\u00e9 - Androm\u00e8de Oc\u00e9anologie","robots":{"index":"index","follow":"follow","max-snippet":"max-snippet:-1","max-image-preview":"max-image-preview:large","max-video-preview":"max-video-preview:-1"},"og_locale":"en_GB","og_type":"article","og_title":"Publication d&#039;une synth\u00e8se sur les liens entre esth\u00e9tique des paysages et biodiversit\u00e9 - Androm\u00e8de Oc\u00e9anologie","og_description":"Sortie aujourd&#8217;hui de notre article de synth\u00e8se dans Proceedings of the Royal Society Biological Sciences R\u00e9f\u00e9rence : Tribot A-S, Deter J, Mouquet N. 2018 Integrating the aesthetic value of landscapes and biological diversity. Proc. R. Soc. B 285: 20180971. http:\/\/dx.doi.org\/10.1098\/rspb.2018.0971. Disponible ici R\u00e9sum\u00e9 : En tant que service \u00e9cosyst\u00e9mique culturel, la valeur esth\u00e9tique des paysages [&hellip;]","og_url":"https:\/\/www.andromede-ocean.com\/english\/blog\/2018\/09\/05\/publication-dune-synthese-sur-les-liens-entre-esthetique-des-paysages-et-biodiversite\/","og_site_name":"Androm\u00e8de Oc\u00e9anologie","article_published_time":"2018-09-05T11:45:27+00:00","og_image":[{"url":"http:\/\/www.andromede-ocean.com\/english\/wp-content\/uploads\/sites\/2\/photo-review.jpg","type":"","width":"","height":""}],"author":"julie Deter","twitter_card":"summary_large_image","twitter_misc":{"Written by":"julie Deter","Estimated reading time":"1 minute"},"schema":{"@context":"https:\/\/schema.org","@graph":[{"@type":"Article","@id":"https:\/\/www.andromede-ocean.com\/english\/blog\/2018\/09\/05\/publication-dune-synthese-sur-les-liens-entre-esthetique-des-paysages-et-biodiversite\/#article","isPartOf":{"@id":"https:\/\/www.andromede-ocean.com\/english\/blog\/2018\/09\/05\/publication-dune-synthese-sur-les-liens-entre-esthetique-des-paysages-et-biodiversite\/"},"author":{"name":"julie Deter","@id":"https:\/\/www.andromede-ocean.com\/english\/#\/schema\/person\/670621606150c9eb5a0c92897263dcf6"},"headline":"Publication d&#039;une synth\u00e8se sur les liens entre esth\u00e9tique des paysages et biodiversit\u00e9","datePublished":"2018-09-05T11:45:27+00:00","mainEntityOfPage":{"@id":"https:\/\/www.andromede-ocean.com\/english\/blog\/2018\/09\/05\/publication-dune-synthese-sur-les-liens-entre-esthetique-des-paysages-et-biodiversite\/"},"wordCount":302,"image":{"@id":"https:\/\/www.andromede-ocean.com\/english\/blog\/2018\/09\/05\/publication-dune-synthese-sur-les-liens-entre-esthetique-des-paysages-et-biodiversite\/#primaryimage"},"thumbnailUrl":"http:\/\/www.andromede-ocean.com\/english\/wp-content\/uploads\/sites\/2\/photo-review.jpg","articleSection":["Scientific results"],"inLanguage":"en-GB"},{"@type":"WebPage","@id":"https:\/\/www.andromede-ocean.com\/english\/blog\/2018\/09\/05\/publication-dune-synthese-sur-les-liens-entre-esthetique-des-paysages-et-biodiversite\/","url":"https:\/\/www.andromede-ocean.com\/english\/blog\/2018\/09\/05\/publication-dune-synthese-sur-les-liens-entre-esthetique-des-paysages-et-biodiversite\/","name":"Publication d&#039;une synth\u00e8se sur les liens entre esth\u00e9tique des paysages et biodiversit\u00e9 - Androm\u00e8de Oc\u00e9anologie","isPartOf":{"@id":"https:\/\/www.andromede-ocean.com\/english\/#website"},"primaryImageOfPage":{"@id":"https:\/\/www.andromede-ocean.com\/english\/blog\/2018\/09\/05\/publication-dune-synthese-sur-les-liens-entre-esthetique-des-paysages-et-biodiversite\/#primaryimage"},"image":{"@id":"https:\/\/www.andromede-ocean.com\/english\/blog\/2018\/09\/05\/publication-dune-synthese-sur-les-liens-entre-esthetique-des-paysages-et-biodiversite\/#primaryimage"},"thumbnailUrl":"http:\/\/www.andromede-ocean.com\/english\/wp-content\/uploads\/sites\/2\/photo-review.jpg","datePublished":"2018-09-05T11:45:27+00:00","author":{"@id":"https:\/\/www.andromede-ocean.com\/english\/#\/schema\/person\/670621606150c9eb5a0c92897263dcf6"},"breadcrumb":{"@id":"https:\/\/www.andromede-ocean.com\/english\/blog\/2018\/09\/05\/publication-dune-synthese-sur-les-liens-entre-esthetique-des-paysages-et-biodiversite\/#breadcrumb"},"inLanguage":"en-GB","potentialAction":[{"@type":"ReadAction","target":["https:\/\/www.andromede-ocean.com\/english\/blog\/2018\/09\/05\/publication-dune-synthese-sur-les-liens-entre-esthetique-des-paysages-et-biodiversite\/"]}]},{"@type":"ImageObject","inLanguage":"en-GB","@id":"https:\/\/www.andromede-ocean.com\/english\/blog\/2018\/09\/05\/publication-dune-synthese-sur-les-liens-entre-esthetique-des-paysages-et-biodiversite\/#primaryimage","url":"http:\/\/www.andromede-ocean.com\/english\/wp-content\/uploads\/sites\/2\/photo-review.jpg","contentUrl":"http:\/\/www.andromede-ocean.com\/english\/wp-content\/uploads\/sites\/2\/photo-review.jpg"},{"@type":"BreadcrumbList","@id":"https:\/\/www.andromede-ocean.com\/english\/blog\/2018\/09\/05\/publication-dune-synthese-sur-les-liens-entre-esthetique-des-paysages-et-biodiversite\/#breadcrumb","itemListElement":[{"@type":"ListItem","position":1,"name":"Accueil","item":"https:\/\/www.andromede-ocean.com\/english\/"},{"@type":"ListItem","position":2,"name":"Publication d&#039;une synth\u00e8se sur les liens entre esth\u00e9tique des paysages et biodiversit\u00e9"}]},{"@type":"WebSite","@id":"https:\/\/www.andromede-ocean.com\/english\/#website","url":"https:\/\/www.andromede-ocean.com\/english\/","name":"Androm\u00e8de Oc\u00e9anologie","description":"","potentialAction":[{"@type":"SearchAction","target":{"@type":"EntryPoint","urlTemplate":"https:\/\/www.andromede-ocean.com\/english\/?s={search_term_string}"},"query-input":{"@type":"PropertyValueSpecification","valueRequired":true,"valueName":"search_term_string"}}],"inLanguage":"en-GB"},{"@type":"Person","@id":"https:\/\/www.andromede-ocean.com\/english\/#\/schema\/person\/670621606150c9eb5a0c92897263dcf6","name":"julie Deter","image":{"@type":"ImageObject","inLanguage":"en-GB","@id":"https:\/\/www.andromede-ocean.com\/english\/#\/schema\/person\/image\/","url":"https:\/\/secure.gravatar.com\/avatar\/29b9c20f73f722191c32425ab84445e2b34fcc25b717ea8e1667c86ae7eb81cf?s=96&d=mm&r=g","contentUrl":"https:\/\/secure.gravatar.com\/avatar\/29b9c20f73f722191c32425ab84445e2b34fcc25b717ea8e1667c86ae7eb81cf?s=96&d=mm&r=g","caption":"julie Deter"}}]}},"_links":{"self":[{"href":"https:\/\/www.andromede-ocean.com\/english\/wp-json\/wp\/v2\/posts\/2503","targetHints":{"allow":["GET"]}}],"collection":[{"href":"https:\/\/www.andromede-ocean.com\/english\/wp-json\/wp\/v2\/posts"}],"about":[{"href":"https:\/\/www.andromede-ocean.com\/english\/wp-json\/wp\/v2\/types\/post"}],"author":[{"embeddable":true,"href":"https:\/\/www.andromede-ocean.com\/english\/wp-json\/wp\/v2\/users\/3"}],"replies":[{"embeddable":true,"href":"https:\/\/www.andromede-ocean.com\/english\/wp-json\/wp\/v2\/comments?post=2503"}],"version-history":[{"count":0,"href":"https:\/\/www.andromede-ocean.com\/english\/wp-json\/wp\/v2\/posts\/2503\/revisions"}],"wp:attachment":[{"href":"https:\/\/www.andromede-ocean.com\/english\/wp-json\/wp\/v2\/media?parent=2503"}],"wp:term":[{"taxonomy":"category","embeddable":true,"href":"https:\/\/www.andromede-ocean.com\/english\/wp-json\/wp\/v2\/categories?post=2503"},{"taxonomy":"post_tag","embeddable":true,"href":"https:\/\/www.andromede-ocean.com\/english\/wp-json\/wp\/v2\/tags?post=2503"}],"curies":[{"name":"wp","href":"https:\/\/api.w.org\/{rel}","templated":true}]}}