{"id":2499,"date":"2018-09-04T13:58:15","date_gmt":"2018-09-04T12:58:15","guid":{"rendered":"http:\/\/marion-dev.valars.com\/andromede\/?p=2499"},"modified":"2018-09-04T13:58:15","modified_gmt":"2018-09-04T12:58:15","slug":"fete-de-la-science-projection-3d-au-vigan-le-11-octobre","status":"publish","type":"post","link":"https:\/\/www.andromede-ocean.com\/english\/blog\/2018\/09\/04\/fete-de-la-science-projection-3d-au-vigan-le-11-octobre\/","title":{"rendered":"F\u00eate de la science : projection 3D au Vigan le 11 octobre"},"content":{"rendered":"<div id=\"attachment_2164\" style=\"width: 310px\" class=\"wp-caption alignleft\"><a href=\"http:\/\/www.andromede-ocean.com\/english\/wp-content\/uploads\/sites\/2\/LB22927.jpg\"><img loading=\"lazy\" decoding=\"async\" aria-describedby=\"caption-attachment-2164\" class=\"size-medium wp-image-2164\" alt=\"Homard en M\u00e9diterran\u00e9e. Photo de Laurent Ballesta \/ Androm\u00e8de oc\u00e9anologie\" src=\"http:\/\/www.andromede-ocean.com\/english\/wp-content\/uploads\/sites\/2\/LB22927-300x199.jpg\" width=\"300\" height=\"199\" \/><\/a><p id=\"caption-attachment-2164\" class=\"wp-caption-text\"><strong>Homard en M\u00e9diterran\u00e9e. Photo de Laurent Ballesta \/ Androm\u00e8de oc\u00e9anologie<\/strong><\/p><\/div>\n<p style=\"text-align: center;\"><strong>Au cin\u00e9ma Le Palace du Vigan, le jeudi 11 octobre<\/strong><\/p>\n<p style=\"text-align: center;\"><strong> projection d\u2019un documentaire de 26 minutes en 3D <\/strong><\/p>\n<p style=\"text-align: center;\"><strong>suivie d\u2019un temps d\u2019\u00e9changes avec des chercheurs d\u2019Androm\u00e8de oc\u00e9anologie et de l\u2019universit\u00e9 de Montpellier.<br \/>\n<\/strong><\/p>\n<p style=\"text-align: center;\"><span style=\"color: #000080;\"><strong>4 s\u00e9ances scolaires \u00e0 partir du CP + une s\u00e9ance grand public<\/strong><\/span><\/p>\n<p>r\u00e9sum\u00e9 :La mer m\u00e9diterran\u00e9e concentre de nombreux enjeux : tourisme, transport, p\u00eache, biodiversit\u00e9?Des efforts consid\u00e9rables sont engag\u00e9s depuis une trentaine d\u2019ann\u00e9es pour la pr\u00e9server. Des scientifiques surveillent l\u2019\u00e9tat de sant\u00e9 de la mer m\u00e9diterran\u00e9e par le suivi biologique de ses \u00e9cosyst\u00e8mes les plus riches et sensibles comme les herbiers de posidonie et les r\u00e9cifs corallig\u00e8nes, l\u2019\u00e9coute des sons sous-marins et de la cartographie des fonds. A travers les magnifiques images sous-marines de Roberto Rinaldi et Laurent Ballesta, vous plongerez en trois dimensions au c\u0153ur de la mer M\u00e9diterran\u00e9e et de sa biodiversit\u00e9 pour mieux comprendre le pourquoi\/comment de sa surveillance. Vous d\u00e9couvrirez aussi les derni\u00e8res actions d\u2019am\u00e9lioration mises en place et leurs r\u00e9sultats. Enfin, un(e) biologiste marin travaillant sur les r\u00e9seaux de surveillance biologique en M\u00e9diterran\u00e9e r\u00e9pondra ensuite aux questions du public.<\/p>\n<div>\n<em>R\u00e9alisation du documentaire : Manuel Lefevre. Images : Roberto Rinaldi et Laurent Ballesta. Auteurs : Florian Holon et Pierre Descamp. Production : Androm\u00e8de oc\u00e9anologie \/ Agence de l\u2019eau Rh\u00f4ne M\u00e9diterran\u00e9e Corse<\/em><br \/>\n<strong>S\u00e9ances gratuites en 3D le jeudi 11 octobre \u00e0 9h, 10h30, 14h et 15h30 (scolaires) et 19h (tout public)<\/strong><br \/>\nR\u00e9servation obligatoire aupr\u00e8s de <a href=\"mailto:julie.deter@andromede-ocean.com\">Julie Deter<\/a><br \/>\n<a href=\"https:\/\/openagenda.com\/fetedelascience2018_occitanie\/events\/la-mediterranee-une-mer-sous-surveillance?oaq%5Bwhat%5D=le%20vigan&amp;lang=fr\">Plus d&#8217;informations<\/a><br \/>\n<a href=\"http:\/\/www.andromede-ocean.com\/english\/wp-content\/uploads\/sites\/2\/Bloc-logos-R\u00e9gional-FDS-final.jpg\"><img loading=\"lazy\" decoding=\"async\" class=\"aligncenter size-large wp-image-2439\" alt=\"Bloc logos R\u00e9gional FDS final\" src=\"http:\/\/www.andromede-ocean.com\/english\/wp-content\/uploads\/sites\/2\/Bloc-logos-R\u00e9gional-FDS-final-1024x247.jpg\" width=\"1024\" height=\"247\" \/><\/a>\n<\/div>\n<p>&nbsp;\t\t<\/p>\n","protected":false},"excerpt":{"rendered":"<p>Au cin\u00e9ma Le Palace du Vigan, le jeudi 11 octobre projection d\u2019un documentaire de 26 minutes en 3D suivie d\u2019un temps d\u2019\u00e9changes avec des chercheurs d\u2019Androm\u00e8de oc\u00e9anologie et de l\u2019universit\u00e9 de Montpellier. 4 s\u00e9ances scolaires \u00e0 partir du CP + une s\u00e9ance grand public r\u00e9sum\u00e9 :La mer m\u00e9diterran\u00e9e concentre de nombreux enjeux : tourisme, transport, [&hellip;]<\/p>\n","protected":false},"author":3,"featured_media":0,"comment_status":"closed","ping_status":"open","sticky":false,"template":"","format":"standard","meta":{"_et_pb_use_builder":"","_et_pb_old_content":"","_et_gb_content_width":"","footnotes":""},"categories":[2,3,6,10],"tags":[],"class_list":["post-2499","post","type-post","status-publish","format-standard","hentry","category-animations","category-conferences","category-reseaux-surveillance","category-resultats-scientifiques"],"yoast_head":"<!-- This site is optimized with the Yoast SEO plugin v27.0 - https:\/\/yoast.com\/product\/yoast-seo-wordpress\/ -->\n<title>F\u00eate de la science : projection 3D au Vigan le 11 octobre - Androm\u00e8de Oc\u00e9anologie<\/title>\n<meta name=\"robots\" content=\"index, follow, max-snippet:-1, max-image-preview:large, max-video-preview:-1\" \/>\n<meta property=\"og:locale\" content=\"en_GB\" \/>\n<meta property=\"og:type\" content=\"article\" \/>\n<meta property=\"og:title\" content=\"F\u00eate de la science : projection 3D au Vigan le 11 octobre - Androm\u00e8de Oc\u00e9anologie\" \/>\n<meta property=\"og:description\" content=\"Au cin\u00e9ma Le Palace du Vigan, le jeudi 11 octobre projection d\u2019un documentaire de 26 minutes en 3D suivie d\u2019un temps d\u2019\u00e9changes avec des chercheurs d\u2019Androm\u00e8de oc\u00e9anologie et de l\u2019universit\u00e9 de Montpellier. 4 s\u00e9ances scolaires \u00e0 partir du CP + une s\u00e9ance grand public r\u00e9sum\u00e9 :La mer m\u00e9diterran\u00e9e concentre de nombreux enjeux : tourisme, transport, [&hellip;]\" \/>\n<meta property=\"og:url\" content=\"https:\/\/www.andromede-ocean.com\/english\/blog\/2018\/09\/04\/fete-de-la-science-projection-3d-au-vigan-le-11-octobre\/\" \/>\n<meta property=\"og:site_name\" content=\"Androm\u00e8de Oc\u00e9anologie\" \/>\n<meta property=\"article:published_time\" content=\"2018-09-04T12:58:15+00:00\" \/>\n<meta property=\"og:image\" content=\"http:\/\/www.andromede-ocean.com\/english\/wp-content\/uploads\/sites\/2\/LB22927-300x199.jpg\" \/>\n<meta name=\"author\" content=\"julie Deter\" \/>\n<meta name=\"twitter:card\" content=\"summary_large_image\" \/>\n<meta name=\"twitter:label1\" content=\"Written by\" \/>\n\t<meta name=\"twitter:data1\" content=\"julie Deter\" \/>\n\t<meta name=\"twitter:label2\" content=\"Estimated reading time\" \/>\n\t<meta name=\"twitter:data2\" content=\"1 minute\" \/>\n<script type=\"application\/ld+json\" class=\"yoast-schema-graph\">{\"@context\":\"https:\/\/schema.org\",\"@graph\":[{\"@type\":\"Article\",\"@id\":\"https:\/\/www.andromede-ocean.com\/english\/blog\/2018\/09\/04\/fete-de-la-science-projection-3d-au-vigan-le-11-octobre\/#article\",\"isPartOf\":{\"@id\":\"https:\/\/www.andromede-ocean.com\/english\/blog\/2018\/09\/04\/fete-de-la-science-projection-3d-au-vigan-le-11-octobre\/\"},\"author\":{\"name\":\"julie Deter\",\"@id\":\"https:\/\/www.andromede-ocean.com\/english\/#\/schema\/person\/670621606150c9eb5a0c92897263dcf6\"},\"headline\":\"F\u00eate de la science : projection 3D au Vigan le 11 octobre\",\"datePublished\":\"2018-09-04T12:58:15+00:00\",\"mainEntityOfPage\":{\"@id\":\"https:\/\/www.andromede-ocean.com\/english\/blog\/2018\/09\/04\/fete-de-la-science-projection-3d-au-vigan-le-11-octobre\/\"},\"wordCount\":304,\"image\":{\"@id\":\"https:\/\/www.andromede-ocean.com\/english\/blog\/2018\/09\/04\/fete-de-la-science-projection-3d-au-vigan-le-11-octobre\/#primaryimage\"},\"thumbnailUrl\":\"http:\/\/www.andromede-ocean.com\/english\/wp-content\/uploads\/sites\/2\/LB22927-300x199.jpg\",\"articleSection\":[\"Animations\",\"Conferences\",\"Monitoring\",\"Scientific results\"],\"inLanguage\":\"en-GB\"},{\"@type\":\"WebPage\",\"@id\":\"https:\/\/www.andromede-ocean.com\/english\/blog\/2018\/09\/04\/fete-de-la-science-projection-3d-au-vigan-le-11-octobre\/\",\"url\":\"https:\/\/www.andromede-ocean.com\/english\/blog\/2018\/09\/04\/fete-de-la-science-projection-3d-au-vigan-le-11-octobre\/\",\"name\":\"F\u00eate de la science : projection 3D au Vigan le 11 octobre - Androm\u00e8de Oc\u00e9anologie\",\"isPartOf\":{\"@id\":\"https:\/\/www.andromede-ocean.com\/english\/#website\"},\"primaryImageOfPage\":{\"@id\":\"https:\/\/www.andromede-ocean.com\/english\/blog\/2018\/09\/04\/fete-de-la-science-projection-3d-au-vigan-le-11-octobre\/#primaryimage\"},\"image\":{\"@id\":\"https:\/\/www.andromede-ocean.com\/english\/blog\/2018\/09\/04\/fete-de-la-science-projection-3d-au-vigan-le-11-octobre\/#primaryimage\"},\"thumbnailUrl\":\"http:\/\/www.andromede-ocean.com\/english\/wp-content\/uploads\/sites\/2\/LB22927-300x199.jpg\",\"datePublished\":\"2018-09-04T12:58:15+00:00\",\"author\":{\"@id\":\"https:\/\/www.andromede-ocean.com\/english\/#\/schema\/person\/670621606150c9eb5a0c92897263dcf6\"},\"breadcrumb\":{\"@id\":\"https:\/\/www.andromede-ocean.com\/english\/blog\/2018\/09\/04\/fete-de-la-science-projection-3d-au-vigan-le-11-octobre\/#breadcrumb\"},\"inLanguage\":\"en-GB\",\"potentialAction\":[{\"@type\":\"ReadAction\",\"target\":[\"https:\/\/www.andromede-ocean.com\/english\/blog\/2018\/09\/04\/fete-de-la-science-projection-3d-au-vigan-le-11-octobre\/\"]}]},{\"@type\":\"ImageObject\",\"inLanguage\":\"en-GB\",\"@id\":\"https:\/\/www.andromede-ocean.com\/english\/blog\/2018\/09\/04\/fete-de-la-science-projection-3d-au-vigan-le-11-octobre\/#primaryimage\",\"url\":\"\",\"contentUrl\":\"\"},{\"@type\":\"BreadcrumbList\",\"@id\":\"https:\/\/www.andromede-ocean.com\/english\/blog\/2018\/09\/04\/fete-de-la-science-projection-3d-au-vigan-le-11-octobre\/#breadcrumb\",\"itemListElement\":[{\"@type\":\"ListItem\",\"position\":1,\"name\":\"Accueil\",\"item\":\"https:\/\/www.andromede-ocean.com\/english\/\"},{\"@type\":\"ListItem\",\"position\":2,\"name\":\"F\u00eate de la science : projection 3D au Vigan le 11 octobre\"}]},{\"@type\":\"WebSite\",\"@id\":\"https:\/\/www.andromede-ocean.com\/english\/#website\",\"url\":\"https:\/\/www.andromede-ocean.com\/english\/\",\"name\":\"Androm\u00e8de Oc\u00e9anologie\",\"description\":\"\",\"potentialAction\":[{\"@type\":\"SearchAction\",\"target\":{\"@type\":\"EntryPoint\",\"urlTemplate\":\"https:\/\/www.andromede-ocean.com\/english\/?s={search_term_string}\"},\"query-input\":{\"@type\":\"PropertyValueSpecification\",\"valueRequired\":true,\"valueName\":\"search_term_string\"}}],\"inLanguage\":\"en-GB\"},{\"@type\":\"Person\",\"@id\":\"https:\/\/www.andromede-ocean.com\/english\/#\/schema\/person\/670621606150c9eb5a0c92897263dcf6\",\"name\":\"julie Deter\",\"image\":{\"@type\":\"ImageObject\",\"inLanguage\":\"en-GB\",\"@id\":\"https:\/\/www.andromede-ocean.com\/english\/#\/schema\/person\/image\/\",\"url\":\"https:\/\/secure.gravatar.com\/avatar\/29b9c20f73f722191c32425ab84445e2b34fcc25b717ea8e1667c86ae7eb81cf?s=96&d=mm&r=g\",\"contentUrl\":\"https:\/\/secure.gravatar.com\/avatar\/29b9c20f73f722191c32425ab84445e2b34fcc25b717ea8e1667c86ae7eb81cf?s=96&d=mm&r=g\",\"caption\":\"julie Deter\"}}]}<\/script>\n<!-- \/ Yoast SEO plugin. -->","yoast_head_json":{"title":"F\u00eate de la science : projection 3D au Vigan le 11 octobre - Androm\u00e8de Oc\u00e9anologie","robots":{"index":"index","follow":"follow","max-snippet":"max-snippet:-1","max-image-preview":"max-image-preview:large","max-video-preview":"max-video-preview:-1"},"og_locale":"en_GB","og_type":"article","og_title":"F\u00eate de la science : projection 3D au Vigan le 11 octobre - Androm\u00e8de Oc\u00e9anologie","og_description":"Au cin\u00e9ma Le Palace du Vigan, le jeudi 11 octobre projection d\u2019un documentaire de 26 minutes en 3D suivie d\u2019un temps d\u2019\u00e9changes avec des chercheurs d\u2019Androm\u00e8de oc\u00e9anologie et de l\u2019universit\u00e9 de Montpellier. 4 s\u00e9ances scolaires \u00e0 partir du CP + une s\u00e9ance grand public r\u00e9sum\u00e9 :La mer m\u00e9diterran\u00e9e concentre de nombreux enjeux : tourisme, transport, [&hellip;]","og_url":"https:\/\/www.andromede-ocean.com\/english\/blog\/2018\/09\/04\/fete-de-la-science-projection-3d-au-vigan-le-11-octobre\/","og_site_name":"Androm\u00e8de Oc\u00e9anologie","article_published_time":"2018-09-04T12:58:15+00:00","og_image":[{"url":"http:\/\/www.andromede-ocean.com\/english\/wp-content\/uploads\/sites\/2\/LB22927-300x199.jpg","type":"","width":"","height":""}],"author":"julie Deter","twitter_card":"summary_large_image","twitter_misc":{"Written by":"julie Deter","Estimated reading time":"1 minute"},"schema":{"@context":"https:\/\/schema.org","@graph":[{"@type":"Article","@id":"https:\/\/www.andromede-ocean.com\/english\/blog\/2018\/09\/04\/fete-de-la-science-projection-3d-au-vigan-le-11-octobre\/#article","isPartOf":{"@id":"https:\/\/www.andromede-ocean.com\/english\/blog\/2018\/09\/04\/fete-de-la-science-projection-3d-au-vigan-le-11-octobre\/"},"author":{"name":"julie Deter","@id":"https:\/\/www.andromede-ocean.com\/english\/#\/schema\/person\/670621606150c9eb5a0c92897263dcf6"},"headline":"F\u00eate de la science : projection 3D au Vigan le 11 octobre","datePublished":"2018-09-04T12:58:15+00:00","mainEntityOfPage":{"@id":"https:\/\/www.andromede-ocean.com\/english\/blog\/2018\/09\/04\/fete-de-la-science-projection-3d-au-vigan-le-11-octobre\/"},"wordCount":304,"image":{"@id":"https:\/\/www.andromede-ocean.com\/english\/blog\/2018\/09\/04\/fete-de-la-science-projection-3d-au-vigan-le-11-octobre\/#primaryimage"},"thumbnailUrl":"http:\/\/www.andromede-ocean.com\/english\/wp-content\/uploads\/sites\/2\/LB22927-300x199.jpg","articleSection":["Animations","Conferences","Monitoring","Scientific results"],"inLanguage":"en-GB"},{"@type":"WebPage","@id":"https:\/\/www.andromede-ocean.com\/english\/blog\/2018\/09\/04\/fete-de-la-science-projection-3d-au-vigan-le-11-octobre\/","url":"https:\/\/www.andromede-ocean.com\/english\/blog\/2018\/09\/04\/fete-de-la-science-projection-3d-au-vigan-le-11-octobre\/","name":"F\u00eate de la science : projection 3D au Vigan le 11 octobre - Androm\u00e8de Oc\u00e9anologie","isPartOf":{"@id":"https:\/\/www.andromede-ocean.com\/english\/#website"},"primaryImageOfPage":{"@id":"https:\/\/www.andromede-ocean.com\/english\/blog\/2018\/09\/04\/fete-de-la-science-projection-3d-au-vigan-le-11-octobre\/#primaryimage"},"image":{"@id":"https:\/\/www.andromede-ocean.com\/english\/blog\/2018\/09\/04\/fete-de-la-science-projection-3d-au-vigan-le-11-octobre\/#primaryimage"},"thumbnailUrl":"http:\/\/www.andromede-ocean.com\/english\/wp-content\/uploads\/sites\/2\/LB22927-300x199.jpg","datePublished":"2018-09-04T12:58:15+00:00","author":{"@id":"https:\/\/www.andromede-ocean.com\/english\/#\/schema\/person\/670621606150c9eb5a0c92897263dcf6"},"breadcrumb":{"@id":"https:\/\/www.andromede-ocean.com\/english\/blog\/2018\/09\/04\/fete-de-la-science-projection-3d-au-vigan-le-11-octobre\/#breadcrumb"},"inLanguage":"en-GB","potentialAction":[{"@type":"ReadAction","target":["https:\/\/www.andromede-ocean.com\/english\/blog\/2018\/09\/04\/fete-de-la-science-projection-3d-au-vigan-le-11-octobre\/"]}]},{"@type":"ImageObject","inLanguage":"en-GB","@id":"https:\/\/www.andromede-ocean.com\/english\/blog\/2018\/09\/04\/fete-de-la-science-projection-3d-au-vigan-le-11-octobre\/#primaryimage","url":"","contentUrl":""},{"@type":"BreadcrumbList","@id":"https:\/\/www.andromede-ocean.com\/english\/blog\/2018\/09\/04\/fete-de-la-science-projection-3d-au-vigan-le-11-octobre\/#breadcrumb","itemListElement":[{"@type":"ListItem","position":1,"name":"Accueil","item":"https:\/\/www.andromede-ocean.com\/english\/"},{"@type":"ListItem","position":2,"name":"F\u00eate de la science : projection 3D au Vigan le 11 octobre"}]},{"@type":"WebSite","@id":"https:\/\/www.andromede-ocean.com\/english\/#website","url":"https:\/\/www.andromede-ocean.com\/english\/","name":"Androm\u00e8de Oc\u00e9anologie","description":"","potentialAction":[{"@type":"SearchAction","target":{"@type":"EntryPoint","urlTemplate":"https:\/\/www.andromede-ocean.com\/english\/?s={search_term_string}"},"query-input":{"@type":"PropertyValueSpecification","valueRequired":true,"valueName":"search_term_string"}}],"inLanguage":"en-GB"},{"@type":"Person","@id":"https:\/\/www.andromede-ocean.com\/english\/#\/schema\/person\/670621606150c9eb5a0c92897263dcf6","name":"julie Deter","image":{"@type":"ImageObject","inLanguage":"en-GB","@id":"https:\/\/www.andromede-ocean.com\/english\/#\/schema\/person\/image\/","url":"https:\/\/secure.gravatar.com\/avatar\/29b9c20f73f722191c32425ab84445e2b34fcc25b717ea8e1667c86ae7eb81cf?s=96&d=mm&r=g","contentUrl":"https:\/\/secure.gravatar.com\/avatar\/29b9c20f73f722191c32425ab84445e2b34fcc25b717ea8e1667c86ae7eb81cf?s=96&d=mm&r=g","caption":"julie Deter"}}]}},"_links":{"self":[{"href":"https:\/\/www.andromede-ocean.com\/english\/wp-json\/wp\/v2\/posts\/2499","targetHints":{"allow":["GET"]}}],"collection":[{"href":"https:\/\/www.andromede-ocean.com\/english\/wp-json\/wp\/v2\/posts"}],"about":[{"href":"https:\/\/www.andromede-ocean.com\/english\/wp-json\/wp\/v2\/types\/post"}],"author":[{"embeddable":true,"href":"https:\/\/www.andromede-ocean.com\/english\/wp-json\/wp\/v2\/users\/3"}],"replies":[{"embeddable":true,"href":"https:\/\/www.andromede-ocean.com\/english\/wp-json\/wp\/v2\/comments?post=2499"}],"version-history":[{"count":0,"href":"https:\/\/www.andromede-ocean.com\/english\/wp-json\/wp\/v2\/posts\/2499\/revisions"}],"wp:attachment":[{"href":"https:\/\/www.andromede-ocean.com\/english\/wp-json\/wp\/v2\/media?parent=2499"}],"wp:term":[{"taxonomy":"category","embeddable":true,"href":"https:\/\/www.andromede-ocean.com\/english\/wp-json\/wp\/v2\/categories?post=2499"},{"taxonomy":"post_tag","embeddable":true,"href":"https:\/\/www.andromede-ocean.com\/english\/wp-json\/wp\/v2\/tags?post=2499"}],"curies":[{"name":"wp","href":"https:\/\/api.w.org\/{rel}","templated":true}]}}