{"id":2443,"date":"2018-06-23T12:36:07","date_gmt":"2018-06-23T11:36:07","guid":{"rendered":"http:\/\/marion-dev.valars.com\/andromede\/?p=2443"},"modified":"2018-06-23T12:36:07","modified_gmt":"2018-06-23T11:36:07","slug":"participation-au-plan-de-paysage-sous-marin-du-parc-des-calanques","status":"publish","type":"post","link":"https:\/\/www.andromede-ocean.com\/english\/blog\/2018\/06\/23\/participation-au-plan-de-paysage-sous-marin-du-parc-des-calanques\/","title":{"rendered":"Participation au plan de paysage sous-marin du parc des calanques"},"content":{"rendered":"<p>\t\t\t\tAndrom\u00e8ce oc\u00e9anologie collabore actuellementa vec <a href=\"http:\/\/www.coloco.org\/\" target=\"_blank\" rel=\"noopener noreferrer\">COLOCO<\/a> pour \u00e9laborer le plan de paysage sous-marin du parc des calanques.<br \/>\nC&#8217;est la premi\u00e8re fois qu&#8217;un plan de paysage sous-marin est mis en place en France et surement m\u00eame en Europe et dans le monde. Un article est paru dans le journal &#8220;La provence&#8221; le 3 juin dernier.<br \/>\nLa d\u00e9marche et m\u00e9thodologie employ\u00e9es ainsi que les premiers r\u00e9sultats seront pr\u00e9sent\u00e9s au colloque <a href=\"https:\/\/www.salon-ecologie.com\/ecolotech\/\">Ecolo&#8217;tech du salon de l&#8217;\u00e9cologie 2018<\/a> le 8 novembre prochain \u00e0 Montpellier.<br \/>\n<a href=\"http:\/\/www.andromede-ocean.com\/english\/wp-content\/uploads\/sites\/2\/CALSM_LaProvence_03.jpg\"><img loading=\"lazy\" decoding=\"async\" class=\"aligncenter size-large wp-image-2444\" alt=\"CALSM_LaProvence_03\" src=\"http:\/\/www.andromede-ocean.com\/english\/wp-content\/uploads\/sites\/2\/CALSM_LaProvence_03-743x1024.jpg\" width=\"743\" height=\"1024\" \/><\/a>\t\t<\/p>\n","protected":false},"excerpt":{"rendered":"<p>Androm\u00e8ce oc\u00e9anologie collabore actuellementa vec COLOCO pour \u00e9laborer le plan de paysage sous-marin du parc des calanques. C&#8217;est la premi\u00e8re fois qu&#8217;un plan de paysage sous-marin est mis en place en France et surement m\u00eame en Europe et dans le monde. Un article est paru dans le journal &#8220;La provence&#8221; le 3 juin dernier. La [&hellip;]<\/p>\n","protected":false},"author":3,"featured_media":0,"comment_status":"closed","ping_status":"open","sticky":false,"template":"","format":"standard","meta":{"_et_pb_use_builder":"","_et_pb_old_content":"","_et_gb_content_width":"","footnotes":""},"categories":[13],"tags":[],"class_list":["post-2443","post","type-post","status-publish","format-standard","hentry","category-etudes"],"yoast_head":"<!-- This site is optimized with the Yoast SEO plugin v27.0 - https:\/\/yoast.com\/product\/yoast-seo-wordpress\/ -->\n<title>Participation au plan de paysage sous-marin du parc des calanques - Androm\u00e8de Oc\u00e9anologie<\/title>\n<meta name=\"robots\" content=\"index, follow, max-snippet:-1, max-image-preview:large, max-video-preview:-1\" \/>\n<meta property=\"og:locale\" content=\"en_GB\" \/>\n<meta property=\"og:type\" content=\"article\" \/>\n<meta property=\"og:title\" content=\"Participation au plan de paysage sous-marin du parc des calanques - Androm\u00e8de Oc\u00e9anologie\" \/>\n<meta property=\"og:description\" content=\"Androm\u00e8ce oc\u00e9anologie collabore actuellementa vec COLOCO pour \u00e9laborer le plan de paysage sous-marin du parc des calanques. C&#8217;est la premi\u00e8re fois qu&#8217;un plan de paysage sous-marin est mis en place en France et surement m\u00eame en Europe et dans le monde. Un article est paru dans le journal &#8220;La provence&#8221; le 3 juin dernier. La [&hellip;]\" \/>\n<meta property=\"og:url\" content=\"https:\/\/www.andromede-ocean.com\/english\/blog\/2018\/06\/23\/participation-au-plan-de-paysage-sous-marin-du-parc-des-calanques\/\" \/>\n<meta property=\"og:site_name\" content=\"Androm\u00e8de Oc\u00e9anologie\" \/>\n<meta property=\"article:published_time\" content=\"2018-06-23T11:36:07+00:00\" \/>\n<meta property=\"og:image\" content=\"http:\/\/www.andromede-ocean.com\/english\/wp-content\/uploads\/sites\/2\/CALSM_LaProvence_03-743x1024.jpg\" \/>\n<meta name=\"author\" content=\"julie Deter\" \/>\n<meta name=\"twitter:card\" content=\"summary_large_image\" \/>\n<meta name=\"twitter:label1\" content=\"Written by\" \/>\n\t<meta name=\"twitter:data1\" content=\"julie Deter\" \/>\n<script type=\"application\/ld+json\" class=\"yoast-schema-graph\">{\"@context\":\"https:\/\/schema.org\",\"@graph\":[{\"@type\":\"Article\",\"@id\":\"https:\/\/www.andromede-ocean.com\/english\/blog\/2018\/06\/23\/participation-au-plan-de-paysage-sous-marin-du-parc-des-calanques\/#article\",\"isPartOf\":{\"@id\":\"https:\/\/www.andromede-ocean.com\/english\/blog\/2018\/06\/23\/participation-au-plan-de-paysage-sous-marin-du-parc-des-calanques\/\"},\"author\":{\"name\":\"julie Deter\",\"@id\":\"https:\/\/www.andromede-ocean.com\/english\/#\/schema\/person\/670621606150c9eb5a0c92897263dcf6\"},\"headline\":\"Participation au plan de paysage sous-marin du parc des calanques\",\"datePublished\":\"2018-06-23T11:36:07+00:00\",\"mainEntityOfPage\":{\"@id\":\"https:\/\/www.andromede-ocean.com\/english\/blog\/2018\/06\/23\/participation-au-plan-de-paysage-sous-marin-du-parc-des-calanques\/\"},\"wordCount\":97,\"image\":{\"@id\":\"https:\/\/www.andromede-ocean.com\/english\/blog\/2018\/06\/23\/participation-au-plan-de-paysage-sous-marin-du-parc-des-calanques\/#primaryimage\"},\"thumbnailUrl\":\"http:\/\/www.andromede-ocean.com\/english\/wp-content\/uploads\/sites\/2\/CALSM_LaProvence_03-743x1024.jpg\",\"articleSection\":[\"Studies\"],\"inLanguage\":\"en-GB\"},{\"@type\":\"WebPage\",\"@id\":\"https:\/\/www.andromede-ocean.com\/english\/blog\/2018\/06\/23\/participation-au-plan-de-paysage-sous-marin-du-parc-des-calanques\/\",\"url\":\"https:\/\/www.andromede-ocean.com\/english\/blog\/2018\/06\/23\/participation-au-plan-de-paysage-sous-marin-du-parc-des-calanques\/\",\"name\":\"Participation au plan de paysage sous-marin du parc des calanques - Androm\u00e8de Oc\u00e9anologie\",\"isPartOf\":{\"@id\":\"https:\/\/www.andromede-ocean.com\/english\/#website\"},\"primaryImageOfPage\":{\"@id\":\"https:\/\/www.andromede-ocean.com\/english\/blog\/2018\/06\/23\/participation-au-plan-de-paysage-sous-marin-du-parc-des-calanques\/#primaryimage\"},\"image\":{\"@id\":\"https:\/\/www.andromede-ocean.com\/english\/blog\/2018\/06\/23\/participation-au-plan-de-paysage-sous-marin-du-parc-des-calanques\/#primaryimage\"},\"thumbnailUrl\":\"http:\/\/www.andromede-ocean.com\/english\/wp-content\/uploads\/sites\/2\/CALSM_LaProvence_03-743x1024.jpg\",\"datePublished\":\"2018-06-23T11:36:07+00:00\",\"author\":{\"@id\":\"https:\/\/www.andromede-ocean.com\/english\/#\/schema\/person\/670621606150c9eb5a0c92897263dcf6\"},\"breadcrumb\":{\"@id\":\"https:\/\/www.andromede-ocean.com\/english\/blog\/2018\/06\/23\/participation-au-plan-de-paysage-sous-marin-du-parc-des-calanques\/#breadcrumb\"},\"inLanguage\":\"en-GB\",\"potentialAction\":[{\"@type\":\"ReadAction\",\"target\":[\"https:\/\/www.andromede-ocean.com\/english\/blog\/2018\/06\/23\/participation-au-plan-de-paysage-sous-marin-du-parc-des-calanques\/\"]}]},{\"@type\":\"ImageObject\",\"inLanguage\":\"en-GB\",\"@id\":\"https:\/\/www.andromede-ocean.com\/english\/blog\/2018\/06\/23\/participation-au-plan-de-paysage-sous-marin-du-parc-des-calanques\/#primaryimage\",\"url\":\"\",\"contentUrl\":\"\"},{\"@type\":\"BreadcrumbList\",\"@id\":\"https:\/\/www.andromede-ocean.com\/english\/blog\/2018\/06\/23\/participation-au-plan-de-paysage-sous-marin-du-parc-des-calanques\/#breadcrumb\",\"itemListElement\":[{\"@type\":\"ListItem\",\"position\":1,\"name\":\"Accueil\",\"item\":\"https:\/\/www.andromede-ocean.com\/english\/\"},{\"@type\":\"ListItem\",\"position\":2,\"name\":\"Participation au plan de paysage sous-marin du parc des calanques\"}]},{\"@type\":\"WebSite\",\"@id\":\"https:\/\/www.andromede-ocean.com\/english\/#website\",\"url\":\"https:\/\/www.andromede-ocean.com\/english\/\",\"name\":\"Androm\u00e8de Oc\u00e9anologie\",\"description\":\"\",\"potentialAction\":[{\"@type\":\"SearchAction\",\"target\":{\"@type\":\"EntryPoint\",\"urlTemplate\":\"https:\/\/www.andromede-ocean.com\/english\/?s={search_term_string}\"},\"query-input\":{\"@type\":\"PropertyValueSpecification\",\"valueRequired\":true,\"valueName\":\"search_term_string\"}}],\"inLanguage\":\"en-GB\"},{\"@type\":\"Person\",\"@id\":\"https:\/\/www.andromede-ocean.com\/english\/#\/schema\/person\/670621606150c9eb5a0c92897263dcf6\",\"name\":\"julie Deter\",\"image\":{\"@type\":\"ImageObject\",\"inLanguage\":\"en-GB\",\"@id\":\"https:\/\/www.andromede-ocean.com\/english\/#\/schema\/person\/image\/\",\"url\":\"https:\/\/secure.gravatar.com\/avatar\/29b9c20f73f722191c32425ab84445e2b34fcc25b717ea8e1667c86ae7eb81cf?s=96&d=mm&r=g\",\"contentUrl\":\"https:\/\/secure.gravatar.com\/avatar\/29b9c20f73f722191c32425ab84445e2b34fcc25b717ea8e1667c86ae7eb81cf?s=96&d=mm&r=g\",\"caption\":\"julie Deter\"}}]}<\/script>\n<!-- \/ Yoast SEO plugin. -->","yoast_head_json":{"title":"Participation au plan de paysage sous-marin du parc des calanques - Androm\u00e8de Oc\u00e9anologie","robots":{"index":"index","follow":"follow","max-snippet":"max-snippet:-1","max-image-preview":"max-image-preview:large","max-video-preview":"max-video-preview:-1"},"og_locale":"en_GB","og_type":"article","og_title":"Participation au plan de paysage sous-marin du parc des calanques - Androm\u00e8de Oc\u00e9anologie","og_description":"Androm\u00e8ce oc\u00e9anologie collabore actuellementa vec COLOCO pour \u00e9laborer le plan de paysage sous-marin du parc des calanques. C&#8217;est la premi\u00e8re fois qu&#8217;un plan de paysage sous-marin est mis en place en France et surement m\u00eame en Europe et dans le monde. Un article est paru dans le journal &#8220;La provence&#8221; le 3 juin dernier. La [&hellip;]","og_url":"https:\/\/www.andromede-ocean.com\/english\/blog\/2018\/06\/23\/participation-au-plan-de-paysage-sous-marin-du-parc-des-calanques\/","og_site_name":"Androm\u00e8de Oc\u00e9anologie","article_published_time":"2018-06-23T11:36:07+00:00","og_image":[{"url":"http:\/\/www.andromede-ocean.com\/english\/wp-content\/uploads\/sites\/2\/CALSM_LaProvence_03-743x1024.jpg","type":"","width":"","height":""}],"author":"julie Deter","twitter_card":"summary_large_image","twitter_misc":{"Written by":"julie Deter"},"schema":{"@context":"https:\/\/schema.org","@graph":[{"@type":"Article","@id":"https:\/\/www.andromede-ocean.com\/english\/blog\/2018\/06\/23\/participation-au-plan-de-paysage-sous-marin-du-parc-des-calanques\/#article","isPartOf":{"@id":"https:\/\/www.andromede-ocean.com\/english\/blog\/2018\/06\/23\/participation-au-plan-de-paysage-sous-marin-du-parc-des-calanques\/"},"author":{"name":"julie Deter","@id":"https:\/\/www.andromede-ocean.com\/english\/#\/schema\/person\/670621606150c9eb5a0c92897263dcf6"},"headline":"Participation au plan de paysage sous-marin du parc des calanques","datePublished":"2018-06-23T11:36:07+00:00","mainEntityOfPage":{"@id":"https:\/\/www.andromede-ocean.com\/english\/blog\/2018\/06\/23\/participation-au-plan-de-paysage-sous-marin-du-parc-des-calanques\/"},"wordCount":97,"image":{"@id":"https:\/\/www.andromede-ocean.com\/english\/blog\/2018\/06\/23\/participation-au-plan-de-paysage-sous-marin-du-parc-des-calanques\/#primaryimage"},"thumbnailUrl":"http:\/\/www.andromede-ocean.com\/english\/wp-content\/uploads\/sites\/2\/CALSM_LaProvence_03-743x1024.jpg","articleSection":["Studies"],"inLanguage":"en-GB"},{"@type":"WebPage","@id":"https:\/\/www.andromede-ocean.com\/english\/blog\/2018\/06\/23\/participation-au-plan-de-paysage-sous-marin-du-parc-des-calanques\/","url":"https:\/\/www.andromede-ocean.com\/english\/blog\/2018\/06\/23\/participation-au-plan-de-paysage-sous-marin-du-parc-des-calanques\/","name":"Participation au plan de paysage sous-marin du parc des calanques - Androm\u00e8de Oc\u00e9anologie","isPartOf":{"@id":"https:\/\/www.andromede-ocean.com\/english\/#website"},"primaryImageOfPage":{"@id":"https:\/\/www.andromede-ocean.com\/english\/blog\/2018\/06\/23\/participation-au-plan-de-paysage-sous-marin-du-parc-des-calanques\/#primaryimage"},"image":{"@id":"https:\/\/www.andromede-ocean.com\/english\/blog\/2018\/06\/23\/participation-au-plan-de-paysage-sous-marin-du-parc-des-calanques\/#primaryimage"},"thumbnailUrl":"http:\/\/www.andromede-ocean.com\/english\/wp-content\/uploads\/sites\/2\/CALSM_LaProvence_03-743x1024.jpg","datePublished":"2018-06-23T11:36:07+00:00","author":{"@id":"https:\/\/www.andromede-ocean.com\/english\/#\/schema\/person\/670621606150c9eb5a0c92897263dcf6"},"breadcrumb":{"@id":"https:\/\/www.andromede-ocean.com\/english\/blog\/2018\/06\/23\/participation-au-plan-de-paysage-sous-marin-du-parc-des-calanques\/#breadcrumb"},"inLanguage":"en-GB","potentialAction":[{"@type":"ReadAction","target":["https:\/\/www.andromede-ocean.com\/english\/blog\/2018\/06\/23\/participation-au-plan-de-paysage-sous-marin-du-parc-des-calanques\/"]}]},{"@type":"ImageObject","inLanguage":"en-GB","@id":"https:\/\/www.andromede-ocean.com\/english\/blog\/2018\/06\/23\/participation-au-plan-de-paysage-sous-marin-du-parc-des-calanques\/#primaryimage","url":"","contentUrl":""},{"@type":"BreadcrumbList","@id":"https:\/\/www.andromede-ocean.com\/english\/blog\/2018\/06\/23\/participation-au-plan-de-paysage-sous-marin-du-parc-des-calanques\/#breadcrumb","itemListElement":[{"@type":"ListItem","position":1,"name":"Accueil","item":"https:\/\/www.andromede-ocean.com\/english\/"},{"@type":"ListItem","position":2,"name":"Participation au plan de paysage sous-marin du parc des calanques"}]},{"@type":"WebSite","@id":"https:\/\/www.andromede-ocean.com\/english\/#website","url":"https:\/\/www.andromede-ocean.com\/english\/","name":"Androm\u00e8de Oc\u00e9anologie","description":"","potentialAction":[{"@type":"SearchAction","target":{"@type":"EntryPoint","urlTemplate":"https:\/\/www.andromede-ocean.com\/english\/?s={search_term_string}"},"query-input":{"@type":"PropertyValueSpecification","valueRequired":true,"valueName":"search_term_string"}}],"inLanguage":"en-GB"},{"@type":"Person","@id":"https:\/\/www.andromede-ocean.com\/english\/#\/schema\/person\/670621606150c9eb5a0c92897263dcf6","name":"julie Deter","image":{"@type":"ImageObject","inLanguage":"en-GB","@id":"https:\/\/www.andromede-ocean.com\/english\/#\/schema\/person\/image\/","url":"https:\/\/secure.gravatar.com\/avatar\/29b9c20f73f722191c32425ab84445e2b34fcc25b717ea8e1667c86ae7eb81cf?s=96&d=mm&r=g","contentUrl":"https:\/\/secure.gravatar.com\/avatar\/29b9c20f73f722191c32425ab84445e2b34fcc25b717ea8e1667c86ae7eb81cf?s=96&d=mm&r=g","caption":"julie Deter"}}]}},"_links":{"self":[{"href":"https:\/\/www.andromede-ocean.com\/english\/wp-json\/wp\/v2\/posts\/2443","targetHints":{"allow":["GET"]}}],"collection":[{"href":"https:\/\/www.andromede-ocean.com\/english\/wp-json\/wp\/v2\/posts"}],"about":[{"href":"https:\/\/www.andromede-ocean.com\/english\/wp-json\/wp\/v2\/types\/post"}],"author":[{"embeddable":true,"href":"https:\/\/www.andromede-ocean.com\/english\/wp-json\/wp\/v2\/users\/3"}],"replies":[{"embeddable":true,"href":"https:\/\/www.andromede-ocean.com\/english\/wp-json\/wp\/v2\/comments?post=2443"}],"version-history":[{"count":0,"href":"https:\/\/www.andromede-ocean.com\/english\/wp-json\/wp\/v2\/posts\/2443\/revisions"}],"wp:attachment":[{"href":"https:\/\/www.andromede-ocean.com\/english\/wp-json\/wp\/v2\/media?parent=2443"}],"wp:term":[{"taxonomy":"category","embeddable":true,"href":"https:\/\/www.andromede-ocean.com\/english\/wp-json\/wp\/v2\/categories?post=2443"},{"taxonomy":"post_tag","embeddable":true,"href":"https:\/\/www.andromede-ocean.com\/english\/wp-json\/wp\/v2\/tags?post=2443"}],"curies":[{"name":"wp","href":"https:\/\/api.w.org\/{rel}","templated":true}]}}