{"id":2418,"date":"2018-04-25T08:52:09","date_gmt":"2018-04-25T07:52:09","guid":{"rendered":"http:\/\/marion-dev.valars.com\/andromede\/?p=2418"},"modified":"2018-04-25T08:52:09","modified_gmt":"2018-04-25T07:52:09","slug":"700-requins-dans-la-nuit-avant-premiere-le-3-mai-a-20h-a-montpellier","status":"publish","type":"post","link":"https:\/\/www.andromede-ocean.com\/english\/blog\/2018\/04\/25\/700-requins-dans-la-nuit-avant-premiere-le-3-mai-a-20h-a-montpellier\/","title":{"rendered":"&quot;700 requins dans la nuit&quot; : avant-premi\u00e8re le 3 mai \u00e0 20h \u00e0 Montpellier"},"content":{"rendered":"<p style=\"text-align: center;\" align=\"center\"><a href=\"http:\/\/www.andromede-ocean.com\/english\/wp-content\/uploads\/sites\/2\/700-AP-monaco.jpg\"><img loading=\"lazy\" decoding=\"async\" class=\"size-full wp-image-2303 aligncenter\" alt=\"700-AP-monaco\" src=\"http:\/\/www.andromede-ocean.com\/english\/wp-content\/uploads\/sites\/2\/700-AP-monaco.jpg\" width=\"1050\" height=\"1419\" \/><\/a><\/p>\n<p style=\"text-align: center;\" align=\"center\">Projection en avant-premi\u00e8re en pr\u00e9sence de l\u2019\u00e9quipe du film<\/p>\n<p align=\"center\">Le <strong>3 mai \u00e0 20h00 au Gaumont multiplexe de Montpellier<\/strong><\/p>\n<p align=\"center\"><strong>\u00ab\u00a0<i>700 requins dans la nuit<\/i>\u00a0\u00bb<\/strong><\/p>\n<p align=\"center\"><strong>Un film de Luc Marescot<\/strong><\/p>\n<p align=\"center\">\u00a0\u00c9crit en collaboration avec\u00a0 Laurent Ballesta, Emilie Dumond, et Gil K\u00e9ba\u00efli<\/p>\n<p align=\"center\">\u00a0Coproduit par ARTE France\u00a0 Le cinqui\u00e8me r\u00eave | Androm\u00e8de Oc\u00e9anologie | Les gens bien production\u00a0 Filmin\u2019Tahiti | CNRS Images<\/p>\n<p align=\"center\">Entr\u00e9e gratuite sur inscription dans la limite des places disponibles.<\/p>\n<p align=\"center\"><span style=\"color: #ff0000;\"><b>Pour r\u00e9server, il faut <span style=\"color: #0000ff;\"><a href=\"https:\/\/www.weezevent.com\/projection-en-avant-premiere-du-film-700-requins-dans-la-nuit-a-montpellier\"><span style=\"color: #0000ff;\">cliquer ici<\/span><\/a><\/span><\/b><\/span><span style=\"color: #ff0000;\"><b>et se pr\u00e9senter au cin\u00e9ma avec son billet imprim\u00e9.<\/b><\/span><\/p>\n<p><i><br \/>\n<\/i><br \/>\n<i>Pr\u00e9sentation du film\u00a0:<\/i><br \/>\n<i>\u00a0<\/i><i>Ils sont 700 disent les scientifiques&#8230; C<\/i><i>\u2019est le plus grand regroupement de requins gris connu \u00e0 ce jour. Chaque nuit, ils se rassemblent en meute et hantent la passe sud de l\u2019atoll pr\u00e9serv\u00e9 de Fakarava en Polyn\u00e9sie fran\u00e7aise. <\/i><i>Dans cette horde ou\u0300 chacun s&#8217;acharne a\u0300 survivre re\u0300gne l&#8217;e\u0301nergie des affame\u0301s. Lorsqu&#8217;une proie est de\u0301busque\u0301e, une meute se forme et le chaos prend sens. De folles chore\u0301graphies s&#8217;organisent et finissent en pluie d&#8217;e\u0301cailles. Dire qu&#8217;ils sont impitoyables ferait sourire. Ils sont les pre\u0301dateurs du fond des a\u0302ges.<\/i><br \/>\n<i>Pour \u00e9tudier les strat\u00e9gies de chasse d\u00e9velopp\u00e9es par ces requins, une \u00e9quipe scientifique internationale men\u00e9e par Laurent Ballesta effectue une \u00e9tude d\u2019une ampleur in\u00e9dite. Les biologistes plongent au c\u0153ur de la horde toutes les nuits durant 2 mois et \u00e9quipent une quarantaine de requins de puces \u00e9lectroniques afin de suivre leurs trajectoires. L\u2019observation de leur comportement, jamais \u00e9tudi\u00e9 sur une telle \u00e9chelle, permet de r\u00e9v\u00e9ler des sch\u00e9mas de chasse en groupe d\u2019une complexit\u00e9 insoup\u00e7onn\u00e9e. Film 90mn qui sera diffus\u00e9 sur Arte en juin 2018.<\/i>\t\t<\/p>\n","protected":false},"excerpt":{"rendered":"<p>Projection en avant-premi\u00e8re en pr\u00e9sence de l\u2019\u00e9quipe du film Le 3 mai \u00e0 20h00 au Gaumont multiplexe de Montpellier \u00ab\u00a0700 requins dans la nuit\u00a0\u00bb Un film de Luc Marescot \u00a0\u00c9crit en collaboration avec\u00a0 Laurent Ballesta, Emilie Dumond, et Gil K\u00e9ba\u00efli \u00a0Coproduit par ARTE France\u00a0 Le cinqui\u00e8me r\u00eave | Androm\u00e8de Oc\u00e9anologie | Les gens bien production\u00a0 [&hellip;]<\/p>\n","protected":false},"author":3,"featured_media":0,"comment_status":"closed","ping_status":"open","sticky":false,"template":"","format":"standard","meta":{"_et_pb_use_builder":"","_et_pb_old_content":"","_et_gb_content_width":"","footnotes":""},"categories":[3,5],"tags":[],"class_list":["post-2418","post","type-post","status-publish","format-standard","hentry","category-conferences","category-expeditions"],"yoast_head":"<!-- This site is optimized with the Yoast SEO plugin v27.0 - https:\/\/yoast.com\/product\/yoast-seo-wordpress\/ -->\n<title>&quot;700 requins dans la nuit&quot; : avant-premi\u00e8re le 3 mai \u00e0 20h \u00e0 Montpellier - Androm\u00e8de Oc\u00e9anologie<\/title>\n<meta name=\"robots\" content=\"index, follow, max-snippet:-1, max-image-preview:large, max-video-preview:-1\" \/>\n<meta property=\"og:locale\" content=\"en_GB\" \/>\n<meta property=\"og:type\" content=\"article\" \/>\n<meta property=\"og:title\" content=\"&quot;700 requins dans la nuit&quot; : avant-premi\u00e8re le 3 mai \u00e0 20h \u00e0 Montpellier - Androm\u00e8de Oc\u00e9anologie\" \/>\n<meta property=\"og:description\" content=\"Projection en avant-premi\u00e8re en pr\u00e9sence de l\u2019\u00e9quipe du film Le 3 mai \u00e0 20h00 au Gaumont multiplexe de Montpellier \u00ab\u00a0700 requins dans la nuit\u00a0\u00bb Un film de Luc Marescot \u00a0\u00c9crit en collaboration avec\u00a0 Laurent Ballesta, Emilie Dumond, et Gil K\u00e9ba\u00efli \u00a0Coproduit par ARTE France\u00a0 Le cinqui\u00e8me r\u00eave | Androm\u00e8de Oc\u00e9anologie | Les gens bien production\u00a0 [&hellip;]\" \/>\n<meta property=\"og:url\" content=\"https:\/\/www.andromede-ocean.com\/english\/blog\/2018\/04\/25\/700-requins-dans-la-nuit-avant-premiere-le-3-mai-a-20h-a-montpellier\/\" \/>\n<meta property=\"og:site_name\" content=\"Androm\u00e8de Oc\u00e9anologie\" \/>\n<meta property=\"article:published_time\" content=\"2018-04-25T07:52:09+00:00\" \/>\n<meta property=\"og:image\" content=\"http:\/\/www.andromede-ocean.com\/english\/wp-content\/uploads\/sites\/2\/700-AP-monaco.jpg\" \/>\n<meta name=\"author\" content=\"julie Deter\" \/>\n<meta name=\"twitter:card\" content=\"summary_large_image\" \/>\n<meta name=\"twitter:label1\" content=\"Written by\" \/>\n\t<meta name=\"twitter:data1\" content=\"julie Deter\" \/>\n\t<meta name=\"twitter:label2\" content=\"Estimated reading time\" \/>\n\t<meta name=\"twitter:data2\" content=\"1 minute\" \/>\n<script type=\"application\/ld+json\" class=\"yoast-schema-graph\">{\"@context\":\"https:\/\/schema.org\",\"@graph\":[{\"@type\":\"Article\",\"@id\":\"https:\/\/www.andromede-ocean.com\/english\/blog\/2018\/04\/25\/700-requins-dans-la-nuit-avant-premiere-le-3-mai-a-20h-a-montpellier\/#article\",\"isPartOf\":{\"@id\":\"https:\/\/www.andromede-ocean.com\/english\/blog\/2018\/04\/25\/700-requins-dans-la-nuit-avant-premiere-le-3-mai-a-20h-a-montpellier\/\"},\"author\":{\"name\":\"julie Deter\",\"@id\":\"https:\/\/www.andromede-ocean.com\/english\/#\/schema\/person\/670621606150c9eb5a0c92897263dcf6\"},\"headline\":\"&quot;700 requins dans la nuit&quot; : avant-premi\u00e8re le 3 mai \u00e0 20h \u00e0 Montpellier\",\"datePublished\":\"2018-04-25T07:52:09+00:00\",\"mainEntityOfPage\":{\"@id\":\"https:\/\/www.andromede-ocean.com\/english\/blog\/2018\/04\/25\/700-requins-dans-la-nuit-avant-premiere-le-3-mai-a-20h-a-montpellier\/\"},\"wordCount\":302,\"image\":{\"@id\":\"https:\/\/www.andromede-ocean.com\/english\/blog\/2018\/04\/25\/700-requins-dans-la-nuit-avant-premiere-le-3-mai-a-20h-a-montpellier\/#primaryimage\"},\"thumbnailUrl\":\"http:\/\/www.andromede-ocean.com\/english\/wp-content\/uploads\/sites\/2\/700-AP-monaco.jpg\",\"articleSection\":[\"Conferences\",\"Expeditions\"],\"inLanguage\":\"en-GB\"},{\"@type\":\"WebPage\",\"@id\":\"https:\/\/www.andromede-ocean.com\/english\/blog\/2018\/04\/25\/700-requins-dans-la-nuit-avant-premiere-le-3-mai-a-20h-a-montpellier\/\",\"url\":\"https:\/\/www.andromede-ocean.com\/english\/blog\/2018\/04\/25\/700-requins-dans-la-nuit-avant-premiere-le-3-mai-a-20h-a-montpellier\/\",\"name\":\"&quot;700 requins dans la nuit&quot; : avant-premi\u00e8re le 3 mai \u00e0 20h \u00e0 Montpellier - Androm\u00e8de Oc\u00e9anologie\",\"isPartOf\":{\"@id\":\"https:\/\/www.andromede-ocean.com\/english\/#website\"},\"primaryImageOfPage\":{\"@id\":\"https:\/\/www.andromede-ocean.com\/english\/blog\/2018\/04\/25\/700-requins-dans-la-nuit-avant-premiere-le-3-mai-a-20h-a-montpellier\/#primaryimage\"},\"image\":{\"@id\":\"https:\/\/www.andromede-ocean.com\/english\/blog\/2018\/04\/25\/700-requins-dans-la-nuit-avant-premiere-le-3-mai-a-20h-a-montpellier\/#primaryimage\"},\"thumbnailUrl\":\"http:\/\/www.andromede-ocean.com\/english\/wp-content\/uploads\/sites\/2\/700-AP-monaco.jpg\",\"datePublished\":\"2018-04-25T07:52:09+00:00\",\"author\":{\"@id\":\"https:\/\/www.andromede-ocean.com\/english\/#\/schema\/person\/670621606150c9eb5a0c92897263dcf6\"},\"breadcrumb\":{\"@id\":\"https:\/\/www.andromede-ocean.com\/english\/blog\/2018\/04\/25\/700-requins-dans-la-nuit-avant-premiere-le-3-mai-a-20h-a-montpellier\/#breadcrumb\"},\"inLanguage\":\"en-GB\",\"potentialAction\":[{\"@type\":\"ReadAction\",\"target\":[\"https:\/\/www.andromede-ocean.com\/english\/blog\/2018\/04\/25\/700-requins-dans-la-nuit-avant-premiere-le-3-mai-a-20h-a-montpellier\/\"]}]},{\"@type\":\"ImageObject\",\"inLanguage\":\"en-GB\",\"@id\":\"https:\/\/www.andromede-ocean.com\/english\/blog\/2018\/04\/25\/700-requins-dans-la-nuit-avant-premiere-le-3-mai-a-20h-a-montpellier\/#primaryimage\",\"url\":\"http:\/\/www.andromede-ocean.com\/english\/wp-content\/uploads\/sites\/2\/700-AP-monaco.jpg\",\"contentUrl\":\"http:\/\/www.andromede-ocean.com\/english\/wp-content\/uploads\/sites\/2\/700-AP-monaco.jpg\"},{\"@type\":\"BreadcrumbList\",\"@id\":\"https:\/\/www.andromede-ocean.com\/english\/blog\/2018\/04\/25\/700-requins-dans-la-nuit-avant-premiere-le-3-mai-a-20h-a-montpellier\/#breadcrumb\",\"itemListElement\":[{\"@type\":\"ListItem\",\"position\":1,\"name\":\"Accueil\",\"item\":\"https:\/\/www.andromede-ocean.com\/english\/\"},{\"@type\":\"ListItem\",\"position\":2,\"name\":\"&quot;700 requins dans la nuit&quot; : avant-premi\u00e8re le 3 mai \u00e0 20h \u00e0 Montpellier\"}]},{\"@type\":\"WebSite\",\"@id\":\"https:\/\/www.andromede-ocean.com\/english\/#website\",\"url\":\"https:\/\/www.andromede-ocean.com\/english\/\",\"name\":\"Androm\u00e8de Oc\u00e9anologie\",\"description\":\"\",\"potentialAction\":[{\"@type\":\"SearchAction\",\"target\":{\"@type\":\"EntryPoint\",\"urlTemplate\":\"https:\/\/www.andromede-ocean.com\/english\/?s={search_term_string}\"},\"query-input\":{\"@type\":\"PropertyValueSpecification\",\"valueRequired\":true,\"valueName\":\"search_term_string\"}}],\"inLanguage\":\"en-GB\"},{\"@type\":\"Person\",\"@id\":\"https:\/\/www.andromede-ocean.com\/english\/#\/schema\/person\/670621606150c9eb5a0c92897263dcf6\",\"name\":\"julie Deter\",\"image\":{\"@type\":\"ImageObject\",\"inLanguage\":\"en-GB\",\"@id\":\"https:\/\/www.andromede-ocean.com\/english\/#\/schema\/person\/image\/\",\"url\":\"https:\/\/secure.gravatar.com\/avatar\/29b9c20f73f722191c32425ab84445e2b34fcc25b717ea8e1667c86ae7eb81cf?s=96&d=mm&r=g\",\"contentUrl\":\"https:\/\/secure.gravatar.com\/avatar\/29b9c20f73f722191c32425ab84445e2b34fcc25b717ea8e1667c86ae7eb81cf?s=96&d=mm&r=g\",\"caption\":\"julie Deter\"}}]}<\/script>\n<!-- \/ Yoast SEO plugin. -->","yoast_head_json":{"title":"&quot;700 requins dans la nuit&quot; : avant-premi\u00e8re le 3 mai \u00e0 20h \u00e0 Montpellier - Androm\u00e8de Oc\u00e9anologie","robots":{"index":"index","follow":"follow","max-snippet":"max-snippet:-1","max-image-preview":"max-image-preview:large","max-video-preview":"max-video-preview:-1"},"og_locale":"en_GB","og_type":"article","og_title":"&quot;700 requins dans la nuit&quot; : avant-premi\u00e8re le 3 mai \u00e0 20h \u00e0 Montpellier - Androm\u00e8de Oc\u00e9anologie","og_description":"Projection en avant-premi\u00e8re en pr\u00e9sence de l\u2019\u00e9quipe du film Le 3 mai \u00e0 20h00 au Gaumont multiplexe de Montpellier \u00ab\u00a0700 requins dans la nuit\u00a0\u00bb Un film de Luc Marescot \u00a0\u00c9crit en collaboration avec\u00a0 Laurent Ballesta, Emilie Dumond, et Gil K\u00e9ba\u00efli \u00a0Coproduit par ARTE France\u00a0 Le cinqui\u00e8me r\u00eave | Androm\u00e8de Oc\u00e9anologie | Les gens bien production\u00a0 [&hellip;]","og_url":"https:\/\/www.andromede-ocean.com\/english\/blog\/2018\/04\/25\/700-requins-dans-la-nuit-avant-premiere-le-3-mai-a-20h-a-montpellier\/","og_site_name":"Androm\u00e8de Oc\u00e9anologie","article_published_time":"2018-04-25T07:52:09+00:00","og_image":[{"url":"http:\/\/www.andromede-ocean.com\/english\/wp-content\/uploads\/sites\/2\/700-AP-monaco.jpg","type":"","width":"","height":""}],"author":"julie Deter","twitter_card":"summary_large_image","twitter_misc":{"Written by":"julie Deter","Estimated reading time":"1 minute"},"schema":{"@context":"https:\/\/schema.org","@graph":[{"@type":"Article","@id":"https:\/\/www.andromede-ocean.com\/english\/blog\/2018\/04\/25\/700-requins-dans-la-nuit-avant-premiere-le-3-mai-a-20h-a-montpellier\/#article","isPartOf":{"@id":"https:\/\/www.andromede-ocean.com\/english\/blog\/2018\/04\/25\/700-requins-dans-la-nuit-avant-premiere-le-3-mai-a-20h-a-montpellier\/"},"author":{"name":"julie Deter","@id":"https:\/\/www.andromede-ocean.com\/english\/#\/schema\/person\/670621606150c9eb5a0c92897263dcf6"},"headline":"&quot;700 requins dans la nuit&quot; : avant-premi\u00e8re le 3 mai \u00e0 20h \u00e0 Montpellier","datePublished":"2018-04-25T07:52:09+00:00","mainEntityOfPage":{"@id":"https:\/\/www.andromede-ocean.com\/english\/blog\/2018\/04\/25\/700-requins-dans-la-nuit-avant-premiere-le-3-mai-a-20h-a-montpellier\/"},"wordCount":302,"image":{"@id":"https:\/\/www.andromede-ocean.com\/english\/blog\/2018\/04\/25\/700-requins-dans-la-nuit-avant-premiere-le-3-mai-a-20h-a-montpellier\/#primaryimage"},"thumbnailUrl":"http:\/\/www.andromede-ocean.com\/english\/wp-content\/uploads\/sites\/2\/700-AP-monaco.jpg","articleSection":["Conferences","Expeditions"],"inLanguage":"en-GB"},{"@type":"WebPage","@id":"https:\/\/www.andromede-ocean.com\/english\/blog\/2018\/04\/25\/700-requins-dans-la-nuit-avant-premiere-le-3-mai-a-20h-a-montpellier\/","url":"https:\/\/www.andromede-ocean.com\/english\/blog\/2018\/04\/25\/700-requins-dans-la-nuit-avant-premiere-le-3-mai-a-20h-a-montpellier\/","name":"&quot;700 requins dans la nuit&quot; : avant-premi\u00e8re le 3 mai \u00e0 20h \u00e0 Montpellier - Androm\u00e8de Oc\u00e9anologie","isPartOf":{"@id":"https:\/\/www.andromede-ocean.com\/english\/#website"},"primaryImageOfPage":{"@id":"https:\/\/www.andromede-ocean.com\/english\/blog\/2018\/04\/25\/700-requins-dans-la-nuit-avant-premiere-le-3-mai-a-20h-a-montpellier\/#primaryimage"},"image":{"@id":"https:\/\/www.andromede-ocean.com\/english\/blog\/2018\/04\/25\/700-requins-dans-la-nuit-avant-premiere-le-3-mai-a-20h-a-montpellier\/#primaryimage"},"thumbnailUrl":"http:\/\/www.andromede-ocean.com\/english\/wp-content\/uploads\/sites\/2\/700-AP-monaco.jpg","datePublished":"2018-04-25T07:52:09+00:00","author":{"@id":"https:\/\/www.andromede-ocean.com\/english\/#\/schema\/person\/670621606150c9eb5a0c92897263dcf6"},"breadcrumb":{"@id":"https:\/\/www.andromede-ocean.com\/english\/blog\/2018\/04\/25\/700-requins-dans-la-nuit-avant-premiere-le-3-mai-a-20h-a-montpellier\/#breadcrumb"},"inLanguage":"en-GB","potentialAction":[{"@type":"ReadAction","target":["https:\/\/www.andromede-ocean.com\/english\/blog\/2018\/04\/25\/700-requins-dans-la-nuit-avant-premiere-le-3-mai-a-20h-a-montpellier\/"]}]},{"@type":"ImageObject","inLanguage":"en-GB","@id":"https:\/\/www.andromede-ocean.com\/english\/blog\/2018\/04\/25\/700-requins-dans-la-nuit-avant-premiere-le-3-mai-a-20h-a-montpellier\/#primaryimage","url":"http:\/\/www.andromede-ocean.com\/english\/wp-content\/uploads\/sites\/2\/700-AP-monaco.jpg","contentUrl":"http:\/\/www.andromede-ocean.com\/english\/wp-content\/uploads\/sites\/2\/700-AP-monaco.jpg"},{"@type":"BreadcrumbList","@id":"https:\/\/www.andromede-ocean.com\/english\/blog\/2018\/04\/25\/700-requins-dans-la-nuit-avant-premiere-le-3-mai-a-20h-a-montpellier\/#breadcrumb","itemListElement":[{"@type":"ListItem","position":1,"name":"Accueil","item":"https:\/\/www.andromede-ocean.com\/english\/"},{"@type":"ListItem","position":2,"name":"&quot;700 requins dans la nuit&quot; : avant-premi\u00e8re le 3 mai \u00e0 20h \u00e0 Montpellier"}]},{"@type":"WebSite","@id":"https:\/\/www.andromede-ocean.com\/english\/#website","url":"https:\/\/www.andromede-ocean.com\/english\/","name":"Androm\u00e8de Oc\u00e9anologie","description":"","potentialAction":[{"@type":"SearchAction","target":{"@type":"EntryPoint","urlTemplate":"https:\/\/www.andromede-ocean.com\/english\/?s={search_term_string}"},"query-input":{"@type":"PropertyValueSpecification","valueRequired":true,"valueName":"search_term_string"}}],"inLanguage":"en-GB"},{"@type":"Person","@id":"https:\/\/www.andromede-ocean.com\/english\/#\/schema\/person\/670621606150c9eb5a0c92897263dcf6","name":"julie Deter","image":{"@type":"ImageObject","inLanguage":"en-GB","@id":"https:\/\/www.andromede-ocean.com\/english\/#\/schema\/person\/image\/","url":"https:\/\/secure.gravatar.com\/avatar\/29b9c20f73f722191c32425ab84445e2b34fcc25b717ea8e1667c86ae7eb81cf?s=96&d=mm&r=g","contentUrl":"https:\/\/secure.gravatar.com\/avatar\/29b9c20f73f722191c32425ab84445e2b34fcc25b717ea8e1667c86ae7eb81cf?s=96&d=mm&r=g","caption":"julie Deter"}}]}},"_links":{"self":[{"href":"https:\/\/www.andromede-ocean.com\/english\/wp-json\/wp\/v2\/posts\/2418","targetHints":{"allow":["GET"]}}],"collection":[{"href":"https:\/\/www.andromede-ocean.com\/english\/wp-json\/wp\/v2\/posts"}],"about":[{"href":"https:\/\/www.andromede-ocean.com\/english\/wp-json\/wp\/v2\/types\/post"}],"author":[{"embeddable":true,"href":"https:\/\/www.andromede-ocean.com\/english\/wp-json\/wp\/v2\/users\/3"}],"replies":[{"embeddable":true,"href":"https:\/\/www.andromede-ocean.com\/english\/wp-json\/wp\/v2\/comments?post=2418"}],"version-history":[{"count":0,"href":"https:\/\/www.andromede-ocean.com\/english\/wp-json\/wp\/v2\/posts\/2418\/revisions"}],"wp:attachment":[{"href":"https:\/\/www.andromede-ocean.com\/english\/wp-json\/wp\/v2\/media?parent=2418"}],"wp:term":[{"taxonomy":"category","embeddable":true,"href":"https:\/\/www.andromede-ocean.com\/english\/wp-json\/wp\/v2\/categories?post=2418"},{"taxonomy":"post_tag","embeddable":true,"href":"https:\/\/www.andromede-ocean.com\/english\/wp-json\/wp\/v2\/tags?post=2418"}],"curies":[{"name":"wp","href":"https:\/\/api.w.org\/{rel}","templated":true}]}}