{"id":2259,"date":"2018-02-12T08:29:12","date_gmt":"2018-02-12T07:29:12","guid":{"rendered":"http:\/\/marion-dev.valars.com\/andromede\/?p=2259"},"modified":"2020-01-15T14:31:14","modified_gmt":"2020-01-15T13:31:14","slug":"projection-3d-le-13-mars-a-20-h-mediterranee-une-mer-sous-surveillance","status":"publish","type":"post","link":"https:\/\/www.andromede-ocean.com\/english\/blog\/2018\/02\/12\/projection-3d-le-13-mars-a-20-h-mediterranee-une-mer-sous-surveillance\/","title":{"rendered":"Projection 3D le 13 mars \u00e0 20 h &quot;Mediterran\u00e9e, une mer sous surveillance&quot;"},"content":{"rendered":"<p>\t\t\t\t&nbsp;<\/p>\n<p id=\"yui_3_16_0_ym19_1_1518434381510_10300\" style=\"text-align: center;\">Dans le cadre du colloque<b>\u00a0<\/b>\u201cLa M\u00e9diterran\u00e9e, une Mer sous Surveillance\u201d \u00e0 Montpellier les 13 et 14 mars\u00a02018, d\u00e9di\u00e9 \u00e0 la surveillance des \u00e9cosyst\u00e8mes marins et littoraux de M\u00e9diterran\u00e9e,<\/p>\n<p style=\"text-align: center;\">nous vous proposons, avec le partenariat du Cin\u00e9ma GAUMONT de Montpellier,<\/p>\n<p style=\"text-align: center;\">une\u00a0<b>soir\u00e9e projection en 3D le mardi 13 mars \u00e0 20h.<\/b><\/p>\n<p style=\"text-align: center;\">\u00a0La projection en 3D: &#8220;la M\u00e9diterran\u00e9e, une mer sous surveillance&#8221; d&#8217;une dur\u00e9e de 26 minutes sera suivie d&#8217;une discussion avec un biologiste marin d&#8217;Androm\u00e8de Oc\u00e9anologie.<\/p>\n<p style=\"text-align: center;\">Cette projection\u00a0<b>gratuite est ouverte \u00e0 tous\u00a0<\/b>dans la limite des places disponibles (priorit\u00e9 aux inscrits au colloque)<\/p>\n<p style=\"text-align: center;\">sur inscription par mail aupr\u00e8s de medtrix@andromede-ocean.com<\/p>\n<p>&nbsp;<br \/>\n<a href=\"http:\/\/www.andromede-ocean.com\/english\/wp-content\/uploads\/sites\/2\/Affiche_cine_reduite.jpg\"><img loading=\"lazy\" decoding=\"async\" class=\"aligncenter size-full wp-image-2266\" alt=\"Affiche_cine_reduite\" src=\"http:\/\/www.andromede-ocean.com\/english\/wp-content\/uploads\/sites\/2\/Affiche_cine_reduite.jpg\" width=\"544\" height=\"769\" \/><\/a><br \/>\n&nbsp;<br \/>\n&nbsp;\t\t<\/p>\n","protected":false},"excerpt":{"rendered":"<p>&nbsp; Dans le cadre du colloque\u00a0\u201cLa M\u00e9diterran\u00e9e, une Mer sous Surveillance\u201d \u00e0 Montpellier les 13 et 14 mars\u00a02018, d\u00e9di\u00e9 \u00e0 la surveillance des \u00e9cosyst\u00e8mes marins et littoraux de M\u00e9diterran\u00e9e, nous vous proposons, avec le partenariat du Cin\u00e9ma GAUMONT de Montpellier, une\u00a0soir\u00e9e projection en 3D le mardi 13 mars \u00e0 20h. \u00a0La projection en 3D: &#8220;la [&hellip;]<\/p>\n","protected":false},"author":3,"featured_media":0,"comment_status":"closed","ping_status":"open","sticky":false,"template":"","format":"standard","meta":{"_et_pb_use_builder":"","_et_pb_old_content":"","_et_gb_content_width":"","footnotes":""},"categories":[2,3,6],"tags":[],"class_list":["post-2259","post","type-post","status-publish","format-standard","hentry","category-animations","category-conferences","category-reseaux-surveillance"],"yoast_head":"<!-- This site is optimized with the Yoast SEO plugin v27.0 - https:\/\/yoast.com\/product\/yoast-seo-wordpress\/ -->\n<title>Projection 3D le 13 mars \u00e0 20 h &quot;Mediterran\u00e9e, une mer sous surveillance&quot; - Androm\u00e8de Oc\u00e9anologie<\/title>\n<meta name=\"robots\" content=\"index, follow, max-snippet:-1, max-image-preview:large, max-video-preview:-1\" \/>\n<meta property=\"og:locale\" content=\"en_GB\" \/>\n<meta property=\"og:type\" content=\"article\" \/>\n<meta property=\"og:title\" content=\"Projection 3D le 13 mars \u00e0 20 h &quot;Mediterran\u00e9e, une mer sous surveillance&quot; - Androm\u00e8de Oc\u00e9anologie\" \/>\n<meta property=\"og:description\" content=\"&nbsp; Dans le cadre du colloque\u00a0\u201cLa M\u00e9diterran\u00e9e, une Mer sous Surveillance\u201d \u00e0 Montpellier les 13 et 14 mars\u00a02018, d\u00e9di\u00e9 \u00e0 la surveillance des \u00e9cosyst\u00e8mes marins et littoraux de M\u00e9diterran\u00e9e, nous vous proposons, avec le partenariat du Cin\u00e9ma GAUMONT de Montpellier, une\u00a0soir\u00e9e projection en 3D le mardi 13 mars \u00e0 20h. \u00a0La projection en 3D: &#8220;la [&hellip;]\" \/>\n<meta property=\"og:url\" content=\"https:\/\/www.andromede-ocean.com\/english\/blog\/2018\/02\/12\/projection-3d-le-13-mars-a-20-h-mediterranee-une-mer-sous-surveillance\/\" \/>\n<meta property=\"og:site_name\" content=\"Androm\u00e8de Oc\u00e9anologie\" \/>\n<meta property=\"article:published_time\" content=\"2018-02-12T07:29:12+00:00\" \/>\n<meta property=\"article:modified_time\" content=\"2020-01-15T13:31:14+00:00\" \/>\n<meta property=\"og:image\" content=\"http:\/\/www.andromede-ocean.com\/english\/wp-content\/uploads\/sites\/2\/Affiche_cine_reduite.jpg\" \/>\n<meta name=\"author\" content=\"julie Deter\" \/>\n<meta name=\"twitter:card\" content=\"summary_large_image\" \/>\n<meta name=\"twitter:label1\" content=\"Written by\" \/>\n\t<meta name=\"twitter:data1\" content=\"julie Deter\" \/>\n\t<meta name=\"twitter:label2\" content=\"Estimated reading time\" \/>\n\t<meta name=\"twitter:data2\" content=\"1 minute\" \/>\n<script type=\"application\/ld+json\" class=\"yoast-schema-graph\">{\"@context\":\"https:\/\/schema.org\",\"@graph\":[{\"@type\":\"Article\",\"@id\":\"https:\/\/www.andromede-ocean.com\/english\/blog\/2018\/02\/12\/projection-3d-le-13-mars-a-20-h-mediterranee-une-mer-sous-surveillance\/#article\",\"isPartOf\":{\"@id\":\"https:\/\/www.andromede-ocean.com\/english\/blog\/2018\/02\/12\/projection-3d-le-13-mars-a-20-h-mediterranee-une-mer-sous-surveillance\/\"},\"author\":{\"name\":\"julie Deter\",\"@id\":\"https:\/\/www.andromede-ocean.com\/english\/#\/schema\/person\/670621606150c9eb5a0c92897263dcf6\"},\"headline\":\"Projection 3D le 13 mars \u00e0 20 h &quot;Mediterran\u00e9e, une mer sous surveillance&quot;\",\"datePublished\":\"2018-02-12T07:29:12+00:00\",\"dateModified\":\"2020-01-15T13:31:14+00:00\",\"mainEntityOfPage\":{\"@id\":\"https:\/\/www.andromede-ocean.com\/english\/blog\/2018\/02\/12\/projection-3d-le-13-mars-a-20-h-mediterranee-une-mer-sous-surveillance\/\"},\"wordCount\":126,\"image\":{\"@id\":\"https:\/\/www.andromede-ocean.com\/english\/blog\/2018\/02\/12\/projection-3d-le-13-mars-a-20-h-mediterranee-une-mer-sous-surveillance\/#primaryimage\"},\"thumbnailUrl\":\"http:\/\/www.andromede-ocean.com\/english\/wp-content\/uploads\/sites\/2\/Affiche_cine_reduite.jpg\",\"articleSection\":[\"Animations\",\"Conferences\",\"Monitoring\"],\"inLanguage\":\"en-GB\"},{\"@type\":\"WebPage\",\"@id\":\"https:\/\/www.andromede-ocean.com\/english\/blog\/2018\/02\/12\/projection-3d-le-13-mars-a-20-h-mediterranee-une-mer-sous-surveillance\/\",\"url\":\"https:\/\/www.andromede-ocean.com\/english\/blog\/2018\/02\/12\/projection-3d-le-13-mars-a-20-h-mediterranee-une-mer-sous-surveillance\/\",\"name\":\"Projection 3D le 13 mars \u00e0 20 h &quot;Mediterran\u00e9e, une mer sous surveillance&quot; - Androm\u00e8de Oc\u00e9anologie\",\"isPartOf\":{\"@id\":\"https:\/\/www.andromede-ocean.com\/english\/#website\"},\"primaryImageOfPage\":{\"@id\":\"https:\/\/www.andromede-ocean.com\/english\/blog\/2018\/02\/12\/projection-3d-le-13-mars-a-20-h-mediterranee-une-mer-sous-surveillance\/#primaryimage\"},\"image\":{\"@id\":\"https:\/\/www.andromede-ocean.com\/english\/blog\/2018\/02\/12\/projection-3d-le-13-mars-a-20-h-mediterranee-une-mer-sous-surveillance\/#primaryimage\"},\"thumbnailUrl\":\"http:\/\/www.andromede-ocean.com\/english\/wp-content\/uploads\/sites\/2\/Affiche_cine_reduite.jpg\",\"datePublished\":\"2018-02-12T07:29:12+00:00\",\"dateModified\":\"2020-01-15T13:31:14+00:00\",\"author\":{\"@id\":\"https:\/\/www.andromede-ocean.com\/english\/#\/schema\/person\/670621606150c9eb5a0c92897263dcf6\"},\"breadcrumb\":{\"@id\":\"https:\/\/www.andromede-ocean.com\/english\/blog\/2018\/02\/12\/projection-3d-le-13-mars-a-20-h-mediterranee-une-mer-sous-surveillance\/#breadcrumb\"},\"inLanguage\":\"en-GB\",\"potentialAction\":[{\"@type\":\"ReadAction\",\"target\":[\"https:\/\/www.andromede-ocean.com\/english\/blog\/2018\/02\/12\/projection-3d-le-13-mars-a-20-h-mediterranee-une-mer-sous-surveillance\/\"]}]},{\"@type\":\"ImageObject\",\"inLanguage\":\"en-GB\",\"@id\":\"https:\/\/www.andromede-ocean.com\/english\/blog\/2018\/02\/12\/projection-3d-le-13-mars-a-20-h-mediterranee-une-mer-sous-surveillance\/#primaryimage\",\"url\":\"http:\/\/www.andromede-ocean.com\/english\/wp-content\/uploads\/sites\/2\/Affiche_cine_reduite.jpg\",\"contentUrl\":\"http:\/\/www.andromede-ocean.com\/english\/wp-content\/uploads\/sites\/2\/Affiche_cine_reduite.jpg\"},{\"@type\":\"BreadcrumbList\",\"@id\":\"https:\/\/www.andromede-ocean.com\/english\/blog\/2018\/02\/12\/projection-3d-le-13-mars-a-20-h-mediterranee-une-mer-sous-surveillance\/#breadcrumb\",\"itemListElement\":[{\"@type\":\"ListItem\",\"position\":1,\"name\":\"Accueil\",\"item\":\"https:\/\/www.andromede-ocean.com\/english\/\"},{\"@type\":\"ListItem\",\"position\":2,\"name\":\"Projection 3D le 13 mars \u00e0 20 h &quot;Mediterran\u00e9e, une mer sous surveillance&quot;\"}]},{\"@type\":\"WebSite\",\"@id\":\"https:\/\/www.andromede-ocean.com\/english\/#website\",\"url\":\"https:\/\/www.andromede-ocean.com\/english\/\",\"name\":\"Androm\u00e8de Oc\u00e9anologie\",\"description\":\"\",\"potentialAction\":[{\"@type\":\"SearchAction\",\"target\":{\"@type\":\"EntryPoint\",\"urlTemplate\":\"https:\/\/www.andromede-ocean.com\/english\/?s={search_term_string}\"},\"query-input\":{\"@type\":\"PropertyValueSpecification\",\"valueRequired\":true,\"valueName\":\"search_term_string\"}}],\"inLanguage\":\"en-GB\"},{\"@type\":\"Person\",\"@id\":\"https:\/\/www.andromede-ocean.com\/english\/#\/schema\/person\/670621606150c9eb5a0c92897263dcf6\",\"name\":\"julie Deter\",\"image\":{\"@type\":\"ImageObject\",\"inLanguage\":\"en-GB\",\"@id\":\"https:\/\/www.andromede-ocean.com\/english\/#\/schema\/person\/image\/\",\"url\":\"https:\/\/secure.gravatar.com\/avatar\/29b9c20f73f722191c32425ab84445e2b34fcc25b717ea8e1667c86ae7eb81cf?s=96&d=mm&r=g\",\"contentUrl\":\"https:\/\/secure.gravatar.com\/avatar\/29b9c20f73f722191c32425ab84445e2b34fcc25b717ea8e1667c86ae7eb81cf?s=96&d=mm&r=g\",\"caption\":\"julie Deter\"}}]}<\/script>\n<!-- \/ Yoast SEO plugin. -->","yoast_head_json":{"title":"Projection 3D le 13 mars \u00e0 20 h &quot;Mediterran\u00e9e, une mer sous surveillance&quot; - Androm\u00e8de Oc\u00e9anologie","robots":{"index":"index","follow":"follow","max-snippet":"max-snippet:-1","max-image-preview":"max-image-preview:large","max-video-preview":"max-video-preview:-1"},"og_locale":"en_GB","og_type":"article","og_title":"Projection 3D le 13 mars \u00e0 20 h &quot;Mediterran\u00e9e, une mer sous surveillance&quot; - Androm\u00e8de Oc\u00e9anologie","og_description":"&nbsp; Dans le cadre du colloque\u00a0\u201cLa M\u00e9diterran\u00e9e, une Mer sous Surveillance\u201d \u00e0 Montpellier les 13 et 14 mars\u00a02018, d\u00e9di\u00e9 \u00e0 la surveillance des \u00e9cosyst\u00e8mes marins et littoraux de M\u00e9diterran\u00e9e, nous vous proposons, avec le partenariat du Cin\u00e9ma GAUMONT de Montpellier, une\u00a0soir\u00e9e projection en 3D le mardi 13 mars \u00e0 20h. \u00a0La projection en 3D: &#8220;la [&hellip;]","og_url":"https:\/\/www.andromede-ocean.com\/english\/blog\/2018\/02\/12\/projection-3d-le-13-mars-a-20-h-mediterranee-une-mer-sous-surveillance\/","og_site_name":"Androm\u00e8de Oc\u00e9anologie","article_published_time":"2018-02-12T07:29:12+00:00","article_modified_time":"2020-01-15T13:31:14+00:00","og_image":[{"url":"http:\/\/www.andromede-ocean.com\/english\/wp-content\/uploads\/sites\/2\/Affiche_cine_reduite.jpg","type":"","width":"","height":""}],"author":"julie Deter","twitter_card":"summary_large_image","twitter_misc":{"Written by":"julie Deter","Estimated reading time":"1 minute"},"schema":{"@context":"https:\/\/schema.org","@graph":[{"@type":"Article","@id":"https:\/\/www.andromede-ocean.com\/english\/blog\/2018\/02\/12\/projection-3d-le-13-mars-a-20-h-mediterranee-une-mer-sous-surveillance\/#article","isPartOf":{"@id":"https:\/\/www.andromede-ocean.com\/english\/blog\/2018\/02\/12\/projection-3d-le-13-mars-a-20-h-mediterranee-une-mer-sous-surveillance\/"},"author":{"name":"julie Deter","@id":"https:\/\/www.andromede-ocean.com\/english\/#\/schema\/person\/670621606150c9eb5a0c92897263dcf6"},"headline":"Projection 3D le 13 mars \u00e0 20 h &quot;Mediterran\u00e9e, une mer sous surveillance&quot;","datePublished":"2018-02-12T07:29:12+00:00","dateModified":"2020-01-15T13:31:14+00:00","mainEntityOfPage":{"@id":"https:\/\/www.andromede-ocean.com\/english\/blog\/2018\/02\/12\/projection-3d-le-13-mars-a-20-h-mediterranee-une-mer-sous-surveillance\/"},"wordCount":126,"image":{"@id":"https:\/\/www.andromede-ocean.com\/english\/blog\/2018\/02\/12\/projection-3d-le-13-mars-a-20-h-mediterranee-une-mer-sous-surveillance\/#primaryimage"},"thumbnailUrl":"http:\/\/www.andromede-ocean.com\/english\/wp-content\/uploads\/sites\/2\/Affiche_cine_reduite.jpg","articleSection":["Animations","Conferences","Monitoring"],"inLanguage":"en-GB"},{"@type":"WebPage","@id":"https:\/\/www.andromede-ocean.com\/english\/blog\/2018\/02\/12\/projection-3d-le-13-mars-a-20-h-mediterranee-une-mer-sous-surveillance\/","url":"https:\/\/www.andromede-ocean.com\/english\/blog\/2018\/02\/12\/projection-3d-le-13-mars-a-20-h-mediterranee-une-mer-sous-surveillance\/","name":"Projection 3D le 13 mars \u00e0 20 h &quot;Mediterran\u00e9e, une mer sous surveillance&quot; - Androm\u00e8de Oc\u00e9anologie","isPartOf":{"@id":"https:\/\/www.andromede-ocean.com\/english\/#website"},"primaryImageOfPage":{"@id":"https:\/\/www.andromede-ocean.com\/english\/blog\/2018\/02\/12\/projection-3d-le-13-mars-a-20-h-mediterranee-une-mer-sous-surveillance\/#primaryimage"},"image":{"@id":"https:\/\/www.andromede-ocean.com\/english\/blog\/2018\/02\/12\/projection-3d-le-13-mars-a-20-h-mediterranee-une-mer-sous-surveillance\/#primaryimage"},"thumbnailUrl":"http:\/\/www.andromede-ocean.com\/english\/wp-content\/uploads\/sites\/2\/Affiche_cine_reduite.jpg","datePublished":"2018-02-12T07:29:12+00:00","dateModified":"2020-01-15T13:31:14+00:00","author":{"@id":"https:\/\/www.andromede-ocean.com\/english\/#\/schema\/person\/670621606150c9eb5a0c92897263dcf6"},"breadcrumb":{"@id":"https:\/\/www.andromede-ocean.com\/english\/blog\/2018\/02\/12\/projection-3d-le-13-mars-a-20-h-mediterranee-une-mer-sous-surveillance\/#breadcrumb"},"inLanguage":"en-GB","potentialAction":[{"@type":"ReadAction","target":["https:\/\/www.andromede-ocean.com\/english\/blog\/2018\/02\/12\/projection-3d-le-13-mars-a-20-h-mediterranee-une-mer-sous-surveillance\/"]}]},{"@type":"ImageObject","inLanguage":"en-GB","@id":"https:\/\/www.andromede-ocean.com\/english\/blog\/2018\/02\/12\/projection-3d-le-13-mars-a-20-h-mediterranee-une-mer-sous-surveillance\/#primaryimage","url":"http:\/\/www.andromede-ocean.com\/english\/wp-content\/uploads\/sites\/2\/Affiche_cine_reduite.jpg","contentUrl":"http:\/\/www.andromede-ocean.com\/english\/wp-content\/uploads\/sites\/2\/Affiche_cine_reduite.jpg"},{"@type":"BreadcrumbList","@id":"https:\/\/www.andromede-ocean.com\/english\/blog\/2018\/02\/12\/projection-3d-le-13-mars-a-20-h-mediterranee-une-mer-sous-surveillance\/#breadcrumb","itemListElement":[{"@type":"ListItem","position":1,"name":"Accueil","item":"https:\/\/www.andromede-ocean.com\/english\/"},{"@type":"ListItem","position":2,"name":"Projection 3D le 13 mars \u00e0 20 h &quot;Mediterran\u00e9e, une mer sous surveillance&quot;"}]},{"@type":"WebSite","@id":"https:\/\/www.andromede-ocean.com\/english\/#website","url":"https:\/\/www.andromede-ocean.com\/english\/","name":"Androm\u00e8de Oc\u00e9anologie","description":"","potentialAction":[{"@type":"SearchAction","target":{"@type":"EntryPoint","urlTemplate":"https:\/\/www.andromede-ocean.com\/english\/?s={search_term_string}"},"query-input":{"@type":"PropertyValueSpecification","valueRequired":true,"valueName":"search_term_string"}}],"inLanguage":"en-GB"},{"@type":"Person","@id":"https:\/\/www.andromede-ocean.com\/english\/#\/schema\/person\/670621606150c9eb5a0c92897263dcf6","name":"julie Deter","image":{"@type":"ImageObject","inLanguage":"en-GB","@id":"https:\/\/www.andromede-ocean.com\/english\/#\/schema\/person\/image\/","url":"https:\/\/secure.gravatar.com\/avatar\/29b9c20f73f722191c32425ab84445e2b34fcc25b717ea8e1667c86ae7eb81cf?s=96&d=mm&r=g","contentUrl":"https:\/\/secure.gravatar.com\/avatar\/29b9c20f73f722191c32425ab84445e2b34fcc25b717ea8e1667c86ae7eb81cf?s=96&d=mm&r=g","caption":"julie Deter"}}]}},"_links":{"self":[{"href":"https:\/\/www.andromede-ocean.com\/english\/wp-json\/wp\/v2\/posts\/2259","targetHints":{"allow":["GET"]}}],"collection":[{"href":"https:\/\/www.andromede-ocean.com\/english\/wp-json\/wp\/v2\/posts"}],"about":[{"href":"https:\/\/www.andromede-ocean.com\/english\/wp-json\/wp\/v2\/types\/post"}],"author":[{"embeddable":true,"href":"https:\/\/www.andromede-ocean.com\/english\/wp-json\/wp\/v2\/users\/3"}],"replies":[{"embeddable":true,"href":"https:\/\/www.andromede-ocean.com\/english\/wp-json\/wp\/v2\/comments?post=2259"}],"version-history":[{"count":1,"href":"https:\/\/www.andromede-ocean.com\/english\/wp-json\/wp\/v2\/posts\/2259\/revisions"}],"predecessor-version":[{"id":4741,"href":"https:\/\/www.andromede-ocean.com\/english\/wp-json\/wp\/v2\/posts\/2259\/revisions\/4741"}],"wp:attachment":[{"href":"https:\/\/www.andromede-ocean.com\/english\/wp-json\/wp\/v2\/media?parent=2259"}],"wp:term":[{"taxonomy":"category","embeddable":true,"href":"https:\/\/www.andromede-ocean.com\/english\/wp-json\/wp\/v2\/categories?post=2259"},{"taxonomy":"post_tag","embeddable":true,"href":"https:\/\/www.andromede-ocean.com\/english\/wp-json\/wp\/v2\/tags?post=2259"}],"curies":[{"name":"wp","href":"https:\/\/api.w.org\/{rel}","templated":true}]}}