{"id":2209,"date":"2018-01-22T10:40:51","date_gmt":"2018-01-22T09:40:51","guid":{"rendered":"http:\/\/marion-dev.valars.com\/andromede\/?p=2209"},"modified":"2018-01-22T10:40:51","modified_gmt":"2018-01-22T09:40:51","slug":"colloque-mediterranee-une-mer-sous-surveillance-appel-a-resumes-et-inscriptions","status":"publish","type":"post","link":"https:\/\/www.andromede-ocean.com\/english\/blog\/2018\/01\/22\/colloque-mediterranee-une-mer-sous-surveillance-appel-a-resumes-et-inscriptions\/","title":{"rendered":"Colloque &quot;M\u00e9diterran\u00e9e, une mer sous surveillance &quot;- appel \u00e0 r\u00e9sum\u00e9s et inscriptions"},"content":{"rendered":"<p>\t\t\t\t<img loading=\"lazy\" decoding=\"async\" class=\"alignleft size-full wp-image-2215\" alt=\"Impression\" src=\"http:\/\/www.andromede-ocean.com\/english\/wp-content\/uploads\/sites\/2\/Affiche-colloque-la-mediterranee-une-mer.jpg\" width=\"283\" height=\"401\" \/><\/p>\n<p style=\"text-align: center;\">A l\u2019instar de la plateforme Medtrix, l\u2019objectif de ce colloque est de rassembler toutes les personnes travaillant sur la mer m\u00e9diterran\u00e9e (scientifiques, gestionnaires, agents techniques \u2026) pour faire le point autour de trois th\u00e9matiques\u00a0:<\/p>\n<p style=\"text-align: center;\">&#8211; 1) les r\u00e9sultats de la surveillance (\u00e9cologique, chimique\u2026),<\/p>\n<p style=\"text-align: center;\">&#8211; 2) surveiller la mer \u00e0 travers ses poissons,<\/p>\n<p style=\"text-align: center;\">&#8211; 3) nouveaux outils et m\u00e9thodes de surveillance<\/p>\n<h2 style=\"text-align: center;\">Colloque <b>\u201cLa M\u00e9diterran\u00e9e, une Mer sous Surveillance. 13 &#8211; 14 mars 2018 <\/b>&#8211; <b>Montpellier<\/b><\/h2>\n<h2 style=\"text-align: center;\">Appel \u00e0 communications, Informations et Inscription<\/h2>\n<h2 style=\"text-align: center;\"><span style=\"color: #ff0000;\"><a href=\"http:\/\/www.andromede-ocean.com\/english\/wp-content\/uploads\/sites\/2\/texte_colloque-final.pdf\"><span style=\"color: #ff0000;\">Cliquez ici<\/span><\/a><\/span><\/h2>\n<h2 style=\"text-align: center;\"><\/h2>\n<p>&nbsp;<br \/>\n&nbsp;<br \/>\n&nbsp;\t\t<\/p>\n","protected":false},"excerpt":{"rendered":"<p>A l\u2019instar de la plateforme Medtrix, l\u2019objectif de ce colloque est de rassembler toutes les personnes travaillant sur la mer m\u00e9diterran\u00e9e (scientifiques, gestionnaires, agents techniques \u2026) pour faire le point autour de trois th\u00e9matiques\u00a0: &#8211; 1) les r\u00e9sultats de la surveillance (\u00e9cologique, chimique\u2026), &#8211; 2) surveiller la mer \u00e0 travers ses poissons, &#8211; 3) nouveaux [&hellip;]<\/p>\n","protected":false},"author":3,"featured_media":0,"comment_status":"closed","ping_status":"open","sticky":false,"template":"","format":"standard","meta":{"_et_pb_use_builder":"","_et_pb_old_content":"","_et_gb_content_width":"","footnotes":""},"categories":[2,3,6,10],"tags":[],"class_list":["post-2209","post","type-post","status-publish","format-standard","hentry","category-animations","category-conferences","category-reseaux-surveillance","category-resultats-scientifiques"],"yoast_head":"<!-- This site is optimized with the Yoast SEO plugin v27.0 - https:\/\/yoast.com\/product\/yoast-seo-wordpress\/ -->\n<title>Colloque &quot;M\u00e9diterran\u00e9e, une mer sous surveillance &quot;- appel \u00e0 r\u00e9sum\u00e9s et inscriptions - Androm\u00e8de Oc\u00e9anologie<\/title>\n<meta name=\"robots\" content=\"index, follow, max-snippet:-1, max-image-preview:large, max-video-preview:-1\" \/>\n<meta property=\"og:locale\" content=\"en_GB\" \/>\n<meta property=\"og:type\" content=\"article\" \/>\n<meta property=\"og:title\" content=\"Colloque &quot;M\u00e9diterran\u00e9e, une mer sous surveillance &quot;- appel \u00e0 r\u00e9sum\u00e9s et inscriptions - Androm\u00e8de Oc\u00e9anologie\" \/>\n<meta property=\"og:description\" content=\"A l\u2019instar de la plateforme Medtrix, l\u2019objectif de ce colloque est de rassembler toutes les personnes travaillant sur la mer m\u00e9diterran\u00e9e (scientifiques, gestionnaires, agents techniques \u2026) pour faire le point autour de trois th\u00e9matiques\u00a0: &#8211; 1) les r\u00e9sultats de la surveillance (\u00e9cologique, chimique\u2026), &#8211; 2) surveiller la mer \u00e0 travers ses poissons, &#8211; 3) nouveaux [&hellip;]\" \/>\n<meta property=\"og:url\" content=\"https:\/\/www.andromede-ocean.com\/english\/blog\/2018\/01\/22\/colloque-mediterranee-une-mer-sous-surveillance-appel-a-resumes-et-inscriptions\/\" \/>\n<meta property=\"og:site_name\" content=\"Androm\u00e8de Oc\u00e9anologie\" \/>\n<meta property=\"article:published_time\" content=\"2018-01-22T09:40:51+00:00\" \/>\n<meta property=\"og:image\" content=\"http:\/\/www.andromede-ocean.com\/english\/wp-content\/uploads\/sites\/2\/Affiche-colloque-la-mediterranee-une-mer.jpg\" \/>\n<meta name=\"author\" content=\"julie Deter\" \/>\n<meta name=\"twitter:card\" content=\"summary_large_image\" \/>\n<meta name=\"twitter:label1\" content=\"Written by\" \/>\n\t<meta name=\"twitter:data1\" content=\"julie Deter\" \/>\n<script type=\"application\/ld+json\" class=\"yoast-schema-graph\">{\"@context\":\"https:\/\/schema.org\",\"@graph\":[{\"@type\":\"Article\",\"@id\":\"https:\/\/www.andromede-ocean.com\/english\/blog\/2018\/01\/22\/colloque-mediterranee-une-mer-sous-surveillance-appel-a-resumes-et-inscriptions\/#article\",\"isPartOf\":{\"@id\":\"https:\/\/www.andromede-ocean.com\/english\/blog\/2018\/01\/22\/colloque-mediterranee-une-mer-sous-surveillance-appel-a-resumes-et-inscriptions\/\"},\"author\":{\"name\":\"julie Deter\",\"@id\":\"https:\/\/www.andromede-ocean.com\/english\/#\/schema\/person\/670621606150c9eb5a0c92897263dcf6\"},\"headline\":\"Colloque &quot;M\u00e9diterran\u00e9e, une mer sous surveillance &quot;- appel \u00e0 r\u00e9sum\u00e9s et inscriptions\",\"datePublished\":\"2018-01-22T09:40:51+00:00\",\"mainEntityOfPage\":{\"@id\":\"https:\/\/www.andromede-ocean.com\/english\/blog\/2018\/01\/22\/colloque-mediterranee-une-mer-sous-surveillance-appel-a-resumes-et-inscriptions\/\"},\"wordCount\":102,\"image\":{\"@id\":\"https:\/\/www.andromede-ocean.com\/english\/blog\/2018\/01\/22\/colloque-mediterranee-une-mer-sous-surveillance-appel-a-resumes-et-inscriptions\/#primaryimage\"},\"thumbnailUrl\":\"http:\/\/www.andromede-ocean.com\/english\/wp-content\/uploads\/sites\/2\/Affiche-colloque-la-mediterranee-une-mer.jpg\",\"articleSection\":[\"Animations\",\"Conferences\",\"Monitoring\",\"Scientific results\"],\"inLanguage\":\"en-GB\"},{\"@type\":\"WebPage\",\"@id\":\"https:\/\/www.andromede-ocean.com\/english\/blog\/2018\/01\/22\/colloque-mediterranee-une-mer-sous-surveillance-appel-a-resumes-et-inscriptions\/\",\"url\":\"https:\/\/www.andromede-ocean.com\/english\/blog\/2018\/01\/22\/colloque-mediterranee-une-mer-sous-surveillance-appel-a-resumes-et-inscriptions\/\",\"name\":\"Colloque &quot;M\u00e9diterran\u00e9e, une mer sous surveillance &quot;- appel \u00e0 r\u00e9sum\u00e9s et inscriptions - Androm\u00e8de Oc\u00e9anologie\",\"isPartOf\":{\"@id\":\"https:\/\/www.andromede-ocean.com\/english\/#website\"},\"primaryImageOfPage\":{\"@id\":\"https:\/\/www.andromede-ocean.com\/english\/blog\/2018\/01\/22\/colloque-mediterranee-une-mer-sous-surveillance-appel-a-resumes-et-inscriptions\/#primaryimage\"},\"image\":{\"@id\":\"https:\/\/www.andromede-ocean.com\/english\/blog\/2018\/01\/22\/colloque-mediterranee-une-mer-sous-surveillance-appel-a-resumes-et-inscriptions\/#primaryimage\"},\"thumbnailUrl\":\"http:\/\/www.andromede-ocean.com\/english\/wp-content\/uploads\/sites\/2\/Affiche-colloque-la-mediterranee-une-mer.jpg\",\"datePublished\":\"2018-01-22T09:40:51+00:00\",\"author\":{\"@id\":\"https:\/\/www.andromede-ocean.com\/english\/#\/schema\/person\/670621606150c9eb5a0c92897263dcf6\"},\"breadcrumb\":{\"@id\":\"https:\/\/www.andromede-ocean.com\/english\/blog\/2018\/01\/22\/colloque-mediterranee-une-mer-sous-surveillance-appel-a-resumes-et-inscriptions\/#breadcrumb\"},\"inLanguage\":\"en-GB\",\"potentialAction\":[{\"@type\":\"ReadAction\",\"target\":[\"https:\/\/www.andromede-ocean.com\/english\/blog\/2018\/01\/22\/colloque-mediterranee-une-mer-sous-surveillance-appel-a-resumes-et-inscriptions\/\"]}]},{\"@type\":\"ImageObject\",\"inLanguage\":\"en-GB\",\"@id\":\"https:\/\/www.andromede-ocean.com\/english\/blog\/2018\/01\/22\/colloque-mediterranee-une-mer-sous-surveillance-appel-a-resumes-et-inscriptions\/#primaryimage\",\"url\":\"\",\"contentUrl\":\"\"},{\"@type\":\"BreadcrumbList\",\"@id\":\"https:\/\/www.andromede-ocean.com\/english\/blog\/2018\/01\/22\/colloque-mediterranee-une-mer-sous-surveillance-appel-a-resumes-et-inscriptions\/#breadcrumb\",\"itemListElement\":[{\"@type\":\"ListItem\",\"position\":1,\"name\":\"Accueil\",\"item\":\"https:\/\/www.andromede-ocean.com\/english\/\"},{\"@type\":\"ListItem\",\"position\":2,\"name\":\"Colloque &quot;M\u00e9diterran\u00e9e, une mer sous surveillance &quot;- appel \u00e0 r\u00e9sum\u00e9s et inscriptions\"}]},{\"@type\":\"WebSite\",\"@id\":\"https:\/\/www.andromede-ocean.com\/english\/#website\",\"url\":\"https:\/\/www.andromede-ocean.com\/english\/\",\"name\":\"Androm\u00e8de Oc\u00e9anologie\",\"description\":\"\",\"potentialAction\":[{\"@type\":\"SearchAction\",\"target\":{\"@type\":\"EntryPoint\",\"urlTemplate\":\"https:\/\/www.andromede-ocean.com\/english\/?s={search_term_string}\"},\"query-input\":{\"@type\":\"PropertyValueSpecification\",\"valueRequired\":true,\"valueName\":\"search_term_string\"}}],\"inLanguage\":\"en-GB\"},{\"@type\":\"Person\",\"@id\":\"https:\/\/www.andromede-ocean.com\/english\/#\/schema\/person\/670621606150c9eb5a0c92897263dcf6\",\"name\":\"julie Deter\",\"image\":{\"@type\":\"ImageObject\",\"inLanguage\":\"en-GB\",\"@id\":\"https:\/\/www.andromede-ocean.com\/english\/#\/schema\/person\/image\/\",\"url\":\"https:\/\/secure.gravatar.com\/avatar\/29b9c20f73f722191c32425ab84445e2b34fcc25b717ea8e1667c86ae7eb81cf?s=96&d=mm&r=g\",\"contentUrl\":\"https:\/\/secure.gravatar.com\/avatar\/29b9c20f73f722191c32425ab84445e2b34fcc25b717ea8e1667c86ae7eb81cf?s=96&d=mm&r=g\",\"caption\":\"julie Deter\"}}]}<\/script>\n<!-- \/ Yoast SEO plugin. -->","yoast_head_json":{"title":"Colloque &quot;M\u00e9diterran\u00e9e, une mer sous surveillance &quot;- appel \u00e0 r\u00e9sum\u00e9s et inscriptions - Androm\u00e8de Oc\u00e9anologie","robots":{"index":"index","follow":"follow","max-snippet":"max-snippet:-1","max-image-preview":"max-image-preview:large","max-video-preview":"max-video-preview:-1"},"og_locale":"en_GB","og_type":"article","og_title":"Colloque &quot;M\u00e9diterran\u00e9e, une mer sous surveillance &quot;- appel \u00e0 r\u00e9sum\u00e9s et inscriptions - Androm\u00e8de Oc\u00e9anologie","og_description":"A l\u2019instar de la plateforme Medtrix, l\u2019objectif de ce colloque est de rassembler toutes les personnes travaillant sur la mer m\u00e9diterran\u00e9e (scientifiques, gestionnaires, agents techniques \u2026) pour faire le point autour de trois th\u00e9matiques\u00a0: &#8211; 1) les r\u00e9sultats de la surveillance (\u00e9cologique, chimique\u2026), &#8211; 2) surveiller la mer \u00e0 travers ses poissons, &#8211; 3) nouveaux [&hellip;]","og_url":"https:\/\/www.andromede-ocean.com\/english\/blog\/2018\/01\/22\/colloque-mediterranee-une-mer-sous-surveillance-appel-a-resumes-et-inscriptions\/","og_site_name":"Androm\u00e8de Oc\u00e9anologie","article_published_time":"2018-01-22T09:40:51+00:00","og_image":[{"url":"http:\/\/www.andromede-ocean.com\/english\/wp-content\/uploads\/sites\/2\/Affiche-colloque-la-mediterranee-une-mer.jpg","type":"","width":"","height":""}],"author":"julie Deter","twitter_card":"summary_large_image","twitter_misc":{"Written by":"julie Deter"},"schema":{"@context":"https:\/\/schema.org","@graph":[{"@type":"Article","@id":"https:\/\/www.andromede-ocean.com\/english\/blog\/2018\/01\/22\/colloque-mediterranee-une-mer-sous-surveillance-appel-a-resumes-et-inscriptions\/#article","isPartOf":{"@id":"https:\/\/www.andromede-ocean.com\/english\/blog\/2018\/01\/22\/colloque-mediterranee-une-mer-sous-surveillance-appel-a-resumes-et-inscriptions\/"},"author":{"name":"julie Deter","@id":"https:\/\/www.andromede-ocean.com\/english\/#\/schema\/person\/670621606150c9eb5a0c92897263dcf6"},"headline":"Colloque &quot;M\u00e9diterran\u00e9e, une mer sous surveillance &quot;- appel \u00e0 r\u00e9sum\u00e9s et inscriptions","datePublished":"2018-01-22T09:40:51+00:00","mainEntityOfPage":{"@id":"https:\/\/www.andromede-ocean.com\/english\/blog\/2018\/01\/22\/colloque-mediterranee-une-mer-sous-surveillance-appel-a-resumes-et-inscriptions\/"},"wordCount":102,"image":{"@id":"https:\/\/www.andromede-ocean.com\/english\/blog\/2018\/01\/22\/colloque-mediterranee-une-mer-sous-surveillance-appel-a-resumes-et-inscriptions\/#primaryimage"},"thumbnailUrl":"http:\/\/www.andromede-ocean.com\/english\/wp-content\/uploads\/sites\/2\/Affiche-colloque-la-mediterranee-une-mer.jpg","articleSection":["Animations","Conferences","Monitoring","Scientific results"],"inLanguage":"en-GB"},{"@type":"WebPage","@id":"https:\/\/www.andromede-ocean.com\/english\/blog\/2018\/01\/22\/colloque-mediterranee-une-mer-sous-surveillance-appel-a-resumes-et-inscriptions\/","url":"https:\/\/www.andromede-ocean.com\/english\/blog\/2018\/01\/22\/colloque-mediterranee-une-mer-sous-surveillance-appel-a-resumes-et-inscriptions\/","name":"Colloque &quot;M\u00e9diterran\u00e9e, une mer sous surveillance &quot;- appel \u00e0 r\u00e9sum\u00e9s et inscriptions - Androm\u00e8de Oc\u00e9anologie","isPartOf":{"@id":"https:\/\/www.andromede-ocean.com\/english\/#website"},"primaryImageOfPage":{"@id":"https:\/\/www.andromede-ocean.com\/english\/blog\/2018\/01\/22\/colloque-mediterranee-une-mer-sous-surveillance-appel-a-resumes-et-inscriptions\/#primaryimage"},"image":{"@id":"https:\/\/www.andromede-ocean.com\/english\/blog\/2018\/01\/22\/colloque-mediterranee-une-mer-sous-surveillance-appel-a-resumes-et-inscriptions\/#primaryimage"},"thumbnailUrl":"http:\/\/www.andromede-ocean.com\/english\/wp-content\/uploads\/sites\/2\/Affiche-colloque-la-mediterranee-une-mer.jpg","datePublished":"2018-01-22T09:40:51+00:00","author":{"@id":"https:\/\/www.andromede-ocean.com\/english\/#\/schema\/person\/670621606150c9eb5a0c92897263dcf6"},"breadcrumb":{"@id":"https:\/\/www.andromede-ocean.com\/english\/blog\/2018\/01\/22\/colloque-mediterranee-une-mer-sous-surveillance-appel-a-resumes-et-inscriptions\/#breadcrumb"},"inLanguage":"en-GB","potentialAction":[{"@type":"ReadAction","target":["https:\/\/www.andromede-ocean.com\/english\/blog\/2018\/01\/22\/colloque-mediterranee-une-mer-sous-surveillance-appel-a-resumes-et-inscriptions\/"]}]},{"@type":"ImageObject","inLanguage":"en-GB","@id":"https:\/\/www.andromede-ocean.com\/english\/blog\/2018\/01\/22\/colloque-mediterranee-une-mer-sous-surveillance-appel-a-resumes-et-inscriptions\/#primaryimage","url":"","contentUrl":""},{"@type":"BreadcrumbList","@id":"https:\/\/www.andromede-ocean.com\/english\/blog\/2018\/01\/22\/colloque-mediterranee-une-mer-sous-surveillance-appel-a-resumes-et-inscriptions\/#breadcrumb","itemListElement":[{"@type":"ListItem","position":1,"name":"Accueil","item":"https:\/\/www.andromede-ocean.com\/english\/"},{"@type":"ListItem","position":2,"name":"Colloque &quot;M\u00e9diterran\u00e9e, une mer sous surveillance &quot;- appel \u00e0 r\u00e9sum\u00e9s et inscriptions"}]},{"@type":"WebSite","@id":"https:\/\/www.andromede-ocean.com\/english\/#website","url":"https:\/\/www.andromede-ocean.com\/english\/","name":"Androm\u00e8de Oc\u00e9anologie","description":"","potentialAction":[{"@type":"SearchAction","target":{"@type":"EntryPoint","urlTemplate":"https:\/\/www.andromede-ocean.com\/english\/?s={search_term_string}"},"query-input":{"@type":"PropertyValueSpecification","valueRequired":true,"valueName":"search_term_string"}}],"inLanguage":"en-GB"},{"@type":"Person","@id":"https:\/\/www.andromede-ocean.com\/english\/#\/schema\/person\/670621606150c9eb5a0c92897263dcf6","name":"julie Deter","image":{"@type":"ImageObject","inLanguage":"en-GB","@id":"https:\/\/www.andromede-ocean.com\/english\/#\/schema\/person\/image\/","url":"https:\/\/secure.gravatar.com\/avatar\/29b9c20f73f722191c32425ab84445e2b34fcc25b717ea8e1667c86ae7eb81cf?s=96&d=mm&r=g","contentUrl":"https:\/\/secure.gravatar.com\/avatar\/29b9c20f73f722191c32425ab84445e2b34fcc25b717ea8e1667c86ae7eb81cf?s=96&d=mm&r=g","caption":"julie Deter"}}]}},"_links":{"self":[{"href":"https:\/\/www.andromede-ocean.com\/english\/wp-json\/wp\/v2\/posts\/2209","targetHints":{"allow":["GET"]}}],"collection":[{"href":"https:\/\/www.andromede-ocean.com\/english\/wp-json\/wp\/v2\/posts"}],"about":[{"href":"https:\/\/www.andromede-ocean.com\/english\/wp-json\/wp\/v2\/types\/post"}],"author":[{"embeddable":true,"href":"https:\/\/www.andromede-ocean.com\/english\/wp-json\/wp\/v2\/users\/3"}],"replies":[{"embeddable":true,"href":"https:\/\/www.andromede-ocean.com\/english\/wp-json\/wp\/v2\/comments?post=2209"}],"version-history":[{"count":0,"href":"https:\/\/www.andromede-ocean.com\/english\/wp-json\/wp\/v2\/posts\/2209\/revisions"}],"wp:attachment":[{"href":"https:\/\/www.andromede-ocean.com\/english\/wp-json\/wp\/v2\/media?parent=2209"}],"wp:term":[{"taxonomy":"category","embeddable":true,"href":"https:\/\/www.andromede-ocean.com\/english\/wp-json\/wp\/v2\/categories?post=2209"},{"taxonomy":"post_tag","embeddable":true,"href":"https:\/\/www.andromede-ocean.com\/english\/wp-json\/wp\/v2\/tags?post=2209"}],"curies":[{"name":"wp","href":"https:\/\/api.w.org\/{rel}","templated":true}]}}