{"id":2186,"date":"2017-12-19T13:59:46","date_gmt":"2017-12-19T12:59:46","guid":{"rendered":"http:\/\/marion-dev.valars.com\/andromede\/?p=2186"},"modified":"2017-12-19T13:59:46","modified_gmt":"2017-12-19T12:59:46","slug":"laurent-ballesta-au-salon-de-la-plongee-2018","status":"publish","type":"post","link":"https:\/\/www.andromede-ocean.com\/english\/blog\/2017\/12\/19\/laurent-ballesta-au-salon-de-la-plongee-2018\/","title":{"rendered":"Laurent Ballesta au salon de la plong\u00e9e 2018"},"content":{"rendered":"<p>\t\t\t\tA l&#8217;occasion du 20e Salon de la Plong\u00e9e, Laurent Ballesta d\u00e9voilera son nouvel ouvrage &#8221; 700 Requins dans la nuit &#8221;<br \/>\nLe recueil de deux livres photographiques r\u00e9unis dans un m\u00eame fourreau, afin de retracer les 4 ann\u00e9es d&#8217;exp\u00e9ditions men\u00e9es \u00e0 Fakarava, en Polyn\u00e9sie Fran\u00e7aise. Un livre d&#8217;art, et un &#8220;Carnet de plong\u00e9es&#8221; d\u00e9voilant les coulisses de ces immersions nocturnes uniques au milieu des requins gris.<br \/>\nS\u00e9ances de d\u00e9dicaces pr\u00e9vues tout au long du salon sur l&#8217;espace d&#8217;exposition grand format du livre.<\/p>\n<div>\nAussi, Laurent Ballesta donnera 3 conf\u00e9rences sur les 4 ann\u00e9es d&#8217;exploration \u00e0 Fakarava, et pr\u00e9sentera des photos et images in\u00e9dites :<br \/>\n&#8211; vendredi 12 &gt; 15:00<br \/>\n&#8211; samedi 13 &gt; 15:00<br \/>\n&#8211; dimanche 14 &gt; 16:00<br \/>\nProgramme du salon :\u00a0<a href=\"http:\/\/www.salon-de-la-plongee.com\/fr\/animations\/horaire.html\" target=\"_blank\" rel=\"noopener noreferrer\">http:\/\/www.salon-de-la-plongee.com\/fr\/animations\/horaire.html<\/a><br \/>\n&nbsp;<br \/>\n<a href=\"http:\/\/www.andromede-ocean.com\/english\/wp-content\/uploads\/sites\/2\/requins.jpg\"><img loading=\"lazy\" decoding=\"async\" class=\"alignleft size-medium wp-image-2187\" alt=\"requins\" src=\"http:\/\/www.andromede-ocean.com\/english\/wp-content\/uploads\/sites\/2\/requins-300x213.jpg\" width=\"300\" height=\"213\" \/><\/a>\n<\/div>\n","protected":false},"excerpt":{"rendered":"<p>A l&#8217;occasion du 20e Salon de la Plong\u00e9e, Laurent Ballesta d\u00e9voilera son nouvel ouvrage &#8221; 700 Requins dans la nuit &#8221; Le recueil de deux livres photographiques r\u00e9unis dans un m\u00eame fourreau, afin de retracer les 4 ann\u00e9es d&#8217;exp\u00e9ditions men\u00e9es \u00e0 Fakarava, en Polyn\u00e9sie Fran\u00e7aise. Un livre d&#8217;art, et un &#8220;Carnet de plong\u00e9es&#8221; d\u00e9voilant les [&hellip;]<\/p>\n","protected":false},"author":3,"featured_media":0,"comment_status":"closed","ping_status":"open","sticky":false,"template":"","format":"standard","meta":{"_et_pb_use_builder":"","_et_pb_old_content":"","_et_gb_content_width":"","footnotes":""},"categories":[1],"tags":[],"class_list":["post-2186","post","type-post","status-publish","format-standard","hentry","category-non-classe"],"yoast_head":"<!-- This site is optimized with the Yoast SEO plugin v27.0 - https:\/\/yoast.com\/product\/yoast-seo-wordpress\/ -->\n<title>Laurent Ballesta au salon de la plong\u00e9e 2018 - Androm\u00e8de Oc\u00e9anologie<\/title>\n<meta name=\"robots\" content=\"index, follow, max-snippet:-1, max-image-preview:large, max-video-preview:-1\" \/>\n<meta property=\"og:locale\" content=\"en_GB\" \/>\n<meta property=\"og:type\" content=\"article\" \/>\n<meta property=\"og:title\" content=\"Laurent Ballesta au salon de la plong\u00e9e 2018 - Androm\u00e8de Oc\u00e9anologie\" \/>\n<meta property=\"og:description\" content=\"A l&#8217;occasion du 20e Salon de la Plong\u00e9e, Laurent Ballesta d\u00e9voilera son nouvel ouvrage &#8221; 700 Requins dans la nuit &#8221; Le recueil de deux livres photographiques r\u00e9unis dans un m\u00eame fourreau, afin de retracer les 4 ann\u00e9es d&#8217;exp\u00e9ditions men\u00e9es \u00e0 Fakarava, en Polyn\u00e9sie Fran\u00e7aise. Un livre d&#8217;art, et un &#8220;Carnet de plong\u00e9es&#8221; d\u00e9voilant les [&hellip;]\" \/>\n<meta property=\"og:url\" content=\"https:\/\/www.andromede-ocean.com\/english\/blog\/2017\/12\/19\/laurent-ballesta-au-salon-de-la-plongee-2018\/\" \/>\n<meta property=\"og:site_name\" content=\"Androm\u00e8de Oc\u00e9anologie\" \/>\n<meta property=\"article:published_time\" content=\"2017-12-19T12:59:46+00:00\" \/>\n<meta property=\"og:image\" content=\"http:\/\/www.andromede-ocean.com\/english\/wp-content\/uploads\/sites\/2\/requins-300x213.jpg\" \/>\n<meta name=\"author\" content=\"julie Deter\" \/>\n<meta name=\"twitter:card\" content=\"summary_large_image\" \/>\n<meta name=\"twitter:label1\" content=\"Written by\" \/>\n\t<meta name=\"twitter:data1\" content=\"julie Deter\" \/>\n\t<meta name=\"twitter:label2\" content=\"Estimated reading time\" \/>\n\t<meta name=\"twitter:data2\" content=\"1 minute\" \/>\n<script type=\"application\/ld+json\" class=\"yoast-schema-graph\">{\"@context\":\"https:\/\/schema.org\",\"@graph\":[{\"@type\":\"Article\",\"@id\":\"https:\/\/www.andromede-ocean.com\/english\/blog\/2017\/12\/19\/laurent-ballesta-au-salon-de-la-plongee-2018\/#article\",\"isPartOf\":{\"@id\":\"https:\/\/www.andromede-ocean.com\/english\/blog\/2017\/12\/19\/laurent-ballesta-au-salon-de-la-plongee-2018\/\"},\"author\":{\"name\":\"julie Deter\",\"@id\":\"https:\/\/www.andromede-ocean.com\/english\/#\/schema\/person\/670621606150c9eb5a0c92897263dcf6\"},\"headline\":\"Laurent Ballesta au salon de la plong\u00e9e 2018\",\"datePublished\":\"2017-12-19T12:59:46+00:00\",\"mainEntityOfPage\":{\"@id\":\"https:\/\/www.andromede-ocean.com\/english\/blog\/2017\/12\/19\/laurent-ballesta-au-salon-de-la-plongee-2018\/\"},\"wordCount\":141,\"image\":{\"@id\":\"https:\/\/www.andromede-ocean.com\/english\/blog\/2017\/12\/19\/laurent-ballesta-au-salon-de-la-plongee-2018\/#primaryimage\"},\"thumbnailUrl\":\"http:\/\/www.andromede-ocean.com\/english\/wp-content\/uploads\/sites\/2\/requins-300x213.jpg\",\"articleSection\":[\"Not rated\"],\"inLanguage\":\"en-GB\"},{\"@type\":\"WebPage\",\"@id\":\"https:\/\/www.andromede-ocean.com\/english\/blog\/2017\/12\/19\/laurent-ballesta-au-salon-de-la-plongee-2018\/\",\"url\":\"https:\/\/www.andromede-ocean.com\/english\/blog\/2017\/12\/19\/laurent-ballesta-au-salon-de-la-plongee-2018\/\",\"name\":\"Laurent Ballesta au salon de la plong\u00e9e 2018 - Androm\u00e8de Oc\u00e9anologie\",\"isPartOf\":{\"@id\":\"https:\/\/www.andromede-ocean.com\/english\/#website\"},\"primaryImageOfPage\":{\"@id\":\"https:\/\/www.andromede-ocean.com\/english\/blog\/2017\/12\/19\/laurent-ballesta-au-salon-de-la-plongee-2018\/#primaryimage\"},\"image\":{\"@id\":\"https:\/\/www.andromede-ocean.com\/english\/blog\/2017\/12\/19\/laurent-ballesta-au-salon-de-la-plongee-2018\/#primaryimage\"},\"thumbnailUrl\":\"http:\/\/www.andromede-ocean.com\/english\/wp-content\/uploads\/sites\/2\/requins-300x213.jpg\",\"datePublished\":\"2017-12-19T12:59:46+00:00\",\"author\":{\"@id\":\"https:\/\/www.andromede-ocean.com\/english\/#\/schema\/person\/670621606150c9eb5a0c92897263dcf6\"},\"breadcrumb\":{\"@id\":\"https:\/\/www.andromede-ocean.com\/english\/blog\/2017\/12\/19\/laurent-ballesta-au-salon-de-la-plongee-2018\/#breadcrumb\"},\"inLanguage\":\"en-GB\",\"potentialAction\":[{\"@type\":\"ReadAction\",\"target\":[\"https:\/\/www.andromede-ocean.com\/english\/blog\/2017\/12\/19\/laurent-ballesta-au-salon-de-la-plongee-2018\/\"]}]},{\"@type\":\"ImageObject\",\"inLanguage\":\"en-GB\",\"@id\":\"https:\/\/www.andromede-ocean.com\/english\/blog\/2017\/12\/19\/laurent-ballesta-au-salon-de-la-plongee-2018\/#primaryimage\",\"url\":\"\",\"contentUrl\":\"\"},{\"@type\":\"BreadcrumbList\",\"@id\":\"https:\/\/www.andromede-ocean.com\/english\/blog\/2017\/12\/19\/laurent-ballesta-au-salon-de-la-plongee-2018\/#breadcrumb\",\"itemListElement\":[{\"@type\":\"ListItem\",\"position\":1,\"name\":\"Accueil\",\"item\":\"https:\/\/www.andromede-ocean.com\/english\/\"},{\"@type\":\"ListItem\",\"position\":2,\"name\":\"Laurent Ballesta au salon de la plong\u00e9e 2018\"}]},{\"@type\":\"WebSite\",\"@id\":\"https:\/\/www.andromede-ocean.com\/english\/#website\",\"url\":\"https:\/\/www.andromede-ocean.com\/english\/\",\"name\":\"Androm\u00e8de Oc\u00e9anologie\",\"description\":\"\",\"potentialAction\":[{\"@type\":\"SearchAction\",\"target\":{\"@type\":\"EntryPoint\",\"urlTemplate\":\"https:\/\/www.andromede-ocean.com\/english\/?s={search_term_string}\"},\"query-input\":{\"@type\":\"PropertyValueSpecification\",\"valueRequired\":true,\"valueName\":\"search_term_string\"}}],\"inLanguage\":\"en-GB\"},{\"@type\":\"Person\",\"@id\":\"https:\/\/www.andromede-ocean.com\/english\/#\/schema\/person\/670621606150c9eb5a0c92897263dcf6\",\"name\":\"julie Deter\",\"image\":{\"@type\":\"ImageObject\",\"inLanguage\":\"en-GB\",\"@id\":\"https:\/\/www.andromede-ocean.com\/english\/#\/schema\/person\/image\/\",\"url\":\"https:\/\/secure.gravatar.com\/avatar\/29b9c20f73f722191c32425ab84445e2b34fcc25b717ea8e1667c86ae7eb81cf?s=96&d=mm&r=g\",\"contentUrl\":\"https:\/\/secure.gravatar.com\/avatar\/29b9c20f73f722191c32425ab84445e2b34fcc25b717ea8e1667c86ae7eb81cf?s=96&d=mm&r=g\",\"caption\":\"julie Deter\"}}]}<\/script>\n<!-- \/ Yoast SEO plugin. -->","yoast_head_json":{"title":"Laurent Ballesta au salon de la plong\u00e9e 2018 - Androm\u00e8de Oc\u00e9anologie","robots":{"index":"index","follow":"follow","max-snippet":"max-snippet:-1","max-image-preview":"max-image-preview:large","max-video-preview":"max-video-preview:-1"},"og_locale":"en_GB","og_type":"article","og_title":"Laurent Ballesta au salon de la plong\u00e9e 2018 - Androm\u00e8de Oc\u00e9anologie","og_description":"A l&#8217;occasion du 20e Salon de la Plong\u00e9e, Laurent Ballesta d\u00e9voilera son nouvel ouvrage &#8221; 700 Requins dans la nuit &#8221; Le recueil de deux livres photographiques r\u00e9unis dans un m\u00eame fourreau, afin de retracer les 4 ann\u00e9es d&#8217;exp\u00e9ditions men\u00e9es \u00e0 Fakarava, en Polyn\u00e9sie Fran\u00e7aise. Un livre d&#8217;art, et un &#8220;Carnet de plong\u00e9es&#8221; d\u00e9voilant les [&hellip;]","og_url":"https:\/\/www.andromede-ocean.com\/english\/blog\/2017\/12\/19\/laurent-ballesta-au-salon-de-la-plongee-2018\/","og_site_name":"Androm\u00e8de Oc\u00e9anologie","article_published_time":"2017-12-19T12:59:46+00:00","og_image":[{"url":"http:\/\/www.andromede-ocean.com\/english\/wp-content\/uploads\/sites\/2\/requins-300x213.jpg","type":"","width":"","height":""}],"author":"julie Deter","twitter_card":"summary_large_image","twitter_misc":{"Written by":"julie Deter","Estimated reading time":"1 minute"},"schema":{"@context":"https:\/\/schema.org","@graph":[{"@type":"Article","@id":"https:\/\/www.andromede-ocean.com\/english\/blog\/2017\/12\/19\/laurent-ballesta-au-salon-de-la-plongee-2018\/#article","isPartOf":{"@id":"https:\/\/www.andromede-ocean.com\/english\/blog\/2017\/12\/19\/laurent-ballesta-au-salon-de-la-plongee-2018\/"},"author":{"name":"julie Deter","@id":"https:\/\/www.andromede-ocean.com\/english\/#\/schema\/person\/670621606150c9eb5a0c92897263dcf6"},"headline":"Laurent Ballesta au salon de la plong\u00e9e 2018","datePublished":"2017-12-19T12:59:46+00:00","mainEntityOfPage":{"@id":"https:\/\/www.andromede-ocean.com\/english\/blog\/2017\/12\/19\/laurent-ballesta-au-salon-de-la-plongee-2018\/"},"wordCount":141,"image":{"@id":"https:\/\/www.andromede-ocean.com\/english\/blog\/2017\/12\/19\/laurent-ballesta-au-salon-de-la-plongee-2018\/#primaryimage"},"thumbnailUrl":"http:\/\/www.andromede-ocean.com\/english\/wp-content\/uploads\/sites\/2\/requins-300x213.jpg","articleSection":["Not rated"],"inLanguage":"en-GB"},{"@type":"WebPage","@id":"https:\/\/www.andromede-ocean.com\/english\/blog\/2017\/12\/19\/laurent-ballesta-au-salon-de-la-plongee-2018\/","url":"https:\/\/www.andromede-ocean.com\/english\/blog\/2017\/12\/19\/laurent-ballesta-au-salon-de-la-plongee-2018\/","name":"Laurent Ballesta au salon de la plong\u00e9e 2018 - Androm\u00e8de Oc\u00e9anologie","isPartOf":{"@id":"https:\/\/www.andromede-ocean.com\/english\/#website"},"primaryImageOfPage":{"@id":"https:\/\/www.andromede-ocean.com\/english\/blog\/2017\/12\/19\/laurent-ballesta-au-salon-de-la-plongee-2018\/#primaryimage"},"image":{"@id":"https:\/\/www.andromede-ocean.com\/english\/blog\/2017\/12\/19\/laurent-ballesta-au-salon-de-la-plongee-2018\/#primaryimage"},"thumbnailUrl":"http:\/\/www.andromede-ocean.com\/english\/wp-content\/uploads\/sites\/2\/requins-300x213.jpg","datePublished":"2017-12-19T12:59:46+00:00","author":{"@id":"https:\/\/www.andromede-ocean.com\/english\/#\/schema\/person\/670621606150c9eb5a0c92897263dcf6"},"breadcrumb":{"@id":"https:\/\/www.andromede-ocean.com\/english\/blog\/2017\/12\/19\/laurent-ballesta-au-salon-de-la-plongee-2018\/#breadcrumb"},"inLanguage":"en-GB","potentialAction":[{"@type":"ReadAction","target":["https:\/\/www.andromede-ocean.com\/english\/blog\/2017\/12\/19\/laurent-ballesta-au-salon-de-la-plongee-2018\/"]}]},{"@type":"ImageObject","inLanguage":"en-GB","@id":"https:\/\/www.andromede-ocean.com\/english\/blog\/2017\/12\/19\/laurent-ballesta-au-salon-de-la-plongee-2018\/#primaryimage","url":"","contentUrl":""},{"@type":"BreadcrumbList","@id":"https:\/\/www.andromede-ocean.com\/english\/blog\/2017\/12\/19\/laurent-ballesta-au-salon-de-la-plongee-2018\/#breadcrumb","itemListElement":[{"@type":"ListItem","position":1,"name":"Accueil","item":"https:\/\/www.andromede-ocean.com\/english\/"},{"@type":"ListItem","position":2,"name":"Laurent Ballesta au salon de la plong\u00e9e 2018"}]},{"@type":"WebSite","@id":"https:\/\/www.andromede-ocean.com\/english\/#website","url":"https:\/\/www.andromede-ocean.com\/english\/","name":"Androm\u00e8de Oc\u00e9anologie","description":"","potentialAction":[{"@type":"SearchAction","target":{"@type":"EntryPoint","urlTemplate":"https:\/\/www.andromede-ocean.com\/english\/?s={search_term_string}"},"query-input":{"@type":"PropertyValueSpecification","valueRequired":true,"valueName":"search_term_string"}}],"inLanguage":"en-GB"},{"@type":"Person","@id":"https:\/\/www.andromede-ocean.com\/english\/#\/schema\/person\/670621606150c9eb5a0c92897263dcf6","name":"julie Deter","image":{"@type":"ImageObject","inLanguage":"en-GB","@id":"https:\/\/www.andromede-ocean.com\/english\/#\/schema\/person\/image\/","url":"https:\/\/secure.gravatar.com\/avatar\/29b9c20f73f722191c32425ab84445e2b34fcc25b717ea8e1667c86ae7eb81cf?s=96&d=mm&r=g","contentUrl":"https:\/\/secure.gravatar.com\/avatar\/29b9c20f73f722191c32425ab84445e2b34fcc25b717ea8e1667c86ae7eb81cf?s=96&d=mm&r=g","caption":"julie Deter"}}]}},"_links":{"self":[{"href":"https:\/\/www.andromede-ocean.com\/english\/wp-json\/wp\/v2\/posts\/2186","targetHints":{"allow":["GET"]}}],"collection":[{"href":"https:\/\/www.andromede-ocean.com\/english\/wp-json\/wp\/v2\/posts"}],"about":[{"href":"https:\/\/www.andromede-ocean.com\/english\/wp-json\/wp\/v2\/types\/post"}],"author":[{"embeddable":true,"href":"https:\/\/www.andromede-ocean.com\/english\/wp-json\/wp\/v2\/users\/3"}],"replies":[{"embeddable":true,"href":"https:\/\/www.andromede-ocean.com\/english\/wp-json\/wp\/v2\/comments?post=2186"}],"version-history":[{"count":0,"href":"https:\/\/www.andromede-ocean.com\/english\/wp-json\/wp\/v2\/posts\/2186\/revisions"}],"wp:attachment":[{"href":"https:\/\/www.andromede-ocean.com\/english\/wp-json\/wp\/v2\/media?parent=2186"}],"wp:term":[{"taxonomy":"category","embeddable":true,"href":"https:\/\/www.andromede-ocean.com\/english\/wp-json\/wp\/v2\/categories?post=2186"},{"taxonomy":"post_tag","embeddable":true,"href":"https:\/\/www.andromede-ocean.com\/english\/wp-json\/wp\/v2\/tags?post=2186"}],"curies":[{"name":"wp","href":"https:\/\/api.w.org\/{rel}","templated":true}]}}