{"id":2161,"date":"2017-11-21T10:45:56","date_gmt":"2017-11-21T09:45:56","guid":{"rendered":"http:\/\/marion-dev.valars.com\/andromede\/?p=2161"},"modified":"2020-01-15T14:34:10","modified_gmt":"2020-01-15T13:34:10","slug":"these-sur-les-liens-entre-esthetique-et-biodiversite","status":"publish","type":"post","link":"https:\/\/www.andromede-ocean.com\/english\/blog\/2017\/11\/21\/these-sur-les-liens-entre-esthetique-et-biodiversite\/","title":{"rendered":"Th\u00e8se sur les liens entre esth\u00e9tique et biodiversit\u00e9"},"content":{"rendered":"\n<div data-block=\"true\" data-editor=\"coo1g\" data-offset-key=\"bjbhe-0-0\">\n<p data-offset-key=\"bjbhe-0-0\">Anne-sophie Tribot soutiendra sa th\u00e8se sur les liens entre esth\u00e9tique et biodiversit\u00e9 des \u00e9cosyst\u00e8mes sous-marins le lundi 27 novembre 2017 \u00e0 14h00 \u00e0 l&#8217;universit\u00e9 de Montpellier\u00a0<span id=\"yui_3_16_0_ym19_1_1511256131422_17284\" style=\"font-family: arial, helvetica, sans-serif;\">\u00e0 l&#8217;adresse suivante :\u00a0<\/span><\/p>\n<div id=\"yui_3_16_0_ym19_1_1511256131422_17248\"><span id=\"yui_3_16_0_ym19_1_1511256131422_17284\" style=\"font-family: arial, helvetica, sans-serif;\"><b id=\"yui_3_16_0_ym19_1_1511256131422_17282\">Amphi 6.02\u00a0<\/b><\/span><\/div>\n<div id=\"yui_3_16_0_ym19_1_1511256131422_17270\"><span id=\"yui_3_16_0_ym19_1_1511256131422_17280\" style=\"font-family: arial, helvetica, sans-serif;\">Place Eug\u00e8ne\u00a0Bataillon\u00a0<\/span><\/div>\n<div id=\"yui_3_16_0_ym19_1_1511256131422_17249\"><span id=\"yui_3_16_0_ym19_1_1511256131422_17278\" style=\"font-family: arial, helvetica, sans-serif;\">Universit\u00e9 de Montpellier\u00a0<\/span><\/div>\n<div id=\"yui_3_16_0_ym19_1_1511256131422_17250\"><span id=\"yui_3_16_0_ym19_1_1511256131422_17276\" style=\"font-family: arial, helvetica, sans-serif;\">34095 MONTPELLIER France<\/span><\/div>\n<\/div>\n<div data-block=\"true\" data-editor=\"coo1g\" data-offset-key=\"3u57c-0-0\">\n<p data-offset-key=\"3u57c-0-0\">Elle pr\u00e9sentera notamment des travaux men\u00e9s sur le lien entre esth\u00e9tique et biodiversit\u00e9 des r\u00e9cifs corallig\u00e8nes (donn\u00e9es RECOR recueillies par Androm\u00e8de oc\u00e9anologie en partenariat avec l&#8217;agence de l&#8217;eau RMC). Les scores d&#8217;esth\u00e9tisme sont disponibles dans le r\u00e9seau MER-VEILLE disponible sur la plateforme MEDTRIX.<\/p>\n<p data-offset-key=\"3u57c-0-0\">Plan de l&#8217;universit\u00e9 :\u00a0<em id=\"__mceDel\"><a href=\"https:\/\/www.andromede-ocean.com\/english\/wp-content\/uploads\/sites\/2\/Plan_UM.pdf\" rel=\"attachment wp-att-2162\">Plan_UM<\/a>\u00a0<\/em><\/p>\n<p data-offset-key=\"3u57c-0-0\"><em id=\"__mceDel\">R\u00e9sum\u00e9 de la th\u00e8se :\u00a0<a href=\"https:\/\/www.andromede-ocean.com\/english\/wp-content\/uploads\/sites\/2\/soutenance_Tribot.pdf\" rel=\"attachment wp-att-2163\">soutenance_Tribot<\/a><\/em><\/p>\n<p data-offset-key=\"3u57c-0-0\">\n<a href=\"http:\/\/www.andromede-ocean.com\/english\/wp-content\/uploads\/sites\/2\/LB22927.jpg\"><img loading=\"lazy\" decoding=\"async\" class=\"alignleft size-medium wp-image-2164\" alt=\"_LB22927\" src=\"http:\/\/www.andromede-ocean.com\/english\/wp-content\/uploads\/sites\/2\/LB22927-300x199.jpg\" width=\"300\" height=\"199\" \/><\/a><\/p>\n<\/div>\n","protected":false},"excerpt":{"rendered":"<p>Anne-sophie Tribot soutiendra sa th\u00e8se sur les liens entre esth\u00e9tique et biodiversit\u00e9 des \u00e9cosyst\u00e8mes sous-marins le lundi 27 novembre 2017 \u00e0 14h00 \u00e0 l&#8217;universit\u00e9 de Montpellier\u00a0\u00e0 l&#8217;adresse suivante :\u00a0 Amphi 6.02\u00a0 Place Eug\u00e8ne\u00a0Bataillon\u00a0 Universit\u00e9 de Montpellier\u00a0 34095 MONTPELLIER France Elle pr\u00e9sentera notamment des travaux men\u00e9s sur le lien entre esth\u00e9tique et biodiversit\u00e9 des r\u00e9cifs corallig\u00e8nes [&hellip;]<\/p>\n","protected":false},"author":3,"featured_media":0,"comment_status":"closed","ping_status":"open","sticky":false,"template":"","format":"standard","meta":{"_et_pb_use_builder":"","_et_pb_old_content":"","_et_gb_content_width":"","footnotes":""},"categories":[1],"tags":[],"class_list":["post-2161","post","type-post","status-publish","format-standard","hentry","category-non-classe"],"yoast_head":"<!-- This site is optimized with the Yoast SEO plugin v27.0 - https:\/\/yoast.com\/product\/yoast-seo-wordpress\/ -->\n<title>Th\u00e8se sur les liens entre esth\u00e9tique et biodiversit\u00e9 - Androm\u00e8de Oc\u00e9anologie<\/title>\n<meta name=\"robots\" content=\"index, follow, max-snippet:-1, max-image-preview:large, max-video-preview:-1\" \/>\n<meta property=\"og:locale\" content=\"en_GB\" \/>\n<meta property=\"og:type\" content=\"article\" \/>\n<meta property=\"og:title\" content=\"Th\u00e8se sur les liens entre esth\u00e9tique et biodiversit\u00e9 - Androm\u00e8de Oc\u00e9anologie\" \/>\n<meta property=\"og:description\" content=\"Anne-sophie Tribot soutiendra sa th\u00e8se sur les liens entre esth\u00e9tique et biodiversit\u00e9 des \u00e9cosyst\u00e8mes sous-marins le lundi 27 novembre 2017 \u00e0 14h00 \u00e0 l&#8217;universit\u00e9 de Montpellier\u00a0\u00e0 l&#8217;adresse suivante :\u00a0 Amphi 6.02\u00a0 Place Eug\u00e8ne\u00a0Bataillon\u00a0 Universit\u00e9 de Montpellier\u00a0 34095 MONTPELLIER France Elle pr\u00e9sentera notamment des travaux men\u00e9s sur le lien entre esth\u00e9tique et biodiversit\u00e9 des r\u00e9cifs corallig\u00e8nes [&hellip;]\" \/>\n<meta property=\"og:url\" content=\"https:\/\/www.andromede-ocean.com\/english\/blog\/2017\/11\/21\/these-sur-les-liens-entre-esthetique-et-biodiversite\/\" \/>\n<meta property=\"og:site_name\" content=\"Androm\u00e8de Oc\u00e9anologie\" \/>\n<meta property=\"article:published_time\" content=\"2017-11-21T09:45:56+00:00\" \/>\n<meta property=\"article:modified_time\" content=\"2020-01-15T13:34:10+00:00\" \/>\n<meta property=\"og:image\" content=\"http:\/\/www.andromede-ocean.com\/english\/wp-content\/uploads\/sites\/2\/LB22927-300x199.jpg\" \/>\n<meta name=\"author\" content=\"julie Deter\" \/>\n<meta name=\"twitter:card\" content=\"summary_large_image\" \/>\n<meta name=\"twitter:label1\" content=\"Written by\" \/>\n\t<meta name=\"twitter:data1\" content=\"julie Deter\" \/>\n\t<meta name=\"twitter:label2\" content=\"Estimated reading time\" \/>\n\t<meta name=\"twitter:data2\" content=\"1 minute\" \/>\n<script type=\"application\/ld+json\" class=\"yoast-schema-graph\">{\"@context\":\"https:\/\/schema.org\",\"@graph\":[{\"@type\":\"Article\",\"@id\":\"https:\/\/www.andromede-ocean.com\/english\/blog\/2017\/11\/21\/these-sur-les-liens-entre-esthetique-et-biodiversite\/#article\",\"isPartOf\":{\"@id\":\"https:\/\/www.andromede-ocean.com\/english\/blog\/2017\/11\/21\/these-sur-les-liens-entre-esthetique-et-biodiversite\/\"},\"author\":{\"name\":\"julie Deter\",\"@id\":\"https:\/\/www.andromede-ocean.com\/english\/#\/schema\/person\/670621606150c9eb5a0c92897263dcf6\"},\"headline\":\"Th\u00e8se sur les liens entre esth\u00e9tique et biodiversit\u00e9\",\"datePublished\":\"2017-11-21T09:45:56+00:00\",\"dateModified\":\"2020-01-15T13:34:10+00:00\",\"mainEntityOfPage\":{\"@id\":\"https:\/\/www.andromede-ocean.com\/english\/blog\/2017\/11\/21\/these-sur-les-liens-entre-esthetique-et-biodiversite\/\"},\"wordCount\":113,\"image\":{\"@id\":\"https:\/\/www.andromede-ocean.com\/english\/blog\/2017\/11\/21\/these-sur-les-liens-entre-esthetique-et-biodiversite\/#primaryimage\"},\"thumbnailUrl\":\"http:\/\/www.andromede-ocean.com\/english\/wp-content\/uploads\/sites\/2\/LB22927-300x199.jpg\",\"articleSection\":[\"Not rated\"],\"inLanguage\":\"en-GB\"},{\"@type\":\"WebPage\",\"@id\":\"https:\/\/www.andromede-ocean.com\/english\/blog\/2017\/11\/21\/these-sur-les-liens-entre-esthetique-et-biodiversite\/\",\"url\":\"https:\/\/www.andromede-ocean.com\/english\/blog\/2017\/11\/21\/these-sur-les-liens-entre-esthetique-et-biodiversite\/\",\"name\":\"Th\u00e8se sur les liens entre esth\u00e9tique et biodiversit\u00e9 - Androm\u00e8de Oc\u00e9anologie\",\"isPartOf\":{\"@id\":\"https:\/\/www.andromede-ocean.com\/english\/#website\"},\"primaryImageOfPage\":{\"@id\":\"https:\/\/www.andromede-ocean.com\/english\/blog\/2017\/11\/21\/these-sur-les-liens-entre-esthetique-et-biodiversite\/#primaryimage\"},\"image\":{\"@id\":\"https:\/\/www.andromede-ocean.com\/english\/blog\/2017\/11\/21\/these-sur-les-liens-entre-esthetique-et-biodiversite\/#primaryimage\"},\"thumbnailUrl\":\"http:\/\/www.andromede-ocean.com\/english\/wp-content\/uploads\/sites\/2\/LB22927-300x199.jpg\",\"datePublished\":\"2017-11-21T09:45:56+00:00\",\"dateModified\":\"2020-01-15T13:34:10+00:00\",\"author\":{\"@id\":\"https:\/\/www.andromede-ocean.com\/english\/#\/schema\/person\/670621606150c9eb5a0c92897263dcf6\"},\"breadcrumb\":{\"@id\":\"https:\/\/www.andromede-ocean.com\/english\/blog\/2017\/11\/21\/these-sur-les-liens-entre-esthetique-et-biodiversite\/#breadcrumb\"},\"inLanguage\":\"en-GB\",\"potentialAction\":[{\"@type\":\"ReadAction\",\"target\":[\"https:\/\/www.andromede-ocean.com\/english\/blog\/2017\/11\/21\/these-sur-les-liens-entre-esthetique-et-biodiversite\/\"]}]},{\"@type\":\"ImageObject\",\"inLanguage\":\"en-GB\",\"@id\":\"https:\/\/www.andromede-ocean.com\/english\/blog\/2017\/11\/21\/these-sur-les-liens-entre-esthetique-et-biodiversite\/#primaryimage\",\"url\":\"\",\"contentUrl\":\"\"},{\"@type\":\"BreadcrumbList\",\"@id\":\"https:\/\/www.andromede-ocean.com\/english\/blog\/2017\/11\/21\/these-sur-les-liens-entre-esthetique-et-biodiversite\/#breadcrumb\",\"itemListElement\":[{\"@type\":\"ListItem\",\"position\":1,\"name\":\"Accueil\",\"item\":\"https:\/\/www.andromede-ocean.com\/english\/\"},{\"@type\":\"ListItem\",\"position\":2,\"name\":\"Th\u00e8se sur les liens entre esth\u00e9tique et biodiversit\u00e9\"}]},{\"@type\":\"WebSite\",\"@id\":\"https:\/\/www.andromede-ocean.com\/english\/#website\",\"url\":\"https:\/\/www.andromede-ocean.com\/english\/\",\"name\":\"Androm\u00e8de Oc\u00e9anologie\",\"description\":\"\",\"potentialAction\":[{\"@type\":\"SearchAction\",\"target\":{\"@type\":\"EntryPoint\",\"urlTemplate\":\"https:\/\/www.andromede-ocean.com\/english\/?s={search_term_string}\"},\"query-input\":{\"@type\":\"PropertyValueSpecification\",\"valueRequired\":true,\"valueName\":\"search_term_string\"}}],\"inLanguage\":\"en-GB\"},{\"@type\":\"Person\",\"@id\":\"https:\/\/www.andromede-ocean.com\/english\/#\/schema\/person\/670621606150c9eb5a0c92897263dcf6\",\"name\":\"julie Deter\",\"image\":{\"@type\":\"ImageObject\",\"inLanguage\":\"en-GB\",\"@id\":\"https:\/\/www.andromede-ocean.com\/english\/#\/schema\/person\/image\/\",\"url\":\"https:\/\/secure.gravatar.com\/avatar\/29b9c20f73f722191c32425ab84445e2b34fcc25b717ea8e1667c86ae7eb81cf?s=96&d=mm&r=g\",\"contentUrl\":\"https:\/\/secure.gravatar.com\/avatar\/29b9c20f73f722191c32425ab84445e2b34fcc25b717ea8e1667c86ae7eb81cf?s=96&d=mm&r=g\",\"caption\":\"julie Deter\"}}]}<\/script>\n<!-- \/ Yoast SEO plugin. -->","yoast_head_json":{"title":"Th\u00e8se sur les liens entre esth\u00e9tique et biodiversit\u00e9 - Androm\u00e8de Oc\u00e9anologie","robots":{"index":"index","follow":"follow","max-snippet":"max-snippet:-1","max-image-preview":"max-image-preview:large","max-video-preview":"max-video-preview:-1"},"og_locale":"en_GB","og_type":"article","og_title":"Th\u00e8se sur les liens entre esth\u00e9tique et biodiversit\u00e9 - Androm\u00e8de Oc\u00e9anologie","og_description":"Anne-sophie Tribot soutiendra sa th\u00e8se sur les liens entre esth\u00e9tique et biodiversit\u00e9 des \u00e9cosyst\u00e8mes sous-marins le lundi 27 novembre 2017 \u00e0 14h00 \u00e0 l&#8217;universit\u00e9 de Montpellier\u00a0\u00e0 l&#8217;adresse suivante :\u00a0 Amphi 6.02\u00a0 Place Eug\u00e8ne\u00a0Bataillon\u00a0 Universit\u00e9 de Montpellier\u00a0 34095 MONTPELLIER France Elle pr\u00e9sentera notamment des travaux men\u00e9s sur le lien entre esth\u00e9tique et biodiversit\u00e9 des r\u00e9cifs corallig\u00e8nes [&hellip;]","og_url":"https:\/\/www.andromede-ocean.com\/english\/blog\/2017\/11\/21\/these-sur-les-liens-entre-esthetique-et-biodiversite\/","og_site_name":"Androm\u00e8de Oc\u00e9anologie","article_published_time":"2017-11-21T09:45:56+00:00","article_modified_time":"2020-01-15T13:34:10+00:00","og_image":[{"url":"http:\/\/www.andromede-ocean.com\/english\/wp-content\/uploads\/sites\/2\/LB22927-300x199.jpg","type":"","width":"","height":""}],"author":"julie Deter","twitter_card":"summary_large_image","twitter_misc":{"Written by":"julie Deter","Estimated reading time":"1 minute"},"schema":{"@context":"https:\/\/schema.org","@graph":[{"@type":"Article","@id":"https:\/\/www.andromede-ocean.com\/english\/blog\/2017\/11\/21\/these-sur-les-liens-entre-esthetique-et-biodiversite\/#article","isPartOf":{"@id":"https:\/\/www.andromede-ocean.com\/english\/blog\/2017\/11\/21\/these-sur-les-liens-entre-esthetique-et-biodiversite\/"},"author":{"name":"julie Deter","@id":"https:\/\/www.andromede-ocean.com\/english\/#\/schema\/person\/670621606150c9eb5a0c92897263dcf6"},"headline":"Th\u00e8se sur les liens entre esth\u00e9tique et biodiversit\u00e9","datePublished":"2017-11-21T09:45:56+00:00","dateModified":"2020-01-15T13:34:10+00:00","mainEntityOfPage":{"@id":"https:\/\/www.andromede-ocean.com\/english\/blog\/2017\/11\/21\/these-sur-les-liens-entre-esthetique-et-biodiversite\/"},"wordCount":113,"image":{"@id":"https:\/\/www.andromede-ocean.com\/english\/blog\/2017\/11\/21\/these-sur-les-liens-entre-esthetique-et-biodiversite\/#primaryimage"},"thumbnailUrl":"http:\/\/www.andromede-ocean.com\/english\/wp-content\/uploads\/sites\/2\/LB22927-300x199.jpg","articleSection":["Not rated"],"inLanguage":"en-GB"},{"@type":"WebPage","@id":"https:\/\/www.andromede-ocean.com\/english\/blog\/2017\/11\/21\/these-sur-les-liens-entre-esthetique-et-biodiversite\/","url":"https:\/\/www.andromede-ocean.com\/english\/blog\/2017\/11\/21\/these-sur-les-liens-entre-esthetique-et-biodiversite\/","name":"Th\u00e8se sur les liens entre esth\u00e9tique et biodiversit\u00e9 - Androm\u00e8de Oc\u00e9anologie","isPartOf":{"@id":"https:\/\/www.andromede-ocean.com\/english\/#website"},"primaryImageOfPage":{"@id":"https:\/\/www.andromede-ocean.com\/english\/blog\/2017\/11\/21\/these-sur-les-liens-entre-esthetique-et-biodiversite\/#primaryimage"},"image":{"@id":"https:\/\/www.andromede-ocean.com\/english\/blog\/2017\/11\/21\/these-sur-les-liens-entre-esthetique-et-biodiversite\/#primaryimage"},"thumbnailUrl":"http:\/\/www.andromede-ocean.com\/english\/wp-content\/uploads\/sites\/2\/LB22927-300x199.jpg","datePublished":"2017-11-21T09:45:56+00:00","dateModified":"2020-01-15T13:34:10+00:00","author":{"@id":"https:\/\/www.andromede-ocean.com\/english\/#\/schema\/person\/670621606150c9eb5a0c92897263dcf6"},"breadcrumb":{"@id":"https:\/\/www.andromede-ocean.com\/english\/blog\/2017\/11\/21\/these-sur-les-liens-entre-esthetique-et-biodiversite\/#breadcrumb"},"inLanguage":"en-GB","potentialAction":[{"@type":"ReadAction","target":["https:\/\/www.andromede-ocean.com\/english\/blog\/2017\/11\/21\/these-sur-les-liens-entre-esthetique-et-biodiversite\/"]}]},{"@type":"ImageObject","inLanguage":"en-GB","@id":"https:\/\/www.andromede-ocean.com\/english\/blog\/2017\/11\/21\/these-sur-les-liens-entre-esthetique-et-biodiversite\/#primaryimage","url":"","contentUrl":""},{"@type":"BreadcrumbList","@id":"https:\/\/www.andromede-ocean.com\/english\/blog\/2017\/11\/21\/these-sur-les-liens-entre-esthetique-et-biodiversite\/#breadcrumb","itemListElement":[{"@type":"ListItem","position":1,"name":"Accueil","item":"https:\/\/www.andromede-ocean.com\/english\/"},{"@type":"ListItem","position":2,"name":"Th\u00e8se sur les liens entre esth\u00e9tique et biodiversit\u00e9"}]},{"@type":"WebSite","@id":"https:\/\/www.andromede-ocean.com\/english\/#website","url":"https:\/\/www.andromede-ocean.com\/english\/","name":"Androm\u00e8de Oc\u00e9anologie","description":"","potentialAction":[{"@type":"SearchAction","target":{"@type":"EntryPoint","urlTemplate":"https:\/\/www.andromede-ocean.com\/english\/?s={search_term_string}"},"query-input":{"@type":"PropertyValueSpecification","valueRequired":true,"valueName":"search_term_string"}}],"inLanguage":"en-GB"},{"@type":"Person","@id":"https:\/\/www.andromede-ocean.com\/english\/#\/schema\/person\/670621606150c9eb5a0c92897263dcf6","name":"julie Deter","image":{"@type":"ImageObject","inLanguage":"en-GB","@id":"https:\/\/www.andromede-ocean.com\/english\/#\/schema\/person\/image\/","url":"https:\/\/secure.gravatar.com\/avatar\/29b9c20f73f722191c32425ab84445e2b34fcc25b717ea8e1667c86ae7eb81cf?s=96&d=mm&r=g","contentUrl":"https:\/\/secure.gravatar.com\/avatar\/29b9c20f73f722191c32425ab84445e2b34fcc25b717ea8e1667c86ae7eb81cf?s=96&d=mm&r=g","caption":"julie Deter"}}]}},"_links":{"self":[{"href":"https:\/\/www.andromede-ocean.com\/english\/wp-json\/wp\/v2\/posts\/2161","targetHints":{"allow":["GET"]}}],"collection":[{"href":"https:\/\/www.andromede-ocean.com\/english\/wp-json\/wp\/v2\/posts"}],"about":[{"href":"https:\/\/www.andromede-ocean.com\/english\/wp-json\/wp\/v2\/types\/post"}],"author":[{"embeddable":true,"href":"https:\/\/www.andromede-ocean.com\/english\/wp-json\/wp\/v2\/users\/3"}],"replies":[{"embeddable":true,"href":"https:\/\/www.andromede-ocean.com\/english\/wp-json\/wp\/v2\/comments?post=2161"}],"version-history":[{"count":1,"href":"https:\/\/www.andromede-ocean.com\/english\/wp-json\/wp\/v2\/posts\/2161\/revisions"}],"predecessor-version":[{"id":4744,"href":"https:\/\/www.andromede-ocean.com\/english\/wp-json\/wp\/v2\/posts\/2161\/revisions\/4744"}],"wp:attachment":[{"href":"https:\/\/www.andromede-ocean.com\/english\/wp-json\/wp\/v2\/media?parent=2161"}],"wp:term":[{"taxonomy":"category","embeddable":true,"href":"https:\/\/www.andromede-ocean.com\/english\/wp-json\/wp\/v2\/categories?post=2161"},{"taxonomy":"post_tag","embeddable":true,"href":"https:\/\/www.andromede-ocean.com\/english\/wp-json\/wp\/v2\/tags?post=2161"}],"curies":[{"name":"wp","href":"https:\/\/api.w.org\/{rel}","templated":true}]}}