{"id":2131,"date":"2017-11-03T10:26:18","date_gmt":"2017-11-03T09:26:18","guid":{"rendered":"http:\/\/marion-dev.valars.com\/andromede\/?p=2131"},"modified":"2017-11-03T10:26:18","modified_gmt":"2017-11-03T09:26:18","slug":"laurent-ballesta-aux-eco-dialogues-du-vigan","status":"publish","type":"post","link":"https:\/\/www.andromede-ocean.com\/english\/blog\/2017\/11\/03\/laurent-ballesta-aux-eco-dialogues-du-vigan\/","title":{"rendered":"Laurent Ballesta aux Eco-Dialogues du Vigan"},"content":{"rendered":"<p>\t\t\t\tLe 11 novembre, Laurent Ballesta animera une conf\u00e9rence-d\u00e9bat sur le th\u00e8me : 20 ans d&#8217;exploration sous les mers, quels combats, quels espoirs ?<br \/>\nL&#8217;exposition &#8220;Odyss\u00e9e dans les eaux d&#8217;ici&#8221;, avec les photographies de Laurent sera visible pendant toute la dur\u00e9e des Eco-Dialogues.<\/p>\n<div>\nplus d&#8217;information ici :\u00a0<a href=\"https:\/\/eco-dialogues.fr\/\" target=\"_blank\" rel=\"nofollow noopener noreferrer\" data-ft=\"{&quot;tn&quot;:&quot;-U&quot;}\" data-lynx-mode=\"async\" data-lynx-uri=\"https:\/\/l.facebook.com\/l.php?u=https%3A%2F%2Feco-dialogues.fr%2F&amp;h=ATOg9hf7f9631dNkc9shqO7gkRg56liMl5UPd_IJw705t-ov_QNsD_jdsTCegEMJe62Dc-c1n0tPXODSDHrm07UFe6YtA1xAoBWm_pcBW05hAQkTSetuftLQBt-OjBHQ3jYOQ7vsY5CIgojd8syT4vU0GYPOKspVVz1tH2Kl4aphrUHDVOmnzprOtl2xnSLYFVBdReE3eopvs2wH08yylFStKCaYD1GY7xgNC6RisW79v9e0WhPgtWNuKrcvNsxpGbCLPF2L_JWEpuOcv-sqSgMRV8NwtncPTZnza2AiGH15Ww\">https:\/\/eco-dialogues.fr\/<\/a><br \/>\n<a href=\"http:\/\/www.andromede-ocean.com\/english\/wp-content\/uploads\/sites\/2\/affiche.jpg\"><img loading=\"lazy\" decoding=\"async\" class=\"alignleft size-medium wp-image-2145\" alt=\"affiche\" src=\"http:\/\/www.andromede-ocean.com\/english\/wp-content\/uploads\/sites\/2\/affiche-212x300.jpg\" width=\"212\" height=\"300\" \/><\/a><\/div>\n","protected":false},"excerpt":{"rendered":"<p>Le 11 novembre, Laurent Ballesta animera une conf\u00e9rence-d\u00e9bat sur le th\u00e8me : 20 ans d&#8217;exploration sous les mers, quels combats, quels espoirs ? L&#8217;exposition &#8220;Odyss\u00e9e dans les eaux d&#8217;ici&#8221;, avec les photographies de Laurent sera visible pendant toute la dur\u00e9e des Eco-Dialogues. plus d&#8217;information ici :\u00a0https:\/\/eco-dialogues.fr\/<\/p>\n","protected":false},"author":3,"featured_media":0,"comment_status":"closed","ping_status":"closed","sticky":false,"template":"","format":"standard","meta":{"_et_pb_use_builder":"","_et_pb_old_content":"","_et_gb_content_width":"","footnotes":""},"categories":[3],"tags":[],"class_list":["post-2131","post","type-post","status-publish","format-standard","hentry","category-conferences"],"yoast_head":"<!-- This site is optimized with the Yoast SEO plugin v27.0 - https:\/\/yoast.com\/product\/yoast-seo-wordpress\/ -->\n<title>Laurent Ballesta aux Eco-Dialogues du Vigan - Androm\u00e8de Oc\u00e9anologie<\/title>\n<meta name=\"robots\" content=\"index, follow, max-snippet:-1, max-image-preview:large, max-video-preview:-1\" \/>\n<meta property=\"og:locale\" content=\"en_GB\" \/>\n<meta property=\"og:type\" content=\"article\" \/>\n<meta property=\"og:title\" content=\"Laurent Ballesta aux Eco-Dialogues du Vigan - Androm\u00e8de Oc\u00e9anologie\" \/>\n<meta property=\"og:description\" content=\"Le 11 novembre, Laurent Ballesta animera une conf\u00e9rence-d\u00e9bat sur le th\u00e8me : 20 ans d&#8217;exploration sous les mers, quels combats, quels espoirs ? L&#8217;exposition &#8220;Odyss\u00e9e dans les eaux d&#8217;ici&#8221;, avec les photographies de Laurent sera visible pendant toute la dur\u00e9e des Eco-Dialogues. plus d&#8217;information ici :\u00a0https:\/\/eco-dialogues.fr\/\" \/>\n<meta property=\"og:url\" content=\"https:\/\/www.andromede-ocean.com\/english\/blog\/2017\/11\/03\/laurent-ballesta-aux-eco-dialogues-du-vigan\/\" \/>\n<meta property=\"og:site_name\" content=\"Androm\u00e8de Oc\u00e9anologie\" \/>\n<meta property=\"article:published_time\" content=\"2017-11-03T09:26:18+00:00\" \/>\n<meta property=\"og:image\" content=\"http:\/\/www.andromede-ocean.com\/english\/wp-content\/uploads\/sites\/2\/affiche-212x300.jpg\" \/>\n<meta name=\"author\" content=\"julie Deter\" \/>\n<meta name=\"twitter:card\" content=\"summary_large_image\" \/>\n<meta name=\"twitter:label1\" content=\"Written by\" \/>\n\t<meta name=\"twitter:data1\" content=\"julie Deter\" \/>\n<script type=\"application\/ld+json\" class=\"yoast-schema-graph\">{\"@context\":\"https:\/\/schema.org\",\"@graph\":[{\"@type\":\"Article\",\"@id\":\"https:\/\/www.andromede-ocean.com\/english\/blog\/2017\/11\/03\/laurent-ballesta-aux-eco-dialogues-du-vigan\/#article\",\"isPartOf\":{\"@id\":\"https:\/\/www.andromede-ocean.com\/english\/blog\/2017\/11\/03\/laurent-ballesta-aux-eco-dialogues-du-vigan\/\"},\"author\":{\"name\":\"julie Deter\",\"@id\":\"https:\/\/www.andromede-ocean.com\/english\/#\/schema\/person\/670621606150c9eb5a0c92897263dcf6\"},\"headline\":\"Laurent Ballesta aux Eco-Dialogues du Vigan\",\"datePublished\":\"2017-11-03T09:26:18+00:00\",\"mainEntityOfPage\":{\"@id\":\"https:\/\/www.andromede-ocean.com\/english\/blog\/2017\/11\/03\/laurent-ballesta-aux-eco-dialogues-du-vigan\/\"},\"wordCount\":55,\"image\":{\"@id\":\"https:\/\/www.andromede-ocean.com\/english\/blog\/2017\/11\/03\/laurent-ballesta-aux-eco-dialogues-du-vigan\/#primaryimage\"},\"thumbnailUrl\":\"http:\/\/www.andromede-ocean.com\/english\/wp-content\/uploads\/sites\/2\/affiche-212x300.jpg\",\"articleSection\":[\"Conferences\"],\"inLanguage\":\"en-GB\"},{\"@type\":\"WebPage\",\"@id\":\"https:\/\/www.andromede-ocean.com\/english\/blog\/2017\/11\/03\/laurent-ballesta-aux-eco-dialogues-du-vigan\/\",\"url\":\"https:\/\/www.andromede-ocean.com\/english\/blog\/2017\/11\/03\/laurent-ballesta-aux-eco-dialogues-du-vigan\/\",\"name\":\"Laurent Ballesta aux Eco-Dialogues du Vigan - Androm\u00e8de Oc\u00e9anologie\",\"isPartOf\":{\"@id\":\"https:\/\/www.andromede-ocean.com\/english\/#website\"},\"primaryImageOfPage\":{\"@id\":\"https:\/\/www.andromede-ocean.com\/english\/blog\/2017\/11\/03\/laurent-ballesta-aux-eco-dialogues-du-vigan\/#primaryimage\"},\"image\":{\"@id\":\"https:\/\/www.andromede-ocean.com\/english\/blog\/2017\/11\/03\/laurent-ballesta-aux-eco-dialogues-du-vigan\/#primaryimage\"},\"thumbnailUrl\":\"http:\/\/www.andromede-ocean.com\/english\/wp-content\/uploads\/sites\/2\/affiche-212x300.jpg\",\"datePublished\":\"2017-11-03T09:26:18+00:00\",\"author\":{\"@id\":\"https:\/\/www.andromede-ocean.com\/english\/#\/schema\/person\/670621606150c9eb5a0c92897263dcf6\"},\"breadcrumb\":{\"@id\":\"https:\/\/www.andromede-ocean.com\/english\/blog\/2017\/11\/03\/laurent-ballesta-aux-eco-dialogues-du-vigan\/#breadcrumb\"},\"inLanguage\":\"en-GB\",\"potentialAction\":[{\"@type\":\"ReadAction\",\"target\":[\"https:\/\/www.andromede-ocean.com\/english\/blog\/2017\/11\/03\/laurent-ballesta-aux-eco-dialogues-du-vigan\/\"]}]},{\"@type\":\"ImageObject\",\"inLanguage\":\"en-GB\",\"@id\":\"https:\/\/www.andromede-ocean.com\/english\/blog\/2017\/11\/03\/laurent-ballesta-aux-eco-dialogues-du-vigan\/#primaryimage\",\"url\":\"\",\"contentUrl\":\"\"},{\"@type\":\"BreadcrumbList\",\"@id\":\"https:\/\/www.andromede-ocean.com\/english\/blog\/2017\/11\/03\/laurent-ballesta-aux-eco-dialogues-du-vigan\/#breadcrumb\",\"itemListElement\":[{\"@type\":\"ListItem\",\"position\":1,\"name\":\"Accueil\",\"item\":\"https:\/\/www.andromede-ocean.com\/english\/\"},{\"@type\":\"ListItem\",\"position\":2,\"name\":\"Laurent Ballesta aux Eco-Dialogues du Vigan\"}]},{\"@type\":\"WebSite\",\"@id\":\"https:\/\/www.andromede-ocean.com\/english\/#website\",\"url\":\"https:\/\/www.andromede-ocean.com\/english\/\",\"name\":\"Androm\u00e8de Oc\u00e9anologie\",\"description\":\"\",\"potentialAction\":[{\"@type\":\"SearchAction\",\"target\":{\"@type\":\"EntryPoint\",\"urlTemplate\":\"https:\/\/www.andromede-ocean.com\/english\/?s={search_term_string}\"},\"query-input\":{\"@type\":\"PropertyValueSpecification\",\"valueRequired\":true,\"valueName\":\"search_term_string\"}}],\"inLanguage\":\"en-GB\"},{\"@type\":\"Person\",\"@id\":\"https:\/\/www.andromede-ocean.com\/english\/#\/schema\/person\/670621606150c9eb5a0c92897263dcf6\",\"name\":\"julie Deter\",\"image\":{\"@type\":\"ImageObject\",\"inLanguage\":\"en-GB\",\"@id\":\"https:\/\/www.andromede-ocean.com\/english\/#\/schema\/person\/image\/\",\"url\":\"https:\/\/secure.gravatar.com\/avatar\/29b9c20f73f722191c32425ab84445e2b34fcc25b717ea8e1667c86ae7eb81cf?s=96&d=mm&r=g\",\"contentUrl\":\"https:\/\/secure.gravatar.com\/avatar\/29b9c20f73f722191c32425ab84445e2b34fcc25b717ea8e1667c86ae7eb81cf?s=96&d=mm&r=g\",\"caption\":\"julie Deter\"}}]}<\/script>\n<!-- \/ Yoast SEO plugin. -->","yoast_head_json":{"title":"Laurent Ballesta aux Eco-Dialogues du Vigan - Androm\u00e8de Oc\u00e9anologie","robots":{"index":"index","follow":"follow","max-snippet":"max-snippet:-1","max-image-preview":"max-image-preview:large","max-video-preview":"max-video-preview:-1"},"og_locale":"en_GB","og_type":"article","og_title":"Laurent Ballesta aux Eco-Dialogues du Vigan - Androm\u00e8de Oc\u00e9anologie","og_description":"Le 11 novembre, Laurent Ballesta animera une conf\u00e9rence-d\u00e9bat sur le th\u00e8me : 20 ans d&#8217;exploration sous les mers, quels combats, quels espoirs ? L&#8217;exposition &#8220;Odyss\u00e9e dans les eaux d&#8217;ici&#8221;, avec les photographies de Laurent sera visible pendant toute la dur\u00e9e des Eco-Dialogues. plus d&#8217;information ici :\u00a0https:\/\/eco-dialogues.fr\/","og_url":"https:\/\/www.andromede-ocean.com\/english\/blog\/2017\/11\/03\/laurent-ballesta-aux-eco-dialogues-du-vigan\/","og_site_name":"Androm\u00e8de Oc\u00e9anologie","article_published_time":"2017-11-03T09:26:18+00:00","og_image":[{"url":"http:\/\/www.andromede-ocean.com\/english\/wp-content\/uploads\/sites\/2\/affiche-212x300.jpg","type":"","width":"","height":""}],"author":"julie Deter","twitter_card":"summary_large_image","twitter_misc":{"Written by":"julie Deter"},"schema":{"@context":"https:\/\/schema.org","@graph":[{"@type":"Article","@id":"https:\/\/www.andromede-ocean.com\/english\/blog\/2017\/11\/03\/laurent-ballesta-aux-eco-dialogues-du-vigan\/#article","isPartOf":{"@id":"https:\/\/www.andromede-ocean.com\/english\/blog\/2017\/11\/03\/laurent-ballesta-aux-eco-dialogues-du-vigan\/"},"author":{"name":"julie Deter","@id":"https:\/\/www.andromede-ocean.com\/english\/#\/schema\/person\/670621606150c9eb5a0c92897263dcf6"},"headline":"Laurent Ballesta aux Eco-Dialogues du Vigan","datePublished":"2017-11-03T09:26:18+00:00","mainEntityOfPage":{"@id":"https:\/\/www.andromede-ocean.com\/english\/blog\/2017\/11\/03\/laurent-ballesta-aux-eco-dialogues-du-vigan\/"},"wordCount":55,"image":{"@id":"https:\/\/www.andromede-ocean.com\/english\/blog\/2017\/11\/03\/laurent-ballesta-aux-eco-dialogues-du-vigan\/#primaryimage"},"thumbnailUrl":"http:\/\/www.andromede-ocean.com\/english\/wp-content\/uploads\/sites\/2\/affiche-212x300.jpg","articleSection":["Conferences"],"inLanguage":"en-GB"},{"@type":"WebPage","@id":"https:\/\/www.andromede-ocean.com\/english\/blog\/2017\/11\/03\/laurent-ballesta-aux-eco-dialogues-du-vigan\/","url":"https:\/\/www.andromede-ocean.com\/english\/blog\/2017\/11\/03\/laurent-ballesta-aux-eco-dialogues-du-vigan\/","name":"Laurent Ballesta aux Eco-Dialogues du Vigan - Androm\u00e8de Oc\u00e9anologie","isPartOf":{"@id":"https:\/\/www.andromede-ocean.com\/english\/#website"},"primaryImageOfPage":{"@id":"https:\/\/www.andromede-ocean.com\/english\/blog\/2017\/11\/03\/laurent-ballesta-aux-eco-dialogues-du-vigan\/#primaryimage"},"image":{"@id":"https:\/\/www.andromede-ocean.com\/english\/blog\/2017\/11\/03\/laurent-ballesta-aux-eco-dialogues-du-vigan\/#primaryimage"},"thumbnailUrl":"http:\/\/www.andromede-ocean.com\/english\/wp-content\/uploads\/sites\/2\/affiche-212x300.jpg","datePublished":"2017-11-03T09:26:18+00:00","author":{"@id":"https:\/\/www.andromede-ocean.com\/english\/#\/schema\/person\/670621606150c9eb5a0c92897263dcf6"},"breadcrumb":{"@id":"https:\/\/www.andromede-ocean.com\/english\/blog\/2017\/11\/03\/laurent-ballesta-aux-eco-dialogues-du-vigan\/#breadcrumb"},"inLanguage":"en-GB","potentialAction":[{"@type":"ReadAction","target":["https:\/\/www.andromede-ocean.com\/english\/blog\/2017\/11\/03\/laurent-ballesta-aux-eco-dialogues-du-vigan\/"]}]},{"@type":"ImageObject","inLanguage":"en-GB","@id":"https:\/\/www.andromede-ocean.com\/english\/blog\/2017\/11\/03\/laurent-ballesta-aux-eco-dialogues-du-vigan\/#primaryimage","url":"","contentUrl":""},{"@type":"BreadcrumbList","@id":"https:\/\/www.andromede-ocean.com\/english\/blog\/2017\/11\/03\/laurent-ballesta-aux-eco-dialogues-du-vigan\/#breadcrumb","itemListElement":[{"@type":"ListItem","position":1,"name":"Accueil","item":"https:\/\/www.andromede-ocean.com\/english\/"},{"@type":"ListItem","position":2,"name":"Laurent Ballesta aux Eco-Dialogues du Vigan"}]},{"@type":"WebSite","@id":"https:\/\/www.andromede-ocean.com\/english\/#website","url":"https:\/\/www.andromede-ocean.com\/english\/","name":"Androm\u00e8de Oc\u00e9anologie","description":"","potentialAction":[{"@type":"SearchAction","target":{"@type":"EntryPoint","urlTemplate":"https:\/\/www.andromede-ocean.com\/english\/?s={search_term_string}"},"query-input":{"@type":"PropertyValueSpecification","valueRequired":true,"valueName":"search_term_string"}}],"inLanguage":"en-GB"},{"@type":"Person","@id":"https:\/\/www.andromede-ocean.com\/english\/#\/schema\/person\/670621606150c9eb5a0c92897263dcf6","name":"julie Deter","image":{"@type":"ImageObject","inLanguage":"en-GB","@id":"https:\/\/www.andromede-ocean.com\/english\/#\/schema\/person\/image\/","url":"https:\/\/secure.gravatar.com\/avatar\/29b9c20f73f722191c32425ab84445e2b34fcc25b717ea8e1667c86ae7eb81cf?s=96&d=mm&r=g","contentUrl":"https:\/\/secure.gravatar.com\/avatar\/29b9c20f73f722191c32425ab84445e2b34fcc25b717ea8e1667c86ae7eb81cf?s=96&d=mm&r=g","caption":"julie Deter"}}]}},"_links":{"self":[{"href":"https:\/\/www.andromede-ocean.com\/english\/wp-json\/wp\/v2\/posts\/2131","targetHints":{"allow":["GET"]}}],"collection":[{"href":"https:\/\/www.andromede-ocean.com\/english\/wp-json\/wp\/v2\/posts"}],"about":[{"href":"https:\/\/www.andromede-ocean.com\/english\/wp-json\/wp\/v2\/types\/post"}],"author":[{"embeddable":true,"href":"https:\/\/www.andromede-ocean.com\/english\/wp-json\/wp\/v2\/users\/3"}],"replies":[{"embeddable":true,"href":"https:\/\/www.andromede-ocean.com\/english\/wp-json\/wp\/v2\/comments?post=2131"}],"version-history":[{"count":0,"href":"https:\/\/www.andromede-ocean.com\/english\/wp-json\/wp\/v2\/posts\/2131\/revisions"}],"wp:attachment":[{"href":"https:\/\/www.andromede-ocean.com\/english\/wp-json\/wp\/v2\/media?parent=2131"}],"wp:term":[{"taxonomy":"category","embeddable":true,"href":"https:\/\/www.andromede-ocean.com\/english\/wp-json\/wp\/v2\/categories?post=2131"},{"taxonomy":"post_tag","embeddable":true,"href":"https:\/\/www.andromede-ocean.com\/english\/wp-json\/wp\/v2\/tags?post=2131"}],"curies":[{"name":"wp","href":"https:\/\/api.w.org\/{rel}","templated":true}]}}