{"id":2014,"date":"2017-08-25T18:22:04","date_gmt":"2017-08-25T17:22:04","guid":{"rendered":"http:\/\/marion-dev.valars.com\/andromede\/?p=2014"},"modified":"2017-08-25T18:22:04","modified_gmt":"2017-08-25T17:22:04","slug":"les-prochaines-dates-de-lexposition-adelie-terre-mer","status":"publish","type":"post","link":"https:\/\/www.andromede-ocean.com\/english\/blog\/2017\/08\/25\/les-prochaines-dates-de-lexposition-adelie-terre-mer\/","title":{"rendered":"Les prochaines dates de l&#039;exposition &quot;Ad\u00e9lie Terre &amp; Mer&quot;"},"content":{"rendered":"<p>\t\t\t\tPour d\u00e9couvrir ou red\u00e9couvrir l&#8217;exposition photo &#8220;Ad\u00e9lie Terre &amp; Mer&#8221; de\u00a0<a href=\"https:\/\/www.facebook.com\/pageBallesta\/?fref=mentions\" data-hovercard=\"\/ajax\/hovercard\/page.php?id=201411793265090&amp;extragetparams=%7B%22fref%22%3A%22mentions%22%7D\" data-hovercard-prefer-more-content-show=\"1\">Laurent Ballesta<\/a>\u00a0et\u00a0<a href=\"https:\/\/www.facebook.com\/Vincent-Munier-Photographer-149204661768766\/?fref=mentions\" data-hovercard=\"\/ajax\/hovercard\/page.php?id=149204661768766&amp;extragetparams=%7B%22fref%22%3A%22mentions%22%7D\" data-hovercard-prefer-more-content-show=\"1\">Vincent Munier &#8211; Photographer<\/a>\u00a0et le film &#8220;Antarctica, sur les traces de l&#8217;empereur&#8221;, voici les rendez-vous de la rentr\u00e9e \u00e0 ne pas manquer<br \/>\n&#8211; Le 21 septembre \u00e0 Namur : exposition et projection en pr\u00e9sence de l&#8217;\u00e9quipe du film au Festival Photo Nature<br \/>\n&#8211;&gt;\u00a0<a href=\"https:\/\/l.facebook.com\/l.php?u=http%3A%2F%2Fwww.exposaves.be%2Fbrochure-programme%2F&amp;h=ATNkyuuqQzpU1Rsj9CE_xRftM10laaccqlJw78q_ZzoqdBlBB0Gf35yMxAF-2LC1cFBskW4vHqh1Wtmom98B3YX5a0Jc1HVU3Epnkaj05cIvizIz1vpMydcZIsms3DOcyF3k-3hG807ivSg3Yfk9Ac-_f1A9N4KZmEUs4dY4mWP046Bap84QXTR5K_pB1xGPbZKJpc1zHxBwEfRR_ZsBZUgOUoEbNKBuUlGbdjfpXu1jK_GpwnhLSl7MSaiiA6H_S8xt0FAE61YOs2CtZFE-zw7ZvNxfvfc7_1Hh13fwXQ7VNg\" target=\"_blank\" data-ft=\"{&quot;tn&quot;:&quot;-U&quot;}\" data-lynx-mode=\"async\" rel=\"noopener noreferrer\">http:\/\/www.exposaves.be\/brochure-programme\/<\/a><br \/>\n&#8211; du 21 au 24 septembre au festival PHOT&#8217;AUBRAC : exposition et soir\u00e9e d\u00e9di\u00e9e au film avec conf\u00e9rence de Laurent Ballesta le 23 septembre<br \/>\n&#8211;&gt;\u00a0<a href=\"http:\/\/photaubrac.com\/edition-2017\" target=\"_blank\" data-ft=\"{&quot;tn&quot;:&quot;-U&quot;}\" data-lynx-mode=\"async\" data-lynx-uri=\"https:\/\/l.facebook.com\/l.php?u=http%3A%2F%2Fphotaubrac.com%2Fedition-2017&amp;h=ATPYvTSX1fSvBxNrKk6Bit4o_Uh4CSEY_nmoSkPRlb3CA-vSaZEE1Od_UmkJn2vg6Zo3L0058deTX9_jDmAMrnK1F1IGEhgEKr5wJcwWoOI-eBEg34iFBy4d8neDs2uU7rhYEGiIdVAODzKy4xRXBsWEzwBfRv_b7h3WaNn2gKbU7Nexs40VxwPMBZOaGR5cXBAkj5QF1Fexssw_SsyWGvvVu3oosnA9UTLXFcbCOVwRQajKHjF8XBOCmgY-sxg4GAxRm-UWe8-AIacM0bKEcAffhdWSb2lMOEGbDkSTkR83Gg\" rel=\"noopener noreferrer\">http:\/\/photaubrac.com\/edition-2017<\/a><br \/>\n<a href=\"https:\/\/www.facebook.com\/WildTouch.org\/?fref=mentions\" data-hovercard=\"\/ajax\/hovercard\/page.php?id=124807224244438&amp;extragetparams=%7B%22fref%22%3A%22mentions%22%7D\" data-hovercard-prefer-more-content-show=\"1\">Wild-Touch<\/a><a href=\"http:\/\/www.andromede-ocean.com\/english\/wp-content\/uploads\/sites\/2\/Ade\u0301lie-Mer-01-\u00a9-Laurent-Ballesta.jpg\"><img loading=\"lazy\" decoding=\"async\" class=\"alignleft size-medium wp-image-2015\" alt=\"Ade\u0301lie Mer 01 \u00a9 Laurent Ballesta\" src=\"http:\/\/www.andromede-ocean.com\/english\/wp-content\/uploads\/sites\/2\/Ade\u0301lie-Mer-01-\u00a9-Laurent-Ballesta-300x199.jpg\" width=\"300\" height=\"199\" \/><\/a>\t\t<\/p>\n","protected":false},"excerpt":{"rendered":"<p>Pour d\u00e9couvrir ou red\u00e9couvrir l&#8217;exposition photo &#8220;Ad\u00e9lie Terre &amp; Mer&#8221; de\u00a0Laurent Ballesta\u00a0et\u00a0Vincent Munier &#8211; Photographer\u00a0et le film &#8220;Antarctica, sur les traces de l&#8217;empereur&#8221;, voici les rendez-vous de la rentr\u00e9e \u00e0 ne pas manquer &#8211; Le 21 septembre \u00e0 Namur : exposition et projection en pr\u00e9sence de l&#8217;\u00e9quipe du film au Festival Photo Nature &#8211;&gt;\u00a0http:\/\/www.exposaves.be\/brochure-programme\/ &#8211; [&hellip;]<\/p>\n","protected":false},"author":3,"featured_media":0,"comment_status":"closed","ping_status":"open","sticky":false,"template":"","format":"standard","meta":{"_et_pb_use_builder":"","_et_pb_old_content":"","_et_gb_content_width":"","footnotes":""},"categories":[1],"tags":[],"class_list":["post-2014","post","type-post","status-publish","format-standard","hentry","category-non-classe"],"yoast_head":"<!-- This site is optimized with the Yoast SEO plugin v27.0 - https:\/\/yoast.com\/product\/yoast-seo-wordpress\/ -->\n<title>Les prochaines dates de l&#039;exposition &quot;Ad\u00e9lie Terre &amp; Mer&quot; - Androm\u00e8de Oc\u00e9anologie<\/title>\n<meta name=\"robots\" content=\"index, follow, max-snippet:-1, max-image-preview:large, max-video-preview:-1\" \/>\n<meta property=\"og:locale\" content=\"en_GB\" \/>\n<meta property=\"og:type\" content=\"article\" \/>\n<meta property=\"og:title\" content=\"Les prochaines dates de l&#039;exposition &quot;Ad\u00e9lie Terre &amp; Mer&quot; - Androm\u00e8de Oc\u00e9anologie\" \/>\n<meta property=\"og:description\" content=\"Pour d\u00e9couvrir ou red\u00e9couvrir l&#8217;exposition photo &#8220;Ad\u00e9lie Terre &amp; Mer&#8221; de\u00a0Laurent Ballesta\u00a0et\u00a0Vincent Munier &#8211; Photographer\u00a0et le film &#8220;Antarctica, sur les traces de l&#8217;empereur&#8221;, voici les rendez-vous de la rentr\u00e9e \u00e0 ne pas manquer &#8211; Le 21 septembre \u00e0 Namur : exposition et projection en pr\u00e9sence de l&#8217;\u00e9quipe du film au Festival Photo Nature &#8211;&gt;\u00a0http:\/\/www.exposaves.be\/brochure-programme\/ &#8211; [&hellip;]\" \/>\n<meta property=\"og:url\" content=\"https:\/\/www.andromede-ocean.com\/english\/blog\/2017\/08\/25\/les-prochaines-dates-de-lexposition-adelie-terre-mer\/\" \/>\n<meta property=\"og:site_name\" content=\"Androm\u00e8de Oc\u00e9anologie\" \/>\n<meta property=\"article:published_time\" content=\"2017-08-25T17:22:04+00:00\" \/>\n<meta property=\"og:image\" content=\"http:\/\/www.andromede-ocean.com\/english\/wp-content\/uploads\/sites\/2\/Ade\u0301lie-Mer-01-\u00a9-Laurent-Ballesta-300x199.jpg\" \/>\n<meta name=\"author\" content=\"julie Deter\" \/>\n<meta name=\"twitter:card\" content=\"summary_large_image\" \/>\n<meta name=\"twitter:label1\" content=\"Written by\" \/>\n\t<meta name=\"twitter:data1\" content=\"julie Deter\" \/>\n<script type=\"application\/ld+json\" class=\"yoast-schema-graph\">{\"@context\":\"https:\/\/schema.org\",\"@graph\":[{\"@type\":\"Article\",\"@id\":\"https:\/\/www.andromede-ocean.com\/english\/blog\/2017\/08\/25\/les-prochaines-dates-de-lexposition-adelie-terre-mer\/#article\",\"isPartOf\":{\"@id\":\"https:\/\/www.andromede-ocean.com\/english\/blog\/2017\/08\/25\/les-prochaines-dates-de-lexposition-adelie-terre-mer\/\"},\"author\":{\"name\":\"julie Deter\",\"@id\":\"https:\/\/www.andromede-ocean.com\/english\/#\/schema\/person\/670621606150c9eb5a0c92897263dcf6\"},\"headline\":\"Les prochaines dates de l&#039;exposition &quot;Ad\u00e9lie Terre &amp; Mer&quot;\",\"datePublished\":\"2017-08-25T17:22:04+00:00\",\"mainEntityOfPage\":{\"@id\":\"https:\/\/www.andromede-ocean.com\/english\/blog\/2017\/08\/25\/les-prochaines-dates-de-lexposition-adelie-terre-mer\/\"},\"wordCount\":110,\"articleSection\":[\"Not rated\"],\"inLanguage\":\"en-GB\"},{\"@type\":\"WebPage\",\"@id\":\"https:\/\/www.andromede-ocean.com\/english\/blog\/2017\/08\/25\/les-prochaines-dates-de-lexposition-adelie-terre-mer\/\",\"url\":\"https:\/\/www.andromede-ocean.com\/english\/blog\/2017\/08\/25\/les-prochaines-dates-de-lexposition-adelie-terre-mer\/\",\"name\":\"Les prochaines dates de l&#039;exposition &quot;Ad\u00e9lie Terre &amp; Mer&quot; - Androm\u00e8de Oc\u00e9anologie\",\"isPartOf\":{\"@id\":\"https:\/\/www.andromede-ocean.com\/english\/#website\"},\"datePublished\":\"2017-08-25T17:22:04+00:00\",\"author\":{\"@id\":\"https:\/\/www.andromede-ocean.com\/english\/#\/schema\/person\/670621606150c9eb5a0c92897263dcf6\"},\"breadcrumb\":{\"@id\":\"https:\/\/www.andromede-ocean.com\/english\/blog\/2017\/08\/25\/les-prochaines-dates-de-lexposition-adelie-terre-mer\/#breadcrumb\"},\"inLanguage\":\"en-GB\",\"potentialAction\":[{\"@type\":\"ReadAction\",\"target\":[\"https:\/\/www.andromede-ocean.com\/english\/blog\/2017\/08\/25\/les-prochaines-dates-de-lexposition-adelie-terre-mer\/\"]}]},{\"@type\":\"BreadcrumbList\",\"@id\":\"https:\/\/www.andromede-ocean.com\/english\/blog\/2017\/08\/25\/les-prochaines-dates-de-lexposition-adelie-terre-mer\/#breadcrumb\",\"itemListElement\":[{\"@type\":\"ListItem\",\"position\":1,\"name\":\"Accueil\",\"item\":\"https:\/\/www.andromede-ocean.com\/english\/\"},{\"@type\":\"ListItem\",\"position\":2,\"name\":\"Les prochaines dates de l&#039;exposition &quot;Ad\u00e9lie Terre &amp; Mer&quot;\"}]},{\"@type\":\"WebSite\",\"@id\":\"https:\/\/www.andromede-ocean.com\/english\/#website\",\"url\":\"https:\/\/www.andromede-ocean.com\/english\/\",\"name\":\"Androm\u00e8de Oc\u00e9anologie\",\"description\":\"\",\"potentialAction\":[{\"@type\":\"SearchAction\",\"target\":{\"@type\":\"EntryPoint\",\"urlTemplate\":\"https:\/\/www.andromede-ocean.com\/english\/?s={search_term_string}\"},\"query-input\":{\"@type\":\"PropertyValueSpecification\",\"valueRequired\":true,\"valueName\":\"search_term_string\"}}],\"inLanguage\":\"en-GB\"},{\"@type\":\"Person\",\"@id\":\"https:\/\/www.andromede-ocean.com\/english\/#\/schema\/person\/670621606150c9eb5a0c92897263dcf6\",\"name\":\"julie Deter\",\"image\":{\"@type\":\"ImageObject\",\"inLanguage\":\"en-GB\",\"@id\":\"https:\/\/www.andromede-ocean.com\/english\/#\/schema\/person\/image\/\",\"url\":\"https:\/\/secure.gravatar.com\/avatar\/29b9c20f73f722191c32425ab84445e2b34fcc25b717ea8e1667c86ae7eb81cf?s=96&d=mm&r=g\",\"contentUrl\":\"https:\/\/secure.gravatar.com\/avatar\/29b9c20f73f722191c32425ab84445e2b34fcc25b717ea8e1667c86ae7eb81cf?s=96&d=mm&r=g\",\"caption\":\"julie Deter\"}}]}<\/script>\n<!-- \/ Yoast SEO plugin. -->","yoast_head_json":{"title":"Les prochaines dates de l&#039;exposition &quot;Ad\u00e9lie Terre &amp; Mer&quot; - Androm\u00e8de Oc\u00e9anologie","robots":{"index":"index","follow":"follow","max-snippet":"max-snippet:-1","max-image-preview":"max-image-preview:large","max-video-preview":"max-video-preview:-1"},"og_locale":"en_GB","og_type":"article","og_title":"Les prochaines dates de l&#039;exposition &quot;Ad\u00e9lie Terre &amp; Mer&quot; - Androm\u00e8de Oc\u00e9anologie","og_description":"Pour d\u00e9couvrir ou red\u00e9couvrir l&#8217;exposition photo &#8220;Ad\u00e9lie Terre &amp; Mer&#8221; de\u00a0Laurent Ballesta\u00a0et\u00a0Vincent Munier &#8211; Photographer\u00a0et le film &#8220;Antarctica, sur les traces de l&#8217;empereur&#8221;, voici les rendez-vous de la rentr\u00e9e \u00e0 ne pas manquer &#8211; Le 21 septembre \u00e0 Namur : exposition et projection en pr\u00e9sence de l&#8217;\u00e9quipe du film au Festival Photo Nature &#8211;&gt;\u00a0http:\/\/www.exposaves.be\/brochure-programme\/ &#8211; [&hellip;]","og_url":"https:\/\/www.andromede-ocean.com\/english\/blog\/2017\/08\/25\/les-prochaines-dates-de-lexposition-adelie-terre-mer\/","og_site_name":"Androm\u00e8de Oc\u00e9anologie","article_published_time":"2017-08-25T17:22:04+00:00","og_image":[{"url":"http:\/\/www.andromede-ocean.com\/english\/wp-content\/uploads\/sites\/2\/Ade\u0301lie-Mer-01-\u00a9-Laurent-Ballesta-300x199.jpg","type":"","width":"","height":""}],"author":"julie Deter","twitter_card":"summary_large_image","twitter_misc":{"Written by":"julie Deter"},"schema":{"@context":"https:\/\/schema.org","@graph":[{"@type":"Article","@id":"https:\/\/www.andromede-ocean.com\/english\/blog\/2017\/08\/25\/les-prochaines-dates-de-lexposition-adelie-terre-mer\/#article","isPartOf":{"@id":"https:\/\/www.andromede-ocean.com\/english\/blog\/2017\/08\/25\/les-prochaines-dates-de-lexposition-adelie-terre-mer\/"},"author":{"name":"julie Deter","@id":"https:\/\/www.andromede-ocean.com\/english\/#\/schema\/person\/670621606150c9eb5a0c92897263dcf6"},"headline":"Les prochaines dates de l&#039;exposition &quot;Ad\u00e9lie Terre &amp; Mer&quot;","datePublished":"2017-08-25T17:22:04+00:00","mainEntityOfPage":{"@id":"https:\/\/www.andromede-ocean.com\/english\/blog\/2017\/08\/25\/les-prochaines-dates-de-lexposition-adelie-terre-mer\/"},"wordCount":110,"articleSection":["Not rated"],"inLanguage":"en-GB"},{"@type":"WebPage","@id":"https:\/\/www.andromede-ocean.com\/english\/blog\/2017\/08\/25\/les-prochaines-dates-de-lexposition-adelie-terre-mer\/","url":"https:\/\/www.andromede-ocean.com\/english\/blog\/2017\/08\/25\/les-prochaines-dates-de-lexposition-adelie-terre-mer\/","name":"Les prochaines dates de l&#039;exposition &quot;Ad\u00e9lie Terre &amp; Mer&quot; - Androm\u00e8de Oc\u00e9anologie","isPartOf":{"@id":"https:\/\/www.andromede-ocean.com\/english\/#website"},"datePublished":"2017-08-25T17:22:04+00:00","author":{"@id":"https:\/\/www.andromede-ocean.com\/english\/#\/schema\/person\/670621606150c9eb5a0c92897263dcf6"},"breadcrumb":{"@id":"https:\/\/www.andromede-ocean.com\/english\/blog\/2017\/08\/25\/les-prochaines-dates-de-lexposition-adelie-terre-mer\/#breadcrumb"},"inLanguage":"en-GB","potentialAction":[{"@type":"ReadAction","target":["https:\/\/www.andromede-ocean.com\/english\/blog\/2017\/08\/25\/les-prochaines-dates-de-lexposition-adelie-terre-mer\/"]}]},{"@type":"BreadcrumbList","@id":"https:\/\/www.andromede-ocean.com\/english\/blog\/2017\/08\/25\/les-prochaines-dates-de-lexposition-adelie-terre-mer\/#breadcrumb","itemListElement":[{"@type":"ListItem","position":1,"name":"Accueil","item":"https:\/\/www.andromede-ocean.com\/english\/"},{"@type":"ListItem","position":2,"name":"Les prochaines dates de l&#039;exposition &quot;Ad\u00e9lie Terre &amp; Mer&quot;"}]},{"@type":"WebSite","@id":"https:\/\/www.andromede-ocean.com\/english\/#website","url":"https:\/\/www.andromede-ocean.com\/english\/","name":"Androm\u00e8de Oc\u00e9anologie","description":"","potentialAction":[{"@type":"SearchAction","target":{"@type":"EntryPoint","urlTemplate":"https:\/\/www.andromede-ocean.com\/english\/?s={search_term_string}"},"query-input":{"@type":"PropertyValueSpecification","valueRequired":true,"valueName":"search_term_string"}}],"inLanguage":"en-GB"},{"@type":"Person","@id":"https:\/\/www.andromede-ocean.com\/english\/#\/schema\/person\/670621606150c9eb5a0c92897263dcf6","name":"julie Deter","image":{"@type":"ImageObject","inLanguage":"en-GB","@id":"https:\/\/www.andromede-ocean.com\/english\/#\/schema\/person\/image\/","url":"https:\/\/secure.gravatar.com\/avatar\/29b9c20f73f722191c32425ab84445e2b34fcc25b717ea8e1667c86ae7eb81cf?s=96&d=mm&r=g","contentUrl":"https:\/\/secure.gravatar.com\/avatar\/29b9c20f73f722191c32425ab84445e2b34fcc25b717ea8e1667c86ae7eb81cf?s=96&d=mm&r=g","caption":"julie Deter"}}]}},"_links":{"self":[{"href":"https:\/\/www.andromede-ocean.com\/english\/wp-json\/wp\/v2\/posts\/2014","targetHints":{"allow":["GET"]}}],"collection":[{"href":"https:\/\/www.andromede-ocean.com\/english\/wp-json\/wp\/v2\/posts"}],"about":[{"href":"https:\/\/www.andromede-ocean.com\/english\/wp-json\/wp\/v2\/types\/post"}],"author":[{"embeddable":true,"href":"https:\/\/www.andromede-ocean.com\/english\/wp-json\/wp\/v2\/users\/3"}],"replies":[{"embeddable":true,"href":"https:\/\/www.andromede-ocean.com\/english\/wp-json\/wp\/v2\/comments?post=2014"}],"version-history":[{"count":0,"href":"https:\/\/www.andromede-ocean.com\/english\/wp-json\/wp\/v2\/posts\/2014\/revisions"}],"wp:attachment":[{"href":"https:\/\/www.andromede-ocean.com\/english\/wp-json\/wp\/v2\/media?parent=2014"}],"wp:term":[{"taxonomy":"category","embeddable":true,"href":"https:\/\/www.andromede-ocean.com\/english\/wp-json\/wp\/v2\/categories?post=2014"},{"taxonomy":"post_tag","embeddable":true,"href":"https:\/\/www.andromede-ocean.com\/english\/wp-json\/wp\/v2\/tags?post=2014"}],"curies":[{"name":"wp","href":"https:\/\/api.w.org\/{rel}","templated":true}]}}