{"id":2006,"date":"2017-08-18T11:13:10","date_gmt":"2017-08-18T10:13:10","guid":{"rendered":"http:\/\/marion-dev.valars.com\/andromede\/?p=2006"},"modified":"2017-08-18T11:13:10","modified_gmt":"2017-08-18T10:13:10","slug":"conference-de-l-ballesta-au-parlement-australien","status":"publish","type":"post","link":"https:\/\/www.andromede-ocean.com\/english\/blog\/2017\/08\/18\/conference-de-l-ballesta-au-parlement-australien\/","title":{"rendered":"Conf\u00e9rence de L. Ballesta au parlement Australien"},"content":{"rendered":"<p style=\"text-align: center;\"><a href=\"http:\/\/www.andromede-ocean.com\/english\/wp-content\/uploads\/sites\/2\/parlement-australien.jpg\"><img loading=\"lazy\" decoding=\"async\" class=\"alignleft size-medium wp-image-2007\" alt=\"parlement australien\" src=\"http:\/\/www.andromede-ocean.com\/english\/wp-content\/uploads\/sites\/2\/parlement-australien-300x200.jpg\" width=\"300\" height=\"200\" \/><\/a>Sous l&#8217;invitation de l&#8217; <a href=\"https:\/\/www.facebook.com\/AntarcticOceanAlliance\/?fref=mentions\" data-hovercard=\"\/ajax\/hovercard\/page.php?id=233933866663875&amp;extragetparams=%7B%22fref%22%3A%22mentions%22%7D\" data-hovercard-prefer-more-content-show=\"1\">Antarctic Ocean Alliance<\/a> et <a href=\"https:\/\/www.facebook.com\/PewEnvironment\/?fref=mentions\" data-hovercard=\"\/ajax\/hovercard\/page.php?id=73394798408&amp;extragetparams=%7B%22fref%22%3A%22mentions%22%7D\" data-hovercard-prefer-more-content-show=\"1\">Pew Environment<\/a>,<\/p>\n<p style=\"text-align: center;\">Laurent Ballesta \u00e9tait \u00e0 Canberra pour une conf\u00e9rence au parlement Australien<\/p>\n<p style=\"text-align: center;\">afin de pr\u00e9senter les photographies de l&#8217;exp\u00e9dition <a href=\"https:\/\/www.facebook.com\/hashtag\/antarctica?source=feed_text&amp;story_id=1615647495174839\" data-ft=\"{&quot;tn&quot;:&quot;*N&quot;,&quot;type&quot;:104}\">#Antarctica<\/a>! en Terre Ad\u00e9lie,<\/p>\n<p style=\"text-align: center;\">en vue de la cr\u00e9ation d&#8217;une aire marine prot\u00e9g\u00e9e dans l&#8217;oc\u00e9an Antarctique Est.<\/p>\n<p style=\"text-align: center;\"><a href=\"http:\/\/www.andromede-ocean.com\/english\/wp-content\/uploads\/sites\/2\/laurent-australie-2.jpg\"><img loading=\"lazy\" decoding=\"async\" class=\"size-medium wp-image-2008 aligncenter\" alt=\"laurent australie 2\" src=\"http:\/\/www.andromede-ocean.com\/english\/wp-content\/uploads\/sites\/2\/laurent-australie-2-300x223.jpg\" width=\"300\" height=\"223\" \/><\/a><\/p>\n<p>&nbsp;\t\t<\/p>\n","protected":false},"excerpt":{"rendered":"<p>Sous l&#8217;invitation de l&#8217; Antarctic Ocean Alliance et Pew Environment, Laurent Ballesta \u00e9tait \u00e0 Canberra pour une conf\u00e9rence au parlement Australien afin de pr\u00e9senter les photographies de l&#8217;exp\u00e9dition #Antarctica! en Terre Ad\u00e9lie, en vue de la cr\u00e9ation d&#8217;une aire marine prot\u00e9g\u00e9e dans l&#8217;oc\u00e9an Antarctique Est. &nbsp;<\/p>\n","protected":false},"author":3,"featured_media":0,"comment_status":"closed","ping_status":"open","sticky":false,"template":"","format":"standard","meta":{"_et_pb_use_builder":"","_et_pb_old_content":"","_et_gb_content_width":"","footnotes":""},"categories":[3],"tags":[],"class_list":["post-2006","post","type-post","status-publish","format-standard","hentry","category-conferences"],"yoast_head":"<!-- This site is optimized with the Yoast SEO plugin v27.0 - https:\/\/yoast.com\/product\/yoast-seo-wordpress\/ -->\n<title>Conf\u00e9rence de L. Ballesta au parlement Australien - Androm\u00e8de Oc\u00e9anologie<\/title>\n<meta name=\"robots\" content=\"index, follow, max-snippet:-1, max-image-preview:large, max-video-preview:-1\" \/>\n<meta property=\"og:locale\" content=\"en_GB\" \/>\n<meta property=\"og:type\" content=\"article\" \/>\n<meta property=\"og:title\" content=\"Conf\u00e9rence de L. Ballesta au parlement Australien - Androm\u00e8de Oc\u00e9anologie\" \/>\n<meta property=\"og:description\" content=\"Sous l&#8217;invitation de l&#8217; Antarctic Ocean Alliance et Pew Environment, Laurent Ballesta \u00e9tait \u00e0 Canberra pour une conf\u00e9rence au parlement Australien afin de pr\u00e9senter les photographies de l&#8217;exp\u00e9dition #Antarctica! en Terre Ad\u00e9lie, en vue de la cr\u00e9ation d&#8217;une aire marine prot\u00e9g\u00e9e dans l&#8217;oc\u00e9an Antarctique Est. &nbsp;\" \/>\n<meta property=\"og:url\" content=\"https:\/\/www.andromede-ocean.com\/english\/blog\/2017\/08\/18\/conference-de-l-ballesta-au-parlement-australien\/\" \/>\n<meta property=\"og:site_name\" content=\"Androm\u00e8de Oc\u00e9anologie\" \/>\n<meta property=\"article:published_time\" content=\"2017-08-18T10:13:10+00:00\" \/>\n<meta property=\"og:image\" content=\"http:\/\/www.andromede-ocean.com\/english\/wp-content\/uploads\/sites\/2\/parlement-australien-300x200.jpg\" \/>\n<meta name=\"author\" content=\"julie Deter\" \/>\n<meta name=\"twitter:card\" content=\"summary_large_image\" \/>\n<meta name=\"twitter:label1\" content=\"Written by\" \/>\n\t<meta name=\"twitter:data1\" content=\"julie Deter\" \/>\n<script type=\"application\/ld+json\" class=\"yoast-schema-graph\">{\"@context\":\"https:\/\/schema.org\",\"@graph\":[{\"@type\":\"Article\",\"@id\":\"https:\/\/www.andromede-ocean.com\/english\/blog\/2017\/08\/18\/conference-de-l-ballesta-au-parlement-australien\/#article\",\"isPartOf\":{\"@id\":\"https:\/\/www.andromede-ocean.com\/english\/blog\/2017\/08\/18\/conference-de-l-ballesta-au-parlement-australien\/\"},\"author\":{\"name\":\"julie Deter\",\"@id\":\"https:\/\/www.andromede-ocean.com\/english\/#\/schema\/person\/670621606150c9eb5a0c92897263dcf6\"},\"headline\":\"Conf\u00e9rence de L. Ballesta au parlement Australien\",\"datePublished\":\"2017-08-18T10:13:10+00:00\",\"mainEntityOfPage\":{\"@id\":\"https:\/\/www.andromede-ocean.com\/english\/blog\/2017\/08\/18\/conference-de-l-ballesta-au-parlement-australien\/\"},\"wordCount\":61,\"image\":{\"@id\":\"https:\/\/www.andromede-ocean.com\/english\/blog\/2017\/08\/18\/conference-de-l-ballesta-au-parlement-australien\/#primaryimage\"},\"thumbnailUrl\":\"http:\/\/www.andromede-ocean.com\/english\/wp-content\/uploads\/sites\/2\/parlement-australien-300x200.jpg\",\"articleSection\":[\"Conferences\"],\"inLanguage\":\"en-GB\"},{\"@type\":\"WebPage\",\"@id\":\"https:\/\/www.andromede-ocean.com\/english\/blog\/2017\/08\/18\/conference-de-l-ballesta-au-parlement-australien\/\",\"url\":\"https:\/\/www.andromede-ocean.com\/english\/blog\/2017\/08\/18\/conference-de-l-ballesta-au-parlement-australien\/\",\"name\":\"Conf\u00e9rence de L. Ballesta au parlement Australien - Androm\u00e8de Oc\u00e9anologie\",\"isPartOf\":{\"@id\":\"https:\/\/www.andromede-ocean.com\/english\/#website\"},\"primaryImageOfPage\":{\"@id\":\"https:\/\/www.andromede-ocean.com\/english\/blog\/2017\/08\/18\/conference-de-l-ballesta-au-parlement-australien\/#primaryimage\"},\"image\":{\"@id\":\"https:\/\/www.andromede-ocean.com\/english\/blog\/2017\/08\/18\/conference-de-l-ballesta-au-parlement-australien\/#primaryimage\"},\"thumbnailUrl\":\"http:\/\/www.andromede-ocean.com\/english\/wp-content\/uploads\/sites\/2\/parlement-australien-300x200.jpg\",\"datePublished\":\"2017-08-18T10:13:10+00:00\",\"author\":{\"@id\":\"https:\/\/www.andromede-ocean.com\/english\/#\/schema\/person\/670621606150c9eb5a0c92897263dcf6\"},\"breadcrumb\":{\"@id\":\"https:\/\/www.andromede-ocean.com\/english\/blog\/2017\/08\/18\/conference-de-l-ballesta-au-parlement-australien\/#breadcrumb\"},\"inLanguage\":\"en-GB\",\"potentialAction\":[{\"@type\":\"ReadAction\",\"target\":[\"https:\/\/www.andromede-ocean.com\/english\/blog\/2017\/08\/18\/conference-de-l-ballesta-au-parlement-australien\/\"]}]},{\"@type\":\"ImageObject\",\"inLanguage\":\"en-GB\",\"@id\":\"https:\/\/www.andromede-ocean.com\/english\/blog\/2017\/08\/18\/conference-de-l-ballesta-au-parlement-australien\/#primaryimage\",\"url\":\"\",\"contentUrl\":\"\"},{\"@type\":\"BreadcrumbList\",\"@id\":\"https:\/\/www.andromede-ocean.com\/english\/blog\/2017\/08\/18\/conference-de-l-ballesta-au-parlement-australien\/#breadcrumb\",\"itemListElement\":[{\"@type\":\"ListItem\",\"position\":1,\"name\":\"Accueil\",\"item\":\"https:\/\/www.andromede-ocean.com\/english\/\"},{\"@type\":\"ListItem\",\"position\":2,\"name\":\"Conf\u00e9rence de L. Ballesta au parlement Australien\"}]},{\"@type\":\"WebSite\",\"@id\":\"https:\/\/www.andromede-ocean.com\/english\/#website\",\"url\":\"https:\/\/www.andromede-ocean.com\/english\/\",\"name\":\"Androm\u00e8de Oc\u00e9anologie\",\"description\":\"\",\"potentialAction\":[{\"@type\":\"SearchAction\",\"target\":{\"@type\":\"EntryPoint\",\"urlTemplate\":\"https:\/\/www.andromede-ocean.com\/english\/?s={search_term_string}\"},\"query-input\":{\"@type\":\"PropertyValueSpecification\",\"valueRequired\":true,\"valueName\":\"search_term_string\"}}],\"inLanguage\":\"en-GB\"},{\"@type\":\"Person\",\"@id\":\"https:\/\/www.andromede-ocean.com\/english\/#\/schema\/person\/670621606150c9eb5a0c92897263dcf6\",\"name\":\"julie Deter\",\"image\":{\"@type\":\"ImageObject\",\"inLanguage\":\"en-GB\",\"@id\":\"https:\/\/www.andromede-ocean.com\/english\/#\/schema\/person\/image\/\",\"url\":\"https:\/\/secure.gravatar.com\/avatar\/29b9c20f73f722191c32425ab84445e2b34fcc25b717ea8e1667c86ae7eb81cf?s=96&d=mm&r=g\",\"contentUrl\":\"https:\/\/secure.gravatar.com\/avatar\/29b9c20f73f722191c32425ab84445e2b34fcc25b717ea8e1667c86ae7eb81cf?s=96&d=mm&r=g\",\"caption\":\"julie Deter\"}}]}<\/script>\n<!-- \/ Yoast SEO plugin. -->","yoast_head_json":{"title":"Conf\u00e9rence de L. Ballesta au parlement Australien - Androm\u00e8de Oc\u00e9anologie","robots":{"index":"index","follow":"follow","max-snippet":"max-snippet:-1","max-image-preview":"max-image-preview:large","max-video-preview":"max-video-preview:-1"},"og_locale":"en_GB","og_type":"article","og_title":"Conf\u00e9rence de L. Ballesta au parlement Australien - Androm\u00e8de Oc\u00e9anologie","og_description":"Sous l&#8217;invitation de l&#8217; Antarctic Ocean Alliance et Pew Environment, Laurent Ballesta \u00e9tait \u00e0 Canberra pour une conf\u00e9rence au parlement Australien afin de pr\u00e9senter les photographies de l&#8217;exp\u00e9dition #Antarctica! en Terre Ad\u00e9lie, en vue de la cr\u00e9ation d&#8217;une aire marine prot\u00e9g\u00e9e dans l&#8217;oc\u00e9an Antarctique Est. &nbsp;","og_url":"https:\/\/www.andromede-ocean.com\/english\/blog\/2017\/08\/18\/conference-de-l-ballesta-au-parlement-australien\/","og_site_name":"Androm\u00e8de Oc\u00e9anologie","article_published_time":"2017-08-18T10:13:10+00:00","og_image":[{"url":"http:\/\/www.andromede-ocean.com\/english\/wp-content\/uploads\/sites\/2\/parlement-australien-300x200.jpg","type":"","width":"","height":""}],"author":"julie Deter","twitter_card":"summary_large_image","twitter_misc":{"Written by":"julie Deter"},"schema":{"@context":"https:\/\/schema.org","@graph":[{"@type":"Article","@id":"https:\/\/www.andromede-ocean.com\/english\/blog\/2017\/08\/18\/conference-de-l-ballesta-au-parlement-australien\/#article","isPartOf":{"@id":"https:\/\/www.andromede-ocean.com\/english\/blog\/2017\/08\/18\/conference-de-l-ballesta-au-parlement-australien\/"},"author":{"name":"julie Deter","@id":"https:\/\/www.andromede-ocean.com\/english\/#\/schema\/person\/670621606150c9eb5a0c92897263dcf6"},"headline":"Conf\u00e9rence de L. Ballesta au parlement Australien","datePublished":"2017-08-18T10:13:10+00:00","mainEntityOfPage":{"@id":"https:\/\/www.andromede-ocean.com\/english\/blog\/2017\/08\/18\/conference-de-l-ballesta-au-parlement-australien\/"},"wordCount":61,"image":{"@id":"https:\/\/www.andromede-ocean.com\/english\/blog\/2017\/08\/18\/conference-de-l-ballesta-au-parlement-australien\/#primaryimage"},"thumbnailUrl":"http:\/\/www.andromede-ocean.com\/english\/wp-content\/uploads\/sites\/2\/parlement-australien-300x200.jpg","articleSection":["Conferences"],"inLanguage":"en-GB"},{"@type":"WebPage","@id":"https:\/\/www.andromede-ocean.com\/english\/blog\/2017\/08\/18\/conference-de-l-ballesta-au-parlement-australien\/","url":"https:\/\/www.andromede-ocean.com\/english\/blog\/2017\/08\/18\/conference-de-l-ballesta-au-parlement-australien\/","name":"Conf\u00e9rence de L. Ballesta au parlement Australien - Androm\u00e8de Oc\u00e9anologie","isPartOf":{"@id":"https:\/\/www.andromede-ocean.com\/english\/#website"},"primaryImageOfPage":{"@id":"https:\/\/www.andromede-ocean.com\/english\/blog\/2017\/08\/18\/conference-de-l-ballesta-au-parlement-australien\/#primaryimage"},"image":{"@id":"https:\/\/www.andromede-ocean.com\/english\/blog\/2017\/08\/18\/conference-de-l-ballesta-au-parlement-australien\/#primaryimage"},"thumbnailUrl":"http:\/\/www.andromede-ocean.com\/english\/wp-content\/uploads\/sites\/2\/parlement-australien-300x200.jpg","datePublished":"2017-08-18T10:13:10+00:00","author":{"@id":"https:\/\/www.andromede-ocean.com\/english\/#\/schema\/person\/670621606150c9eb5a0c92897263dcf6"},"breadcrumb":{"@id":"https:\/\/www.andromede-ocean.com\/english\/blog\/2017\/08\/18\/conference-de-l-ballesta-au-parlement-australien\/#breadcrumb"},"inLanguage":"en-GB","potentialAction":[{"@type":"ReadAction","target":["https:\/\/www.andromede-ocean.com\/english\/blog\/2017\/08\/18\/conference-de-l-ballesta-au-parlement-australien\/"]}]},{"@type":"ImageObject","inLanguage":"en-GB","@id":"https:\/\/www.andromede-ocean.com\/english\/blog\/2017\/08\/18\/conference-de-l-ballesta-au-parlement-australien\/#primaryimage","url":"","contentUrl":""},{"@type":"BreadcrumbList","@id":"https:\/\/www.andromede-ocean.com\/english\/blog\/2017\/08\/18\/conference-de-l-ballesta-au-parlement-australien\/#breadcrumb","itemListElement":[{"@type":"ListItem","position":1,"name":"Accueil","item":"https:\/\/www.andromede-ocean.com\/english\/"},{"@type":"ListItem","position":2,"name":"Conf\u00e9rence de L. Ballesta au parlement Australien"}]},{"@type":"WebSite","@id":"https:\/\/www.andromede-ocean.com\/english\/#website","url":"https:\/\/www.andromede-ocean.com\/english\/","name":"Androm\u00e8de Oc\u00e9anologie","description":"","potentialAction":[{"@type":"SearchAction","target":{"@type":"EntryPoint","urlTemplate":"https:\/\/www.andromede-ocean.com\/english\/?s={search_term_string}"},"query-input":{"@type":"PropertyValueSpecification","valueRequired":true,"valueName":"search_term_string"}}],"inLanguage":"en-GB"},{"@type":"Person","@id":"https:\/\/www.andromede-ocean.com\/english\/#\/schema\/person\/670621606150c9eb5a0c92897263dcf6","name":"julie Deter","image":{"@type":"ImageObject","inLanguage":"en-GB","@id":"https:\/\/www.andromede-ocean.com\/english\/#\/schema\/person\/image\/","url":"https:\/\/secure.gravatar.com\/avatar\/29b9c20f73f722191c32425ab84445e2b34fcc25b717ea8e1667c86ae7eb81cf?s=96&d=mm&r=g","contentUrl":"https:\/\/secure.gravatar.com\/avatar\/29b9c20f73f722191c32425ab84445e2b34fcc25b717ea8e1667c86ae7eb81cf?s=96&d=mm&r=g","caption":"julie Deter"}}]}},"_links":{"self":[{"href":"https:\/\/www.andromede-ocean.com\/english\/wp-json\/wp\/v2\/posts\/2006","targetHints":{"allow":["GET"]}}],"collection":[{"href":"https:\/\/www.andromede-ocean.com\/english\/wp-json\/wp\/v2\/posts"}],"about":[{"href":"https:\/\/www.andromede-ocean.com\/english\/wp-json\/wp\/v2\/types\/post"}],"author":[{"embeddable":true,"href":"https:\/\/www.andromede-ocean.com\/english\/wp-json\/wp\/v2\/users\/3"}],"replies":[{"embeddable":true,"href":"https:\/\/www.andromede-ocean.com\/english\/wp-json\/wp\/v2\/comments?post=2006"}],"version-history":[{"count":0,"href":"https:\/\/www.andromede-ocean.com\/english\/wp-json\/wp\/v2\/posts\/2006\/revisions"}],"wp:attachment":[{"href":"https:\/\/www.andromede-ocean.com\/english\/wp-json\/wp\/v2\/media?parent=2006"}],"wp:term":[{"taxonomy":"category","embeddable":true,"href":"https:\/\/www.andromede-ocean.com\/english\/wp-json\/wp\/v2\/categories?post=2006"},{"taxonomy":"post_tag","embeddable":true,"href":"https:\/\/www.andromede-ocean.com\/english\/wp-json\/wp\/v2\/tags?post=2006"}],"curies":[{"name":"wp","href":"https:\/\/api.w.org\/{rel}","templated":true}]}}