{"id":1966,"date":"2017-06-30T10:05:13","date_gmt":"2017-06-30T09:05:13","guid":{"rendered":"http:\/\/marion-dev.valars.com\/andromede\/?p=1966"},"modified":"2017-06-30T10:05:13","modified_gmt":"2017-06-30T09:05:13","slug":"journee-mer-6-juillet-quel-est-letat-de-sante-des-eaux-cotieres-en-mediterranee","status":"publish","type":"post","link":"https:\/\/www.andromede-ocean.com\/english\/blog\/2017\/06\/30\/journee-mer-6-juillet-quel-est-letat-de-sante-des-eaux-cotieres-en-mediterranee\/","title":{"rendered":"Journ\u00e9e Mer 6 juillet : Quel est l\u2019\u00e9tat de sant\u00e9 des eaux c\u00f4ti\u00e8res en M\u00e9diterran\u00e9e ?"},"content":{"rendered":"<p>\t\t\t\t<strong><a href=\"http:\/\/www.andromede-ocean.com\/english\/wp-content\/uploads\/sites\/2\/journee-mer.jpg\"><img loading=\"lazy\" decoding=\"async\" class=\"alignleft size-medium wp-image-1975\" alt=\"journee mer\" src=\"http:\/\/www.andromede-ocean.com\/english\/wp-content\/uploads\/sites\/2\/journee-mer-300x172.jpg\" width=\"300\" height=\"172\" \/><\/a>L\u2019agence de l\u2019eau Rh\u00f4ne M\u00e9diterran\u00e9e Corse et la Direction interr\u00e9gionale de la mer M\u00e9diterran\u00e9e donnent rendez-vous au monde de la mer, le jeudi 6 juillet 2017 \u00e0 Marseille et dressent le bilan de l\u2019\u00e9tat des eaux c\u00f4ti\u00e8res et de la biodiversit\u00e9 marine de la M\u00e9diterran\u00e9e.<\/strong><br \/>\nA cette occasion, la Direction interr\u00e9gionale de la mer M\u00e9diterran\u00e9e pr\u00e9sentera les actions majeures \u00e0 l\u2019\u00e9chelle de la fa\u00e7ade m\u00e9diterran\u00e9enne fran\u00e7aise, en vue d\u2019atteindre ou de maintenir le bon \u00e9tat \u00e9cologique des eaux marines. L\u2019agence de l\u2019eau pr\u00e9sentera les r\u00e9sultats 2017 de la campagne de surveillance de la qualit\u00e9 de la M\u00e9diterran\u00e9e r\u00e9alis\u00e9e pour la mise en \u0153uvre des directives-cadres sur l\u2019eau et sur le milieu marin.<br \/>\nPlus de la moiti\u00e9 des petits fonds c\u00f4tiers ne subissent pas de pressions majeures mais plusieurs sites restent \u00e0 prot\u00e9ger des pollutions chimiques venant de la terre et de certaines d\u00e9gradations li\u00e9es aux activit\u00e9s maritimes et littorales.<br \/>\nLa mobilisation pour une M\u00e9diterran\u00e9e plus saine se poursuit car les actions de protection sont bonnes pour la mer mais \u00e9galement pour l\u2019\u00e9conomie du littoral.<br \/>\n<a href=\"https:\/\/www.eaurmc.fr\/actualites-de-lagence-de-leau\/detail-de-lactualite\/article\/journee-mer-6-juillet-quel-est-letat-de-sante-des-eaux-cotieres-en-mediterranee.html?no_cache=1&amp;cHash=8cb331fccd01b925a7fe00cc6de2031d\">Programme et inscription<\/a><br \/>\nGuilhem Marre d&#8217;Androm\u00e8de Oc\u00e9anologie pr\u00e9sentera nos travaux sur l&#8217;usage de la photogramm\u00e9trie pour l&#8217;analyse \u00e9cologiques des fonds marins\t\t<\/p>\n","protected":false},"excerpt":{"rendered":"<p>L\u2019agence de l\u2019eau Rh\u00f4ne M\u00e9diterran\u00e9e Corse et la Direction interr\u00e9gionale de la mer M\u00e9diterran\u00e9e donnent rendez-vous au monde de la mer, le jeudi 6 juillet 2017 \u00e0 Marseille et dressent le bilan de l\u2019\u00e9tat des eaux c\u00f4ti\u00e8res et de la biodiversit\u00e9 marine de la M\u00e9diterran\u00e9e. A cette occasion, la Direction interr\u00e9gionale de la mer M\u00e9diterran\u00e9e [&hellip;]<\/p>\n","protected":false},"author":3,"featured_media":0,"comment_status":"closed","ping_status":"open","sticky":false,"template":"","format":"standard","meta":{"_et_pb_use_builder":"","_et_pb_old_content":"","_et_gb_content_width":"","footnotes":""},"categories":[3,6,10],"tags":[],"class_list":["post-1966","post","type-post","status-publish","format-standard","hentry","category-conferences","category-reseaux-surveillance","category-resultats-scientifiques"],"yoast_head":"<!-- This site is optimized with the Yoast SEO plugin v27.0 - https:\/\/yoast.com\/product\/yoast-seo-wordpress\/ -->\n<title>Journ\u00e9e Mer 6 juillet : Quel est l\u2019\u00e9tat de sant\u00e9 des eaux c\u00f4ti\u00e8res en M\u00e9diterran\u00e9e ? - Androm\u00e8de Oc\u00e9anologie<\/title>\n<meta name=\"robots\" content=\"index, follow, max-snippet:-1, max-image-preview:large, max-video-preview:-1\" \/>\n<meta property=\"og:locale\" content=\"en_GB\" \/>\n<meta property=\"og:type\" content=\"article\" \/>\n<meta property=\"og:title\" content=\"Journ\u00e9e Mer 6 juillet : Quel est l\u2019\u00e9tat de sant\u00e9 des eaux c\u00f4ti\u00e8res en M\u00e9diterran\u00e9e ? - Androm\u00e8de Oc\u00e9anologie\" \/>\n<meta property=\"og:description\" content=\"L\u2019agence de l\u2019eau Rh\u00f4ne M\u00e9diterran\u00e9e Corse et la Direction interr\u00e9gionale de la mer M\u00e9diterran\u00e9e donnent rendez-vous au monde de la mer, le jeudi 6 juillet 2017 \u00e0 Marseille et dressent le bilan de l\u2019\u00e9tat des eaux c\u00f4ti\u00e8res et de la biodiversit\u00e9 marine de la M\u00e9diterran\u00e9e. A cette occasion, la Direction interr\u00e9gionale de la mer M\u00e9diterran\u00e9e [&hellip;]\" \/>\n<meta property=\"og:url\" content=\"https:\/\/www.andromede-ocean.com\/english\/blog\/2017\/06\/30\/journee-mer-6-juillet-quel-est-letat-de-sante-des-eaux-cotieres-en-mediterranee\/\" \/>\n<meta property=\"og:site_name\" content=\"Androm\u00e8de Oc\u00e9anologie\" \/>\n<meta property=\"article:published_time\" content=\"2017-06-30T09:05:13+00:00\" \/>\n<meta property=\"og:image\" content=\"http:\/\/www.andromede-ocean.com\/english\/wp-content\/uploads\/sites\/2\/journee-mer-300x172.jpg\" \/>\n<meta name=\"author\" content=\"julie Deter\" \/>\n<meta name=\"twitter:card\" content=\"summary_large_image\" \/>\n<meta name=\"twitter:label1\" content=\"Written by\" \/>\n\t<meta name=\"twitter:data1\" content=\"julie Deter\" \/>\n\t<meta name=\"twitter:label2\" content=\"Estimated reading time\" \/>\n\t<meta name=\"twitter:data2\" content=\"1 minute\" \/>\n<script type=\"application\/ld+json\" class=\"yoast-schema-graph\">{\"@context\":\"https:\/\/schema.org\",\"@graph\":[{\"@type\":\"Article\",\"@id\":\"https:\/\/www.andromede-ocean.com\/english\/blog\/2017\/06\/30\/journee-mer-6-juillet-quel-est-letat-de-sante-des-eaux-cotieres-en-mediterranee\/#article\",\"isPartOf\":{\"@id\":\"https:\/\/www.andromede-ocean.com\/english\/blog\/2017\/06\/30\/journee-mer-6-juillet-quel-est-letat-de-sante-des-eaux-cotieres-en-mediterranee\/\"},\"author\":{\"name\":\"julie Deter\",\"@id\":\"https:\/\/www.andromede-ocean.com\/english\/#\/schema\/person\/670621606150c9eb5a0c92897263dcf6\"},\"headline\":\"Journ\u00e9e Mer 6 juillet : Quel est l\u2019\u00e9tat de sant\u00e9 des eaux c\u00f4ti\u00e8res en M\u00e9diterran\u00e9e ?\",\"datePublished\":\"2017-06-30T09:05:13+00:00\",\"mainEntityOfPage\":{\"@id\":\"https:\/\/www.andromede-ocean.com\/english\/blog\/2017\/06\/30\/journee-mer-6-juillet-quel-est-letat-de-sante-des-eaux-cotieres-en-mediterranee\/\"},\"wordCount\":252,\"image\":{\"@id\":\"https:\/\/www.andromede-ocean.com\/english\/blog\/2017\/06\/30\/journee-mer-6-juillet-quel-est-letat-de-sante-des-eaux-cotieres-en-mediterranee\/#primaryimage\"},\"thumbnailUrl\":\"http:\/\/www.andromede-ocean.com\/english\/wp-content\/uploads\/sites\/2\/journee-mer-300x172.jpg\",\"articleSection\":[\"Conferences\",\"Monitoring\",\"Scientific results\"],\"inLanguage\":\"en-GB\"},{\"@type\":\"WebPage\",\"@id\":\"https:\/\/www.andromede-ocean.com\/english\/blog\/2017\/06\/30\/journee-mer-6-juillet-quel-est-letat-de-sante-des-eaux-cotieres-en-mediterranee\/\",\"url\":\"https:\/\/www.andromede-ocean.com\/english\/blog\/2017\/06\/30\/journee-mer-6-juillet-quel-est-letat-de-sante-des-eaux-cotieres-en-mediterranee\/\",\"name\":\"Journ\u00e9e Mer 6 juillet : Quel est l\u2019\u00e9tat de sant\u00e9 des eaux c\u00f4ti\u00e8res en M\u00e9diterran\u00e9e ? - Androm\u00e8de Oc\u00e9anologie\",\"isPartOf\":{\"@id\":\"https:\/\/www.andromede-ocean.com\/english\/#website\"},\"primaryImageOfPage\":{\"@id\":\"https:\/\/www.andromede-ocean.com\/english\/blog\/2017\/06\/30\/journee-mer-6-juillet-quel-est-letat-de-sante-des-eaux-cotieres-en-mediterranee\/#primaryimage\"},\"image\":{\"@id\":\"https:\/\/www.andromede-ocean.com\/english\/blog\/2017\/06\/30\/journee-mer-6-juillet-quel-est-letat-de-sante-des-eaux-cotieres-en-mediterranee\/#primaryimage\"},\"thumbnailUrl\":\"http:\/\/www.andromede-ocean.com\/english\/wp-content\/uploads\/sites\/2\/journee-mer-300x172.jpg\",\"datePublished\":\"2017-06-30T09:05:13+00:00\",\"author\":{\"@id\":\"https:\/\/www.andromede-ocean.com\/english\/#\/schema\/person\/670621606150c9eb5a0c92897263dcf6\"},\"breadcrumb\":{\"@id\":\"https:\/\/www.andromede-ocean.com\/english\/blog\/2017\/06\/30\/journee-mer-6-juillet-quel-est-letat-de-sante-des-eaux-cotieres-en-mediterranee\/#breadcrumb\"},\"inLanguage\":\"en-GB\",\"potentialAction\":[{\"@type\":\"ReadAction\",\"target\":[\"https:\/\/www.andromede-ocean.com\/english\/blog\/2017\/06\/30\/journee-mer-6-juillet-quel-est-letat-de-sante-des-eaux-cotieres-en-mediterranee\/\"]}]},{\"@type\":\"ImageObject\",\"inLanguage\":\"en-GB\",\"@id\":\"https:\/\/www.andromede-ocean.com\/english\/blog\/2017\/06\/30\/journee-mer-6-juillet-quel-est-letat-de-sante-des-eaux-cotieres-en-mediterranee\/#primaryimage\",\"url\":\"\",\"contentUrl\":\"\"},{\"@type\":\"BreadcrumbList\",\"@id\":\"https:\/\/www.andromede-ocean.com\/english\/blog\/2017\/06\/30\/journee-mer-6-juillet-quel-est-letat-de-sante-des-eaux-cotieres-en-mediterranee\/#breadcrumb\",\"itemListElement\":[{\"@type\":\"ListItem\",\"position\":1,\"name\":\"Accueil\",\"item\":\"https:\/\/www.andromede-ocean.com\/english\/\"},{\"@type\":\"ListItem\",\"position\":2,\"name\":\"Journ\u00e9e Mer 6 juillet : Quel est l\u2019\u00e9tat de sant\u00e9 des eaux c\u00f4ti\u00e8res en M\u00e9diterran\u00e9e ?\"}]},{\"@type\":\"WebSite\",\"@id\":\"https:\/\/www.andromede-ocean.com\/english\/#website\",\"url\":\"https:\/\/www.andromede-ocean.com\/english\/\",\"name\":\"Androm\u00e8de Oc\u00e9anologie\",\"description\":\"\",\"potentialAction\":[{\"@type\":\"SearchAction\",\"target\":{\"@type\":\"EntryPoint\",\"urlTemplate\":\"https:\/\/www.andromede-ocean.com\/english\/?s={search_term_string}\"},\"query-input\":{\"@type\":\"PropertyValueSpecification\",\"valueRequired\":true,\"valueName\":\"search_term_string\"}}],\"inLanguage\":\"en-GB\"},{\"@type\":\"Person\",\"@id\":\"https:\/\/www.andromede-ocean.com\/english\/#\/schema\/person\/670621606150c9eb5a0c92897263dcf6\",\"name\":\"julie Deter\",\"image\":{\"@type\":\"ImageObject\",\"inLanguage\":\"en-GB\",\"@id\":\"https:\/\/www.andromede-ocean.com\/english\/#\/schema\/person\/image\/\",\"url\":\"https:\/\/secure.gravatar.com\/avatar\/29b9c20f73f722191c32425ab84445e2b34fcc25b717ea8e1667c86ae7eb81cf?s=96&d=mm&r=g\",\"contentUrl\":\"https:\/\/secure.gravatar.com\/avatar\/29b9c20f73f722191c32425ab84445e2b34fcc25b717ea8e1667c86ae7eb81cf?s=96&d=mm&r=g\",\"caption\":\"julie Deter\"}}]}<\/script>\n<!-- \/ Yoast SEO plugin. -->","yoast_head_json":{"title":"Journ\u00e9e Mer 6 juillet : Quel est l\u2019\u00e9tat de sant\u00e9 des eaux c\u00f4ti\u00e8res en M\u00e9diterran\u00e9e ? - Androm\u00e8de Oc\u00e9anologie","robots":{"index":"index","follow":"follow","max-snippet":"max-snippet:-1","max-image-preview":"max-image-preview:large","max-video-preview":"max-video-preview:-1"},"og_locale":"en_GB","og_type":"article","og_title":"Journ\u00e9e Mer 6 juillet : Quel est l\u2019\u00e9tat de sant\u00e9 des eaux c\u00f4ti\u00e8res en M\u00e9diterran\u00e9e ? - Androm\u00e8de Oc\u00e9anologie","og_description":"L\u2019agence de l\u2019eau Rh\u00f4ne M\u00e9diterran\u00e9e Corse et la Direction interr\u00e9gionale de la mer M\u00e9diterran\u00e9e donnent rendez-vous au monde de la mer, le jeudi 6 juillet 2017 \u00e0 Marseille et dressent le bilan de l\u2019\u00e9tat des eaux c\u00f4ti\u00e8res et de la biodiversit\u00e9 marine de la M\u00e9diterran\u00e9e. A cette occasion, la Direction interr\u00e9gionale de la mer M\u00e9diterran\u00e9e [&hellip;]","og_url":"https:\/\/www.andromede-ocean.com\/english\/blog\/2017\/06\/30\/journee-mer-6-juillet-quel-est-letat-de-sante-des-eaux-cotieres-en-mediterranee\/","og_site_name":"Androm\u00e8de Oc\u00e9anologie","article_published_time":"2017-06-30T09:05:13+00:00","og_image":[{"url":"http:\/\/www.andromede-ocean.com\/english\/wp-content\/uploads\/sites\/2\/journee-mer-300x172.jpg","type":"","width":"","height":""}],"author":"julie Deter","twitter_card":"summary_large_image","twitter_misc":{"Written by":"julie Deter","Estimated reading time":"1 minute"},"schema":{"@context":"https:\/\/schema.org","@graph":[{"@type":"Article","@id":"https:\/\/www.andromede-ocean.com\/english\/blog\/2017\/06\/30\/journee-mer-6-juillet-quel-est-letat-de-sante-des-eaux-cotieres-en-mediterranee\/#article","isPartOf":{"@id":"https:\/\/www.andromede-ocean.com\/english\/blog\/2017\/06\/30\/journee-mer-6-juillet-quel-est-letat-de-sante-des-eaux-cotieres-en-mediterranee\/"},"author":{"name":"julie Deter","@id":"https:\/\/www.andromede-ocean.com\/english\/#\/schema\/person\/670621606150c9eb5a0c92897263dcf6"},"headline":"Journ\u00e9e Mer 6 juillet : Quel est l\u2019\u00e9tat de sant\u00e9 des eaux c\u00f4ti\u00e8res en M\u00e9diterran\u00e9e ?","datePublished":"2017-06-30T09:05:13+00:00","mainEntityOfPage":{"@id":"https:\/\/www.andromede-ocean.com\/english\/blog\/2017\/06\/30\/journee-mer-6-juillet-quel-est-letat-de-sante-des-eaux-cotieres-en-mediterranee\/"},"wordCount":252,"image":{"@id":"https:\/\/www.andromede-ocean.com\/english\/blog\/2017\/06\/30\/journee-mer-6-juillet-quel-est-letat-de-sante-des-eaux-cotieres-en-mediterranee\/#primaryimage"},"thumbnailUrl":"http:\/\/www.andromede-ocean.com\/english\/wp-content\/uploads\/sites\/2\/journee-mer-300x172.jpg","articleSection":["Conferences","Monitoring","Scientific results"],"inLanguage":"en-GB"},{"@type":"WebPage","@id":"https:\/\/www.andromede-ocean.com\/english\/blog\/2017\/06\/30\/journee-mer-6-juillet-quel-est-letat-de-sante-des-eaux-cotieres-en-mediterranee\/","url":"https:\/\/www.andromede-ocean.com\/english\/blog\/2017\/06\/30\/journee-mer-6-juillet-quel-est-letat-de-sante-des-eaux-cotieres-en-mediterranee\/","name":"Journ\u00e9e Mer 6 juillet : Quel est l\u2019\u00e9tat de sant\u00e9 des eaux c\u00f4ti\u00e8res en M\u00e9diterran\u00e9e ? - Androm\u00e8de Oc\u00e9anologie","isPartOf":{"@id":"https:\/\/www.andromede-ocean.com\/english\/#website"},"primaryImageOfPage":{"@id":"https:\/\/www.andromede-ocean.com\/english\/blog\/2017\/06\/30\/journee-mer-6-juillet-quel-est-letat-de-sante-des-eaux-cotieres-en-mediterranee\/#primaryimage"},"image":{"@id":"https:\/\/www.andromede-ocean.com\/english\/blog\/2017\/06\/30\/journee-mer-6-juillet-quel-est-letat-de-sante-des-eaux-cotieres-en-mediterranee\/#primaryimage"},"thumbnailUrl":"http:\/\/www.andromede-ocean.com\/english\/wp-content\/uploads\/sites\/2\/journee-mer-300x172.jpg","datePublished":"2017-06-30T09:05:13+00:00","author":{"@id":"https:\/\/www.andromede-ocean.com\/english\/#\/schema\/person\/670621606150c9eb5a0c92897263dcf6"},"breadcrumb":{"@id":"https:\/\/www.andromede-ocean.com\/english\/blog\/2017\/06\/30\/journee-mer-6-juillet-quel-est-letat-de-sante-des-eaux-cotieres-en-mediterranee\/#breadcrumb"},"inLanguage":"en-GB","potentialAction":[{"@type":"ReadAction","target":["https:\/\/www.andromede-ocean.com\/english\/blog\/2017\/06\/30\/journee-mer-6-juillet-quel-est-letat-de-sante-des-eaux-cotieres-en-mediterranee\/"]}]},{"@type":"ImageObject","inLanguage":"en-GB","@id":"https:\/\/www.andromede-ocean.com\/english\/blog\/2017\/06\/30\/journee-mer-6-juillet-quel-est-letat-de-sante-des-eaux-cotieres-en-mediterranee\/#primaryimage","url":"","contentUrl":""},{"@type":"BreadcrumbList","@id":"https:\/\/www.andromede-ocean.com\/english\/blog\/2017\/06\/30\/journee-mer-6-juillet-quel-est-letat-de-sante-des-eaux-cotieres-en-mediterranee\/#breadcrumb","itemListElement":[{"@type":"ListItem","position":1,"name":"Accueil","item":"https:\/\/www.andromede-ocean.com\/english\/"},{"@type":"ListItem","position":2,"name":"Journ\u00e9e Mer 6 juillet : Quel est l\u2019\u00e9tat de sant\u00e9 des eaux c\u00f4ti\u00e8res en M\u00e9diterran\u00e9e ?"}]},{"@type":"WebSite","@id":"https:\/\/www.andromede-ocean.com\/english\/#website","url":"https:\/\/www.andromede-ocean.com\/english\/","name":"Androm\u00e8de Oc\u00e9anologie","description":"","potentialAction":[{"@type":"SearchAction","target":{"@type":"EntryPoint","urlTemplate":"https:\/\/www.andromede-ocean.com\/english\/?s={search_term_string}"},"query-input":{"@type":"PropertyValueSpecification","valueRequired":true,"valueName":"search_term_string"}}],"inLanguage":"en-GB"},{"@type":"Person","@id":"https:\/\/www.andromede-ocean.com\/english\/#\/schema\/person\/670621606150c9eb5a0c92897263dcf6","name":"julie Deter","image":{"@type":"ImageObject","inLanguage":"en-GB","@id":"https:\/\/www.andromede-ocean.com\/english\/#\/schema\/person\/image\/","url":"https:\/\/secure.gravatar.com\/avatar\/29b9c20f73f722191c32425ab84445e2b34fcc25b717ea8e1667c86ae7eb81cf?s=96&d=mm&r=g","contentUrl":"https:\/\/secure.gravatar.com\/avatar\/29b9c20f73f722191c32425ab84445e2b34fcc25b717ea8e1667c86ae7eb81cf?s=96&d=mm&r=g","caption":"julie Deter"}}]}},"_links":{"self":[{"href":"https:\/\/www.andromede-ocean.com\/english\/wp-json\/wp\/v2\/posts\/1966","targetHints":{"allow":["GET"]}}],"collection":[{"href":"https:\/\/www.andromede-ocean.com\/english\/wp-json\/wp\/v2\/posts"}],"about":[{"href":"https:\/\/www.andromede-ocean.com\/english\/wp-json\/wp\/v2\/types\/post"}],"author":[{"embeddable":true,"href":"https:\/\/www.andromede-ocean.com\/english\/wp-json\/wp\/v2\/users\/3"}],"replies":[{"embeddable":true,"href":"https:\/\/www.andromede-ocean.com\/english\/wp-json\/wp\/v2\/comments?post=1966"}],"version-history":[{"count":0,"href":"https:\/\/www.andromede-ocean.com\/english\/wp-json\/wp\/v2\/posts\/1966\/revisions"}],"wp:attachment":[{"href":"https:\/\/www.andromede-ocean.com\/english\/wp-json\/wp\/v2\/media?parent=1966"}],"wp:term":[{"taxonomy":"category","embeddable":true,"href":"https:\/\/www.andromede-ocean.com\/english\/wp-json\/wp\/v2\/categories?post=1966"},{"taxonomy":"post_tag","embeddable":true,"href":"https:\/\/www.andromede-ocean.com\/english\/wp-json\/wp\/v2\/tags?post=1966"}],"curies":[{"name":"wp","href":"https:\/\/api.w.org\/{rel}","templated":true}]}}