{"id":1778,"date":"2017-02-04T11:56:05","date_gmt":"2017-02-04T10:56:05","guid":{"rendered":"http:\/\/marion-dev.valars.com\/andromede\/?p=1778"},"modified":"2017-02-04T11:56:05","modified_gmt":"2017-02-04T10:56:05","slug":"premieres-images-sur-le-vif-des-coulees-de-laves-sous-marines-et-de-ses-habitants","status":"publish","type":"post","link":"https:\/\/www.andromede-ocean.com\/english\/blog\/2017\/02\/04\/premieres-images-sur-le-vif-des-coulees-de-laves-sous-marines-et-de-ses-habitants\/","title":{"rendered":"Premi\u00e8res images \u00ab sur le vif \u00bb des coul\u00e9es de laves sous-marines et de ses habitants"},"content":{"rendered":"<p>\t\t\t\tJ\u2019avais pr\u00e9vu de vous faire partager nos plong\u00e9es tous les jours. Mais Laurent r\u00e9servant ces photographies pour les expositions et livres \u00e0 venir, j&#8217;ai du mal \u00e0 les obtenir. Profitant d\u2019un moment de distraction de sa part, je vous propose quelques clich\u00e9s pris sur son ordinateur avec mon t\u00e9l\u00e9phone. Cela a le m\u00e9rite d&#8217;\u00eatre du brut m\u00eame si c&#8217;est de la basse d\u00e9finition. J\u2019en prends toute la responsabilit\u00e9. De plus n\u2019\u00e9tant pas tr\u00e8s attentif au facebook, si personne ne lui dit, je pourrai en r\u00e9cup\u00e9rer d\u2019autres ces prochains jours \u2026\u00a0<img loading=\"lazy\" decoding=\"async\" alt=\"\" src=\"https:\/\/www.facebook.com\/images\/emoji.php\/v9\/f4c\/1\/16\/1f642.png\" width=\"16\" height=\"16\" \/><a href=\"http:\/\/www.andromede-ocean.com\/english\/wp-content\/uploads\/sites\/2\/41.jpg\"><img loading=\"lazy\" decoding=\"async\" class=\"aligncenter size-full wp-image-1779\" alt=\"4\" src=\"http:\/\/www.andromede-ocean.com\/english\/wp-content\/uploads\/sites\/2\/41.jpg\" width=\"960\" height=\"540\" \/><\/a> <a href=\"http:\/\/www.andromede-ocean.com\/english\/wp-content\/uploads\/sites\/2\/3.jpg\"><img loading=\"lazy\" decoding=\"async\" class=\"aligncenter size-full wp-image-1780\" alt=\"3\" src=\"http:\/\/www.andromede-ocean.com\/english\/wp-content\/uploads\/sites\/2\/3.jpg\" width=\"960\" height=\"535\" \/><\/a> <a href=\"http:\/\/www.andromede-ocean.com\/english\/wp-content\/uploads\/sites\/2\/21.jpg\"><img loading=\"lazy\" decoding=\"async\" class=\"aligncenter size-full wp-image-1781\" alt=\"2\" src=\"http:\/\/www.andromede-ocean.com\/english\/wp-content\/uploads\/sites\/2\/21.jpg\" width=\"960\" height=\"540\" \/><\/a> <a href=\"http:\/\/www.andromede-ocean.com\/english\/wp-content\/uploads\/sites\/2\/11.jpg\"><img loading=\"lazy\" decoding=\"async\" class=\"aligncenter size-full wp-image-1782\" alt=\"1\" src=\"http:\/\/www.andromede-ocean.com\/english\/wp-content\/uploads\/sites\/2\/11.jpg\" width=\"960\" height=\"540\" \/><\/a>\t\t<\/p>\n","protected":false},"excerpt":{"rendered":"<p>J\u2019avais pr\u00e9vu de vous faire partager nos plong\u00e9es tous les jours. Mais Laurent r\u00e9servant ces photographies pour les expositions et livres \u00e0 venir, j&#8217;ai du mal \u00e0 les obtenir. Profitant d\u2019un moment de distraction de sa part, je vous propose quelques clich\u00e9s pris sur son ordinateur avec mon t\u00e9l\u00e9phone. Cela a le m\u00e9rite d&#8217;\u00eatre du [&hellip;]<\/p>\n","protected":false},"author":3,"featured_media":0,"comment_status":"closed","ping_status":"open","sticky":false,"template":"","format":"standard","meta":{"_et_pb_use_builder":"","_et_pb_old_content":"","_et_gb_content_width":"","footnotes":""},"categories":[1],"tags":[],"class_list":["post-1778","post","type-post","status-publish","format-standard","hentry","category-non-classe"],"yoast_head":"<!-- This site is optimized with the Yoast SEO plugin v27.0 - https:\/\/yoast.com\/product\/yoast-seo-wordpress\/ -->\n<title>Premi\u00e8res images \u00ab sur le vif \u00bb des coul\u00e9es de laves sous-marines et de ses habitants - Androm\u00e8de Oc\u00e9anologie<\/title>\n<meta name=\"robots\" content=\"index, follow, max-snippet:-1, max-image-preview:large, max-video-preview:-1\" \/>\n<meta property=\"og:locale\" content=\"en_GB\" \/>\n<meta property=\"og:type\" content=\"article\" \/>\n<meta property=\"og:title\" content=\"Premi\u00e8res images \u00ab sur le vif \u00bb des coul\u00e9es de laves sous-marines et de ses habitants - Androm\u00e8de Oc\u00e9anologie\" \/>\n<meta property=\"og:description\" content=\"J\u2019avais pr\u00e9vu de vous faire partager nos plong\u00e9es tous les jours. Mais Laurent r\u00e9servant ces photographies pour les expositions et livres \u00e0 venir, j&#8217;ai du mal \u00e0 les obtenir. Profitant d\u2019un moment de distraction de sa part, je vous propose quelques clich\u00e9s pris sur son ordinateur avec mon t\u00e9l\u00e9phone. Cela a le m\u00e9rite d&#8217;\u00eatre du [&hellip;]\" \/>\n<meta property=\"og:url\" content=\"https:\/\/www.andromede-ocean.com\/english\/blog\/2017\/02\/04\/premieres-images-sur-le-vif-des-coulees-de-laves-sous-marines-et-de-ses-habitants\/\" \/>\n<meta property=\"og:site_name\" content=\"Androm\u00e8de Oc\u00e9anologie\" \/>\n<meta property=\"article:published_time\" content=\"2017-02-04T10:56:05+00:00\" \/>\n<meta property=\"og:image\" content=\"https:\/\/www.facebook.com\/images\/emoji.php\/v9\/f4c\/1\/16\/1f642.png\" \/>\n<meta name=\"author\" content=\"julie Deter\" \/>\n<meta name=\"twitter:card\" content=\"summary_large_image\" \/>\n<meta name=\"twitter:label1\" content=\"Written by\" \/>\n\t<meta name=\"twitter:data1\" content=\"julie Deter\" \/>\n\t<meta name=\"twitter:label2\" content=\"Estimated reading time\" \/>\n\t<meta name=\"twitter:data2\" content=\"1 minute\" \/>\n<script type=\"application\/ld+json\" class=\"yoast-schema-graph\">{\"@context\":\"https:\/\/schema.org\",\"@graph\":[{\"@type\":\"Article\",\"@id\":\"https:\/\/www.andromede-ocean.com\/english\/blog\/2017\/02\/04\/premieres-images-sur-le-vif-des-coulees-de-laves-sous-marines-et-de-ses-habitants\/#article\",\"isPartOf\":{\"@id\":\"https:\/\/www.andromede-ocean.com\/english\/blog\/2017\/02\/04\/premieres-images-sur-le-vif-des-coulees-de-laves-sous-marines-et-de-ses-habitants\/\"},\"author\":{\"name\":\"julie Deter\",\"@id\":\"https:\/\/www.andromede-ocean.com\/english\/#\/schema\/person\/670621606150c9eb5a0c92897263dcf6\"},\"headline\":\"Premi\u00e8res images \u00ab sur le vif \u00bb des coul\u00e9es de laves sous-marines et de ses habitants\",\"datePublished\":\"2017-02-04T10:56:05+00:00\",\"mainEntityOfPage\":{\"@id\":\"https:\/\/www.andromede-ocean.com\/english\/blog\/2017\/02\/04\/premieres-images-sur-le-vif-des-coulees-de-laves-sous-marines-et-de-ses-habitants\/\"},\"wordCount\":121,\"image\":{\"@id\":\"https:\/\/www.andromede-ocean.com\/english\/blog\/2017\/02\/04\/premieres-images-sur-le-vif-des-coulees-de-laves-sous-marines-et-de-ses-habitants\/#primaryimage\"},\"thumbnailUrl\":\"https:\/\/www.facebook.com\/images\/emoji.php\/v9\/f4c\/1\/16\/1f642.png\",\"articleSection\":[\"Not rated\"],\"inLanguage\":\"en-GB\"},{\"@type\":\"WebPage\",\"@id\":\"https:\/\/www.andromede-ocean.com\/english\/blog\/2017\/02\/04\/premieres-images-sur-le-vif-des-coulees-de-laves-sous-marines-et-de-ses-habitants\/\",\"url\":\"https:\/\/www.andromede-ocean.com\/english\/blog\/2017\/02\/04\/premieres-images-sur-le-vif-des-coulees-de-laves-sous-marines-et-de-ses-habitants\/\",\"name\":\"Premi\u00e8res images \u00ab sur le vif \u00bb des coul\u00e9es de laves sous-marines et de ses habitants - Androm\u00e8de Oc\u00e9anologie\",\"isPartOf\":{\"@id\":\"https:\/\/www.andromede-ocean.com\/english\/#website\"},\"primaryImageOfPage\":{\"@id\":\"https:\/\/www.andromede-ocean.com\/english\/blog\/2017\/02\/04\/premieres-images-sur-le-vif-des-coulees-de-laves-sous-marines-et-de-ses-habitants\/#primaryimage\"},\"image\":{\"@id\":\"https:\/\/www.andromede-ocean.com\/english\/blog\/2017\/02\/04\/premieres-images-sur-le-vif-des-coulees-de-laves-sous-marines-et-de-ses-habitants\/#primaryimage\"},\"thumbnailUrl\":\"https:\/\/www.facebook.com\/images\/emoji.php\/v9\/f4c\/1\/16\/1f642.png\",\"datePublished\":\"2017-02-04T10:56:05+00:00\",\"author\":{\"@id\":\"https:\/\/www.andromede-ocean.com\/english\/#\/schema\/person\/670621606150c9eb5a0c92897263dcf6\"},\"breadcrumb\":{\"@id\":\"https:\/\/www.andromede-ocean.com\/english\/blog\/2017\/02\/04\/premieres-images-sur-le-vif-des-coulees-de-laves-sous-marines-et-de-ses-habitants\/#breadcrumb\"},\"inLanguage\":\"en-GB\",\"potentialAction\":[{\"@type\":\"ReadAction\",\"target\":[\"https:\/\/www.andromede-ocean.com\/english\/blog\/2017\/02\/04\/premieres-images-sur-le-vif-des-coulees-de-laves-sous-marines-et-de-ses-habitants\/\"]}]},{\"@type\":\"ImageObject\",\"inLanguage\":\"en-GB\",\"@id\":\"https:\/\/www.andromede-ocean.com\/english\/blog\/2017\/02\/04\/premieres-images-sur-le-vif-des-coulees-de-laves-sous-marines-et-de-ses-habitants\/#primaryimage\",\"url\":\"https:\/\/www.facebook.com\/images\/emoji.php\/v9\/f4c\/1\/16\/1f642.png\",\"contentUrl\":\"https:\/\/www.facebook.com\/images\/emoji.php\/v9\/f4c\/1\/16\/1f642.png\"},{\"@type\":\"BreadcrumbList\",\"@id\":\"https:\/\/www.andromede-ocean.com\/english\/blog\/2017\/02\/04\/premieres-images-sur-le-vif-des-coulees-de-laves-sous-marines-et-de-ses-habitants\/#breadcrumb\",\"itemListElement\":[{\"@type\":\"ListItem\",\"position\":1,\"name\":\"Accueil\",\"item\":\"https:\/\/www.andromede-ocean.com\/english\/\"},{\"@type\":\"ListItem\",\"position\":2,\"name\":\"Premi\u00e8res images \u00ab sur le vif \u00bb des coul\u00e9es de laves sous-marines et de ses habitants\"}]},{\"@type\":\"WebSite\",\"@id\":\"https:\/\/www.andromede-ocean.com\/english\/#website\",\"url\":\"https:\/\/www.andromede-ocean.com\/english\/\",\"name\":\"Androm\u00e8de Oc\u00e9anologie\",\"description\":\"\",\"potentialAction\":[{\"@type\":\"SearchAction\",\"target\":{\"@type\":\"EntryPoint\",\"urlTemplate\":\"https:\/\/www.andromede-ocean.com\/english\/?s={search_term_string}\"},\"query-input\":{\"@type\":\"PropertyValueSpecification\",\"valueRequired\":true,\"valueName\":\"search_term_string\"}}],\"inLanguage\":\"en-GB\"},{\"@type\":\"Person\",\"@id\":\"https:\/\/www.andromede-ocean.com\/english\/#\/schema\/person\/670621606150c9eb5a0c92897263dcf6\",\"name\":\"julie Deter\",\"image\":{\"@type\":\"ImageObject\",\"inLanguage\":\"en-GB\",\"@id\":\"https:\/\/www.andromede-ocean.com\/english\/#\/schema\/person\/image\/\",\"url\":\"https:\/\/secure.gravatar.com\/avatar\/29b9c20f73f722191c32425ab84445e2b34fcc25b717ea8e1667c86ae7eb81cf?s=96&d=mm&r=g\",\"contentUrl\":\"https:\/\/secure.gravatar.com\/avatar\/29b9c20f73f722191c32425ab84445e2b34fcc25b717ea8e1667c86ae7eb81cf?s=96&d=mm&r=g\",\"caption\":\"julie Deter\"}}]}<\/script>\n<!-- \/ Yoast SEO plugin. -->","yoast_head_json":{"title":"Premi\u00e8res images \u00ab sur le vif \u00bb des coul\u00e9es de laves sous-marines et de ses habitants - Androm\u00e8de Oc\u00e9anologie","robots":{"index":"index","follow":"follow","max-snippet":"max-snippet:-1","max-image-preview":"max-image-preview:large","max-video-preview":"max-video-preview:-1"},"og_locale":"en_GB","og_type":"article","og_title":"Premi\u00e8res images \u00ab sur le vif \u00bb des coul\u00e9es de laves sous-marines et de ses habitants - Androm\u00e8de Oc\u00e9anologie","og_description":"J\u2019avais pr\u00e9vu de vous faire partager nos plong\u00e9es tous les jours. Mais Laurent r\u00e9servant ces photographies pour les expositions et livres \u00e0 venir, j&#8217;ai du mal \u00e0 les obtenir. Profitant d\u2019un moment de distraction de sa part, je vous propose quelques clich\u00e9s pris sur son ordinateur avec mon t\u00e9l\u00e9phone. Cela a le m\u00e9rite d&#8217;\u00eatre du [&hellip;]","og_url":"https:\/\/www.andromede-ocean.com\/english\/blog\/2017\/02\/04\/premieres-images-sur-le-vif-des-coulees-de-laves-sous-marines-et-de-ses-habitants\/","og_site_name":"Androm\u00e8de Oc\u00e9anologie","article_published_time":"2017-02-04T10:56:05+00:00","og_image":[{"url":"https:\/\/www.facebook.com\/images\/emoji.php\/v9\/f4c\/1\/16\/1f642.png","type":"","width":"","height":""}],"author":"julie Deter","twitter_card":"summary_large_image","twitter_misc":{"Written by":"julie Deter","Estimated reading time":"1 minute"},"schema":{"@context":"https:\/\/schema.org","@graph":[{"@type":"Article","@id":"https:\/\/www.andromede-ocean.com\/english\/blog\/2017\/02\/04\/premieres-images-sur-le-vif-des-coulees-de-laves-sous-marines-et-de-ses-habitants\/#article","isPartOf":{"@id":"https:\/\/www.andromede-ocean.com\/english\/blog\/2017\/02\/04\/premieres-images-sur-le-vif-des-coulees-de-laves-sous-marines-et-de-ses-habitants\/"},"author":{"name":"julie Deter","@id":"https:\/\/www.andromede-ocean.com\/english\/#\/schema\/person\/670621606150c9eb5a0c92897263dcf6"},"headline":"Premi\u00e8res images \u00ab sur le vif \u00bb des coul\u00e9es de laves sous-marines et de ses habitants","datePublished":"2017-02-04T10:56:05+00:00","mainEntityOfPage":{"@id":"https:\/\/www.andromede-ocean.com\/english\/blog\/2017\/02\/04\/premieres-images-sur-le-vif-des-coulees-de-laves-sous-marines-et-de-ses-habitants\/"},"wordCount":121,"image":{"@id":"https:\/\/www.andromede-ocean.com\/english\/blog\/2017\/02\/04\/premieres-images-sur-le-vif-des-coulees-de-laves-sous-marines-et-de-ses-habitants\/#primaryimage"},"thumbnailUrl":"https:\/\/www.facebook.com\/images\/emoji.php\/v9\/f4c\/1\/16\/1f642.png","articleSection":["Not rated"],"inLanguage":"en-GB"},{"@type":"WebPage","@id":"https:\/\/www.andromede-ocean.com\/english\/blog\/2017\/02\/04\/premieres-images-sur-le-vif-des-coulees-de-laves-sous-marines-et-de-ses-habitants\/","url":"https:\/\/www.andromede-ocean.com\/english\/blog\/2017\/02\/04\/premieres-images-sur-le-vif-des-coulees-de-laves-sous-marines-et-de-ses-habitants\/","name":"Premi\u00e8res images \u00ab sur le vif \u00bb des coul\u00e9es de laves sous-marines et de ses habitants - Androm\u00e8de Oc\u00e9anologie","isPartOf":{"@id":"https:\/\/www.andromede-ocean.com\/english\/#website"},"primaryImageOfPage":{"@id":"https:\/\/www.andromede-ocean.com\/english\/blog\/2017\/02\/04\/premieres-images-sur-le-vif-des-coulees-de-laves-sous-marines-et-de-ses-habitants\/#primaryimage"},"image":{"@id":"https:\/\/www.andromede-ocean.com\/english\/blog\/2017\/02\/04\/premieres-images-sur-le-vif-des-coulees-de-laves-sous-marines-et-de-ses-habitants\/#primaryimage"},"thumbnailUrl":"https:\/\/www.facebook.com\/images\/emoji.php\/v9\/f4c\/1\/16\/1f642.png","datePublished":"2017-02-04T10:56:05+00:00","author":{"@id":"https:\/\/www.andromede-ocean.com\/english\/#\/schema\/person\/670621606150c9eb5a0c92897263dcf6"},"breadcrumb":{"@id":"https:\/\/www.andromede-ocean.com\/english\/blog\/2017\/02\/04\/premieres-images-sur-le-vif-des-coulees-de-laves-sous-marines-et-de-ses-habitants\/#breadcrumb"},"inLanguage":"en-GB","potentialAction":[{"@type":"ReadAction","target":["https:\/\/www.andromede-ocean.com\/english\/blog\/2017\/02\/04\/premieres-images-sur-le-vif-des-coulees-de-laves-sous-marines-et-de-ses-habitants\/"]}]},{"@type":"ImageObject","inLanguage":"en-GB","@id":"https:\/\/www.andromede-ocean.com\/english\/blog\/2017\/02\/04\/premieres-images-sur-le-vif-des-coulees-de-laves-sous-marines-et-de-ses-habitants\/#primaryimage","url":"https:\/\/www.facebook.com\/images\/emoji.php\/v9\/f4c\/1\/16\/1f642.png","contentUrl":"https:\/\/www.facebook.com\/images\/emoji.php\/v9\/f4c\/1\/16\/1f642.png"},{"@type":"BreadcrumbList","@id":"https:\/\/www.andromede-ocean.com\/english\/blog\/2017\/02\/04\/premieres-images-sur-le-vif-des-coulees-de-laves-sous-marines-et-de-ses-habitants\/#breadcrumb","itemListElement":[{"@type":"ListItem","position":1,"name":"Accueil","item":"https:\/\/www.andromede-ocean.com\/english\/"},{"@type":"ListItem","position":2,"name":"Premi\u00e8res images \u00ab sur le vif \u00bb des coul\u00e9es de laves sous-marines et de ses habitants"}]},{"@type":"WebSite","@id":"https:\/\/www.andromede-ocean.com\/english\/#website","url":"https:\/\/www.andromede-ocean.com\/english\/","name":"Androm\u00e8de Oc\u00e9anologie","description":"","potentialAction":[{"@type":"SearchAction","target":{"@type":"EntryPoint","urlTemplate":"https:\/\/www.andromede-ocean.com\/english\/?s={search_term_string}"},"query-input":{"@type":"PropertyValueSpecification","valueRequired":true,"valueName":"search_term_string"}}],"inLanguage":"en-GB"},{"@type":"Person","@id":"https:\/\/www.andromede-ocean.com\/english\/#\/schema\/person\/670621606150c9eb5a0c92897263dcf6","name":"julie Deter","image":{"@type":"ImageObject","inLanguage":"en-GB","@id":"https:\/\/www.andromede-ocean.com\/english\/#\/schema\/person\/image\/","url":"https:\/\/secure.gravatar.com\/avatar\/29b9c20f73f722191c32425ab84445e2b34fcc25b717ea8e1667c86ae7eb81cf?s=96&d=mm&r=g","contentUrl":"https:\/\/secure.gravatar.com\/avatar\/29b9c20f73f722191c32425ab84445e2b34fcc25b717ea8e1667c86ae7eb81cf?s=96&d=mm&r=g","caption":"julie Deter"}}]}},"_links":{"self":[{"href":"https:\/\/www.andromede-ocean.com\/english\/wp-json\/wp\/v2\/posts\/1778","targetHints":{"allow":["GET"]}}],"collection":[{"href":"https:\/\/www.andromede-ocean.com\/english\/wp-json\/wp\/v2\/posts"}],"about":[{"href":"https:\/\/www.andromede-ocean.com\/english\/wp-json\/wp\/v2\/types\/post"}],"author":[{"embeddable":true,"href":"https:\/\/www.andromede-ocean.com\/english\/wp-json\/wp\/v2\/users\/3"}],"replies":[{"embeddable":true,"href":"https:\/\/www.andromede-ocean.com\/english\/wp-json\/wp\/v2\/comments?post=1778"}],"version-history":[{"count":0,"href":"https:\/\/www.andromede-ocean.com\/english\/wp-json\/wp\/v2\/posts\/1778\/revisions"}],"wp:attachment":[{"href":"https:\/\/www.andromede-ocean.com\/english\/wp-json\/wp\/v2\/media?parent=1778"}],"wp:term":[{"taxonomy":"category","embeddable":true,"href":"https:\/\/www.andromede-ocean.com\/english\/wp-json\/wp\/v2\/categories?post=1778"},{"taxonomy":"post_tag","embeddable":true,"href":"https:\/\/www.andromede-ocean.com\/english\/wp-json\/wp\/v2\/tags?post=1778"}],"curies":[{"name":"wp","href":"https:\/\/api.w.org\/{rel}","templated":true}]}}