{"id":1741,"date":"2017-01-06T07:55:15","date_gmt":"2017-01-06T06:55:15","guid":{"rendered":"http:\/\/marion-dev.valars.com\/andromede\/?p=1741"},"modified":"2017-01-06T07:55:15","modified_gmt":"2017-01-06T06:55:15","slug":"antarctica-au-salon-de-la-plongee-de-paris","status":"publish","type":"post","link":"https:\/\/www.andromede-ocean.com\/english\/blog\/2017\/01\/06\/antarctica-au-salon-de-la-plongee-de-paris\/","title":{"rendered":"Antarctica! au salon de la plong\u00e9e de Paris"},"content":{"rendered":"<p align=\"center\">Salon de la Plong\u00e9e<\/p>\n<p align=\"center\">(du 6 au 9 janvier 2017, Parc des expositions, Porte de Versailles, Paris)<\/p>\n<p align=\"center\">Laurent Ballesta<\/p>\n<p align=\"center\">y pr\u00e9sentera les diff\u00e9rents travaux issus de<\/p>\n<p align=\"center\">L&#8217;exp\u00e9dition <i>Antarctica!<\/i><\/p>\n<p align=\"center\"><a href=\"http:\/\/www.andromede-ocean.com\/english\/wp-content\/uploads\/sites\/2\/antactica-paris.jpg\"><img loading=\"lazy\" decoding=\"async\" class=\"aligncenter size-full wp-image-1747\" alt=\"antactica-paris\" src=\"http:\/\/www.andromede-ocean.com\/english\/wp-content\/uploads\/sites\/2\/antactica-paris.jpg\" width=\"459\" height=\"296\" \/><\/a><\/p>\n<p><b>&#8211; un nouveau livre<\/b> : <i>Ad\u00e9lie Terre &amp; Mer<\/i>, avec vente d\u00e9dicace<br \/>\n<b>&#8211; une exposition photographique<\/b>, 100 m\u00e8tres carr\u00e9 d\u2019images issues du livre <i>Ad\u00e9lie Terre &amp; Mer<\/i>,<br \/>\n<b>&#8211; une avant-premi\u00e8re du film<\/b> \u00ab\u00a0<i>Antarctica, sur les traces de l\u2019empereur\u00a0<\/i>\u00bb vendredi 6 \u00e0 19h,<br \/>\n<b>&#8211; deux conf\u00e9rences \/ projections<\/b> \u00ab <i>Mer Ad\u00e9lie, les oasis des profondeurs de l\u2019Antarctique\u00a0<\/i>\u00bb \u00a0samedi 7 \u00e0 13h et dimanche 8 \u00e0 14h.<\/p>\n<p align=\"center\">Venez nombreux !<\/p>\n<p align=\"center\"><i>Antarctica!<\/i> , une exp\u00e9dition organis\u00e9e par l&#8217;association Wild Touch<\/p>\n","protected":false},"excerpt":{"rendered":"<p>Salon de la Plong\u00e9e (du 6 au 9 janvier 2017, Parc des expositions, Porte de Versailles, Paris) Laurent Ballesta y pr\u00e9sentera les diff\u00e9rents travaux issus de L&#8217;exp\u00e9dition Antarctica! &#8211; un nouveau livre : Ad\u00e9lie Terre &amp; Mer, avec vente d\u00e9dicace &#8211; une exposition photographique, 100 m\u00e8tres carr\u00e9 d\u2019images issues du livre Ad\u00e9lie Terre &amp; Mer, [&hellip;]<\/p>\n","protected":false},"author":3,"featured_media":0,"comment_status":"closed","ping_status":"open","sticky":false,"template":"","format":"standard","meta":{"_et_pb_use_builder":"","_et_pb_old_content":"","_et_gb_content_width":"","footnotes":""},"categories":[2,5],"tags":[],"class_list":["post-1741","post","type-post","status-publish","format-standard","hentry","category-animations","category-expeditions"],"yoast_head":"<!-- This site is optimized with the Yoast SEO plugin v27.0 - https:\/\/yoast.com\/product\/yoast-seo-wordpress\/ -->\n<title>Antarctica! au salon de la plong\u00e9e de Paris - Androm\u00e8de Oc\u00e9anologie<\/title>\n<meta name=\"robots\" content=\"index, follow, max-snippet:-1, max-image-preview:large, max-video-preview:-1\" \/>\n<meta property=\"og:locale\" content=\"en_GB\" \/>\n<meta property=\"og:type\" content=\"article\" \/>\n<meta property=\"og:title\" content=\"Antarctica! au salon de la plong\u00e9e de Paris - Androm\u00e8de Oc\u00e9anologie\" \/>\n<meta property=\"og:description\" content=\"Salon de la Plong\u00e9e (du 6 au 9 janvier 2017, Parc des expositions, Porte de Versailles, Paris) Laurent Ballesta y pr\u00e9sentera les diff\u00e9rents travaux issus de L&#8217;exp\u00e9dition Antarctica! &#8211; un nouveau livre : Ad\u00e9lie Terre &amp; Mer, avec vente d\u00e9dicace &#8211; une exposition photographique, 100 m\u00e8tres carr\u00e9 d\u2019images issues du livre Ad\u00e9lie Terre &amp; Mer, [&hellip;]\" \/>\n<meta property=\"og:url\" content=\"https:\/\/www.andromede-ocean.com\/english\/blog\/2017\/01\/06\/antarctica-au-salon-de-la-plongee-de-paris\/\" \/>\n<meta property=\"og:site_name\" content=\"Androm\u00e8de Oc\u00e9anologie\" \/>\n<meta property=\"article:published_time\" content=\"2017-01-06T06:55:15+00:00\" \/>\n<meta property=\"og:image\" content=\"http:\/\/www.andromede-ocean.com\/english\/wp-content\/uploads\/sites\/2\/antactica-paris.jpg\" \/>\n<meta name=\"author\" content=\"julie Deter\" \/>\n<meta name=\"twitter:card\" content=\"summary_large_image\" \/>\n<meta name=\"twitter:label1\" content=\"Written by\" \/>\n\t<meta name=\"twitter:data1\" content=\"julie Deter\" \/>\n\t<meta name=\"twitter:label2\" content=\"Estimated reading time\" \/>\n\t<meta name=\"twitter:data2\" content=\"1 minute\" \/>\n<script type=\"application\/ld+json\" class=\"yoast-schema-graph\">{\"@context\":\"https:\/\/schema.org\",\"@graph\":[{\"@type\":\"Article\",\"@id\":\"https:\/\/www.andromede-ocean.com\/english\/blog\/2017\/01\/06\/antarctica-au-salon-de-la-plongee-de-paris\/#article\",\"isPartOf\":{\"@id\":\"https:\/\/www.andromede-ocean.com\/english\/blog\/2017\/01\/06\/antarctica-au-salon-de-la-plongee-de-paris\/\"},\"author\":{\"name\":\"julie Deter\",\"@id\":\"https:\/\/www.andromede-ocean.com\/english\/#\/schema\/person\/670621606150c9eb5a0c92897263dcf6\"},\"headline\":\"Antarctica! au salon de la plong\u00e9e de Paris\",\"datePublished\":\"2017-01-06T06:55:15+00:00\",\"mainEntityOfPage\":{\"@id\":\"https:\/\/www.andromede-ocean.com\/english\/blog\/2017\/01\/06\/antarctica-au-salon-de-la-plongee-de-paris\/\"},\"wordCount\":115,\"image\":{\"@id\":\"https:\/\/www.andromede-ocean.com\/english\/blog\/2017\/01\/06\/antarctica-au-salon-de-la-plongee-de-paris\/#primaryimage\"},\"thumbnailUrl\":\"http:\/\/www.andromede-ocean.com\/english\/wp-content\/uploads\/sites\/2\/antactica-paris.jpg\",\"articleSection\":[\"Animations\",\"Expeditions\"],\"inLanguage\":\"en-GB\"},{\"@type\":\"WebPage\",\"@id\":\"https:\/\/www.andromede-ocean.com\/english\/blog\/2017\/01\/06\/antarctica-au-salon-de-la-plongee-de-paris\/\",\"url\":\"https:\/\/www.andromede-ocean.com\/english\/blog\/2017\/01\/06\/antarctica-au-salon-de-la-plongee-de-paris\/\",\"name\":\"Antarctica! au salon de la plong\u00e9e de Paris - Androm\u00e8de Oc\u00e9anologie\",\"isPartOf\":{\"@id\":\"https:\/\/www.andromede-ocean.com\/english\/#website\"},\"primaryImageOfPage\":{\"@id\":\"https:\/\/www.andromede-ocean.com\/english\/blog\/2017\/01\/06\/antarctica-au-salon-de-la-plongee-de-paris\/#primaryimage\"},\"image\":{\"@id\":\"https:\/\/www.andromede-ocean.com\/english\/blog\/2017\/01\/06\/antarctica-au-salon-de-la-plongee-de-paris\/#primaryimage\"},\"thumbnailUrl\":\"http:\/\/www.andromede-ocean.com\/english\/wp-content\/uploads\/sites\/2\/antactica-paris.jpg\",\"datePublished\":\"2017-01-06T06:55:15+00:00\",\"author\":{\"@id\":\"https:\/\/www.andromede-ocean.com\/english\/#\/schema\/person\/670621606150c9eb5a0c92897263dcf6\"},\"breadcrumb\":{\"@id\":\"https:\/\/www.andromede-ocean.com\/english\/blog\/2017\/01\/06\/antarctica-au-salon-de-la-plongee-de-paris\/#breadcrumb\"},\"inLanguage\":\"en-GB\",\"potentialAction\":[{\"@type\":\"ReadAction\",\"target\":[\"https:\/\/www.andromede-ocean.com\/english\/blog\/2017\/01\/06\/antarctica-au-salon-de-la-plongee-de-paris\/\"]}]},{\"@type\":\"ImageObject\",\"inLanguage\":\"en-GB\",\"@id\":\"https:\/\/www.andromede-ocean.com\/english\/blog\/2017\/01\/06\/antarctica-au-salon-de-la-plongee-de-paris\/#primaryimage\",\"url\":\"http:\/\/www.andromede-ocean.com\/english\/wp-content\/uploads\/sites\/2\/antactica-paris.jpg\",\"contentUrl\":\"http:\/\/www.andromede-ocean.com\/english\/wp-content\/uploads\/sites\/2\/antactica-paris.jpg\"},{\"@type\":\"BreadcrumbList\",\"@id\":\"https:\/\/www.andromede-ocean.com\/english\/blog\/2017\/01\/06\/antarctica-au-salon-de-la-plongee-de-paris\/#breadcrumb\",\"itemListElement\":[{\"@type\":\"ListItem\",\"position\":1,\"name\":\"Accueil\",\"item\":\"https:\/\/www.andromede-ocean.com\/english\/\"},{\"@type\":\"ListItem\",\"position\":2,\"name\":\"Antarctica! au salon de la plong\u00e9e de Paris\"}]},{\"@type\":\"WebSite\",\"@id\":\"https:\/\/www.andromede-ocean.com\/english\/#website\",\"url\":\"https:\/\/www.andromede-ocean.com\/english\/\",\"name\":\"Androm\u00e8de Oc\u00e9anologie\",\"description\":\"\",\"potentialAction\":[{\"@type\":\"SearchAction\",\"target\":{\"@type\":\"EntryPoint\",\"urlTemplate\":\"https:\/\/www.andromede-ocean.com\/english\/?s={search_term_string}\"},\"query-input\":{\"@type\":\"PropertyValueSpecification\",\"valueRequired\":true,\"valueName\":\"search_term_string\"}}],\"inLanguage\":\"en-GB\"},{\"@type\":\"Person\",\"@id\":\"https:\/\/www.andromede-ocean.com\/english\/#\/schema\/person\/670621606150c9eb5a0c92897263dcf6\",\"name\":\"julie Deter\",\"image\":{\"@type\":\"ImageObject\",\"inLanguage\":\"en-GB\",\"@id\":\"https:\/\/www.andromede-ocean.com\/english\/#\/schema\/person\/image\/\",\"url\":\"https:\/\/secure.gravatar.com\/avatar\/29b9c20f73f722191c32425ab84445e2b34fcc25b717ea8e1667c86ae7eb81cf?s=96&d=mm&r=g\",\"contentUrl\":\"https:\/\/secure.gravatar.com\/avatar\/29b9c20f73f722191c32425ab84445e2b34fcc25b717ea8e1667c86ae7eb81cf?s=96&d=mm&r=g\",\"caption\":\"julie Deter\"}}]}<\/script>\n<!-- \/ Yoast SEO plugin. -->","yoast_head_json":{"title":"Antarctica! au salon de la plong\u00e9e de Paris - Androm\u00e8de Oc\u00e9anologie","robots":{"index":"index","follow":"follow","max-snippet":"max-snippet:-1","max-image-preview":"max-image-preview:large","max-video-preview":"max-video-preview:-1"},"og_locale":"en_GB","og_type":"article","og_title":"Antarctica! au salon de la plong\u00e9e de Paris - Androm\u00e8de Oc\u00e9anologie","og_description":"Salon de la Plong\u00e9e (du 6 au 9 janvier 2017, Parc des expositions, Porte de Versailles, Paris) Laurent Ballesta y pr\u00e9sentera les diff\u00e9rents travaux issus de L&#8217;exp\u00e9dition Antarctica! &#8211; un nouveau livre : Ad\u00e9lie Terre &amp; Mer, avec vente d\u00e9dicace &#8211; une exposition photographique, 100 m\u00e8tres carr\u00e9 d\u2019images issues du livre Ad\u00e9lie Terre &amp; Mer, [&hellip;]","og_url":"https:\/\/www.andromede-ocean.com\/english\/blog\/2017\/01\/06\/antarctica-au-salon-de-la-plongee-de-paris\/","og_site_name":"Androm\u00e8de Oc\u00e9anologie","article_published_time":"2017-01-06T06:55:15+00:00","og_image":[{"url":"http:\/\/www.andromede-ocean.com\/english\/wp-content\/uploads\/sites\/2\/antactica-paris.jpg","type":"","width":"","height":""}],"author":"julie Deter","twitter_card":"summary_large_image","twitter_misc":{"Written by":"julie Deter","Estimated reading time":"1 minute"},"schema":{"@context":"https:\/\/schema.org","@graph":[{"@type":"Article","@id":"https:\/\/www.andromede-ocean.com\/english\/blog\/2017\/01\/06\/antarctica-au-salon-de-la-plongee-de-paris\/#article","isPartOf":{"@id":"https:\/\/www.andromede-ocean.com\/english\/blog\/2017\/01\/06\/antarctica-au-salon-de-la-plongee-de-paris\/"},"author":{"name":"julie Deter","@id":"https:\/\/www.andromede-ocean.com\/english\/#\/schema\/person\/670621606150c9eb5a0c92897263dcf6"},"headline":"Antarctica! au salon de la plong\u00e9e de Paris","datePublished":"2017-01-06T06:55:15+00:00","mainEntityOfPage":{"@id":"https:\/\/www.andromede-ocean.com\/english\/blog\/2017\/01\/06\/antarctica-au-salon-de-la-plongee-de-paris\/"},"wordCount":115,"image":{"@id":"https:\/\/www.andromede-ocean.com\/english\/blog\/2017\/01\/06\/antarctica-au-salon-de-la-plongee-de-paris\/#primaryimage"},"thumbnailUrl":"http:\/\/www.andromede-ocean.com\/english\/wp-content\/uploads\/sites\/2\/antactica-paris.jpg","articleSection":["Animations","Expeditions"],"inLanguage":"en-GB"},{"@type":"WebPage","@id":"https:\/\/www.andromede-ocean.com\/english\/blog\/2017\/01\/06\/antarctica-au-salon-de-la-plongee-de-paris\/","url":"https:\/\/www.andromede-ocean.com\/english\/blog\/2017\/01\/06\/antarctica-au-salon-de-la-plongee-de-paris\/","name":"Antarctica! au salon de la plong\u00e9e de Paris - Androm\u00e8de Oc\u00e9anologie","isPartOf":{"@id":"https:\/\/www.andromede-ocean.com\/english\/#website"},"primaryImageOfPage":{"@id":"https:\/\/www.andromede-ocean.com\/english\/blog\/2017\/01\/06\/antarctica-au-salon-de-la-plongee-de-paris\/#primaryimage"},"image":{"@id":"https:\/\/www.andromede-ocean.com\/english\/blog\/2017\/01\/06\/antarctica-au-salon-de-la-plongee-de-paris\/#primaryimage"},"thumbnailUrl":"http:\/\/www.andromede-ocean.com\/english\/wp-content\/uploads\/sites\/2\/antactica-paris.jpg","datePublished":"2017-01-06T06:55:15+00:00","author":{"@id":"https:\/\/www.andromede-ocean.com\/english\/#\/schema\/person\/670621606150c9eb5a0c92897263dcf6"},"breadcrumb":{"@id":"https:\/\/www.andromede-ocean.com\/english\/blog\/2017\/01\/06\/antarctica-au-salon-de-la-plongee-de-paris\/#breadcrumb"},"inLanguage":"en-GB","potentialAction":[{"@type":"ReadAction","target":["https:\/\/www.andromede-ocean.com\/english\/blog\/2017\/01\/06\/antarctica-au-salon-de-la-plongee-de-paris\/"]}]},{"@type":"ImageObject","inLanguage":"en-GB","@id":"https:\/\/www.andromede-ocean.com\/english\/blog\/2017\/01\/06\/antarctica-au-salon-de-la-plongee-de-paris\/#primaryimage","url":"http:\/\/www.andromede-ocean.com\/english\/wp-content\/uploads\/sites\/2\/antactica-paris.jpg","contentUrl":"http:\/\/www.andromede-ocean.com\/english\/wp-content\/uploads\/sites\/2\/antactica-paris.jpg"},{"@type":"BreadcrumbList","@id":"https:\/\/www.andromede-ocean.com\/english\/blog\/2017\/01\/06\/antarctica-au-salon-de-la-plongee-de-paris\/#breadcrumb","itemListElement":[{"@type":"ListItem","position":1,"name":"Accueil","item":"https:\/\/www.andromede-ocean.com\/english\/"},{"@type":"ListItem","position":2,"name":"Antarctica! au salon de la plong\u00e9e de Paris"}]},{"@type":"WebSite","@id":"https:\/\/www.andromede-ocean.com\/english\/#website","url":"https:\/\/www.andromede-ocean.com\/english\/","name":"Androm\u00e8de Oc\u00e9anologie","description":"","potentialAction":[{"@type":"SearchAction","target":{"@type":"EntryPoint","urlTemplate":"https:\/\/www.andromede-ocean.com\/english\/?s={search_term_string}"},"query-input":{"@type":"PropertyValueSpecification","valueRequired":true,"valueName":"search_term_string"}}],"inLanguage":"en-GB"},{"@type":"Person","@id":"https:\/\/www.andromede-ocean.com\/english\/#\/schema\/person\/670621606150c9eb5a0c92897263dcf6","name":"julie Deter","image":{"@type":"ImageObject","inLanguage":"en-GB","@id":"https:\/\/www.andromede-ocean.com\/english\/#\/schema\/person\/image\/","url":"https:\/\/secure.gravatar.com\/avatar\/29b9c20f73f722191c32425ab84445e2b34fcc25b717ea8e1667c86ae7eb81cf?s=96&d=mm&r=g","contentUrl":"https:\/\/secure.gravatar.com\/avatar\/29b9c20f73f722191c32425ab84445e2b34fcc25b717ea8e1667c86ae7eb81cf?s=96&d=mm&r=g","caption":"julie Deter"}}]}},"_links":{"self":[{"href":"https:\/\/www.andromede-ocean.com\/english\/wp-json\/wp\/v2\/posts\/1741","targetHints":{"allow":["GET"]}}],"collection":[{"href":"https:\/\/www.andromede-ocean.com\/english\/wp-json\/wp\/v2\/posts"}],"about":[{"href":"https:\/\/www.andromede-ocean.com\/english\/wp-json\/wp\/v2\/types\/post"}],"author":[{"embeddable":true,"href":"https:\/\/www.andromede-ocean.com\/english\/wp-json\/wp\/v2\/users\/3"}],"replies":[{"embeddable":true,"href":"https:\/\/www.andromede-ocean.com\/english\/wp-json\/wp\/v2\/comments?post=1741"}],"version-history":[{"count":0,"href":"https:\/\/www.andromede-ocean.com\/english\/wp-json\/wp\/v2\/posts\/1741\/revisions"}],"wp:attachment":[{"href":"https:\/\/www.andromede-ocean.com\/english\/wp-json\/wp\/v2\/media?parent=1741"}],"wp:term":[{"taxonomy":"category","embeddable":true,"href":"https:\/\/www.andromede-ocean.com\/english\/wp-json\/wp\/v2\/categories?post=1741"},{"taxonomy":"post_tag","embeddable":true,"href":"https:\/\/www.andromede-ocean.com\/english\/wp-json\/wp\/v2\/tags?post=1741"}],"curies":[{"name":"wp","href":"https:\/\/api.w.org\/{rel}","templated":true}]}}