{"id":1657,"date":"2016-11-21T15:40:31","date_gmt":"2016-11-21T14:40:31","guid":{"rendered":"http:\/\/marion-dev.valars.com\/andromede\/?p=1657"},"modified":"2016-11-21T15:40:31","modified_gmt":"2016-11-21T14:40:31","slug":"la-biodiversite-est-belle-interview-sur-france-inter","status":"publish","type":"post","link":"https:\/\/www.andromede-ocean.com\/english\/blog\/2016\/11\/21\/la-biodiversite-est-belle-interview-sur-france-inter\/","title":{"rendered":"La biodiversit\u00e9 est belle ! Interview sur France inter"},"content":{"rendered":"<p>\t\t\t\t<a href=\"http:\/\/www.andromede-ocean.com\/english\/wp-content\/uploads\/sites\/2\/france-inter.jpg\"><img loading=\"lazy\" decoding=\"async\" class=\"alignleft size-thumbnail wp-image-1006\" alt=\"france-inter\" src=\"http:\/\/www.andromede-ocean.com\/english\/wp-content\/uploads\/sites\/2\/france-inter-150x150.jpg\" width=\"150\" height=\"150\" \/><\/a>Suite \u00e0 la publication de nos r\u00e9sultats sur l&#8217;<strong>esth\u00e9tique des paysages sous-marins dans Scientific Reports<\/strong> (voir le billet du 29\/09\/16 &#8211; http:\/\/www.andromede-ocean.com\/english\/?p=1597), <strong>Anne-Sophie Tribot intervient aujourd&#8217;hui \u00e0 la t\u00eate au carr\u00e9 dans l&#8217;\u00e9mission de mathieu Vidard<\/strong>. Elle parle du lien entre beaut\u00e9 et biodiversit\u00e9 des r\u00e9cifs corallig\u00e8nes et l&#8217;inter\u00eat de ce r\u00e9sultat pour la protection de la nature.<br \/>\nPodcast disponible sur <a href=\"https:\/\/www.franceinter.fr\/emissions\/la-tete-au-carre\/la-tete-au-carre-21-novembre-2016\">https:\/\/www.franceinter.fr\/emissions\/la-tete-au-carre\/la-tete-au-carre-21-novembre-2016<\/a><br \/>\n-&gt;interview au bout de 3 min 35 sec<br \/>\n&nbsp;\t\t<\/p>\n","protected":false},"excerpt":{"rendered":"<p>Suite \u00e0 la publication de nos r\u00e9sultats sur l&#8217;esth\u00e9tique des paysages sous-marins dans Scientific Reports (voir le billet du 29\/09\/16 &#8211; http:\/\/www.andromede-ocean.com\/english\/?p=1597), Anne-Sophie Tribot intervient aujourd&#8217;hui \u00e0 la t\u00eate au carr\u00e9 dans l&#8217;\u00e9mission de mathieu Vidard. Elle parle du lien entre beaut\u00e9 et biodiversit\u00e9 des r\u00e9cifs corallig\u00e8nes et l&#8217;inter\u00eat de ce r\u00e9sultat pour la protection [&hellip;]<\/p>\n","protected":false},"author":3,"featured_media":0,"comment_status":"closed","ping_status":"open","sticky":false,"template":"","format":"standard","meta":{"_et_pb_use_builder":"","_et_pb_old_content":"","_et_gb_content_width":"","footnotes":""},"categories":[6,10],"tags":[],"class_list":["post-1657","post","type-post","status-publish","format-standard","hentry","category-reseaux-surveillance","category-resultats-scientifiques"],"yoast_head":"<!-- This site is optimized with the Yoast SEO plugin v27.0 - https:\/\/yoast.com\/product\/yoast-seo-wordpress\/ -->\n<title>La biodiversit\u00e9 est belle ! Interview sur France inter - Androm\u00e8de Oc\u00e9anologie<\/title>\n<meta name=\"robots\" content=\"index, follow, max-snippet:-1, max-image-preview:large, max-video-preview:-1\" \/>\n<meta property=\"og:locale\" content=\"en_GB\" \/>\n<meta property=\"og:type\" content=\"article\" \/>\n<meta property=\"og:title\" content=\"La biodiversit\u00e9 est belle ! Interview sur France inter - Androm\u00e8de Oc\u00e9anologie\" \/>\n<meta property=\"og:description\" content=\"Suite \u00e0 la publication de nos r\u00e9sultats sur l&#8217;esth\u00e9tique des paysages sous-marins dans Scientific Reports (voir le billet du 29\/09\/16 &#8211; http:\/\/www.andromede-ocean.com\/english\/?p=1597), Anne-Sophie Tribot intervient aujourd&#8217;hui \u00e0 la t\u00eate au carr\u00e9 dans l&#8217;\u00e9mission de mathieu Vidard. Elle parle du lien entre beaut\u00e9 et biodiversit\u00e9 des r\u00e9cifs corallig\u00e8nes et l&#8217;inter\u00eat de ce r\u00e9sultat pour la protection [&hellip;]\" \/>\n<meta property=\"og:url\" content=\"https:\/\/www.andromede-ocean.com\/english\/blog\/2016\/11\/21\/la-biodiversite-est-belle-interview-sur-france-inter\/\" \/>\n<meta property=\"og:site_name\" content=\"Androm\u00e8de Oc\u00e9anologie\" \/>\n<meta property=\"article:published_time\" content=\"2016-11-21T14:40:31+00:00\" \/>\n<meta property=\"og:image\" content=\"http:\/\/www.andromede-ocean.com\/english\/wp-content\/uploads\/sites\/2\/france-inter-150x150.jpg\" \/>\n<meta name=\"author\" content=\"julie Deter\" \/>\n<meta name=\"twitter:card\" content=\"summary_large_image\" \/>\n<meta name=\"twitter:label1\" content=\"Written by\" \/>\n\t<meta name=\"twitter:data1\" content=\"julie Deter\" \/>\n<script type=\"application\/ld+json\" class=\"yoast-schema-graph\">{\"@context\":\"https:\/\/schema.org\",\"@graph\":[{\"@type\":\"Article\",\"@id\":\"https:\/\/www.andromede-ocean.com\/english\/blog\/2016\/11\/21\/la-biodiversite-est-belle-interview-sur-france-inter\/#article\",\"isPartOf\":{\"@id\":\"https:\/\/www.andromede-ocean.com\/english\/blog\/2016\/11\/21\/la-biodiversite-est-belle-interview-sur-france-inter\/\"},\"author\":{\"name\":\"julie Deter\",\"@id\":\"https:\/\/www.andromede-ocean.com\/english\/#\/schema\/person\/670621606150c9eb5a0c92897263dcf6\"},\"headline\":\"La biodiversit\u00e9 est belle ! Interview sur France inter\",\"datePublished\":\"2016-11-21T14:40:31+00:00\",\"mainEntityOfPage\":{\"@id\":\"https:\/\/www.andromede-ocean.com\/english\/blog\/2016\/11\/21\/la-biodiversite-est-belle-interview-sur-france-inter\/\"},\"wordCount\":96,\"image\":{\"@id\":\"https:\/\/www.andromede-ocean.com\/english\/blog\/2016\/11\/21\/la-biodiversite-est-belle-interview-sur-france-inter\/#primaryimage\"},\"thumbnailUrl\":\"http:\/\/www.andromede-ocean.com\/english\/wp-content\/uploads\/sites\/2\/france-inter-150x150.jpg\",\"articleSection\":[\"Monitoring\",\"Scientific results\"],\"inLanguage\":\"en-GB\"},{\"@type\":\"WebPage\",\"@id\":\"https:\/\/www.andromede-ocean.com\/english\/blog\/2016\/11\/21\/la-biodiversite-est-belle-interview-sur-france-inter\/\",\"url\":\"https:\/\/www.andromede-ocean.com\/english\/blog\/2016\/11\/21\/la-biodiversite-est-belle-interview-sur-france-inter\/\",\"name\":\"La biodiversit\u00e9 est belle ! Interview sur France inter - Androm\u00e8de Oc\u00e9anologie\",\"isPartOf\":{\"@id\":\"https:\/\/www.andromede-ocean.com\/english\/#website\"},\"primaryImageOfPage\":{\"@id\":\"https:\/\/www.andromede-ocean.com\/english\/blog\/2016\/11\/21\/la-biodiversite-est-belle-interview-sur-france-inter\/#primaryimage\"},\"image\":{\"@id\":\"https:\/\/www.andromede-ocean.com\/english\/blog\/2016\/11\/21\/la-biodiversite-est-belle-interview-sur-france-inter\/#primaryimage\"},\"thumbnailUrl\":\"http:\/\/www.andromede-ocean.com\/english\/wp-content\/uploads\/sites\/2\/france-inter-150x150.jpg\",\"datePublished\":\"2016-11-21T14:40:31+00:00\",\"author\":{\"@id\":\"https:\/\/www.andromede-ocean.com\/english\/#\/schema\/person\/670621606150c9eb5a0c92897263dcf6\"},\"breadcrumb\":{\"@id\":\"https:\/\/www.andromede-ocean.com\/english\/blog\/2016\/11\/21\/la-biodiversite-est-belle-interview-sur-france-inter\/#breadcrumb\"},\"inLanguage\":\"en-GB\",\"potentialAction\":[{\"@type\":\"ReadAction\",\"target\":[\"https:\/\/www.andromede-ocean.com\/english\/blog\/2016\/11\/21\/la-biodiversite-est-belle-interview-sur-france-inter\/\"]}]},{\"@type\":\"ImageObject\",\"inLanguage\":\"en-GB\",\"@id\":\"https:\/\/www.andromede-ocean.com\/english\/blog\/2016\/11\/21\/la-biodiversite-est-belle-interview-sur-france-inter\/#primaryimage\",\"url\":\"\",\"contentUrl\":\"\"},{\"@type\":\"BreadcrumbList\",\"@id\":\"https:\/\/www.andromede-ocean.com\/english\/blog\/2016\/11\/21\/la-biodiversite-est-belle-interview-sur-france-inter\/#breadcrumb\",\"itemListElement\":[{\"@type\":\"ListItem\",\"position\":1,\"name\":\"Accueil\",\"item\":\"https:\/\/www.andromede-ocean.com\/english\/\"},{\"@type\":\"ListItem\",\"position\":2,\"name\":\"La biodiversit\u00e9 est belle ! Interview sur France inter\"}]},{\"@type\":\"WebSite\",\"@id\":\"https:\/\/www.andromede-ocean.com\/english\/#website\",\"url\":\"https:\/\/www.andromede-ocean.com\/english\/\",\"name\":\"Androm\u00e8de Oc\u00e9anologie\",\"description\":\"\",\"potentialAction\":[{\"@type\":\"SearchAction\",\"target\":{\"@type\":\"EntryPoint\",\"urlTemplate\":\"https:\/\/www.andromede-ocean.com\/english\/?s={search_term_string}\"},\"query-input\":{\"@type\":\"PropertyValueSpecification\",\"valueRequired\":true,\"valueName\":\"search_term_string\"}}],\"inLanguage\":\"en-GB\"},{\"@type\":\"Person\",\"@id\":\"https:\/\/www.andromede-ocean.com\/english\/#\/schema\/person\/670621606150c9eb5a0c92897263dcf6\",\"name\":\"julie Deter\",\"image\":{\"@type\":\"ImageObject\",\"inLanguage\":\"en-GB\",\"@id\":\"https:\/\/www.andromede-ocean.com\/english\/#\/schema\/person\/image\/\",\"url\":\"https:\/\/secure.gravatar.com\/avatar\/29b9c20f73f722191c32425ab84445e2b34fcc25b717ea8e1667c86ae7eb81cf?s=96&d=mm&r=g\",\"contentUrl\":\"https:\/\/secure.gravatar.com\/avatar\/29b9c20f73f722191c32425ab84445e2b34fcc25b717ea8e1667c86ae7eb81cf?s=96&d=mm&r=g\",\"caption\":\"julie Deter\"}}]}<\/script>\n<!-- \/ Yoast SEO plugin. -->","yoast_head_json":{"title":"La biodiversit\u00e9 est belle ! Interview sur France inter - Androm\u00e8de Oc\u00e9anologie","robots":{"index":"index","follow":"follow","max-snippet":"max-snippet:-1","max-image-preview":"max-image-preview:large","max-video-preview":"max-video-preview:-1"},"og_locale":"en_GB","og_type":"article","og_title":"La biodiversit\u00e9 est belle ! Interview sur France inter - Androm\u00e8de Oc\u00e9anologie","og_description":"Suite \u00e0 la publication de nos r\u00e9sultats sur l&#8217;esth\u00e9tique des paysages sous-marins dans Scientific Reports (voir le billet du 29\/09\/16 &#8211; http:\/\/www.andromede-ocean.com\/english\/?p=1597), Anne-Sophie Tribot intervient aujourd&#8217;hui \u00e0 la t\u00eate au carr\u00e9 dans l&#8217;\u00e9mission de mathieu Vidard. Elle parle du lien entre beaut\u00e9 et biodiversit\u00e9 des r\u00e9cifs corallig\u00e8nes et l&#8217;inter\u00eat de ce r\u00e9sultat pour la protection [&hellip;]","og_url":"https:\/\/www.andromede-ocean.com\/english\/blog\/2016\/11\/21\/la-biodiversite-est-belle-interview-sur-france-inter\/","og_site_name":"Androm\u00e8de Oc\u00e9anologie","article_published_time":"2016-11-21T14:40:31+00:00","og_image":[{"url":"http:\/\/www.andromede-ocean.com\/english\/wp-content\/uploads\/sites\/2\/france-inter-150x150.jpg","type":"","width":"","height":""}],"author":"julie Deter","twitter_card":"summary_large_image","twitter_misc":{"Written by":"julie Deter"},"schema":{"@context":"https:\/\/schema.org","@graph":[{"@type":"Article","@id":"https:\/\/www.andromede-ocean.com\/english\/blog\/2016\/11\/21\/la-biodiversite-est-belle-interview-sur-france-inter\/#article","isPartOf":{"@id":"https:\/\/www.andromede-ocean.com\/english\/blog\/2016\/11\/21\/la-biodiversite-est-belle-interview-sur-france-inter\/"},"author":{"name":"julie Deter","@id":"https:\/\/www.andromede-ocean.com\/english\/#\/schema\/person\/670621606150c9eb5a0c92897263dcf6"},"headline":"La biodiversit\u00e9 est belle ! Interview sur France inter","datePublished":"2016-11-21T14:40:31+00:00","mainEntityOfPage":{"@id":"https:\/\/www.andromede-ocean.com\/english\/blog\/2016\/11\/21\/la-biodiversite-est-belle-interview-sur-france-inter\/"},"wordCount":96,"image":{"@id":"https:\/\/www.andromede-ocean.com\/english\/blog\/2016\/11\/21\/la-biodiversite-est-belle-interview-sur-france-inter\/#primaryimage"},"thumbnailUrl":"http:\/\/www.andromede-ocean.com\/english\/wp-content\/uploads\/sites\/2\/france-inter-150x150.jpg","articleSection":["Monitoring","Scientific results"],"inLanguage":"en-GB"},{"@type":"WebPage","@id":"https:\/\/www.andromede-ocean.com\/english\/blog\/2016\/11\/21\/la-biodiversite-est-belle-interview-sur-france-inter\/","url":"https:\/\/www.andromede-ocean.com\/english\/blog\/2016\/11\/21\/la-biodiversite-est-belle-interview-sur-france-inter\/","name":"La biodiversit\u00e9 est belle ! Interview sur France inter - Androm\u00e8de Oc\u00e9anologie","isPartOf":{"@id":"https:\/\/www.andromede-ocean.com\/english\/#website"},"primaryImageOfPage":{"@id":"https:\/\/www.andromede-ocean.com\/english\/blog\/2016\/11\/21\/la-biodiversite-est-belle-interview-sur-france-inter\/#primaryimage"},"image":{"@id":"https:\/\/www.andromede-ocean.com\/english\/blog\/2016\/11\/21\/la-biodiversite-est-belle-interview-sur-france-inter\/#primaryimage"},"thumbnailUrl":"http:\/\/www.andromede-ocean.com\/english\/wp-content\/uploads\/sites\/2\/france-inter-150x150.jpg","datePublished":"2016-11-21T14:40:31+00:00","author":{"@id":"https:\/\/www.andromede-ocean.com\/english\/#\/schema\/person\/670621606150c9eb5a0c92897263dcf6"},"breadcrumb":{"@id":"https:\/\/www.andromede-ocean.com\/english\/blog\/2016\/11\/21\/la-biodiversite-est-belle-interview-sur-france-inter\/#breadcrumb"},"inLanguage":"en-GB","potentialAction":[{"@type":"ReadAction","target":["https:\/\/www.andromede-ocean.com\/english\/blog\/2016\/11\/21\/la-biodiversite-est-belle-interview-sur-france-inter\/"]}]},{"@type":"ImageObject","inLanguage":"en-GB","@id":"https:\/\/www.andromede-ocean.com\/english\/blog\/2016\/11\/21\/la-biodiversite-est-belle-interview-sur-france-inter\/#primaryimage","url":"","contentUrl":""},{"@type":"BreadcrumbList","@id":"https:\/\/www.andromede-ocean.com\/english\/blog\/2016\/11\/21\/la-biodiversite-est-belle-interview-sur-france-inter\/#breadcrumb","itemListElement":[{"@type":"ListItem","position":1,"name":"Accueil","item":"https:\/\/www.andromede-ocean.com\/english\/"},{"@type":"ListItem","position":2,"name":"La biodiversit\u00e9 est belle ! Interview sur France inter"}]},{"@type":"WebSite","@id":"https:\/\/www.andromede-ocean.com\/english\/#website","url":"https:\/\/www.andromede-ocean.com\/english\/","name":"Androm\u00e8de Oc\u00e9anologie","description":"","potentialAction":[{"@type":"SearchAction","target":{"@type":"EntryPoint","urlTemplate":"https:\/\/www.andromede-ocean.com\/english\/?s={search_term_string}"},"query-input":{"@type":"PropertyValueSpecification","valueRequired":true,"valueName":"search_term_string"}}],"inLanguage":"en-GB"},{"@type":"Person","@id":"https:\/\/www.andromede-ocean.com\/english\/#\/schema\/person\/670621606150c9eb5a0c92897263dcf6","name":"julie Deter","image":{"@type":"ImageObject","inLanguage":"en-GB","@id":"https:\/\/www.andromede-ocean.com\/english\/#\/schema\/person\/image\/","url":"https:\/\/secure.gravatar.com\/avatar\/29b9c20f73f722191c32425ab84445e2b34fcc25b717ea8e1667c86ae7eb81cf?s=96&d=mm&r=g","contentUrl":"https:\/\/secure.gravatar.com\/avatar\/29b9c20f73f722191c32425ab84445e2b34fcc25b717ea8e1667c86ae7eb81cf?s=96&d=mm&r=g","caption":"julie Deter"}}]}},"_links":{"self":[{"href":"https:\/\/www.andromede-ocean.com\/english\/wp-json\/wp\/v2\/posts\/1657","targetHints":{"allow":["GET"]}}],"collection":[{"href":"https:\/\/www.andromede-ocean.com\/english\/wp-json\/wp\/v2\/posts"}],"about":[{"href":"https:\/\/www.andromede-ocean.com\/english\/wp-json\/wp\/v2\/types\/post"}],"author":[{"embeddable":true,"href":"https:\/\/www.andromede-ocean.com\/english\/wp-json\/wp\/v2\/users\/3"}],"replies":[{"embeddable":true,"href":"https:\/\/www.andromede-ocean.com\/english\/wp-json\/wp\/v2\/comments?post=1657"}],"version-history":[{"count":0,"href":"https:\/\/www.andromede-ocean.com\/english\/wp-json\/wp\/v2\/posts\/1657\/revisions"}],"wp:attachment":[{"href":"https:\/\/www.andromede-ocean.com\/english\/wp-json\/wp\/v2\/media?parent=1657"}],"wp:term":[{"taxonomy":"category","embeddable":true,"href":"https:\/\/www.andromede-ocean.com\/english\/wp-json\/wp\/v2\/categories?post=1657"},{"taxonomy":"post_tag","embeddable":true,"href":"https:\/\/www.andromede-ocean.com\/english\/wp-json\/wp\/v2\/tags?post=1657"}],"curies":[{"name":"wp","href":"https:\/\/api.w.org\/{rel}","templated":true}]}}