{"id":1458,"date":"2016-05-12T14:20:51","date_gmt":"2016-05-12T13:20:51","guid":{"rendered":"http:\/\/marion-dev.valars.com\/andromede\/?p=1458"},"modified":"2016-05-12T14:20:51","modified_gmt":"2016-05-12T13:20:51","slug":"configuration-spatiale-des-herbiers-au-gdr-ecostat-le-27-mai-a-montpellier","status":"publish","type":"post","link":"https:\/\/www.andromede-ocean.com\/english\/blog\/2016\/05\/12\/configuration-spatiale-des-herbiers-au-gdr-ecostat-le-27-mai-a-montpellier\/","title":{"rendered":"Configuration spatiale des herbiers au GDR Ecostat le 27 mai \u00e0 Montpellier"},"content":{"rendered":"<p style=\"text-align: left;\" align=\"center\"><strong><a href=\"http:\/\/www.andromede-ocean.com\/english\/wp-content\/uploads\/sites\/2\/LogoGDREcoStat.gif.jpg\"><img loading=\"lazy\" decoding=\"async\" class=\"alignleft size-full wp-image-1459\" alt=\"LogoGDREcoStat.gif\" src=\"http:\/\/www.andromede-ocean.com\/english\/wp-content\/uploads\/sites\/2\/LogoGDREcoStat.gif.jpg\" width=\"118\" height=\"118\" \/><\/a>Adrien Inacio<\/strong>, actuellement en stage de master 2 (Androm\u00e8de oc\u00e9anologie \/ ISEM -universit\u00e9 de Montpellier) pr\u00e9sentera les r\u00e9sultats de son master aux <strong>rencontres annuelles du GDR Ecologie Statistique<\/strong> \u00e0 Montpellier le 27 mai prochain \u00e0 10h20.<\/p>\n<p style=\"text-align: left;\" align=\"center\"><em>Programme d\u00e9taill\u00e9 des journ\u00e9es : https:\/\/dl.dropboxusercontent.com\/u\/23160641\/Programme_rencontres_GDR_EcoStat_2016-v3.pdf<\/em><\/p>\n<p align=\"center\"><span style=\"color: #800080;\"><b>Communication orale :<span style=\"text-decoration: underline;\"> Existe-t-il une relation entre les pressions anthropiques c\u00f4ti\u00e8res et la configuration spatiale des herbiers \u00e0 posidonie\u00a0?<\/span><\/b><b><\/b><\/span><\/p>\n<p><span style=\"color: #800080;\"><b>\u00a0<\/b>par<b> Adrien Inacio<sup>1, 2<\/sup>, Florian Holon <sup>1<\/sup>, Sonia K\u00e9fi <sup>2<\/sup>, Julie Deter <sup>1,2<\/sup><\/b><\/span><br \/>\n<span style=\"color: #800080;\"><b><i>1 <\/i><\/b><i>Androm\u00e8de Oc\u00e9anologie, 7 place Cassan, 34280 Carnon, France,<b> <\/b><\/i><\/span><br \/>\n<span style=\"color: #800080;\"><b><i>2 <\/i><\/b><i>Institut des Sciences de l\u2019Evolution (ISEM) &#8211; UMR 5554 CNRS-IRD-UM, Campus Triolet de l\u2019Universit\u00e9 de Montpellier, 34095 Montpellier cedex 5, France<\/i><\/span><br \/>\n<span style=\"color: #800080;\"><b><span style=\"text-decoration: underline;\">\u00a0<\/span><\/b><\/span><br \/>\n<span style=\"color: #800080;\">Depuis les ann\u00e9es 1970, le paysage, consid\u00e9r\u00e9 comme le niveau d\u2019int\u00e9gration des processus et des relations environnementales le plus \u00e9lev\u00e9, est \u00a0fr\u00e9quemment \u00e9tudi\u00e9 en milieu continental. En \u00e9cologie marine, ce niveau d\u2019analyse est frein\u00e9 par le manque de donn\u00e9es cartographiques pr\u00e9cises des habitats benthiques. Depuis 2014, il existe une cartographie\u00a0 fine (1\u00a0:10 000) des habitats marins sur les c\u00f4tes m\u00e9diterran\u00e9ennes fran\u00e7aises (Androm\u00e8de Oc\u00e9anologie 2014). Elle a d\u00e9j\u00e0 permis d\u2019\u00e9tudier la distribution spatiale des impacts de 10 pressions anthropiques sur les habitats marins et notamment sur les herbiers de posidonie, indicateur de la qualit\u00e9 \u00e9cologique des eaux c\u00f4ti\u00e8res (Holon et al. 2015). Le but de cette pr\u00e9sente \u00e9tude est de tester l\u2019influence des pressions anthropiques c\u00f4ti\u00e8res sur les paysages d\u2019herbiers \u00e0 posidonie (<i>Posidonia oceanica<\/i>). Diff\u00e9rents descripteurs paysagers de composition et de configuration sont calcul\u00e9s, dans une grille de cellules de 100 x 100 m, entre 0 et 10 m de profondeur sur l\u2019ensemble des 1800 km de lin\u00e9aire c\u00f4tier m\u00e9diterran\u00e9en fran\u00e7ais. Une premi\u00e8re exploration du jeu de donn\u00e9es par analyses multivari\u00e9es fait ressortir un lien important entre des pressions localis\u00e9es (aquaculture et ancrage) et la moyenne des aires de taches, les indices de division et de coh\u00e9sion et l\u2019indice de d\u00e9clin de l\u2019herbier. Une approche de \u00ab\u00a0Random Forest\u00a0\u00bb est ensuite appliqu\u00e9e pour expliquer ces indices par les pressions disponibles (Holon et al, 2015). Les analyses, actuellement en cours, pourraient permettre de relier la configuration spatiale des herbiers de posidonie et l\u2019intensit\u00e9 des pressions anthropiques c\u00f4ti\u00e8res. Cette approche permettra de suivre l\u2019\u00e9volution des pressions impactant les herbiers et de surveiller la qualit\u00e9 des eaux c\u00f4ti\u00e8res (entre 0 et 10 m\u00e8tres) en se basant sur des photos a\u00e9riennes et\/ou satellites.<\/span><br \/>\n<span style=\"color: #800080;\">\u00a0<\/span><br \/>\n<span style=\"color: #800080;\"><b>R\u00e9f\u00e9rences bibliographiques<\/b><\/span><br \/>\n<span style=\"color: #800080;\">Androm\u00e8de Oc\u00e9anologie. 2014. La M\u00e9diterran\u00e9e d\u00e9voile ses dessous: cartographie continue des habitats marins. Partenariat Agence de l&#8217;eau RMC \u2013 Androm\u00e8de. \u00a0Disponible sur http:\/\/www.observatoire-biodiversite-paca.org\/environnement\/biodiversite\/la-mediterranee-devoile-ses-dessous-cartographie-continue-des-habitats-marins-~179.html<\/span><br \/>\n<span style=\"color: #800080;\">Holon F, Mouquet N, Boissery P, Bouchoucha M, Delaruelle G, Tribot A-S, Deter J. 2015. Fine-Scale Cartography of Human Impacts along French Mediterranean Coasts\u202f: A Relevant Map for the Management of Marine Ecosystems. Plos One 1\u201320.<\/span><br \/>\n<span style=\"color: #800080;\">\u00a0<\/span><br \/>\n&nbsp;<br \/>\n&nbsp;\t\t<\/p>\n","protected":false},"excerpt":{"rendered":"<p>Adrien Inacio, actuellement en stage de master 2 (Androm\u00e8de oc\u00e9anologie \/ ISEM -universit\u00e9 de Montpellier) pr\u00e9sentera les r\u00e9sultats de son master aux rencontres annuelles du GDR Ecologie Statistique \u00e0 Montpellier le 27 mai prochain \u00e0 10h20. Programme d\u00e9taill\u00e9 des journ\u00e9es : https:\/\/dl.dropboxusercontent.com\/u\/23160641\/Programme_rencontres_GDR_EcoStat_2016-v3.pdf Communication orale : Existe-t-il une relation entre les pressions anthropiques c\u00f4ti\u00e8res et la [&hellip;]<\/p>\n","protected":false},"author":3,"featured_media":0,"comment_status":"closed","ping_status":"open","sticky":false,"template":"","format":"standard","meta":{"_et_pb_use_builder":"","_et_pb_old_content":"","_et_gb_content_width":"","footnotes":""},"categories":[10],"tags":[],"class_list":["post-1458","post","type-post","status-publish","format-standard","hentry","category-resultats-scientifiques"],"yoast_head":"<!-- This site is optimized with the Yoast SEO plugin v27.0 - https:\/\/yoast.com\/product\/yoast-seo-wordpress\/ -->\n<title>Configuration spatiale des herbiers au GDR Ecostat le 27 mai \u00e0 Montpellier - Androm\u00e8de Oc\u00e9anologie<\/title>\n<meta name=\"robots\" content=\"index, follow, max-snippet:-1, max-image-preview:large, max-video-preview:-1\" \/>\n<meta property=\"og:locale\" content=\"en_GB\" \/>\n<meta property=\"og:type\" content=\"article\" \/>\n<meta property=\"og:title\" content=\"Configuration spatiale des herbiers au GDR Ecostat le 27 mai \u00e0 Montpellier - Androm\u00e8de Oc\u00e9anologie\" \/>\n<meta property=\"og:description\" content=\"Adrien Inacio, actuellement en stage de master 2 (Androm\u00e8de oc\u00e9anologie \/ ISEM -universit\u00e9 de Montpellier) pr\u00e9sentera les r\u00e9sultats de son master aux rencontres annuelles du GDR Ecologie Statistique \u00e0 Montpellier le 27 mai prochain \u00e0 10h20. Programme d\u00e9taill\u00e9 des journ\u00e9es : https:\/\/dl.dropboxusercontent.com\/u\/23160641\/Programme_rencontres_GDR_EcoStat_2016-v3.pdf Communication orale : Existe-t-il une relation entre les pressions anthropiques c\u00f4ti\u00e8res et la [&hellip;]\" \/>\n<meta property=\"og:url\" content=\"https:\/\/www.andromede-ocean.com\/english\/blog\/2016\/05\/12\/configuration-spatiale-des-herbiers-au-gdr-ecostat-le-27-mai-a-montpellier\/\" \/>\n<meta property=\"og:site_name\" content=\"Androm\u00e8de Oc\u00e9anologie\" \/>\n<meta property=\"article:published_time\" content=\"2016-05-12T13:20:51+00:00\" \/>\n<meta property=\"og:image\" content=\"http:\/\/www.andromede-ocean.com\/english\/wp-content\/uploads\/sites\/2\/LogoGDREcoStat.gif.jpg\" \/>\n<meta name=\"author\" content=\"julie Deter\" \/>\n<meta name=\"twitter:card\" content=\"summary_large_image\" \/>\n<meta name=\"twitter:label1\" content=\"Written by\" \/>\n\t<meta name=\"twitter:data1\" content=\"julie Deter\" \/>\n\t<meta name=\"twitter:label2\" content=\"Estimated reading time\" \/>\n\t<meta name=\"twitter:data2\" content=\"2 minutes\" \/>\n<script type=\"application\/ld+json\" class=\"yoast-schema-graph\">{\"@context\":\"https:\/\/schema.org\",\"@graph\":[{\"@type\":\"Article\",\"@id\":\"https:\/\/www.andromede-ocean.com\/english\/blog\/2016\/05\/12\/configuration-spatiale-des-herbiers-au-gdr-ecostat-le-27-mai-a-montpellier\/#article\",\"isPartOf\":{\"@id\":\"https:\/\/www.andromede-ocean.com\/english\/blog\/2016\/05\/12\/configuration-spatiale-des-herbiers-au-gdr-ecostat-le-27-mai-a-montpellier\/\"},\"author\":{\"name\":\"julie Deter\",\"@id\":\"https:\/\/www.andromede-ocean.com\/english\/#\/schema\/person\/670621606150c9eb5a0c92897263dcf6\"},\"headline\":\"Configuration spatiale des herbiers au GDR Ecostat le 27 mai \u00e0 Montpellier\",\"datePublished\":\"2016-05-12T13:20:51+00:00\",\"mainEntityOfPage\":{\"@id\":\"https:\/\/www.andromede-ocean.com\/english\/blog\/2016\/05\/12\/configuration-spatiale-des-herbiers-au-gdr-ecostat-le-27-mai-a-montpellier\/\"},\"wordCount\":503,\"image\":{\"@id\":\"https:\/\/www.andromede-ocean.com\/english\/blog\/2016\/05\/12\/configuration-spatiale-des-herbiers-au-gdr-ecostat-le-27-mai-a-montpellier\/#primaryimage\"},\"thumbnailUrl\":\"http:\/\/www.andromede-ocean.com\/english\/wp-content\/uploads\/sites\/2\/LogoGDREcoStat.gif.jpg\",\"articleSection\":[\"Scientific results\"],\"inLanguage\":\"en-GB\"},{\"@type\":\"WebPage\",\"@id\":\"https:\/\/www.andromede-ocean.com\/english\/blog\/2016\/05\/12\/configuration-spatiale-des-herbiers-au-gdr-ecostat-le-27-mai-a-montpellier\/\",\"url\":\"https:\/\/www.andromede-ocean.com\/english\/blog\/2016\/05\/12\/configuration-spatiale-des-herbiers-au-gdr-ecostat-le-27-mai-a-montpellier\/\",\"name\":\"Configuration spatiale des herbiers au GDR Ecostat le 27 mai \u00e0 Montpellier - Androm\u00e8de Oc\u00e9anologie\",\"isPartOf\":{\"@id\":\"https:\/\/www.andromede-ocean.com\/english\/#website\"},\"primaryImageOfPage\":{\"@id\":\"https:\/\/www.andromede-ocean.com\/english\/blog\/2016\/05\/12\/configuration-spatiale-des-herbiers-au-gdr-ecostat-le-27-mai-a-montpellier\/#primaryimage\"},\"image\":{\"@id\":\"https:\/\/www.andromede-ocean.com\/english\/blog\/2016\/05\/12\/configuration-spatiale-des-herbiers-au-gdr-ecostat-le-27-mai-a-montpellier\/#primaryimage\"},\"thumbnailUrl\":\"http:\/\/www.andromede-ocean.com\/english\/wp-content\/uploads\/sites\/2\/LogoGDREcoStat.gif.jpg\",\"datePublished\":\"2016-05-12T13:20:51+00:00\",\"author\":{\"@id\":\"https:\/\/www.andromede-ocean.com\/english\/#\/schema\/person\/670621606150c9eb5a0c92897263dcf6\"},\"breadcrumb\":{\"@id\":\"https:\/\/www.andromede-ocean.com\/english\/blog\/2016\/05\/12\/configuration-spatiale-des-herbiers-au-gdr-ecostat-le-27-mai-a-montpellier\/#breadcrumb\"},\"inLanguage\":\"en-GB\",\"potentialAction\":[{\"@type\":\"ReadAction\",\"target\":[\"https:\/\/www.andromede-ocean.com\/english\/blog\/2016\/05\/12\/configuration-spatiale-des-herbiers-au-gdr-ecostat-le-27-mai-a-montpellier\/\"]}]},{\"@type\":\"ImageObject\",\"inLanguage\":\"en-GB\",\"@id\":\"https:\/\/www.andromede-ocean.com\/english\/blog\/2016\/05\/12\/configuration-spatiale-des-herbiers-au-gdr-ecostat-le-27-mai-a-montpellier\/#primaryimage\",\"url\":\"http:\/\/www.andromede-ocean.com\/english\/wp-content\/uploads\/sites\/2\/LogoGDREcoStat.gif.jpg\",\"contentUrl\":\"http:\/\/www.andromede-ocean.com\/english\/wp-content\/uploads\/sites\/2\/LogoGDREcoStat.gif.jpg\"},{\"@type\":\"BreadcrumbList\",\"@id\":\"https:\/\/www.andromede-ocean.com\/english\/blog\/2016\/05\/12\/configuration-spatiale-des-herbiers-au-gdr-ecostat-le-27-mai-a-montpellier\/#breadcrumb\",\"itemListElement\":[{\"@type\":\"ListItem\",\"position\":1,\"name\":\"Accueil\",\"item\":\"https:\/\/www.andromede-ocean.com\/english\/\"},{\"@type\":\"ListItem\",\"position\":2,\"name\":\"Configuration spatiale des herbiers au GDR Ecostat le 27 mai \u00e0 Montpellier\"}]},{\"@type\":\"WebSite\",\"@id\":\"https:\/\/www.andromede-ocean.com\/english\/#website\",\"url\":\"https:\/\/www.andromede-ocean.com\/english\/\",\"name\":\"Androm\u00e8de Oc\u00e9anologie\",\"description\":\"\",\"potentialAction\":[{\"@type\":\"SearchAction\",\"target\":{\"@type\":\"EntryPoint\",\"urlTemplate\":\"https:\/\/www.andromede-ocean.com\/english\/?s={search_term_string}\"},\"query-input\":{\"@type\":\"PropertyValueSpecification\",\"valueRequired\":true,\"valueName\":\"search_term_string\"}}],\"inLanguage\":\"en-GB\"},{\"@type\":\"Person\",\"@id\":\"https:\/\/www.andromede-ocean.com\/english\/#\/schema\/person\/670621606150c9eb5a0c92897263dcf6\",\"name\":\"julie Deter\",\"image\":{\"@type\":\"ImageObject\",\"inLanguage\":\"en-GB\",\"@id\":\"https:\/\/www.andromede-ocean.com\/english\/#\/schema\/person\/image\/\",\"url\":\"https:\/\/secure.gravatar.com\/avatar\/29b9c20f73f722191c32425ab84445e2b34fcc25b717ea8e1667c86ae7eb81cf?s=96&d=mm&r=g\",\"contentUrl\":\"https:\/\/secure.gravatar.com\/avatar\/29b9c20f73f722191c32425ab84445e2b34fcc25b717ea8e1667c86ae7eb81cf?s=96&d=mm&r=g\",\"caption\":\"julie Deter\"}}]}<\/script>\n<!-- \/ Yoast SEO plugin. -->","yoast_head_json":{"title":"Configuration spatiale des herbiers au GDR Ecostat le 27 mai \u00e0 Montpellier - Androm\u00e8de Oc\u00e9anologie","robots":{"index":"index","follow":"follow","max-snippet":"max-snippet:-1","max-image-preview":"max-image-preview:large","max-video-preview":"max-video-preview:-1"},"og_locale":"en_GB","og_type":"article","og_title":"Configuration spatiale des herbiers au GDR Ecostat le 27 mai \u00e0 Montpellier - Androm\u00e8de Oc\u00e9anologie","og_description":"Adrien Inacio, actuellement en stage de master 2 (Androm\u00e8de oc\u00e9anologie \/ ISEM -universit\u00e9 de Montpellier) pr\u00e9sentera les r\u00e9sultats de son master aux rencontres annuelles du GDR Ecologie Statistique \u00e0 Montpellier le 27 mai prochain \u00e0 10h20. Programme d\u00e9taill\u00e9 des journ\u00e9es : https:\/\/dl.dropboxusercontent.com\/u\/23160641\/Programme_rencontres_GDR_EcoStat_2016-v3.pdf Communication orale : Existe-t-il une relation entre les pressions anthropiques c\u00f4ti\u00e8res et la [&hellip;]","og_url":"https:\/\/www.andromede-ocean.com\/english\/blog\/2016\/05\/12\/configuration-spatiale-des-herbiers-au-gdr-ecostat-le-27-mai-a-montpellier\/","og_site_name":"Androm\u00e8de Oc\u00e9anologie","article_published_time":"2016-05-12T13:20:51+00:00","og_image":[{"url":"http:\/\/www.andromede-ocean.com\/english\/wp-content\/uploads\/sites\/2\/LogoGDREcoStat.gif.jpg","type":"","width":"","height":""}],"author":"julie Deter","twitter_card":"summary_large_image","twitter_misc":{"Written by":"julie Deter","Estimated reading time":"2 minutes"},"schema":{"@context":"https:\/\/schema.org","@graph":[{"@type":"Article","@id":"https:\/\/www.andromede-ocean.com\/english\/blog\/2016\/05\/12\/configuration-spatiale-des-herbiers-au-gdr-ecostat-le-27-mai-a-montpellier\/#article","isPartOf":{"@id":"https:\/\/www.andromede-ocean.com\/english\/blog\/2016\/05\/12\/configuration-spatiale-des-herbiers-au-gdr-ecostat-le-27-mai-a-montpellier\/"},"author":{"name":"julie Deter","@id":"https:\/\/www.andromede-ocean.com\/english\/#\/schema\/person\/670621606150c9eb5a0c92897263dcf6"},"headline":"Configuration spatiale des herbiers au GDR Ecostat le 27 mai \u00e0 Montpellier","datePublished":"2016-05-12T13:20:51+00:00","mainEntityOfPage":{"@id":"https:\/\/www.andromede-ocean.com\/english\/blog\/2016\/05\/12\/configuration-spatiale-des-herbiers-au-gdr-ecostat-le-27-mai-a-montpellier\/"},"wordCount":503,"image":{"@id":"https:\/\/www.andromede-ocean.com\/english\/blog\/2016\/05\/12\/configuration-spatiale-des-herbiers-au-gdr-ecostat-le-27-mai-a-montpellier\/#primaryimage"},"thumbnailUrl":"http:\/\/www.andromede-ocean.com\/english\/wp-content\/uploads\/sites\/2\/LogoGDREcoStat.gif.jpg","articleSection":["Scientific results"],"inLanguage":"en-GB"},{"@type":"WebPage","@id":"https:\/\/www.andromede-ocean.com\/english\/blog\/2016\/05\/12\/configuration-spatiale-des-herbiers-au-gdr-ecostat-le-27-mai-a-montpellier\/","url":"https:\/\/www.andromede-ocean.com\/english\/blog\/2016\/05\/12\/configuration-spatiale-des-herbiers-au-gdr-ecostat-le-27-mai-a-montpellier\/","name":"Configuration spatiale des herbiers au GDR Ecostat le 27 mai \u00e0 Montpellier - Androm\u00e8de Oc\u00e9anologie","isPartOf":{"@id":"https:\/\/www.andromede-ocean.com\/english\/#website"},"primaryImageOfPage":{"@id":"https:\/\/www.andromede-ocean.com\/english\/blog\/2016\/05\/12\/configuration-spatiale-des-herbiers-au-gdr-ecostat-le-27-mai-a-montpellier\/#primaryimage"},"image":{"@id":"https:\/\/www.andromede-ocean.com\/english\/blog\/2016\/05\/12\/configuration-spatiale-des-herbiers-au-gdr-ecostat-le-27-mai-a-montpellier\/#primaryimage"},"thumbnailUrl":"http:\/\/www.andromede-ocean.com\/english\/wp-content\/uploads\/sites\/2\/LogoGDREcoStat.gif.jpg","datePublished":"2016-05-12T13:20:51+00:00","author":{"@id":"https:\/\/www.andromede-ocean.com\/english\/#\/schema\/person\/670621606150c9eb5a0c92897263dcf6"},"breadcrumb":{"@id":"https:\/\/www.andromede-ocean.com\/english\/blog\/2016\/05\/12\/configuration-spatiale-des-herbiers-au-gdr-ecostat-le-27-mai-a-montpellier\/#breadcrumb"},"inLanguage":"en-GB","potentialAction":[{"@type":"ReadAction","target":["https:\/\/www.andromede-ocean.com\/english\/blog\/2016\/05\/12\/configuration-spatiale-des-herbiers-au-gdr-ecostat-le-27-mai-a-montpellier\/"]}]},{"@type":"ImageObject","inLanguage":"en-GB","@id":"https:\/\/www.andromede-ocean.com\/english\/blog\/2016\/05\/12\/configuration-spatiale-des-herbiers-au-gdr-ecostat-le-27-mai-a-montpellier\/#primaryimage","url":"http:\/\/www.andromede-ocean.com\/english\/wp-content\/uploads\/sites\/2\/LogoGDREcoStat.gif.jpg","contentUrl":"http:\/\/www.andromede-ocean.com\/english\/wp-content\/uploads\/sites\/2\/LogoGDREcoStat.gif.jpg"},{"@type":"BreadcrumbList","@id":"https:\/\/www.andromede-ocean.com\/english\/blog\/2016\/05\/12\/configuration-spatiale-des-herbiers-au-gdr-ecostat-le-27-mai-a-montpellier\/#breadcrumb","itemListElement":[{"@type":"ListItem","position":1,"name":"Accueil","item":"https:\/\/www.andromede-ocean.com\/english\/"},{"@type":"ListItem","position":2,"name":"Configuration spatiale des herbiers au GDR Ecostat le 27 mai \u00e0 Montpellier"}]},{"@type":"WebSite","@id":"https:\/\/www.andromede-ocean.com\/english\/#website","url":"https:\/\/www.andromede-ocean.com\/english\/","name":"Androm\u00e8de Oc\u00e9anologie","description":"","potentialAction":[{"@type":"SearchAction","target":{"@type":"EntryPoint","urlTemplate":"https:\/\/www.andromede-ocean.com\/english\/?s={search_term_string}"},"query-input":{"@type":"PropertyValueSpecification","valueRequired":true,"valueName":"search_term_string"}}],"inLanguage":"en-GB"},{"@type":"Person","@id":"https:\/\/www.andromede-ocean.com\/english\/#\/schema\/person\/670621606150c9eb5a0c92897263dcf6","name":"julie Deter","image":{"@type":"ImageObject","inLanguage":"en-GB","@id":"https:\/\/www.andromede-ocean.com\/english\/#\/schema\/person\/image\/","url":"https:\/\/secure.gravatar.com\/avatar\/29b9c20f73f722191c32425ab84445e2b34fcc25b717ea8e1667c86ae7eb81cf?s=96&d=mm&r=g","contentUrl":"https:\/\/secure.gravatar.com\/avatar\/29b9c20f73f722191c32425ab84445e2b34fcc25b717ea8e1667c86ae7eb81cf?s=96&d=mm&r=g","caption":"julie Deter"}}]}},"_links":{"self":[{"href":"https:\/\/www.andromede-ocean.com\/english\/wp-json\/wp\/v2\/posts\/1458","targetHints":{"allow":["GET"]}}],"collection":[{"href":"https:\/\/www.andromede-ocean.com\/english\/wp-json\/wp\/v2\/posts"}],"about":[{"href":"https:\/\/www.andromede-ocean.com\/english\/wp-json\/wp\/v2\/types\/post"}],"author":[{"embeddable":true,"href":"https:\/\/www.andromede-ocean.com\/english\/wp-json\/wp\/v2\/users\/3"}],"replies":[{"embeddable":true,"href":"https:\/\/www.andromede-ocean.com\/english\/wp-json\/wp\/v2\/comments?post=1458"}],"version-history":[{"count":0,"href":"https:\/\/www.andromede-ocean.com\/english\/wp-json\/wp\/v2\/posts\/1458\/revisions"}],"wp:attachment":[{"href":"https:\/\/www.andromede-ocean.com\/english\/wp-json\/wp\/v2\/media?parent=1458"}],"wp:term":[{"taxonomy":"category","embeddable":true,"href":"https:\/\/www.andromede-ocean.com\/english\/wp-json\/wp\/v2\/categories?post=1458"},{"taxonomy":"post_tag","embeddable":true,"href":"https:\/\/www.andromede-ocean.com\/english\/wp-json\/wp\/v2\/tags?post=1458"}],"curies":[{"name":"wp","href":"https:\/\/api.w.org\/{rel}","templated":true}]}}