{"id":1453,"date":"2016-04-27T11:12:18","date_gmt":"2016-04-27T10:12:18","guid":{"rendered":"http:\/\/marion-dev.valars.com\/andromede\/?p=1453"},"modified":"2016-04-27T11:12:18","modified_gmt":"2016-04-27T10:12:18","slug":"antarctica-au-musee-des-confluences-a-lyon","status":"publish","type":"post","link":"https:\/\/www.andromede-ocean.com\/english\/blog\/2016\/04\/27\/antarctica-au-musee-des-confluences-a-lyon\/","title":{"rendered":"Antarctica! au mus\u00e9e des confluences \u00e0 Lyon"},"content":{"rendered":"<div>\n<div>\n<div><a href=\"http:\/\/www.andromede-ocean.com\/english\/wp-content\/uploads\/sites\/2\/antarctique.jpg\"><img loading=\"lazy\" decoding=\"async\" class=\"alignleft size-medium wp-image-1455\" alt=\"antarctique\" src=\"http:\/\/www.andromede-ocean.com\/english\/wp-content\/uploads\/sites\/2\/antarctique-300x133.jpg\" width=\"300\" height=\"133\" \/><\/a>Du 26 avril 2016 au 30 d\u00e9cembre 2016, retrouvez les photographies de Laurent Ballesta prises lors de la derni\u00e8re mission en Antarctique au <strong>mus\u00e9e des confluences \u00e0 Lyon<\/strong>.<\/div>\n<\/div>\n<\/div>\n<p>En octobre 2015, 10 ans apr\u00e8s <em>La marche de l\u2019Empereur<\/em>, le r\u00e9alisateur <strong>Luc Jacquet<\/strong>, accompagn\u00e9 du r\u00e9alisateur <strong>J\u00e9r\u00f4me Bouvier<\/strong> et des photographes<strong> Vincent Munier<\/strong> et <strong>Laurent Ballesta<\/strong>, conduit une nouvelle exp\u00e9dition, \u2018\u2018<em>Antarctica !<\/em>\u2019\u2019, pour sensibiliser le grand public aux enjeux climatiques mondiaux.<br \/>\nL\u2019exposition propose un voyage \u00e0 la d\u00e9couverte du d\u00e9sert blanc, uniquement accessible aux missions scientifiques venues du monde entier.<br \/>\nAlliant une double approche \u00e0 la fois esth\u00e9tique et scientifique, <em>Antarctica<\/em> est une v\u00e9ritable ode \u00e0 la biodiversit\u00e9 polaire et \u00e0 sa protection.\t\t<\/p>\n","protected":false},"excerpt":{"rendered":"<p>Du 26 avril 2016 au 30 d\u00e9cembre 2016, retrouvez les photographies de Laurent Ballesta prises lors de la derni\u00e8re mission en Antarctique au mus\u00e9e des confluences \u00e0 Lyon. En octobre 2015, 10 ans apr\u00e8s La marche de l\u2019Empereur, le r\u00e9alisateur Luc Jacquet, accompagn\u00e9 du r\u00e9alisateur J\u00e9r\u00f4me Bouvier et des photographes Vincent Munier et Laurent Ballesta, [&hellip;]<\/p>\n","protected":false},"author":3,"featured_media":0,"comment_status":"closed","ping_status":"open","sticky":false,"template":"","format":"standard","meta":{"_et_pb_use_builder":"","_et_pb_old_content":"","_et_gb_content_width":"","footnotes":""},"categories":[2,5],"tags":[],"class_list":["post-1453","post","type-post","status-publish","format-standard","hentry","category-animations","category-expeditions"],"yoast_head":"<!-- This site is optimized with the Yoast SEO plugin v27.0 - https:\/\/yoast.com\/product\/yoast-seo-wordpress\/ -->\n<title>Antarctica! au mus\u00e9e des confluences \u00e0 Lyon - Androm\u00e8de Oc\u00e9anologie<\/title>\n<meta name=\"robots\" content=\"index, follow, max-snippet:-1, max-image-preview:large, max-video-preview:-1\" \/>\n<meta property=\"og:locale\" content=\"en_GB\" \/>\n<meta property=\"og:type\" content=\"article\" \/>\n<meta property=\"og:title\" content=\"Antarctica! au mus\u00e9e des confluences \u00e0 Lyon - Androm\u00e8de Oc\u00e9anologie\" \/>\n<meta property=\"og:description\" content=\"Du 26 avril 2016 au 30 d\u00e9cembre 2016, retrouvez les photographies de Laurent Ballesta prises lors de la derni\u00e8re mission en Antarctique au mus\u00e9e des confluences \u00e0 Lyon. En octobre 2015, 10 ans apr\u00e8s La marche de l\u2019Empereur, le r\u00e9alisateur Luc Jacquet, accompagn\u00e9 du r\u00e9alisateur J\u00e9r\u00f4me Bouvier et des photographes Vincent Munier et Laurent Ballesta, [&hellip;]\" \/>\n<meta property=\"og:url\" content=\"https:\/\/www.andromede-ocean.com\/english\/blog\/2016\/04\/27\/antarctica-au-musee-des-confluences-a-lyon\/\" \/>\n<meta property=\"og:site_name\" content=\"Androm\u00e8de Oc\u00e9anologie\" \/>\n<meta property=\"article:published_time\" content=\"2016-04-27T10:12:18+00:00\" \/>\n<meta property=\"og:image\" content=\"http:\/\/www.andromede-ocean.com\/english\/wp-content\/uploads\/sites\/2\/antarctique-300x133.jpg\" \/>\n<meta name=\"author\" content=\"julie Deter\" \/>\n<meta name=\"twitter:card\" content=\"summary_large_image\" \/>\n<meta name=\"twitter:label1\" content=\"Written by\" \/>\n\t<meta name=\"twitter:data1\" content=\"julie Deter\" \/>\n\t<meta name=\"twitter:label2\" content=\"Estimated reading time\" \/>\n\t<meta name=\"twitter:data2\" content=\"1 minute\" \/>\n<script type=\"application\/ld+json\" class=\"yoast-schema-graph\">{\"@context\":\"https:\/\/schema.org\",\"@graph\":[{\"@type\":\"Article\",\"@id\":\"https:\/\/www.andromede-ocean.com\/english\/blog\/2016\/04\/27\/antarctica-au-musee-des-confluences-a-lyon\/#article\",\"isPartOf\":{\"@id\":\"https:\/\/www.andromede-ocean.com\/english\/blog\/2016\/04\/27\/antarctica-au-musee-des-confluences-a-lyon\/\"},\"author\":{\"name\":\"julie Deter\",\"@id\":\"https:\/\/www.andromede-ocean.com\/english\/#\/schema\/person\/670621606150c9eb5a0c92897263dcf6\"},\"headline\":\"Antarctica! au mus\u00e9e des confluences \u00e0 Lyon\",\"datePublished\":\"2016-04-27T10:12:18+00:00\",\"mainEntityOfPage\":{\"@id\":\"https:\/\/www.andromede-ocean.com\/english\/blog\/2016\/04\/27\/antarctica-au-musee-des-confluences-a-lyon\/\"},\"wordCount\":122,\"image\":{\"@id\":\"https:\/\/www.andromede-ocean.com\/english\/blog\/2016\/04\/27\/antarctica-au-musee-des-confluences-a-lyon\/#primaryimage\"},\"thumbnailUrl\":\"http:\/\/www.andromede-ocean.com\/english\/wp-content\/uploads\/sites\/2\/antarctique-300x133.jpg\",\"articleSection\":[\"Animations\",\"Expeditions\"],\"inLanguage\":\"en-GB\"},{\"@type\":\"WebPage\",\"@id\":\"https:\/\/www.andromede-ocean.com\/english\/blog\/2016\/04\/27\/antarctica-au-musee-des-confluences-a-lyon\/\",\"url\":\"https:\/\/www.andromede-ocean.com\/english\/blog\/2016\/04\/27\/antarctica-au-musee-des-confluences-a-lyon\/\",\"name\":\"Antarctica! au mus\u00e9e des confluences \u00e0 Lyon - Androm\u00e8de Oc\u00e9anologie\",\"isPartOf\":{\"@id\":\"https:\/\/www.andromede-ocean.com\/english\/#website\"},\"primaryImageOfPage\":{\"@id\":\"https:\/\/www.andromede-ocean.com\/english\/blog\/2016\/04\/27\/antarctica-au-musee-des-confluences-a-lyon\/#primaryimage\"},\"image\":{\"@id\":\"https:\/\/www.andromede-ocean.com\/english\/blog\/2016\/04\/27\/antarctica-au-musee-des-confluences-a-lyon\/#primaryimage\"},\"thumbnailUrl\":\"http:\/\/www.andromede-ocean.com\/english\/wp-content\/uploads\/sites\/2\/antarctique-300x133.jpg\",\"datePublished\":\"2016-04-27T10:12:18+00:00\",\"author\":{\"@id\":\"https:\/\/www.andromede-ocean.com\/english\/#\/schema\/person\/670621606150c9eb5a0c92897263dcf6\"},\"breadcrumb\":{\"@id\":\"https:\/\/www.andromede-ocean.com\/english\/blog\/2016\/04\/27\/antarctica-au-musee-des-confluences-a-lyon\/#breadcrumb\"},\"inLanguage\":\"en-GB\",\"potentialAction\":[{\"@type\":\"ReadAction\",\"target\":[\"https:\/\/www.andromede-ocean.com\/english\/blog\/2016\/04\/27\/antarctica-au-musee-des-confluences-a-lyon\/\"]}]},{\"@type\":\"ImageObject\",\"inLanguage\":\"en-GB\",\"@id\":\"https:\/\/www.andromede-ocean.com\/english\/blog\/2016\/04\/27\/antarctica-au-musee-des-confluences-a-lyon\/#primaryimage\",\"url\":\"\",\"contentUrl\":\"\"},{\"@type\":\"BreadcrumbList\",\"@id\":\"https:\/\/www.andromede-ocean.com\/english\/blog\/2016\/04\/27\/antarctica-au-musee-des-confluences-a-lyon\/#breadcrumb\",\"itemListElement\":[{\"@type\":\"ListItem\",\"position\":1,\"name\":\"Accueil\",\"item\":\"https:\/\/www.andromede-ocean.com\/english\/\"},{\"@type\":\"ListItem\",\"position\":2,\"name\":\"Antarctica! au mus\u00e9e des confluences \u00e0 Lyon\"}]},{\"@type\":\"WebSite\",\"@id\":\"https:\/\/www.andromede-ocean.com\/english\/#website\",\"url\":\"https:\/\/www.andromede-ocean.com\/english\/\",\"name\":\"Androm\u00e8de Oc\u00e9anologie\",\"description\":\"\",\"potentialAction\":[{\"@type\":\"SearchAction\",\"target\":{\"@type\":\"EntryPoint\",\"urlTemplate\":\"https:\/\/www.andromede-ocean.com\/english\/?s={search_term_string}\"},\"query-input\":{\"@type\":\"PropertyValueSpecification\",\"valueRequired\":true,\"valueName\":\"search_term_string\"}}],\"inLanguage\":\"en-GB\"},{\"@type\":\"Person\",\"@id\":\"https:\/\/www.andromede-ocean.com\/english\/#\/schema\/person\/670621606150c9eb5a0c92897263dcf6\",\"name\":\"julie Deter\",\"image\":{\"@type\":\"ImageObject\",\"inLanguage\":\"en-GB\",\"@id\":\"https:\/\/www.andromede-ocean.com\/english\/#\/schema\/person\/image\/\",\"url\":\"https:\/\/secure.gravatar.com\/avatar\/29b9c20f73f722191c32425ab84445e2b34fcc25b717ea8e1667c86ae7eb81cf?s=96&d=mm&r=g\",\"contentUrl\":\"https:\/\/secure.gravatar.com\/avatar\/29b9c20f73f722191c32425ab84445e2b34fcc25b717ea8e1667c86ae7eb81cf?s=96&d=mm&r=g\",\"caption\":\"julie Deter\"}}]}<\/script>\n<!-- \/ Yoast SEO plugin. -->","yoast_head_json":{"title":"Antarctica! au mus\u00e9e des confluences \u00e0 Lyon - Androm\u00e8de Oc\u00e9anologie","robots":{"index":"index","follow":"follow","max-snippet":"max-snippet:-1","max-image-preview":"max-image-preview:large","max-video-preview":"max-video-preview:-1"},"og_locale":"en_GB","og_type":"article","og_title":"Antarctica! au mus\u00e9e des confluences \u00e0 Lyon - Androm\u00e8de Oc\u00e9anologie","og_description":"Du 26 avril 2016 au 30 d\u00e9cembre 2016, retrouvez les photographies de Laurent Ballesta prises lors de la derni\u00e8re mission en Antarctique au mus\u00e9e des confluences \u00e0 Lyon. En octobre 2015, 10 ans apr\u00e8s La marche de l\u2019Empereur, le r\u00e9alisateur Luc Jacquet, accompagn\u00e9 du r\u00e9alisateur J\u00e9r\u00f4me Bouvier et des photographes Vincent Munier et Laurent Ballesta, [&hellip;]","og_url":"https:\/\/www.andromede-ocean.com\/english\/blog\/2016\/04\/27\/antarctica-au-musee-des-confluences-a-lyon\/","og_site_name":"Androm\u00e8de Oc\u00e9anologie","article_published_time":"2016-04-27T10:12:18+00:00","og_image":[{"url":"http:\/\/www.andromede-ocean.com\/english\/wp-content\/uploads\/sites\/2\/antarctique-300x133.jpg","type":"","width":"","height":""}],"author":"julie Deter","twitter_card":"summary_large_image","twitter_misc":{"Written by":"julie Deter","Estimated reading time":"1 minute"},"schema":{"@context":"https:\/\/schema.org","@graph":[{"@type":"Article","@id":"https:\/\/www.andromede-ocean.com\/english\/blog\/2016\/04\/27\/antarctica-au-musee-des-confluences-a-lyon\/#article","isPartOf":{"@id":"https:\/\/www.andromede-ocean.com\/english\/blog\/2016\/04\/27\/antarctica-au-musee-des-confluences-a-lyon\/"},"author":{"name":"julie Deter","@id":"https:\/\/www.andromede-ocean.com\/english\/#\/schema\/person\/670621606150c9eb5a0c92897263dcf6"},"headline":"Antarctica! au mus\u00e9e des confluences \u00e0 Lyon","datePublished":"2016-04-27T10:12:18+00:00","mainEntityOfPage":{"@id":"https:\/\/www.andromede-ocean.com\/english\/blog\/2016\/04\/27\/antarctica-au-musee-des-confluences-a-lyon\/"},"wordCount":122,"image":{"@id":"https:\/\/www.andromede-ocean.com\/english\/blog\/2016\/04\/27\/antarctica-au-musee-des-confluences-a-lyon\/#primaryimage"},"thumbnailUrl":"http:\/\/www.andromede-ocean.com\/english\/wp-content\/uploads\/sites\/2\/antarctique-300x133.jpg","articleSection":["Animations","Expeditions"],"inLanguage":"en-GB"},{"@type":"WebPage","@id":"https:\/\/www.andromede-ocean.com\/english\/blog\/2016\/04\/27\/antarctica-au-musee-des-confluences-a-lyon\/","url":"https:\/\/www.andromede-ocean.com\/english\/blog\/2016\/04\/27\/antarctica-au-musee-des-confluences-a-lyon\/","name":"Antarctica! au mus\u00e9e des confluences \u00e0 Lyon - Androm\u00e8de Oc\u00e9anologie","isPartOf":{"@id":"https:\/\/www.andromede-ocean.com\/english\/#website"},"primaryImageOfPage":{"@id":"https:\/\/www.andromede-ocean.com\/english\/blog\/2016\/04\/27\/antarctica-au-musee-des-confluences-a-lyon\/#primaryimage"},"image":{"@id":"https:\/\/www.andromede-ocean.com\/english\/blog\/2016\/04\/27\/antarctica-au-musee-des-confluences-a-lyon\/#primaryimage"},"thumbnailUrl":"http:\/\/www.andromede-ocean.com\/english\/wp-content\/uploads\/sites\/2\/antarctique-300x133.jpg","datePublished":"2016-04-27T10:12:18+00:00","author":{"@id":"https:\/\/www.andromede-ocean.com\/english\/#\/schema\/person\/670621606150c9eb5a0c92897263dcf6"},"breadcrumb":{"@id":"https:\/\/www.andromede-ocean.com\/english\/blog\/2016\/04\/27\/antarctica-au-musee-des-confluences-a-lyon\/#breadcrumb"},"inLanguage":"en-GB","potentialAction":[{"@type":"ReadAction","target":["https:\/\/www.andromede-ocean.com\/english\/blog\/2016\/04\/27\/antarctica-au-musee-des-confluences-a-lyon\/"]}]},{"@type":"ImageObject","inLanguage":"en-GB","@id":"https:\/\/www.andromede-ocean.com\/english\/blog\/2016\/04\/27\/antarctica-au-musee-des-confluences-a-lyon\/#primaryimage","url":"","contentUrl":""},{"@type":"BreadcrumbList","@id":"https:\/\/www.andromede-ocean.com\/english\/blog\/2016\/04\/27\/antarctica-au-musee-des-confluences-a-lyon\/#breadcrumb","itemListElement":[{"@type":"ListItem","position":1,"name":"Accueil","item":"https:\/\/www.andromede-ocean.com\/english\/"},{"@type":"ListItem","position":2,"name":"Antarctica! au mus\u00e9e des confluences \u00e0 Lyon"}]},{"@type":"WebSite","@id":"https:\/\/www.andromede-ocean.com\/english\/#website","url":"https:\/\/www.andromede-ocean.com\/english\/","name":"Androm\u00e8de Oc\u00e9anologie","description":"","potentialAction":[{"@type":"SearchAction","target":{"@type":"EntryPoint","urlTemplate":"https:\/\/www.andromede-ocean.com\/english\/?s={search_term_string}"},"query-input":{"@type":"PropertyValueSpecification","valueRequired":true,"valueName":"search_term_string"}}],"inLanguage":"en-GB"},{"@type":"Person","@id":"https:\/\/www.andromede-ocean.com\/english\/#\/schema\/person\/670621606150c9eb5a0c92897263dcf6","name":"julie Deter","image":{"@type":"ImageObject","inLanguage":"en-GB","@id":"https:\/\/www.andromede-ocean.com\/english\/#\/schema\/person\/image\/","url":"https:\/\/secure.gravatar.com\/avatar\/29b9c20f73f722191c32425ab84445e2b34fcc25b717ea8e1667c86ae7eb81cf?s=96&d=mm&r=g","contentUrl":"https:\/\/secure.gravatar.com\/avatar\/29b9c20f73f722191c32425ab84445e2b34fcc25b717ea8e1667c86ae7eb81cf?s=96&d=mm&r=g","caption":"julie Deter"}}]}},"_links":{"self":[{"href":"https:\/\/www.andromede-ocean.com\/english\/wp-json\/wp\/v2\/posts\/1453","targetHints":{"allow":["GET"]}}],"collection":[{"href":"https:\/\/www.andromede-ocean.com\/english\/wp-json\/wp\/v2\/posts"}],"about":[{"href":"https:\/\/www.andromede-ocean.com\/english\/wp-json\/wp\/v2\/types\/post"}],"author":[{"embeddable":true,"href":"https:\/\/www.andromede-ocean.com\/english\/wp-json\/wp\/v2\/users\/3"}],"replies":[{"embeddable":true,"href":"https:\/\/www.andromede-ocean.com\/english\/wp-json\/wp\/v2\/comments?post=1453"}],"version-history":[{"count":0,"href":"https:\/\/www.andromede-ocean.com\/english\/wp-json\/wp\/v2\/posts\/1453\/revisions"}],"wp:attachment":[{"href":"https:\/\/www.andromede-ocean.com\/english\/wp-json\/wp\/v2\/media?parent=1453"}],"wp:term":[{"taxonomy":"category","embeddable":true,"href":"https:\/\/www.andromede-ocean.com\/english\/wp-json\/wp\/v2\/categories?post=1453"},{"taxonomy":"post_tag","embeddable":true,"href":"https:\/\/www.andromede-ocean.com\/english\/wp-json\/wp\/v2\/tags?post=1453"}],"curies":[{"name":"wp","href":"https:\/\/api.w.org\/{rel}","templated":true}]}}