{"id":144,"date":"2010-06-14T08:35:59","date_gmt":"2010-06-14T07:35:59","guid":{"rendered":"http:\/\/marion-dev.valars.com\/andromede\/?p=144"},"modified":"2019-05-28T14:20:18","modified_gmt":"2019-05-28T12:20:18","slug":"vente-aux-encheres-dune-photographie-de-l-ballesta-au-profit-de-la-fondation-maud-fontenoy","status":"publish","type":"post","link":"https:\/\/www.andromede-ocean.com\/english\/blog\/2010\/06\/14\/vente-aux-encheres-dune-photographie-de-l-ballesta-au-profit-de-la-fondation-maud-fontenoy\/","title":{"rendered":"Vente d&#039;une photo de L. Ballesta au profit de la Fondation M. Fontenoy"},"content":{"rendered":"<div id=\"_mcePaste\"><a href=\"http:\/\/www.andromede-ocean.com\/english\/wp-content\/uploads\/sites\/2\/DSC00599.jpg\"><img loading=\"lazy\" decoding=\"async\" class=\"alignleft size-thumbnail wp-image-146\" title=\"DSC00599\" src=\"http:\/\/www.andromede-ocean.com\/english\/wp-content\/uploads\/sites\/2\/DSC00599-150x150.jpg\" alt=\"\" width=\"150\" height=\"150\" \/><\/a>Pour c\u00e9l\u00e9brer la journ\u00e9e mondiale des oc\u00e9ans, la Fondation Maud fontenoy a organis\u00e9 le 8 juin 2010 une soir\u00e9e de gala de charit\u00e9 \u00e0 Paris.<\/div>\n<div>A l&#8217;occasion de cette soir\u00e9e o\u00f9 \u00e9taient pr\u00e9sents de nombreuses\u00a0personnalit\u00e9s dont Jean-Louis Borloo, Marion Cotillard ou encore Claude Lelouche, Laurent Ballesta a relat\u00e9 sa premi\u00e8re plong\u00e9e avec le mythique\u00a0c\u0153lacanthe\u00a0et offert \u00e0 la fondation Maud Fontenoy un tirage sign\u00e9 et num\u00e9rot\u00e9 immortalisant cette rencontre. La photographie a ensuite \u00e9t\u00e9 vendue aux ench\u00e8res et adjug\u00e9e \u00a07500 euros. Une somme qui financera\u00a0les nouveaux programmes p\u00e9dagogiques de la fondation :<\/div>\n<div>\n<div id=\"_mcePaste\">&#8211; diffusion \u00e0 la rentr\u00e9e scolaire 2010 d&#8217;un kit p\u00e9dagogique sur CDROM autour de la biodiversit\u00e9 marine aupr\u00e8s des 8000 coll\u00e8ges fran\u00e7ais, \u00e9labor\u00e9 par la fondation et ses partenaires scientifiques<\/div>\n<div id=\"_mcePaste\">&#8211; exp\u00e9dition dans les Terres australes et antarctiques fran\u00e7aise (Taaf) sur le navire scientifique le Marion Dufresne de 4 jeunes d\u00e9scolaris\u00e9s qui seront des ambassadeurs de la biodiversit\u00e9, accompagn\u00e9s par Maud.<\/div>\n<\/div>\n","protected":false},"excerpt":{"rendered":"<p>Pour c\u00e9l\u00e9brer la journ\u00e9e mondiale des oc\u00e9ans, la Fondation Maud fontenoy a organis\u00e9 le 8 juin 2010 une soir\u00e9e de gala de charit\u00e9 \u00e0 Paris. A l&#8217;occasion de cette soir\u00e9e o\u00f9 \u00e9taient pr\u00e9sents de nombreuses\u00a0personnalit\u00e9s dont Jean-Louis Borloo, Marion Cotillard ou encore Claude Lelouche, Laurent Ballesta a relat\u00e9 sa premi\u00e8re plong\u00e9e avec le mythique\u00a0c\u0153lacanthe\u00a0et offert [&hellip;]<\/p>\n","protected":false},"author":4,"featured_media":0,"comment_status":"open","ping_status":"open","sticky":false,"template":"","format":"standard","meta":{"_et_pb_use_builder":"","_et_pb_old_content":"","_et_gb_content_width":"","footnotes":""},"categories":[1],"tags":[],"class_list":["post-144","post","type-post","status-publish","format-standard","hentry","category-non-classe"],"yoast_head":"<!-- This site is optimized with the Yoast SEO plugin v27.0 - https:\/\/yoast.com\/product\/yoast-seo-wordpress\/ -->\n<title>Vente d&#039;une photo de L. Ballesta au profit de la Fondation M. Fontenoy - Androm\u00e8de Oc\u00e9anologie<\/title>\n<meta name=\"robots\" content=\"index, follow, max-snippet:-1, max-image-preview:large, max-video-preview:-1\" \/>\n<meta property=\"og:locale\" content=\"en_GB\" \/>\n<meta property=\"og:type\" content=\"article\" \/>\n<meta property=\"og:title\" content=\"Vente d&#039;une photo de L. Ballesta au profit de la Fondation M. Fontenoy - Androm\u00e8de Oc\u00e9anologie\" \/>\n<meta property=\"og:description\" content=\"Pour c\u00e9l\u00e9brer la journ\u00e9e mondiale des oc\u00e9ans, la Fondation Maud fontenoy a organis\u00e9 le 8 juin 2010 une soir\u00e9e de gala de charit\u00e9 \u00e0 Paris. A l&#8217;occasion de cette soir\u00e9e o\u00f9 \u00e9taient pr\u00e9sents de nombreuses\u00a0personnalit\u00e9s dont Jean-Louis Borloo, Marion Cotillard ou encore Claude Lelouche, Laurent Ballesta a relat\u00e9 sa premi\u00e8re plong\u00e9e avec le mythique\u00a0c\u0153lacanthe\u00a0et offert [&hellip;]\" \/>\n<meta property=\"og:url\" content=\"https:\/\/www.andromede-ocean.com\/english\/blog\/2010\/06\/14\/vente-aux-encheres-dune-photographie-de-l-ballesta-au-profit-de-la-fondation-maud-fontenoy\/\" \/>\n<meta property=\"og:site_name\" content=\"Androm\u00e8de Oc\u00e9anologie\" \/>\n<meta property=\"article:published_time\" content=\"2010-06-14T07:35:59+00:00\" \/>\n<meta property=\"article:modified_time\" content=\"2019-05-28T12:20:18+00:00\" \/>\n<meta property=\"og:image\" content=\"http:\/\/www.andromede-ocean.com\/english\/wp-content\/uploads\/sites\/2\/DSC00599-150x150.jpg\" \/>\n<meta name=\"author\" content=\"Pierre Descamp\" \/>\n<meta name=\"twitter:card\" content=\"summary_large_image\" \/>\n<meta name=\"twitter:label1\" content=\"Written by\" \/>\n\t<meta name=\"twitter:data1\" content=\"Pierre Descamp\" \/>\n\t<meta name=\"twitter:label2\" content=\"Estimated reading time\" \/>\n\t<meta name=\"twitter:data2\" content=\"1 minute\" \/>\n<script type=\"application\/ld+json\" class=\"yoast-schema-graph\">{\"@context\":\"https:\/\/schema.org\",\"@graph\":[{\"@type\":\"Article\",\"@id\":\"https:\/\/www.andromede-ocean.com\/english\/blog\/2010\/06\/14\/vente-aux-encheres-dune-photographie-de-l-ballesta-au-profit-de-la-fondation-maud-fontenoy\/#article\",\"isPartOf\":{\"@id\":\"https:\/\/www.andromede-ocean.com\/english\/blog\/2010\/06\/14\/vente-aux-encheres-dune-photographie-de-l-ballesta-au-profit-de-la-fondation-maud-fontenoy\/\"},\"author\":{\"name\":\"Pierre Descamp\",\"@id\":\"https:\/\/www.andromede-ocean.com\/english\/#\/schema\/person\/b85de64939bd2607453a4a0255735406\"},\"headline\":\"Vente d&#039;une photo de L. Ballesta au profit de la Fondation M. Fontenoy\",\"datePublished\":\"2010-06-14T07:35:59+00:00\",\"dateModified\":\"2019-05-28T12:20:18+00:00\",\"mainEntityOfPage\":{\"@id\":\"https:\/\/www.andromede-ocean.com\/english\/blog\/2010\/06\/14\/vente-aux-encheres-dune-photographie-de-l-ballesta-au-profit-de-la-fondation-maud-fontenoy\/\"},\"wordCount\":185,\"commentCount\":0,\"image\":{\"@id\":\"https:\/\/www.andromede-ocean.com\/english\/blog\/2010\/06\/14\/vente-aux-encheres-dune-photographie-de-l-ballesta-au-profit-de-la-fondation-maud-fontenoy\/#primaryimage\"},\"thumbnailUrl\":\"http:\/\/www.andromede-ocean.com\/english\/wp-content\/uploads\/sites\/2\/DSC00599-150x150.jpg\",\"articleSection\":[\"Not rated\"],\"inLanguage\":\"en-GB\",\"potentialAction\":[{\"@type\":\"CommentAction\",\"name\":\"Comment\",\"target\":[\"https:\/\/www.andromede-ocean.com\/english\/blog\/2010\/06\/14\/vente-aux-encheres-dune-photographie-de-l-ballesta-au-profit-de-la-fondation-maud-fontenoy\/#respond\"]}]},{\"@type\":\"WebPage\",\"@id\":\"https:\/\/www.andromede-ocean.com\/english\/blog\/2010\/06\/14\/vente-aux-encheres-dune-photographie-de-l-ballesta-au-profit-de-la-fondation-maud-fontenoy\/\",\"url\":\"https:\/\/www.andromede-ocean.com\/english\/blog\/2010\/06\/14\/vente-aux-encheres-dune-photographie-de-l-ballesta-au-profit-de-la-fondation-maud-fontenoy\/\",\"name\":\"Vente d&#039;une photo de L. Ballesta au profit de la Fondation M. Fontenoy - Androm\u00e8de Oc\u00e9anologie\",\"isPartOf\":{\"@id\":\"https:\/\/www.andromede-ocean.com\/english\/#website\"},\"primaryImageOfPage\":{\"@id\":\"https:\/\/www.andromede-ocean.com\/english\/blog\/2010\/06\/14\/vente-aux-encheres-dune-photographie-de-l-ballesta-au-profit-de-la-fondation-maud-fontenoy\/#primaryimage\"},\"image\":{\"@id\":\"https:\/\/www.andromede-ocean.com\/english\/blog\/2010\/06\/14\/vente-aux-encheres-dune-photographie-de-l-ballesta-au-profit-de-la-fondation-maud-fontenoy\/#primaryimage\"},\"thumbnailUrl\":\"http:\/\/www.andromede-ocean.com\/english\/wp-content\/uploads\/sites\/2\/DSC00599-150x150.jpg\",\"datePublished\":\"2010-06-14T07:35:59+00:00\",\"dateModified\":\"2019-05-28T12:20:18+00:00\",\"author\":{\"@id\":\"https:\/\/www.andromede-ocean.com\/english\/#\/schema\/person\/b85de64939bd2607453a4a0255735406\"},\"breadcrumb\":{\"@id\":\"https:\/\/www.andromede-ocean.com\/english\/blog\/2010\/06\/14\/vente-aux-encheres-dune-photographie-de-l-ballesta-au-profit-de-la-fondation-maud-fontenoy\/#breadcrumb\"},\"inLanguage\":\"en-GB\",\"potentialAction\":[{\"@type\":\"ReadAction\",\"target\":[\"https:\/\/www.andromede-ocean.com\/english\/blog\/2010\/06\/14\/vente-aux-encheres-dune-photographie-de-l-ballesta-au-profit-de-la-fondation-maud-fontenoy\/\"]}]},{\"@type\":\"ImageObject\",\"inLanguage\":\"en-GB\",\"@id\":\"https:\/\/www.andromede-ocean.com\/english\/blog\/2010\/06\/14\/vente-aux-encheres-dune-photographie-de-l-ballesta-au-profit-de-la-fondation-maud-fontenoy\/#primaryimage\",\"url\":\"\",\"contentUrl\":\"\"},{\"@type\":\"BreadcrumbList\",\"@id\":\"https:\/\/www.andromede-ocean.com\/english\/blog\/2010\/06\/14\/vente-aux-encheres-dune-photographie-de-l-ballesta-au-profit-de-la-fondation-maud-fontenoy\/#breadcrumb\",\"itemListElement\":[{\"@type\":\"ListItem\",\"position\":1,\"name\":\"Accueil\",\"item\":\"https:\/\/www.andromede-ocean.com\/english\/\"},{\"@type\":\"ListItem\",\"position\":2,\"name\":\"Vente d&#039;une photo de L. Ballesta au profit de la Fondation M. Fontenoy\"}]},{\"@type\":\"WebSite\",\"@id\":\"https:\/\/www.andromede-ocean.com\/english\/#website\",\"url\":\"https:\/\/www.andromede-ocean.com\/english\/\",\"name\":\"Androm\u00e8de Oc\u00e9anologie\",\"description\":\"\",\"potentialAction\":[{\"@type\":\"SearchAction\",\"target\":{\"@type\":\"EntryPoint\",\"urlTemplate\":\"https:\/\/www.andromede-ocean.com\/english\/?s={search_term_string}\"},\"query-input\":{\"@type\":\"PropertyValueSpecification\",\"valueRequired\":true,\"valueName\":\"search_term_string\"}}],\"inLanguage\":\"en-GB\"},{\"@type\":\"Person\",\"@id\":\"https:\/\/www.andromede-ocean.com\/english\/#\/schema\/person\/b85de64939bd2607453a4a0255735406\",\"name\":\"Pierre Descamp\",\"image\":{\"@type\":\"ImageObject\",\"inLanguage\":\"en-GB\",\"@id\":\"https:\/\/www.andromede-ocean.com\/english\/#\/schema\/person\/image\/\",\"url\":\"https:\/\/secure.gravatar.com\/avatar\/af346b3036f5a3cae5eba06f561141cff203d9fe7c0c75b65aac36c4ecd44a4f?s=96&d=mm&r=g\",\"contentUrl\":\"https:\/\/secure.gravatar.com\/avatar\/af346b3036f5a3cae5eba06f561141cff203d9fe7c0c75b65aac36c4ecd44a4f?s=96&d=mm&r=g\",\"caption\":\"Pierre Descamp\"},\"sameAs\":[\"http:\/\/www.andromede-ocean.com\"]}]}<\/script>\n<!-- \/ Yoast SEO plugin. -->","yoast_head_json":{"title":"Vente d&#039;une photo de L. Ballesta au profit de la Fondation M. Fontenoy - Androm\u00e8de Oc\u00e9anologie","robots":{"index":"index","follow":"follow","max-snippet":"max-snippet:-1","max-image-preview":"max-image-preview:large","max-video-preview":"max-video-preview:-1"},"og_locale":"en_GB","og_type":"article","og_title":"Vente d&#039;une photo de L. Ballesta au profit de la Fondation M. Fontenoy - Androm\u00e8de Oc\u00e9anologie","og_description":"Pour c\u00e9l\u00e9brer la journ\u00e9e mondiale des oc\u00e9ans, la Fondation Maud fontenoy a organis\u00e9 le 8 juin 2010 une soir\u00e9e de gala de charit\u00e9 \u00e0 Paris. A l&#8217;occasion de cette soir\u00e9e o\u00f9 \u00e9taient pr\u00e9sents de nombreuses\u00a0personnalit\u00e9s dont Jean-Louis Borloo, Marion Cotillard ou encore Claude Lelouche, Laurent Ballesta a relat\u00e9 sa premi\u00e8re plong\u00e9e avec le mythique\u00a0c\u0153lacanthe\u00a0et offert [&hellip;]","og_url":"https:\/\/www.andromede-ocean.com\/english\/blog\/2010\/06\/14\/vente-aux-encheres-dune-photographie-de-l-ballesta-au-profit-de-la-fondation-maud-fontenoy\/","og_site_name":"Androm\u00e8de Oc\u00e9anologie","article_published_time":"2010-06-14T07:35:59+00:00","article_modified_time":"2019-05-28T12:20:18+00:00","og_image":[{"url":"http:\/\/www.andromede-ocean.com\/english\/wp-content\/uploads\/sites\/2\/DSC00599-150x150.jpg","type":"","width":"","height":""}],"author":"Pierre Descamp","twitter_card":"summary_large_image","twitter_misc":{"Written by":"Pierre Descamp","Estimated reading time":"1 minute"},"schema":{"@context":"https:\/\/schema.org","@graph":[{"@type":"Article","@id":"https:\/\/www.andromede-ocean.com\/english\/blog\/2010\/06\/14\/vente-aux-encheres-dune-photographie-de-l-ballesta-au-profit-de-la-fondation-maud-fontenoy\/#article","isPartOf":{"@id":"https:\/\/www.andromede-ocean.com\/english\/blog\/2010\/06\/14\/vente-aux-encheres-dune-photographie-de-l-ballesta-au-profit-de-la-fondation-maud-fontenoy\/"},"author":{"name":"Pierre Descamp","@id":"https:\/\/www.andromede-ocean.com\/english\/#\/schema\/person\/b85de64939bd2607453a4a0255735406"},"headline":"Vente d&#039;une photo de L. Ballesta au profit de la Fondation M. Fontenoy","datePublished":"2010-06-14T07:35:59+00:00","dateModified":"2019-05-28T12:20:18+00:00","mainEntityOfPage":{"@id":"https:\/\/www.andromede-ocean.com\/english\/blog\/2010\/06\/14\/vente-aux-encheres-dune-photographie-de-l-ballesta-au-profit-de-la-fondation-maud-fontenoy\/"},"wordCount":185,"commentCount":0,"image":{"@id":"https:\/\/www.andromede-ocean.com\/english\/blog\/2010\/06\/14\/vente-aux-encheres-dune-photographie-de-l-ballesta-au-profit-de-la-fondation-maud-fontenoy\/#primaryimage"},"thumbnailUrl":"http:\/\/www.andromede-ocean.com\/english\/wp-content\/uploads\/sites\/2\/DSC00599-150x150.jpg","articleSection":["Not rated"],"inLanguage":"en-GB","potentialAction":[{"@type":"CommentAction","name":"Comment","target":["https:\/\/www.andromede-ocean.com\/english\/blog\/2010\/06\/14\/vente-aux-encheres-dune-photographie-de-l-ballesta-au-profit-de-la-fondation-maud-fontenoy\/#respond"]}]},{"@type":"WebPage","@id":"https:\/\/www.andromede-ocean.com\/english\/blog\/2010\/06\/14\/vente-aux-encheres-dune-photographie-de-l-ballesta-au-profit-de-la-fondation-maud-fontenoy\/","url":"https:\/\/www.andromede-ocean.com\/english\/blog\/2010\/06\/14\/vente-aux-encheres-dune-photographie-de-l-ballesta-au-profit-de-la-fondation-maud-fontenoy\/","name":"Vente d&#039;une photo de L. Ballesta au profit de la Fondation M. Fontenoy - Androm\u00e8de Oc\u00e9anologie","isPartOf":{"@id":"https:\/\/www.andromede-ocean.com\/english\/#website"},"primaryImageOfPage":{"@id":"https:\/\/www.andromede-ocean.com\/english\/blog\/2010\/06\/14\/vente-aux-encheres-dune-photographie-de-l-ballesta-au-profit-de-la-fondation-maud-fontenoy\/#primaryimage"},"image":{"@id":"https:\/\/www.andromede-ocean.com\/english\/blog\/2010\/06\/14\/vente-aux-encheres-dune-photographie-de-l-ballesta-au-profit-de-la-fondation-maud-fontenoy\/#primaryimage"},"thumbnailUrl":"http:\/\/www.andromede-ocean.com\/english\/wp-content\/uploads\/sites\/2\/DSC00599-150x150.jpg","datePublished":"2010-06-14T07:35:59+00:00","dateModified":"2019-05-28T12:20:18+00:00","author":{"@id":"https:\/\/www.andromede-ocean.com\/english\/#\/schema\/person\/b85de64939bd2607453a4a0255735406"},"breadcrumb":{"@id":"https:\/\/www.andromede-ocean.com\/english\/blog\/2010\/06\/14\/vente-aux-encheres-dune-photographie-de-l-ballesta-au-profit-de-la-fondation-maud-fontenoy\/#breadcrumb"},"inLanguage":"en-GB","potentialAction":[{"@type":"ReadAction","target":["https:\/\/www.andromede-ocean.com\/english\/blog\/2010\/06\/14\/vente-aux-encheres-dune-photographie-de-l-ballesta-au-profit-de-la-fondation-maud-fontenoy\/"]}]},{"@type":"ImageObject","inLanguage":"en-GB","@id":"https:\/\/www.andromede-ocean.com\/english\/blog\/2010\/06\/14\/vente-aux-encheres-dune-photographie-de-l-ballesta-au-profit-de-la-fondation-maud-fontenoy\/#primaryimage","url":"","contentUrl":""},{"@type":"BreadcrumbList","@id":"https:\/\/www.andromede-ocean.com\/english\/blog\/2010\/06\/14\/vente-aux-encheres-dune-photographie-de-l-ballesta-au-profit-de-la-fondation-maud-fontenoy\/#breadcrumb","itemListElement":[{"@type":"ListItem","position":1,"name":"Accueil","item":"https:\/\/www.andromede-ocean.com\/english\/"},{"@type":"ListItem","position":2,"name":"Vente d&#039;une photo de L. Ballesta au profit de la Fondation M. Fontenoy"}]},{"@type":"WebSite","@id":"https:\/\/www.andromede-ocean.com\/english\/#website","url":"https:\/\/www.andromede-ocean.com\/english\/","name":"Androm\u00e8de Oc\u00e9anologie","description":"","potentialAction":[{"@type":"SearchAction","target":{"@type":"EntryPoint","urlTemplate":"https:\/\/www.andromede-ocean.com\/english\/?s={search_term_string}"},"query-input":{"@type":"PropertyValueSpecification","valueRequired":true,"valueName":"search_term_string"}}],"inLanguage":"en-GB"},{"@type":"Person","@id":"https:\/\/www.andromede-ocean.com\/english\/#\/schema\/person\/b85de64939bd2607453a4a0255735406","name":"Pierre Descamp","image":{"@type":"ImageObject","inLanguage":"en-GB","@id":"https:\/\/www.andromede-ocean.com\/english\/#\/schema\/person\/image\/","url":"https:\/\/secure.gravatar.com\/avatar\/af346b3036f5a3cae5eba06f561141cff203d9fe7c0c75b65aac36c4ecd44a4f?s=96&d=mm&r=g","contentUrl":"https:\/\/secure.gravatar.com\/avatar\/af346b3036f5a3cae5eba06f561141cff203d9fe7c0c75b65aac36c4ecd44a4f?s=96&d=mm&r=g","caption":"Pierre Descamp"},"sameAs":["http:\/\/www.andromede-ocean.com"]}]}},"_links":{"self":[{"href":"https:\/\/www.andromede-ocean.com\/english\/wp-json\/wp\/v2\/posts\/144","targetHints":{"allow":["GET"]}}],"collection":[{"href":"https:\/\/www.andromede-ocean.com\/english\/wp-json\/wp\/v2\/posts"}],"about":[{"href":"https:\/\/www.andromede-ocean.com\/english\/wp-json\/wp\/v2\/types\/post"}],"author":[{"embeddable":true,"href":"https:\/\/www.andromede-ocean.com\/english\/wp-json\/wp\/v2\/users\/4"}],"replies":[{"embeddable":true,"href":"https:\/\/www.andromede-ocean.com\/english\/wp-json\/wp\/v2\/comments?post=144"}],"version-history":[{"count":1,"href":"https:\/\/www.andromede-ocean.com\/english\/wp-json\/wp\/v2\/posts\/144\/revisions"}],"predecessor-version":[{"id":2685,"href":"https:\/\/www.andromede-ocean.com\/english\/wp-json\/wp\/v2\/posts\/144\/revisions\/2685"}],"wp:attachment":[{"href":"https:\/\/www.andromede-ocean.com\/english\/wp-json\/wp\/v2\/media?parent=144"}],"wp:term":[{"taxonomy":"category","embeddable":true,"href":"https:\/\/www.andromede-ocean.com\/english\/wp-json\/wp\/v2\/categories?post=144"},{"taxonomy":"post_tag","embeddable":true,"href":"https:\/\/www.andromede-ocean.com\/english\/wp-json\/wp\/v2\/tags?post=144"}],"curies":[{"name":"wp","href":"https:\/\/api.w.org\/{rel}","templated":true}]}}