{"id":1249,"date":"2015-01-07T08:22:15","date_gmt":"2015-01-07T07:22:15","guid":{"rendered":"http:\/\/marion-dev.valars.com\/andromede\/?p=1249"},"modified":"2015-01-07T08:22:15","modified_gmt":"2015-01-07T07:22:15","slug":"dedicaces-au-salon-de-la-plongee-a-paris","status":"publish","type":"post","link":"https:\/\/www.andromede-ocean.com\/english\/blog\/2015\/01\/07\/dedicaces-au-salon-de-la-plongee-a-paris\/","title":{"rendered":"D\u00e9dicaces au salon de la plong\u00e9e \u00e0 Paris"},"content":{"rendered":"<div style=\"text-align: center;\"><a href=\"http:\/\/www.andromede-ocean.com\/english\/wp-content\/uploads\/sites\/2\/salon-plongee-paris-2015.jpg\"><img loading=\"lazy\" decoding=\"async\" class=\"alignleft size-medium wp-image-1250\" alt=\"salon-plongee-paris-2015\" src=\"http:\/\/www.andromede-ocean.com\/english\/wp-content\/uploads\/sites\/2\/salon-plongee-paris-2015-179x300.jpg\" width=\"179\" height=\"300\" \/><\/a>A l&#8217;occasion du <strong>salon de la plong\u00e9e sous-marine de Paris<\/strong><\/div>\n<div style=\"text-align: center;\">qui d\u00e9marre le 9 janvier,<\/div>\n<div style=\"text-align: center;\">venez nous rencontrer \u00e0 l&#8217;<strong>espace d\u00e9dicaces<\/strong> :<\/div>\n<div style=\"text-align: center;\"><\/div>\n<div style=\"text-align: center;\">1) <strong>Vendredi 9 janvier de 11h00 \u00e0 12h00<\/strong><\/p>\n<div>Avec <span style=\"text-decoration: underline;\">Laurent Ballesta<\/span> pour son livre &#8220;Gombessa, rencontre avec le coelacanthe&#8221;<\/div>\n<\/div>\n<div style=\"text-align: center;\">2) V<b>endredi 9 janvier de 15h \u00e0 16h<\/b><\/p>\n<div style=\"text-align: center;\">Avec <span style=\"text-decoration: underline;\">Pierre Descamp<\/span> pour livre &#8220;Petit trait\u00e9 de s\u00e9duction \u00e0 l&#8217;usage des amoureux de la M\u00e9diterran\u00e9e&#8221;<\/div>\n<div style=\"text-align: center;\">3)<b>Samedi 10 janvier de 13h00 \u00e0 14h00 <\/b><\/div>\n<div style=\"text-align: center;\">Avec <span style=\"text-decoration: underline;\">Laurent Ballesta<\/span> pour son livre &#8220;Gombessa, rencontre avec le coelacanthe&#8221;<\/div>\n<div style=\"text-align: center;\"><\/div>\n<div style=\"text-align: center;\"><em>\u00a0\u00a0\u00a0\u00a0\u00a0\u00a0\u00a0\u00a0\u00a0\u00a0\u00a0\u00a0\u00a0\u00a0\u00a0\u00a0\u00a0\u00a0\u00a0\u00a0 Ces rencontres sont organis\u00e9es par l&#8217;<b>Organisation du Salon<\/b> et\u00a0 <b><a href=\"http:\/\/www.salon-de-la-plongee.com\/fr\/le-salon\/fiche-exposant\/115.html\">TURTLE PROD<\/a><\/b><\/em><\/div>\n<div style=\"text-align: center;\"><\/div>\n<div><\/div>\n<\/div>\n","protected":false},"excerpt":{"rendered":"<p>A l&#8217;occasion du salon de la plong\u00e9e sous-marine de Paris qui d\u00e9marre le 9 janvier, venez nous rencontrer \u00e0 l&#8217;espace d\u00e9dicaces : 1) Vendredi 9 janvier de 11h00 \u00e0 12h00 Avec Laurent Ballesta pour son livre &#8220;Gombessa, rencontre avec le coelacanthe&#8221; 2) Vendredi 9 janvier de 15h \u00e0 16h Avec Pierre Descamp pour livre &#8220;Petit [&hellip;]<\/p>\n","protected":false},"author":3,"featured_media":0,"comment_status":"closed","ping_status":"open","sticky":false,"template":"","format":"standard","meta":{"_et_pb_use_builder":"","_et_pb_old_content":"","_et_gb_content_width":"","footnotes":""},"categories":[2,4],"tags":[],"class_list":["post-1249","post","type-post","status-publish","format-standard","hentry","category-animations","category-livres"],"yoast_head":"<!-- This site is optimized with the Yoast SEO plugin v27.0 - https:\/\/yoast.com\/product\/yoast-seo-wordpress\/ -->\n<title>D\u00e9dicaces au salon de la plong\u00e9e \u00e0 Paris - Androm\u00e8de Oc\u00e9anologie<\/title>\n<meta name=\"robots\" content=\"index, follow, max-snippet:-1, max-image-preview:large, max-video-preview:-1\" \/>\n<meta property=\"og:locale\" content=\"en_GB\" \/>\n<meta property=\"og:type\" content=\"article\" \/>\n<meta property=\"og:title\" content=\"D\u00e9dicaces au salon de la plong\u00e9e \u00e0 Paris - Androm\u00e8de Oc\u00e9anologie\" \/>\n<meta property=\"og:description\" content=\"A l&#8217;occasion du salon de la plong\u00e9e sous-marine de Paris qui d\u00e9marre le 9 janvier, venez nous rencontrer \u00e0 l&#8217;espace d\u00e9dicaces : 1) Vendredi 9 janvier de 11h00 \u00e0 12h00 Avec Laurent Ballesta pour son livre &#8220;Gombessa, rencontre avec le coelacanthe&#8221; 2) Vendredi 9 janvier de 15h \u00e0 16h Avec Pierre Descamp pour livre &#8220;Petit [&hellip;]\" \/>\n<meta property=\"og:url\" content=\"https:\/\/www.andromede-ocean.com\/english\/blog\/2015\/01\/07\/dedicaces-au-salon-de-la-plongee-a-paris\/\" \/>\n<meta property=\"og:site_name\" content=\"Androm\u00e8de Oc\u00e9anologie\" \/>\n<meta property=\"article:published_time\" content=\"2015-01-07T07:22:15+00:00\" \/>\n<meta property=\"og:image\" content=\"http:\/\/www.andromede-ocean.com\/english\/wp-content\/uploads\/sites\/2\/salon-plongee-paris-2015-179x300.jpg\" \/>\n<meta name=\"author\" content=\"julie Deter\" \/>\n<meta name=\"twitter:card\" content=\"summary_large_image\" \/>\n<meta name=\"twitter:label1\" content=\"Written by\" \/>\n\t<meta name=\"twitter:data1\" content=\"julie Deter\" \/>\n<script type=\"application\/ld+json\" class=\"yoast-schema-graph\">{\"@context\":\"https:\/\/schema.org\",\"@graph\":[{\"@type\":\"Article\",\"@id\":\"https:\/\/www.andromede-ocean.com\/english\/blog\/2015\/01\/07\/dedicaces-au-salon-de-la-plongee-a-paris\/#article\",\"isPartOf\":{\"@id\":\"https:\/\/www.andromede-ocean.com\/english\/blog\/2015\/01\/07\/dedicaces-au-salon-de-la-plongee-a-paris\/\"},\"author\":{\"name\":\"julie Deter\",\"@id\":\"https:\/\/www.andromede-ocean.com\/english\/#\/schema\/person\/670621606150c9eb5a0c92897263dcf6\"},\"headline\":\"D\u00e9dicaces au salon de la plong\u00e9e \u00e0 Paris\",\"datePublished\":\"2015-01-07T07:22:15+00:00\",\"mainEntityOfPage\":{\"@id\":\"https:\/\/www.andromede-ocean.com\/english\/blog\/2015\/01\/07\/dedicaces-au-salon-de-la-plongee-a-paris\/\"},\"wordCount\":98,\"image\":{\"@id\":\"https:\/\/www.andromede-ocean.com\/english\/blog\/2015\/01\/07\/dedicaces-au-salon-de-la-plongee-a-paris\/#primaryimage\"},\"thumbnailUrl\":\"http:\/\/www.andromede-ocean.com\/english\/wp-content\/uploads\/sites\/2\/salon-plongee-paris-2015-179x300.jpg\",\"articleSection\":[\"Animations\",\"books\"],\"inLanguage\":\"en-GB\"},{\"@type\":\"WebPage\",\"@id\":\"https:\/\/www.andromede-ocean.com\/english\/blog\/2015\/01\/07\/dedicaces-au-salon-de-la-plongee-a-paris\/\",\"url\":\"https:\/\/www.andromede-ocean.com\/english\/blog\/2015\/01\/07\/dedicaces-au-salon-de-la-plongee-a-paris\/\",\"name\":\"D\u00e9dicaces au salon de la plong\u00e9e \u00e0 Paris - Androm\u00e8de Oc\u00e9anologie\",\"isPartOf\":{\"@id\":\"https:\/\/www.andromede-ocean.com\/english\/#website\"},\"primaryImageOfPage\":{\"@id\":\"https:\/\/www.andromede-ocean.com\/english\/blog\/2015\/01\/07\/dedicaces-au-salon-de-la-plongee-a-paris\/#primaryimage\"},\"image\":{\"@id\":\"https:\/\/www.andromede-ocean.com\/english\/blog\/2015\/01\/07\/dedicaces-au-salon-de-la-plongee-a-paris\/#primaryimage\"},\"thumbnailUrl\":\"http:\/\/www.andromede-ocean.com\/english\/wp-content\/uploads\/sites\/2\/salon-plongee-paris-2015-179x300.jpg\",\"datePublished\":\"2015-01-07T07:22:15+00:00\",\"author\":{\"@id\":\"https:\/\/www.andromede-ocean.com\/english\/#\/schema\/person\/670621606150c9eb5a0c92897263dcf6\"},\"breadcrumb\":{\"@id\":\"https:\/\/www.andromede-ocean.com\/english\/blog\/2015\/01\/07\/dedicaces-au-salon-de-la-plongee-a-paris\/#breadcrumb\"},\"inLanguage\":\"en-GB\",\"potentialAction\":[{\"@type\":\"ReadAction\",\"target\":[\"https:\/\/www.andromede-ocean.com\/english\/blog\/2015\/01\/07\/dedicaces-au-salon-de-la-plongee-a-paris\/\"]}]},{\"@type\":\"ImageObject\",\"inLanguage\":\"en-GB\",\"@id\":\"https:\/\/www.andromede-ocean.com\/english\/blog\/2015\/01\/07\/dedicaces-au-salon-de-la-plongee-a-paris\/#primaryimage\",\"url\":\"\",\"contentUrl\":\"\"},{\"@type\":\"BreadcrumbList\",\"@id\":\"https:\/\/www.andromede-ocean.com\/english\/blog\/2015\/01\/07\/dedicaces-au-salon-de-la-plongee-a-paris\/#breadcrumb\",\"itemListElement\":[{\"@type\":\"ListItem\",\"position\":1,\"name\":\"Accueil\",\"item\":\"https:\/\/www.andromede-ocean.com\/english\/\"},{\"@type\":\"ListItem\",\"position\":2,\"name\":\"D\u00e9dicaces au salon de la plong\u00e9e \u00e0 Paris\"}]},{\"@type\":\"WebSite\",\"@id\":\"https:\/\/www.andromede-ocean.com\/english\/#website\",\"url\":\"https:\/\/www.andromede-ocean.com\/english\/\",\"name\":\"Androm\u00e8de Oc\u00e9anologie\",\"description\":\"\",\"potentialAction\":[{\"@type\":\"SearchAction\",\"target\":{\"@type\":\"EntryPoint\",\"urlTemplate\":\"https:\/\/www.andromede-ocean.com\/english\/?s={search_term_string}\"},\"query-input\":{\"@type\":\"PropertyValueSpecification\",\"valueRequired\":true,\"valueName\":\"search_term_string\"}}],\"inLanguage\":\"en-GB\"},{\"@type\":\"Person\",\"@id\":\"https:\/\/www.andromede-ocean.com\/english\/#\/schema\/person\/670621606150c9eb5a0c92897263dcf6\",\"name\":\"julie Deter\",\"image\":{\"@type\":\"ImageObject\",\"inLanguage\":\"en-GB\",\"@id\":\"https:\/\/www.andromede-ocean.com\/english\/#\/schema\/person\/image\/\",\"url\":\"https:\/\/secure.gravatar.com\/avatar\/29b9c20f73f722191c32425ab84445e2b34fcc25b717ea8e1667c86ae7eb81cf?s=96&d=mm&r=g\",\"contentUrl\":\"https:\/\/secure.gravatar.com\/avatar\/29b9c20f73f722191c32425ab84445e2b34fcc25b717ea8e1667c86ae7eb81cf?s=96&d=mm&r=g\",\"caption\":\"julie Deter\"}}]}<\/script>\n<!-- \/ Yoast SEO plugin. -->","yoast_head_json":{"title":"D\u00e9dicaces au salon de la plong\u00e9e \u00e0 Paris - Androm\u00e8de Oc\u00e9anologie","robots":{"index":"index","follow":"follow","max-snippet":"max-snippet:-1","max-image-preview":"max-image-preview:large","max-video-preview":"max-video-preview:-1"},"og_locale":"en_GB","og_type":"article","og_title":"D\u00e9dicaces au salon de la plong\u00e9e \u00e0 Paris - Androm\u00e8de Oc\u00e9anologie","og_description":"A l&#8217;occasion du salon de la plong\u00e9e sous-marine de Paris qui d\u00e9marre le 9 janvier, venez nous rencontrer \u00e0 l&#8217;espace d\u00e9dicaces : 1) Vendredi 9 janvier de 11h00 \u00e0 12h00 Avec Laurent Ballesta pour son livre &#8220;Gombessa, rencontre avec le coelacanthe&#8221; 2) Vendredi 9 janvier de 15h \u00e0 16h Avec Pierre Descamp pour livre &#8220;Petit [&hellip;]","og_url":"https:\/\/www.andromede-ocean.com\/english\/blog\/2015\/01\/07\/dedicaces-au-salon-de-la-plongee-a-paris\/","og_site_name":"Androm\u00e8de Oc\u00e9anologie","article_published_time":"2015-01-07T07:22:15+00:00","og_image":[{"url":"http:\/\/www.andromede-ocean.com\/english\/wp-content\/uploads\/sites\/2\/salon-plongee-paris-2015-179x300.jpg","type":"","width":"","height":""}],"author":"julie Deter","twitter_card":"summary_large_image","twitter_misc":{"Written by":"julie Deter"},"schema":{"@context":"https:\/\/schema.org","@graph":[{"@type":"Article","@id":"https:\/\/www.andromede-ocean.com\/english\/blog\/2015\/01\/07\/dedicaces-au-salon-de-la-plongee-a-paris\/#article","isPartOf":{"@id":"https:\/\/www.andromede-ocean.com\/english\/blog\/2015\/01\/07\/dedicaces-au-salon-de-la-plongee-a-paris\/"},"author":{"name":"julie Deter","@id":"https:\/\/www.andromede-ocean.com\/english\/#\/schema\/person\/670621606150c9eb5a0c92897263dcf6"},"headline":"D\u00e9dicaces au salon de la plong\u00e9e \u00e0 Paris","datePublished":"2015-01-07T07:22:15+00:00","mainEntityOfPage":{"@id":"https:\/\/www.andromede-ocean.com\/english\/blog\/2015\/01\/07\/dedicaces-au-salon-de-la-plongee-a-paris\/"},"wordCount":98,"image":{"@id":"https:\/\/www.andromede-ocean.com\/english\/blog\/2015\/01\/07\/dedicaces-au-salon-de-la-plongee-a-paris\/#primaryimage"},"thumbnailUrl":"http:\/\/www.andromede-ocean.com\/english\/wp-content\/uploads\/sites\/2\/salon-plongee-paris-2015-179x300.jpg","articleSection":["Animations","books"],"inLanguage":"en-GB"},{"@type":"WebPage","@id":"https:\/\/www.andromede-ocean.com\/english\/blog\/2015\/01\/07\/dedicaces-au-salon-de-la-plongee-a-paris\/","url":"https:\/\/www.andromede-ocean.com\/english\/blog\/2015\/01\/07\/dedicaces-au-salon-de-la-plongee-a-paris\/","name":"D\u00e9dicaces au salon de la plong\u00e9e \u00e0 Paris - Androm\u00e8de Oc\u00e9anologie","isPartOf":{"@id":"https:\/\/www.andromede-ocean.com\/english\/#website"},"primaryImageOfPage":{"@id":"https:\/\/www.andromede-ocean.com\/english\/blog\/2015\/01\/07\/dedicaces-au-salon-de-la-plongee-a-paris\/#primaryimage"},"image":{"@id":"https:\/\/www.andromede-ocean.com\/english\/blog\/2015\/01\/07\/dedicaces-au-salon-de-la-plongee-a-paris\/#primaryimage"},"thumbnailUrl":"http:\/\/www.andromede-ocean.com\/english\/wp-content\/uploads\/sites\/2\/salon-plongee-paris-2015-179x300.jpg","datePublished":"2015-01-07T07:22:15+00:00","author":{"@id":"https:\/\/www.andromede-ocean.com\/english\/#\/schema\/person\/670621606150c9eb5a0c92897263dcf6"},"breadcrumb":{"@id":"https:\/\/www.andromede-ocean.com\/english\/blog\/2015\/01\/07\/dedicaces-au-salon-de-la-plongee-a-paris\/#breadcrumb"},"inLanguage":"en-GB","potentialAction":[{"@type":"ReadAction","target":["https:\/\/www.andromede-ocean.com\/english\/blog\/2015\/01\/07\/dedicaces-au-salon-de-la-plongee-a-paris\/"]}]},{"@type":"ImageObject","inLanguage":"en-GB","@id":"https:\/\/www.andromede-ocean.com\/english\/blog\/2015\/01\/07\/dedicaces-au-salon-de-la-plongee-a-paris\/#primaryimage","url":"","contentUrl":""},{"@type":"BreadcrumbList","@id":"https:\/\/www.andromede-ocean.com\/english\/blog\/2015\/01\/07\/dedicaces-au-salon-de-la-plongee-a-paris\/#breadcrumb","itemListElement":[{"@type":"ListItem","position":1,"name":"Accueil","item":"https:\/\/www.andromede-ocean.com\/english\/"},{"@type":"ListItem","position":2,"name":"D\u00e9dicaces au salon de la plong\u00e9e \u00e0 Paris"}]},{"@type":"WebSite","@id":"https:\/\/www.andromede-ocean.com\/english\/#website","url":"https:\/\/www.andromede-ocean.com\/english\/","name":"Androm\u00e8de Oc\u00e9anologie","description":"","potentialAction":[{"@type":"SearchAction","target":{"@type":"EntryPoint","urlTemplate":"https:\/\/www.andromede-ocean.com\/english\/?s={search_term_string}"},"query-input":{"@type":"PropertyValueSpecification","valueRequired":true,"valueName":"search_term_string"}}],"inLanguage":"en-GB"},{"@type":"Person","@id":"https:\/\/www.andromede-ocean.com\/english\/#\/schema\/person\/670621606150c9eb5a0c92897263dcf6","name":"julie Deter","image":{"@type":"ImageObject","inLanguage":"en-GB","@id":"https:\/\/www.andromede-ocean.com\/english\/#\/schema\/person\/image\/","url":"https:\/\/secure.gravatar.com\/avatar\/29b9c20f73f722191c32425ab84445e2b34fcc25b717ea8e1667c86ae7eb81cf?s=96&d=mm&r=g","contentUrl":"https:\/\/secure.gravatar.com\/avatar\/29b9c20f73f722191c32425ab84445e2b34fcc25b717ea8e1667c86ae7eb81cf?s=96&d=mm&r=g","caption":"julie Deter"}}]}},"_links":{"self":[{"href":"https:\/\/www.andromede-ocean.com\/english\/wp-json\/wp\/v2\/posts\/1249","targetHints":{"allow":["GET"]}}],"collection":[{"href":"https:\/\/www.andromede-ocean.com\/english\/wp-json\/wp\/v2\/posts"}],"about":[{"href":"https:\/\/www.andromede-ocean.com\/english\/wp-json\/wp\/v2\/types\/post"}],"author":[{"embeddable":true,"href":"https:\/\/www.andromede-ocean.com\/english\/wp-json\/wp\/v2\/users\/3"}],"replies":[{"embeddable":true,"href":"https:\/\/www.andromede-ocean.com\/english\/wp-json\/wp\/v2\/comments?post=1249"}],"version-history":[{"count":0,"href":"https:\/\/www.andromede-ocean.com\/english\/wp-json\/wp\/v2\/posts\/1249\/revisions"}],"wp:attachment":[{"href":"https:\/\/www.andromede-ocean.com\/english\/wp-json\/wp\/v2\/media?parent=1249"}],"wp:term":[{"taxonomy":"category","embeddable":true,"href":"https:\/\/www.andromede-ocean.com\/english\/wp-json\/wp\/v2\/categories?post=1249"},{"taxonomy":"post_tag","embeddable":true,"href":"https:\/\/www.andromede-ocean.com\/english\/wp-json\/wp\/v2\/tags?post=1249"}],"curies":[{"name":"wp","href":"https:\/\/api.w.org\/{rel}","templated":true}]}}