{"id":1241,"date":"2014-12-17T08:57:45","date_gmt":"2014-12-17T07:57:45","guid":{"rendered":"http:\/\/marion-dev.valars.com\/andromede\/?p=1241"},"modified":"2014-12-17T08:57:45","modified_gmt":"2014-12-17T07:57:45","slug":"conferences-pierre-descamp-pour-son-petit-traite-les-18-et-19-decembre","status":"publish","type":"post","link":"https:\/\/www.andromede-ocean.com\/english\/blog\/2014\/12\/17\/conferences-pierre-descamp-pour-son-petit-traite-les-18-et-19-decembre\/","title":{"rendered":"Conf\u00e9rences Pierre Descamp pour son &quot;Petit trait\u00e9&#8230;&quot; les 18 et 19 d\u00e9cembre"},"content":{"rendered":"<div align=\"center\">\n<i><a href=\"http:\/\/www.andromede-ocean.com\/english\/wp-content\/uploads\/sites\/2\/couv1.jpg\"><img loading=\"lazy\" decoding=\"async\" class=\"alignleft size-medium wp-image-1238\" alt=\"couv\" src=\"http:\/\/www.andromede-ocean.com\/english\/wp-content\/uploads\/sites\/2\/couv1-300x243.jpg\" width=\"300\" height=\"243\" \/><\/a>Avis aux amoureux de la mer M\u00e9diterran\u00e9e&#8230;<\/i><\/p>\n<p align=\"center\"><b>CONF\u00c9RENCES\/ PROJECTIONS<\/b><\/p>\n<p align=\"center\">\n<p align=\"center\"><span style=\"color: #000080;\"><b>Petit trait\u00e9 de s\u00e9duction \u00e0 l&#8217;usage des amoureux <\/b><\/span><\/p>\n<p align=\"center\"><span style=\"color: #000080;\"><b>de la M\u00e9diterran\u00e9e<\/b><\/span><b><\/b><\/p>\n<p><b><\/b><\/p>\n<p align=\"center\">\n<p align=\"center\"><b>Jeudi 18 d\u00e9cembre\u00a0 \u00e0 18h30 \u00e0 Palavas-les-flots au Nautilus<\/b><\/p>\n<p align=\"center\"><b>Vendredi 19 d\u00e9cembre \u00e0 18h30, \u00e0 Saturargues, salle Michel Galabru<\/b><\/p>\n<p>&nbsp;<\/p>\n<p align=\"center\"><em>Pour d\u00e9couvrir ou red\u00e9couvrir la M\u00e9diterran\u00e9e, des petits bonheurs de tous les jours<b> <\/b>aux grands enjeux de l&#8217;avenir<\/em><\/p>\n<p><span style=\"font-family: Georgia;\"> <em>Tout public, entr\u00e9e libre et gratuite<\/em><\/span><\/div>\n<p><b>\u00a0<\/b><big><b><\/b><\/big><br \/>\n<span style=\"font-family: Georgia;\"><b>Biologiste marin, plongeur professionnel et surtout passionn\u00e9 par la mer depuis toujours, Pierre Descamp a cr\u00e9\u00e9 et dirige la soci<\/b><b>\u00e9t\u00e9 Androm\u00e8de Oc\u00e9anologie qui est impliqu\u00e9e dans de nombreux projets d\u2019\u00e9<\/b><b>tude et de gestion du milieu marin en France et \u00e0 l\u2019\u00e9tranger. Parall\u00e8lement il a co\u00e9crit le film \u00ab\u00a0le septi\u00e8me ciel des requins gris\u00a0\u00bb, le livre \u00ab\u00a0Plan\u00e8te MERS\u00a0\u00bb, et coproduit le documentaire \u00ab\u00a0Coelacanthe, plong\u00e9e vers nos origines\u00a0\u00bb avec Laurent Ballesta. <\/b><\/span><br \/>\n<big><b><small>A l\u2019issue des conf\u00e9rences, Pierre Descamp d\u00e9dicacera son\u00a0 \u00ab\u00a0<i>Petit trait\u00e9 de s\u00e9duction \u00e0 l\u2019usage des amoureux de la M\u00e9diterran\u00e9e<\/i>\u00a0\u00bb.<\/small><\/b><\/big>\t\t<\/p>\n","protected":false},"excerpt":{"rendered":"<p>Avis aux amoureux de la mer M\u00e9diterran\u00e9e&#8230; CONF\u00c9RENCES\/ PROJECTIONS Petit trait\u00e9 de s\u00e9duction \u00e0 l&#8217;usage des amoureux de la M\u00e9diterran\u00e9e Jeudi 18 d\u00e9cembre\u00a0 \u00e0 18h30 \u00e0 Palavas-les-flots au Nautilus Vendredi 19 d\u00e9cembre \u00e0 18h30, \u00e0 Saturargues, salle Michel Galabru &nbsp; Pour d\u00e9couvrir ou red\u00e9couvrir la M\u00e9diterran\u00e9e, des petits bonheurs de tous les jours aux grands [&hellip;]<\/p>\n","protected":false},"author":3,"featured_media":0,"comment_status":"closed","ping_status":"open","sticky":false,"template":"","format":"standard","meta":{"_et_pb_use_builder":"","_et_pb_old_content":"","_et_gb_content_width":"","footnotes":""},"categories":[4],"tags":[],"class_list":["post-1241","post","type-post","status-publish","format-standard","hentry","category-livres"],"yoast_head":"<!-- This site is optimized with the Yoast SEO plugin v27.0 - https:\/\/yoast.com\/product\/yoast-seo-wordpress\/ -->\n<title>Conf\u00e9rences Pierre Descamp pour son &quot;Petit trait\u00e9...&quot; les 18 et 19 d\u00e9cembre - Androm\u00e8de Oc\u00e9anologie<\/title>\n<meta name=\"robots\" content=\"index, follow, max-snippet:-1, max-image-preview:large, max-video-preview:-1\" \/>\n<meta property=\"og:locale\" content=\"en_GB\" \/>\n<meta property=\"og:type\" content=\"article\" \/>\n<meta property=\"og:title\" content=\"Conf\u00e9rences Pierre Descamp pour son &quot;Petit trait\u00e9...&quot; les 18 et 19 d\u00e9cembre - Androm\u00e8de Oc\u00e9anologie\" \/>\n<meta property=\"og:description\" content=\"Avis aux amoureux de la mer M\u00e9diterran\u00e9e&#8230; CONF\u00c9RENCES\/ PROJECTIONS Petit trait\u00e9 de s\u00e9duction \u00e0 l&#8217;usage des amoureux de la M\u00e9diterran\u00e9e Jeudi 18 d\u00e9cembre\u00a0 \u00e0 18h30 \u00e0 Palavas-les-flots au Nautilus Vendredi 19 d\u00e9cembre \u00e0 18h30, \u00e0 Saturargues, salle Michel Galabru &nbsp; Pour d\u00e9couvrir ou red\u00e9couvrir la M\u00e9diterran\u00e9e, des petits bonheurs de tous les jours aux grands [&hellip;]\" \/>\n<meta property=\"og:url\" content=\"https:\/\/www.andromede-ocean.com\/english\/blog\/2014\/12\/17\/conferences-pierre-descamp-pour-son-petit-traite-les-18-et-19-decembre\/\" \/>\n<meta property=\"og:site_name\" content=\"Androm\u00e8de Oc\u00e9anologie\" \/>\n<meta property=\"article:published_time\" content=\"2014-12-17T07:57:45+00:00\" \/>\n<meta property=\"og:image\" content=\"http:\/\/www.andromede-ocean.com\/english\/wp-content\/uploads\/sites\/2\/couv1-300x243.jpg\" \/>\n<meta name=\"author\" content=\"julie Deter\" \/>\n<meta name=\"twitter:card\" content=\"summary_large_image\" \/>\n<meta name=\"twitter:label1\" content=\"Written by\" \/>\n\t<meta name=\"twitter:data1\" content=\"julie Deter\" \/>\n\t<meta name=\"twitter:label2\" content=\"Estimated reading time\" \/>\n\t<meta name=\"twitter:data2\" content=\"1 minute\" \/>\n<script type=\"application\/ld+json\" class=\"yoast-schema-graph\">{\"@context\":\"https:\/\/schema.org\",\"@graph\":[{\"@type\":\"Article\",\"@id\":\"https:\/\/www.andromede-ocean.com\/english\/blog\/2014\/12\/17\/conferences-pierre-descamp-pour-son-petit-traite-les-18-et-19-decembre\/#article\",\"isPartOf\":{\"@id\":\"https:\/\/www.andromede-ocean.com\/english\/blog\/2014\/12\/17\/conferences-pierre-descamp-pour-son-petit-traite-les-18-et-19-decembre\/\"},\"author\":{\"name\":\"julie Deter\",\"@id\":\"https:\/\/www.andromede-ocean.com\/english\/#\/schema\/person\/670621606150c9eb5a0c92897263dcf6\"},\"headline\":\"Conf\u00e9rences Pierre Descamp pour son &quot;Petit trait\u00e9&#8230;&quot; les 18 et 19 d\u00e9cembre\",\"datePublished\":\"2014-12-17T07:57:45+00:00\",\"mainEntityOfPage\":{\"@id\":\"https:\/\/www.andromede-ocean.com\/english\/blog\/2014\/12\/17\/conferences-pierre-descamp-pour-son-petit-traite-les-18-et-19-decembre\/\"},\"wordCount\":188,\"image\":{\"@id\":\"https:\/\/www.andromede-ocean.com\/english\/blog\/2014\/12\/17\/conferences-pierre-descamp-pour-son-petit-traite-les-18-et-19-decembre\/#primaryimage\"},\"thumbnailUrl\":\"http:\/\/www.andromede-ocean.com\/english\/wp-content\/uploads\/sites\/2\/couv1-300x243.jpg\",\"articleSection\":[\"books\"],\"inLanguage\":\"en-GB\"},{\"@type\":\"WebPage\",\"@id\":\"https:\/\/www.andromede-ocean.com\/english\/blog\/2014\/12\/17\/conferences-pierre-descamp-pour-son-petit-traite-les-18-et-19-decembre\/\",\"url\":\"https:\/\/www.andromede-ocean.com\/english\/blog\/2014\/12\/17\/conferences-pierre-descamp-pour-son-petit-traite-les-18-et-19-decembre\/\",\"name\":\"Conf\u00e9rences Pierre Descamp pour son &quot;Petit trait\u00e9...&quot; les 18 et 19 d\u00e9cembre - Androm\u00e8de Oc\u00e9anologie\",\"isPartOf\":{\"@id\":\"https:\/\/www.andromede-ocean.com\/english\/#website\"},\"primaryImageOfPage\":{\"@id\":\"https:\/\/www.andromede-ocean.com\/english\/blog\/2014\/12\/17\/conferences-pierre-descamp-pour-son-petit-traite-les-18-et-19-decembre\/#primaryimage\"},\"image\":{\"@id\":\"https:\/\/www.andromede-ocean.com\/english\/blog\/2014\/12\/17\/conferences-pierre-descamp-pour-son-petit-traite-les-18-et-19-decembre\/#primaryimage\"},\"thumbnailUrl\":\"http:\/\/www.andromede-ocean.com\/english\/wp-content\/uploads\/sites\/2\/couv1-300x243.jpg\",\"datePublished\":\"2014-12-17T07:57:45+00:00\",\"author\":{\"@id\":\"https:\/\/www.andromede-ocean.com\/english\/#\/schema\/person\/670621606150c9eb5a0c92897263dcf6\"},\"breadcrumb\":{\"@id\":\"https:\/\/www.andromede-ocean.com\/english\/blog\/2014\/12\/17\/conferences-pierre-descamp-pour-son-petit-traite-les-18-et-19-decembre\/#breadcrumb\"},\"inLanguage\":\"en-GB\",\"potentialAction\":[{\"@type\":\"ReadAction\",\"target\":[\"https:\/\/www.andromede-ocean.com\/english\/blog\/2014\/12\/17\/conferences-pierre-descamp-pour-son-petit-traite-les-18-et-19-decembre\/\"]}]},{\"@type\":\"ImageObject\",\"inLanguage\":\"en-GB\",\"@id\":\"https:\/\/www.andromede-ocean.com\/english\/blog\/2014\/12\/17\/conferences-pierre-descamp-pour-son-petit-traite-les-18-et-19-decembre\/#primaryimage\",\"url\":\"\",\"contentUrl\":\"\"},{\"@type\":\"BreadcrumbList\",\"@id\":\"https:\/\/www.andromede-ocean.com\/english\/blog\/2014\/12\/17\/conferences-pierre-descamp-pour-son-petit-traite-les-18-et-19-decembre\/#breadcrumb\",\"itemListElement\":[{\"@type\":\"ListItem\",\"position\":1,\"name\":\"Accueil\",\"item\":\"https:\/\/www.andromede-ocean.com\/english\/\"},{\"@type\":\"ListItem\",\"position\":2,\"name\":\"Conf\u00e9rences Pierre Descamp pour son &quot;Petit trait\u00e9&#8230;&quot; les 18 et 19 d\u00e9cembre\"}]},{\"@type\":\"WebSite\",\"@id\":\"https:\/\/www.andromede-ocean.com\/english\/#website\",\"url\":\"https:\/\/www.andromede-ocean.com\/english\/\",\"name\":\"Androm\u00e8de Oc\u00e9anologie\",\"description\":\"\",\"potentialAction\":[{\"@type\":\"SearchAction\",\"target\":{\"@type\":\"EntryPoint\",\"urlTemplate\":\"https:\/\/www.andromede-ocean.com\/english\/?s={search_term_string}\"},\"query-input\":{\"@type\":\"PropertyValueSpecification\",\"valueRequired\":true,\"valueName\":\"search_term_string\"}}],\"inLanguage\":\"en-GB\"},{\"@type\":\"Person\",\"@id\":\"https:\/\/www.andromede-ocean.com\/english\/#\/schema\/person\/670621606150c9eb5a0c92897263dcf6\",\"name\":\"julie Deter\",\"image\":{\"@type\":\"ImageObject\",\"inLanguage\":\"en-GB\",\"@id\":\"https:\/\/www.andromede-ocean.com\/english\/#\/schema\/person\/image\/\",\"url\":\"https:\/\/secure.gravatar.com\/avatar\/29b9c20f73f722191c32425ab84445e2b34fcc25b717ea8e1667c86ae7eb81cf?s=96&d=mm&r=g\",\"contentUrl\":\"https:\/\/secure.gravatar.com\/avatar\/29b9c20f73f722191c32425ab84445e2b34fcc25b717ea8e1667c86ae7eb81cf?s=96&d=mm&r=g\",\"caption\":\"julie Deter\"}}]}<\/script>\n<!-- \/ Yoast SEO plugin. -->","yoast_head_json":{"title":"Conf\u00e9rences Pierre Descamp pour son &quot;Petit trait\u00e9...&quot; les 18 et 19 d\u00e9cembre - Androm\u00e8de Oc\u00e9anologie","robots":{"index":"index","follow":"follow","max-snippet":"max-snippet:-1","max-image-preview":"max-image-preview:large","max-video-preview":"max-video-preview:-1"},"og_locale":"en_GB","og_type":"article","og_title":"Conf\u00e9rences Pierre Descamp pour son &quot;Petit trait\u00e9...&quot; les 18 et 19 d\u00e9cembre - Androm\u00e8de Oc\u00e9anologie","og_description":"Avis aux amoureux de la mer M\u00e9diterran\u00e9e&#8230; CONF\u00c9RENCES\/ PROJECTIONS Petit trait\u00e9 de s\u00e9duction \u00e0 l&#8217;usage des amoureux de la M\u00e9diterran\u00e9e Jeudi 18 d\u00e9cembre\u00a0 \u00e0 18h30 \u00e0 Palavas-les-flots au Nautilus Vendredi 19 d\u00e9cembre \u00e0 18h30, \u00e0 Saturargues, salle Michel Galabru &nbsp; Pour d\u00e9couvrir ou red\u00e9couvrir la M\u00e9diterran\u00e9e, des petits bonheurs de tous les jours aux grands [&hellip;]","og_url":"https:\/\/www.andromede-ocean.com\/english\/blog\/2014\/12\/17\/conferences-pierre-descamp-pour-son-petit-traite-les-18-et-19-decembre\/","og_site_name":"Androm\u00e8de Oc\u00e9anologie","article_published_time":"2014-12-17T07:57:45+00:00","og_image":[{"url":"http:\/\/www.andromede-ocean.com\/english\/wp-content\/uploads\/sites\/2\/couv1-300x243.jpg","type":"","width":"","height":""}],"author":"julie Deter","twitter_card":"summary_large_image","twitter_misc":{"Written by":"julie Deter","Estimated reading time":"1 minute"},"schema":{"@context":"https:\/\/schema.org","@graph":[{"@type":"Article","@id":"https:\/\/www.andromede-ocean.com\/english\/blog\/2014\/12\/17\/conferences-pierre-descamp-pour-son-petit-traite-les-18-et-19-decembre\/#article","isPartOf":{"@id":"https:\/\/www.andromede-ocean.com\/english\/blog\/2014\/12\/17\/conferences-pierre-descamp-pour-son-petit-traite-les-18-et-19-decembre\/"},"author":{"name":"julie Deter","@id":"https:\/\/www.andromede-ocean.com\/english\/#\/schema\/person\/670621606150c9eb5a0c92897263dcf6"},"headline":"Conf\u00e9rences Pierre Descamp pour son &quot;Petit trait\u00e9&#8230;&quot; les 18 et 19 d\u00e9cembre","datePublished":"2014-12-17T07:57:45+00:00","mainEntityOfPage":{"@id":"https:\/\/www.andromede-ocean.com\/english\/blog\/2014\/12\/17\/conferences-pierre-descamp-pour-son-petit-traite-les-18-et-19-decembre\/"},"wordCount":188,"image":{"@id":"https:\/\/www.andromede-ocean.com\/english\/blog\/2014\/12\/17\/conferences-pierre-descamp-pour-son-petit-traite-les-18-et-19-decembre\/#primaryimage"},"thumbnailUrl":"http:\/\/www.andromede-ocean.com\/english\/wp-content\/uploads\/sites\/2\/couv1-300x243.jpg","articleSection":["books"],"inLanguage":"en-GB"},{"@type":"WebPage","@id":"https:\/\/www.andromede-ocean.com\/english\/blog\/2014\/12\/17\/conferences-pierre-descamp-pour-son-petit-traite-les-18-et-19-decembre\/","url":"https:\/\/www.andromede-ocean.com\/english\/blog\/2014\/12\/17\/conferences-pierre-descamp-pour-son-petit-traite-les-18-et-19-decembre\/","name":"Conf\u00e9rences Pierre Descamp pour son &quot;Petit trait\u00e9...&quot; les 18 et 19 d\u00e9cembre - Androm\u00e8de Oc\u00e9anologie","isPartOf":{"@id":"https:\/\/www.andromede-ocean.com\/english\/#website"},"primaryImageOfPage":{"@id":"https:\/\/www.andromede-ocean.com\/english\/blog\/2014\/12\/17\/conferences-pierre-descamp-pour-son-petit-traite-les-18-et-19-decembre\/#primaryimage"},"image":{"@id":"https:\/\/www.andromede-ocean.com\/english\/blog\/2014\/12\/17\/conferences-pierre-descamp-pour-son-petit-traite-les-18-et-19-decembre\/#primaryimage"},"thumbnailUrl":"http:\/\/www.andromede-ocean.com\/english\/wp-content\/uploads\/sites\/2\/couv1-300x243.jpg","datePublished":"2014-12-17T07:57:45+00:00","author":{"@id":"https:\/\/www.andromede-ocean.com\/english\/#\/schema\/person\/670621606150c9eb5a0c92897263dcf6"},"breadcrumb":{"@id":"https:\/\/www.andromede-ocean.com\/english\/blog\/2014\/12\/17\/conferences-pierre-descamp-pour-son-petit-traite-les-18-et-19-decembre\/#breadcrumb"},"inLanguage":"en-GB","potentialAction":[{"@type":"ReadAction","target":["https:\/\/www.andromede-ocean.com\/english\/blog\/2014\/12\/17\/conferences-pierre-descamp-pour-son-petit-traite-les-18-et-19-decembre\/"]}]},{"@type":"ImageObject","inLanguage":"en-GB","@id":"https:\/\/www.andromede-ocean.com\/english\/blog\/2014\/12\/17\/conferences-pierre-descamp-pour-son-petit-traite-les-18-et-19-decembre\/#primaryimage","url":"","contentUrl":""},{"@type":"BreadcrumbList","@id":"https:\/\/www.andromede-ocean.com\/english\/blog\/2014\/12\/17\/conferences-pierre-descamp-pour-son-petit-traite-les-18-et-19-decembre\/#breadcrumb","itemListElement":[{"@type":"ListItem","position":1,"name":"Accueil","item":"https:\/\/www.andromede-ocean.com\/english\/"},{"@type":"ListItem","position":2,"name":"Conf\u00e9rences Pierre Descamp pour son &quot;Petit trait\u00e9&#8230;&quot; les 18 et 19 d\u00e9cembre"}]},{"@type":"WebSite","@id":"https:\/\/www.andromede-ocean.com\/english\/#website","url":"https:\/\/www.andromede-ocean.com\/english\/","name":"Androm\u00e8de Oc\u00e9anologie","description":"","potentialAction":[{"@type":"SearchAction","target":{"@type":"EntryPoint","urlTemplate":"https:\/\/www.andromede-ocean.com\/english\/?s={search_term_string}"},"query-input":{"@type":"PropertyValueSpecification","valueRequired":true,"valueName":"search_term_string"}}],"inLanguage":"en-GB"},{"@type":"Person","@id":"https:\/\/www.andromede-ocean.com\/english\/#\/schema\/person\/670621606150c9eb5a0c92897263dcf6","name":"julie Deter","image":{"@type":"ImageObject","inLanguage":"en-GB","@id":"https:\/\/www.andromede-ocean.com\/english\/#\/schema\/person\/image\/","url":"https:\/\/secure.gravatar.com\/avatar\/29b9c20f73f722191c32425ab84445e2b34fcc25b717ea8e1667c86ae7eb81cf?s=96&d=mm&r=g","contentUrl":"https:\/\/secure.gravatar.com\/avatar\/29b9c20f73f722191c32425ab84445e2b34fcc25b717ea8e1667c86ae7eb81cf?s=96&d=mm&r=g","caption":"julie Deter"}}]}},"_links":{"self":[{"href":"https:\/\/www.andromede-ocean.com\/english\/wp-json\/wp\/v2\/posts\/1241","targetHints":{"allow":["GET"]}}],"collection":[{"href":"https:\/\/www.andromede-ocean.com\/english\/wp-json\/wp\/v2\/posts"}],"about":[{"href":"https:\/\/www.andromede-ocean.com\/english\/wp-json\/wp\/v2\/types\/post"}],"author":[{"embeddable":true,"href":"https:\/\/www.andromede-ocean.com\/english\/wp-json\/wp\/v2\/users\/3"}],"replies":[{"embeddable":true,"href":"https:\/\/www.andromede-ocean.com\/english\/wp-json\/wp\/v2\/comments?post=1241"}],"version-history":[{"count":0,"href":"https:\/\/www.andromede-ocean.com\/english\/wp-json\/wp\/v2\/posts\/1241\/revisions"}],"wp:attachment":[{"href":"https:\/\/www.andromede-ocean.com\/english\/wp-json\/wp\/v2\/media?parent=1241"}],"wp:term":[{"taxonomy":"category","embeddable":true,"href":"https:\/\/www.andromede-ocean.com\/english\/wp-json\/wp\/v2\/categories?post=1241"},{"taxonomy":"post_tag","embeddable":true,"href":"https:\/\/www.andromede-ocean.com\/english\/wp-json\/wp\/v2\/tags?post=1241"}],"curies":[{"name":"wp","href":"https:\/\/api.w.org\/{rel}","templated":true}]}}