{"id":1116,"date":"2014-10-06T13:53:55","date_gmt":"2014-10-06T12:53:55","guid":{"rendered":"http:\/\/marion-dev.valars.com\/andromede\/?p=1116"},"modified":"2014-10-06T13:53:55","modified_gmt":"2014-10-06T12:53:55","slug":"l-ballesta-au-festival-mondial-de-limage-sous-marine","status":"publish","type":"post","link":"https:\/\/www.andromede-ocean.com\/english\/blog\/2014\/10\/06\/l-ballesta-au-festival-mondial-de-limage-sous-marine\/","title":{"rendered":"L. Ballesta au festival mondial de l&#039;image sous marine"},"content":{"rendered":"<p style=\"text-align: center;\"><a href=\"http:\/\/www.andromede-ocean.com\/english\/wp-content\/uploads\/sites\/2\/festival-image-sous-marine.jpg\"><img loading=\"lazy\" decoding=\"async\" class=\"alignleft size-medium wp-image-1117\" alt=\"festival image sous marine\" src=\"http:\/\/www.andromede-ocean.com\/english\/wp-content\/uploads\/sites\/2\/festival-image-sous-marine-211x300.jpg\" width=\"211\" height=\"300\" \/><\/a>Le 41\u00e8me <strong>festival mondial de l&#8217;image sous marine<\/strong> se d\u00e9roulera<\/p>\n<p style=\"text-align: center;\">du <strong>30 octobre au 2 novembre 2014<\/strong> au parc Chanot \u00e0<strong> Marseille<\/strong>.<\/p>\n<p style=\"text-align: center;\"><a href=\"http:\/\/www.andromede-ocean.com\/english\/wp-content\/uploads\/sites\/2\/libre-gombessa.jpg\"><img loading=\"lazy\" decoding=\"async\" class=\"aligncenter size-thumbnail wp-image-831\" alt=\"libre gombessa\" src=\"http:\/\/www.andromede-ocean.com\/english\/wp-content\/uploads\/sites\/2\/libre-gombessa-150x150.jpg\" width=\"150\" height=\"150\" \/><\/a><\/p>\n<p style=\"text-align: center;\"><span style=\"color: #0000ff;\">Le samedi 1er novembre, <\/span><\/p>\n<p style=\"text-align: center;\"><span style=\"color: #0000ff;\"><strong>Rencontre-d\u00e9dicace<\/strong> avec <strong>Laurent Ballesta<\/strong><\/span><\/p>\n<p style=\"text-align: center;\">autour de son dernier <strong>livre &#8220;Gombessa, rencontre avec le coelcanthe&#8221; <\/strong><\/p>\n<p style=\"text-align: center;\">issu de l&#8217;exp\u00e9dition &#8220;Gombessa&#8221; en Afrique du Sud.<\/p>\n<p>&nbsp;<\/p>\n<p style=\"text-align: justify;\"><span style=\"color: #0000ff;\">Dur\u00e9e toute la dur\u00e9e du festival, sera pr\u00e9sent\u00e9e une <strong>exposition de photographies grand format<\/strong> tir\u00e9es de l&#8217;exp\u00e9dition ainsi que le <strong>mat\u00e9riel utilis\u00e9 lors des plong\u00e9es scientifiques<\/strong> <\/span>: cam\u00e9ra &#8220;girafe&#8221;, appareil photo, recycleur, etc&#8230;<\/p>\n<p style=\"text-align: justify;\"><em>Plus d&#8217;infos sur le festival : http:\/\/www.underwater-festival.com\/<\/em><\/p>\n","protected":false},"excerpt":{"rendered":"<p>Le 41\u00e8me festival mondial de l&#8217;image sous marine se d\u00e9roulera du 30 octobre au 2 novembre 2014 au parc Chanot \u00e0 Marseille. Le samedi 1er novembre, Rencontre-d\u00e9dicace avec Laurent Ballesta autour de son dernier livre &#8220;Gombessa, rencontre avec le coelcanthe&#8221; issu de l&#8217;exp\u00e9dition &#8220;Gombessa&#8221; en Afrique du Sud. &nbsp; Dur\u00e9e toute la dur\u00e9e du festival, [&hellip;]<\/p>\n","protected":false},"author":3,"featured_media":0,"comment_status":"closed","ping_status":"open","sticky":false,"template":"","format":"standard","meta":{"_et_pb_use_builder":"","_et_pb_old_content":"","_et_gb_content_width":"","footnotes":""},"categories":[5],"tags":[],"class_list":["post-1116","post","type-post","status-publish","format-standard","hentry","category-expeditions"],"yoast_head":"<!-- This site is optimized with the Yoast SEO plugin v27.0 - https:\/\/yoast.com\/product\/yoast-seo-wordpress\/ -->\n<title>L. Ballesta au festival mondial de l&#039;image sous marine - Androm\u00e8de Oc\u00e9anologie<\/title>\n<meta name=\"robots\" content=\"index, follow, max-snippet:-1, max-image-preview:large, max-video-preview:-1\" \/>\n<meta property=\"og:locale\" content=\"en_GB\" \/>\n<meta property=\"og:type\" content=\"article\" \/>\n<meta property=\"og:title\" content=\"L. Ballesta au festival mondial de l&#039;image sous marine - Androm\u00e8de Oc\u00e9anologie\" \/>\n<meta property=\"og:description\" content=\"Le 41\u00e8me festival mondial de l&#8217;image sous marine se d\u00e9roulera du 30 octobre au 2 novembre 2014 au parc Chanot \u00e0 Marseille. Le samedi 1er novembre, Rencontre-d\u00e9dicace avec Laurent Ballesta autour de son dernier livre &#8220;Gombessa, rencontre avec le coelcanthe&#8221; issu de l&#8217;exp\u00e9dition &#8220;Gombessa&#8221; en Afrique du Sud. &nbsp; Dur\u00e9e toute la dur\u00e9e du festival, [&hellip;]\" \/>\n<meta property=\"og:url\" content=\"https:\/\/www.andromede-ocean.com\/english\/blog\/2014\/10\/06\/l-ballesta-au-festival-mondial-de-limage-sous-marine\/\" \/>\n<meta property=\"og:site_name\" content=\"Androm\u00e8de Oc\u00e9anologie\" \/>\n<meta property=\"article:published_time\" content=\"2014-10-06T12:53:55+00:00\" \/>\n<meta property=\"og:image\" content=\"http:\/\/www.andromede-ocean.com\/english\/wp-content\/uploads\/sites\/2\/festival-image-sous-marine-211x300.jpg\" \/>\n<meta name=\"author\" content=\"julie Deter\" \/>\n<meta name=\"twitter:card\" content=\"summary_large_image\" \/>\n<meta name=\"twitter:label1\" content=\"Written by\" \/>\n\t<meta name=\"twitter:data1\" content=\"julie Deter\" \/>\n<script type=\"application\/ld+json\" class=\"yoast-schema-graph\">{\"@context\":\"https:\/\/schema.org\",\"@graph\":[{\"@type\":\"Article\",\"@id\":\"https:\/\/www.andromede-ocean.com\/english\/blog\/2014\/10\/06\/l-ballesta-au-festival-mondial-de-limage-sous-marine\/#article\",\"isPartOf\":{\"@id\":\"https:\/\/www.andromede-ocean.com\/english\/blog\/2014\/10\/06\/l-ballesta-au-festival-mondial-de-limage-sous-marine\/\"},\"author\":{\"name\":\"julie Deter\",\"@id\":\"https:\/\/www.andromede-ocean.com\/english\/#\/schema\/person\/670621606150c9eb5a0c92897263dcf6\"},\"headline\":\"L. Ballesta au festival mondial de l&#039;image sous marine\",\"datePublished\":\"2014-10-06T12:53:55+00:00\",\"mainEntityOfPage\":{\"@id\":\"https:\/\/www.andromede-ocean.com\/english\/blog\/2014\/10\/06\/l-ballesta-au-festival-mondial-de-limage-sous-marine\/\"},\"wordCount\":108,\"image\":{\"@id\":\"https:\/\/www.andromede-ocean.com\/english\/blog\/2014\/10\/06\/l-ballesta-au-festival-mondial-de-limage-sous-marine\/#primaryimage\"},\"thumbnailUrl\":\"http:\/\/www.andromede-ocean.com\/english\/wp-content\/uploads\/sites\/2\/festival-image-sous-marine-211x300.jpg\",\"articleSection\":[\"Expeditions\"],\"inLanguage\":\"en-GB\"},{\"@type\":\"WebPage\",\"@id\":\"https:\/\/www.andromede-ocean.com\/english\/blog\/2014\/10\/06\/l-ballesta-au-festival-mondial-de-limage-sous-marine\/\",\"url\":\"https:\/\/www.andromede-ocean.com\/english\/blog\/2014\/10\/06\/l-ballesta-au-festival-mondial-de-limage-sous-marine\/\",\"name\":\"L. Ballesta au festival mondial de l&#039;image sous marine - Androm\u00e8de Oc\u00e9anologie\",\"isPartOf\":{\"@id\":\"https:\/\/www.andromede-ocean.com\/english\/#website\"},\"primaryImageOfPage\":{\"@id\":\"https:\/\/www.andromede-ocean.com\/english\/blog\/2014\/10\/06\/l-ballesta-au-festival-mondial-de-limage-sous-marine\/#primaryimage\"},\"image\":{\"@id\":\"https:\/\/www.andromede-ocean.com\/english\/blog\/2014\/10\/06\/l-ballesta-au-festival-mondial-de-limage-sous-marine\/#primaryimage\"},\"thumbnailUrl\":\"http:\/\/www.andromede-ocean.com\/english\/wp-content\/uploads\/sites\/2\/festival-image-sous-marine-211x300.jpg\",\"datePublished\":\"2014-10-06T12:53:55+00:00\",\"author\":{\"@id\":\"https:\/\/www.andromede-ocean.com\/english\/#\/schema\/person\/670621606150c9eb5a0c92897263dcf6\"},\"breadcrumb\":{\"@id\":\"https:\/\/www.andromede-ocean.com\/english\/blog\/2014\/10\/06\/l-ballesta-au-festival-mondial-de-limage-sous-marine\/#breadcrumb\"},\"inLanguage\":\"en-GB\",\"potentialAction\":[{\"@type\":\"ReadAction\",\"target\":[\"https:\/\/www.andromede-ocean.com\/english\/blog\/2014\/10\/06\/l-ballesta-au-festival-mondial-de-limage-sous-marine\/\"]}]},{\"@type\":\"ImageObject\",\"inLanguage\":\"en-GB\",\"@id\":\"https:\/\/www.andromede-ocean.com\/english\/blog\/2014\/10\/06\/l-ballesta-au-festival-mondial-de-limage-sous-marine\/#primaryimage\",\"url\":\"\",\"contentUrl\":\"\"},{\"@type\":\"BreadcrumbList\",\"@id\":\"https:\/\/www.andromede-ocean.com\/english\/blog\/2014\/10\/06\/l-ballesta-au-festival-mondial-de-limage-sous-marine\/#breadcrumb\",\"itemListElement\":[{\"@type\":\"ListItem\",\"position\":1,\"name\":\"Accueil\",\"item\":\"https:\/\/www.andromede-ocean.com\/english\/\"},{\"@type\":\"ListItem\",\"position\":2,\"name\":\"L. Ballesta au festival mondial de l&#039;image sous marine\"}]},{\"@type\":\"WebSite\",\"@id\":\"https:\/\/www.andromede-ocean.com\/english\/#website\",\"url\":\"https:\/\/www.andromede-ocean.com\/english\/\",\"name\":\"Androm\u00e8de Oc\u00e9anologie\",\"description\":\"\",\"potentialAction\":[{\"@type\":\"SearchAction\",\"target\":{\"@type\":\"EntryPoint\",\"urlTemplate\":\"https:\/\/www.andromede-ocean.com\/english\/?s={search_term_string}\"},\"query-input\":{\"@type\":\"PropertyValueSpecification\",\"valueRequired\":true,\"valueName\":\"search_term_string\"}}],\"inLanguage\":\"en-GB\"},{\"@type\":\"Person\",\"@id\":\"https:\/\/www.andromede-ocean.com\/english\/#\/schema\/person\/670621606150c9eb5a0c92897263dcf6\",\"name\":\"julie Deter\",\"image\":{\"@type\":\"ImageObject\",\"inLanguage\":\"en-GB\",\"@id\":\"https:\/\/www.andromede-ocean.com\/english\/#\/schema\/person\/image\/\",\"url\":\"https:\/\/secure.gravatar.com\/avatar\/29b9c20f73f722191c32425ab84445e2b34fcc25b717ea8e1667c86ae7eb81cf?s=96&d=mm&r=g\",\"contentUrl\":\"https:\/\/secure.gravatar.com\/avatar\/29b9c20f73f722191c32425ab84445e2b34fcc25b717ea8e1667c86ae7eb81cf?s=96&d=mm&r=g\",\"caption\":\"julie Deter\"}}]}<\/script>\n<!-- \/ Yoast SEO plugin. -->","yoast_head_json":{"title":"L. Ballesta au festival mondial de l&#039;image sous marine - Androm\u00e8de Oc\u00e9anologie","robots":{"index":"index","follow":"follow","max-snippet":"max-snippet:-1","max-image-preview":"max-image-preview:large","max-video-preview":"max-video-preview:-1"},"og_locale":"en_GB","og_type":"article","og_title":"L. Ballesta au festival mondial de l&#039;image sous marine - Androm\u00e8de Oc\u00e9anologie","og_description":"Le 41\u00e8me festival mondial de l&#8217;image sous marine se d\u00e9roulera du 30 octobre au 2 novembre 2014 au parc Chanot \u00e0 Marseille. Le samedi 1er novembre, Rencontre-d\u00e9dicace avec Laurent Ballesta autour de son dernier livre &#8220;Gombessa, rencontre avec le coelcanthe&#8221; issu de l&#8217;exp\u00e9dition &#8220;Gombessa&#8221; en Afrique du Sud. &nbsp; Dur\u00e9e toute la dur\u00e9e du festival, [&hellip;]","og_url":"https:\/\/www.andromede-ocean.com\/english\/blog\/2014\/10\/06\/l-ballesta-au-festival-mondial-de-limage-sous-marine\/","og_site_name":"Androm\u00e8de Oc\u00e9anologie","article_published_time":"2014-10-06T12:53:55+00:00","og_image":[{"url":"http:\/\/www.andromede-ocean.com\/english\/wp-content\/uploads\/sites\/2\/festival-image-sous-marine-211x300.jpg","type":"","width":"","height":""}],"author":"julie Deter","twitter_card":"summary_large_image","twitter_misc":{"Written by":"julie Deter"},"schema":{"@context":"https:\/\/schema.org","@graph":[{"@type":"Article","@id":"https:\/\/www.andromede-ocean.com\/english\/blog\/2014\/10\/06\/l-ballesta-au-festival-mondial-de-limage-sous-marine\/#article","isPartOf":{"@id":"https:\/\/www.andromede-ocean.com\/english\/blog\/2014\/10\/06\/l-ballesta-au-festival-mondial-de-limage-sous-marine\/"},"author":{"name":"julie Deter","@id":"https:\/\/www.andromede-ocean.com\/english\/#\/schema\/person\/670621606150c9eb5a0c92897263dcf6"},"headline":"L. Ballesta au festival mondial de l&#039;image sous marine","datePublished":"2014-10-06T12:53:55+00:00","mainEntityOfPage":{"@id":"https:\/\/www.andromede-ocean.com\/english\/blog\/2014\/10\/06\/l-ballesta-au-festival-mondial-de-limage-sous-marine\/"},"wordCount":108,"image":{"@id":"https:\/\/www.andromede-ocean.com\/english\/blog\/2014\/10\/06\/l-ballesta-au-festival-mondial-de-limage-sous-marine\/#primaryimage"},"thumbnailUrl":"http:\/\/www.andromede-ocean.com\/english\/wp-content\/uploads\/sites\/2\/festival-image-sous-marine-211x300.jpg","articleSection":["Expeditions"],"inLanguage":"en-GB"},{"@type":"WebPage","@id":"https:\/\/www.andromede-ocean.com\/english\/blog\/2014\/10\/06\/l-ballesta-au-festival-mondial-de-limage-sous-marine\/","url":"https:\/\/www.andromede-ocean.com\/english\/blog\/2014\/10\/06\/l-ballesta-au-festival-mondial-de-limage-sous-marine\/","name":"L. Ballesta au festival mondial de l&#039;image sous marine - Androm\u00e8de Oc\u00e9anologie","isPartOf":{"@id":"https:\/\/www.andromede-ocean.com\/english\/#website"},"primaryImageOfPage":{"@id":"https:\/\/www.andromede-ocean.com\/english\/blog\/2014\/10\/06\/l-ballesta-au-festival-mondial-de-limage-sous-marine\/#primaryimage"},"image":{"@id":"https:\/\/www.andromede-ocean.com\/english\/blog\/2014\/10\/06\/l-ballesta-au-festival-mondial-de-limage-sous-marine\/#primaryimage"},"thumbnailUrl":"http:\/\/www.andromede-ocean.com\/english\/wp-content\/uploads\/sites\/2\/festival-image-sous-marine-211x300.jpg","datePublished":"2014-10-06T12:53:55+00:00","author":{"@id":"https:\/\/www.andromede-ocean.com\/english\/#\/schema\/person\/670621606150c9eb5a0c92897263dcf6"},"breadcrumb":{"@id":"https:\/\/www.andromede-ocean.com\/english\/blog\/2014\/10\/06\/l-ballesta-au-festival-mondial-de-limage-sous-marine\/#breadcrumb"},"inLanguage":"en-GB","potentialAction":[{"@type":"ReadAction","target":["https:\/\/www.andromede-ocean.com\/english\/blog\/2014\/10\/06\/l-ballesta-au-festival-mondial-de-limage-sous-marine\/"]}]},{"@type":"ImageObject","inLanguage":"en-GB","@id":"https:\/\/www.andromede-ocean.com\/english\/blog\/2014\/10\/06\/l-ballesta-au-festival-mondial-de-limage-sous-marine\/#primaryimage","url":"","contentUrl":""},{"@type":"BreadcrumbList","@id":"https:\/\/www.andromede-ocean.com\/english\/blog\/2014\/10\/06\/l-ballesta-au-festival-mondial-de-limage-sous-marine\/#breadcrumb","itemListElement":[{"@type":"ListItem","position":1,"name":"Accueil","item":"https:\/\/www.andromede-ocean.com\/english\/"},{"@type":"ListItem","position":2,"name":"L. Ballesta au festival mondial de l&#039;image sous marine"}]},{"@type":"WebSite","@id":"https:\/\/www.andromede-ocean.com\/english\/#website","url":"https:\/\/www.andromede-ocean.com\/english\/","name":"Androm\u00e8de Oc\u00e9anologie","description":"","potentialAction":[{"@type":"SearchAction","target":{"@type":"EntryPoint","urlTemplate":"https:\/\/www.andromede-ocean.com\/english\/?s={search_term_string}"},"query-input":{"@type":"PropertyValueSpecification","valueRequired":true,"valueName":"search_term_string"}}],"inLanguage":"en-GB"},{"@type":"Person","@id":"https:\/\/www.andromede-ocean.com\/english\/#\/schema\/person\/670621606150c9eb5a0c92897263dcf6","name":"julie Deter","image":{"@type":"ImageObject","inLanguage":"en-GB","@id":"https:\/\/www.andromede-ocean.com\/english\/#\/schema\/person\/image\/","url":"https:\/\/secure.gravatar.com\/avatar\/29b9c20f73f722191c32425ab84445e2b34fcc25b717ea8e1667c86ae7eb81cf?s=96&d=mm&r=g","contentUrl":"https:\/\/secure.gravatar.com\/avatar\/29b9c20f73f722191c32425ab84445e2b34fcc25b717ea8e1667c86ae7eb81cf?s=96&d=mm&r=g","caption":"julie Deter"}}]}},"_links":{"self":[{"href":"https:\/\/www.andromede-ocean.com\/english\/wp-json\/wp\/v2\/posts\/1116","targetHints":{"allow":["GET"]}}],"collection":[{"href":"https:\/\/www.andromede-ocean.com\/english\/wp-json\/wp\/v2\/posts"}],"about":[{"href":"https:\/\/www.andromede-ocean.com\/english\/wp-json\/wp\/v2\/types\/post"}],"author":[{"embeddable":true,"href":"https:\/\/www.andromede-ocean.com\/english\/wp-json\/wp\/v2\/users\/3"}],"replies":[{"embeddable":true,"href":"https:\/\/www.andromede-ocean.com\/english\/wp-json\/wp\/v2\/comments?post=1116"}],"version-history":[{"count":0,"href":"https:\/\/www.andromede-ocean.com\/english\/wp-json\/wp\/v2\/posts\/1116\/revisions"}],"wp:attachment":[{"href":"https:\/\/www.andromede-ocean.com\/english\/wp-json\/wp\/v2\/media?parent=1116"}],"wp:term":[{"taxonomy":"category","embeddable":true,"href":"https:\/\/www.andromede-ocean.com\/english\/wp-json\/wp\/v2\/categories?post=1116"},{"taxonomy":"post_tag","embeddable":true,"href":"https:\/\/www.andromede-ocean.com\/english\/wp-json\/wp\/v2\/tags?post=1116"}],"curies":[{"name":"wp","href":"https:\/\/api.w.org\/{rel}","templated":true}]}}