{"id":1105,"date":"2014-09-24T16:11:23","date_gmt":"2014-09-24T15:11:23","guid":{"rendered":"http:\/\/marion-dev.valars.com\/andromede\/?p=1105"},"modified":"2014-09-24T16:11:23","modified_gmt":"2014-09-24T15:11:23","slug":"nomination-pour-le-prix-europeen-2014-de-lenvironnement-pour-les-entreprises","status":"publish","type":"post","link":"https:\/\/www.andromede-ocean.com\/english\/blog\/2014\/09\/24\/nomination-pour-le-prix-europeen-2014-de-lenvironnement-pour-les-entreprises\/","title":{"rendered":"Nomination pour le prix europ\u00e9en 2014 de l&#039;environnement pour les entreprises"},"content":{"rendered":"<p align=\"center\"><b><a href=\"http:\/\/www.andromede-ocean.com\/english\/wp-content\/uploads\/sites\/2\/european-awards.png\"><img loading=\"lazy\" decoding=\"async\" class=\"alignleft size-full wp-image-1151\" alt=\"european awards\" src=\"http:\/\/www.andromede-ocean.com\/english\/wp-content\/uploads\/sites\/2\/european-awards.png\" width=\"173\" height=\"292\" \/><\/a>Androm\u00e8de Oc\u00e9anologie<\/b> figure parmi les finalistes du prix europ\u00e9en 2014 de l&#8217;environnement pour les entreprises (<strong>European Business Awards for the Environment<\/strong> \u2013 EBAE)<br \/>\ndont la liste a \u00e9t\u00e9 d\u00e9voil\u00e9e par un jury international apr\u00e8s deux jours de d\u00e9lib\u00e9rations \u00e0 Rome, en Italie.<\/p>\n<p align=\"center\">Les 17 finalistes sont originaires de 10 pays et ont \u00e9t\u00e9 s\u00e9lectionn\u00e9s parmi 152 candidats, eux-m\u00eames laur\u00e9ats des EBAE \u00e0 l\u2019\u00e9chelon national.<br \/>\nLe nom des gagnants sera annonc\u00e9 lors d&#8217;une c\u00e9r\u00e9monie organis\u00e9e \u00e0 Lyon (France), le 1<sup>er<\/sup> d\u00e9cembre\u00a02014 lors du salon Pollutec<\/p>\n<p align=\"center\"><b>Androm\u00e8de Oc\u00e9anologie <\/b>est finaliste dans la cat\u00e9gorie \u00ab\u00a0entreprise et biodiversit\u00e9\u00a0\u00bb avec le projet \u00ab\u00a0<b>Donia<\/b>\u00a0\u00bb, une application smartphone\/tablette qui fourni aux plaisanciers et autres usagers de la M\u00e9diterran\u00e9e des cartographies haute r\u00e9solution des fonds marins et des outils pour diminuer leur impact (afin d\u2019\u00e9viter par exemple d\u2019ancrer dans les herbiers prot\u00e9g\u00e9s de posidonie).<br \/>\n<a href=\"http:\/\/europa.eu\/rapid\/press-release_IP-14-1028_fr.htm\">http:\/\/europa.eu\/rapid\/press-release_IP-14-1028_fr.htm<\/a><\/p>\n<div align=\"center\">M.\u00a0Janez Poto\u010dnik, membre de la Commission charg\u00e9 de l\u2019environnement, a d\u00e9clar\u00e9 \u00e0 cet \u00e9gard : <i><br \/>\n\u00ab Les entreprises nomin\u00e9es pour le prix europ\u00e9en de l&#8217;environnement pour les entreprises ont prouv\u00e9 qu&#8217;elles combinaient le succ\u00e8s de leurs activit\u00e9s avec le respect de l&#8217;environnement.<br \/>\nElles illustrent brillamment la transposition dans le monde r\u00e9el des fruits de l\u2019\u00e9co-innovation \u00bb.<\/i><\/div>\n","protected":false},"excerpt":{"rendered":"<p>Androm\u00e8de Oc\u00e9anologie figure parmi les finalistes du prix europ\u00e9en 2014 de l&#8217;environnement pour les entreprises (European Business Awards for the Environment \u2013 EBAE) dont la liste a \u00e9t\u00e9 d\u00e9voil\u00e9e par un jury international apr\u00e8s deux jours de d\u00e9lib\u00e9rations \u00e0 Rome, en Italie. Les 17 finalistes sont originaires de 10 pays et ont \u00e9t\u00e9 s\u00e9lectionn\u00e9s parmi [&hellip;]<\/p>\n","protected":false},"author":3,"featured_media":0,"comment_status":"closed","ping_status":"open","sticky":false,"template":"","format":"standard","meta":{"_et_pb_use_builder":"","_et_pb_old_content":"","_et_gb_content_width":"","footnotes":""},"categories":[7],"tags":[],"class_list":["post-1105","post","type-post","status-publish","format-standard","hentry","category-recompenses"],"yoast_head":"<!-- This site is optimized with the Yoast SEO plugin v27.0 - https:\/\/yoast.com\/product\/yoast-seo-wordpress\/ -->\n<title>Nomination pour le prix europ\u00e9en 2014 de l&#039;environnement pour les entreprises - Androm\u00e8de Oc\u00e9anologie<\/title>\n<meta name=\"robots\" content=\"index, follow, max-snippet:-1, max-image-preview:large, max-video-preview:-1\" \/>\n<meta property=\"og:locale\" content=\"en_GB\" \/>\n<meta property=\"og:type\" content=\"article\" \/>\n<meta property=\"og:title\" content=\"Nomination pour le prix europ\u00e9en 2014 de l&#039;environnement pour les entreprises - Androm\u00e8de Oc\u00e9anologie\" \/>\n<meta property=\"og:description\" content=\"Androm\u00e8de Oc\u00e9anologie figure parmi les finalistes du prix europ\u00e9en 2014 de l&#8217;environnement pour les entreprises (European Business Awards for the Environment \u2013 EBAE) dont la liste a \u00e9t\u00e9 d\u00e9voil\u00e9e par un jury international apr\u00e8s deux jours de d\u00e9lib\u00e9rations \u00e0 Rome, en Italie. Les 17 finalistes sont originaires de 10 pays et ont \u00e9t\u00e9 s\u00e9lectionn\u00e9s parmi [&hellip;]\" \/>\n<meta property=\"og:url\" content=\"https:\/\/www.andromede-ocean.com\/english\/blog\/2014\/09\/24\/nomination-pour-le-prix-europeen-2014-de-lenvironnement-pour-les-entreprises\/\" \/>\n<meta property=\"og:site_name\" content=\"Androm\u00e8de Oc\u00e9anologie\" \/>\n<meta property=\"article:published_time\" content=\"2014-09-24T15:11:23+00:00\" \/>\n<meta property=\"og:image\" content=\"http:\/\/www.andromede-ocean.com\/english\/wp-content\/uploads\/sites\/2\/european-awards.png\" \/>\n<meta name=\"author\" content=\"julie Deter\" \/>\n<meta name=\"twitter:card\" content=\"summary_large_image\" \/>\n<meta name=\"twitter:label1\" content=\"Written by\" \/>\n\t<meta name=\"twitter:data1\" content=\"julie Deter\" \/>\n\t<meta name=\"twitter:label2\" content=\"Estimated reading time\" \/>\n\t<meta name=\"twitter:data2\" content=\"1 minute\" \/>\n<script type=\"application\/ld+json\" class=\"yoast-schema-graph\">{\"@context\":\"https:\/\/schema.org\",\"@graph\":[{\"@type\":\"Article\",\"@id\":\"https:\/\/www.andromede-ocean.com\/english\/blog\/2014\/09\/24\/nomination-pour-le-prix-europeen-2014-de-lenvironnement-pour-les-entreprises\/#article\",\"isPartOf\":{\"@id\":\"https:\/\/www.andromede-ocean.com\/english\/blog\/2014\/09\/24\/nomination-pour-le-prix-europeen-2014-de-lenvironnement-pour-les-entreprises\/\"},\"author\":{\"name\":\"julie Deter\",\"@id\":\"https:\/\/www.andromede-ocean.com\/english\/#\/schema\/person\/670621606150c9eb5a0c92897263dcf6\"},\"headline\":\"Nomination pour le prix europ\u00e9en 2014 de l&#039;environnement pour les entreprises\",\"datePublished\":\"2014-09-24T15:11:23+00:00\",\"mainEntityOfPage\":{\"@id\":\"https:\/\/www.andromede-ocean.com\/english\/blog\/2014\/09\/24\/nomination-pour-le-prix-europeen-2014-de-lenvironnement-pour-les-entreprises\/\"},\"wordCount\":239,\"image\":{\"@id\":\"https:\/\/www.andromede-ocean.com\/english\/blog\/2014\/09\/24\/nomination-pour-le-prix-europeen-2014-de-lenvironnement-pour-les-entreprises\/#primaryimage\"},\"thumbnailUrl\":\"http:\/\/www.andromede-ocean.com\/english\/wp-content\/uploads\/sites\/2\/european-awards.png\",\"articleSection\":[\"Awards\"],\"inLanguage\":\"en-GB\"},{\"@type\":\"WebPage\",\"@id\":\"https:\/\/www.andromede-ocean.com\/english\/blog\/2014\/09\/24\/nomination-pour-le-prix-europeen-2014-de-lenvironnement-pour-les-entreprises\/\",\"url\":\"https:\/\/www.andromede-ocean.com\/english\/blog\/2014\/09\/24\/nomination-pour-le-prix-europeen-2014-de-lenvironnement-pour-les-entreprises\/\",\"name\":\"Nomination pour le prix europ\u00e9en 2014 de l&#039;environnement pour les entreprises - Androm\u00e8de Oc\u00e9anologie\",\"isPartOf\":{\"@id\":\"https:\/\/www.andromede-ocean.com\/english\/#website\"},\"primaryImageOfPage\":{\"@id\":\"https:\/\/www.andromede-ocean.com\/english\/blog\/2014\/09\/24\/nomination-pour-le-prix-europeen-2014-de-lenvironnement-pour-les-entreprises\/#primaryimage\"},\"image\":{\"@id\":\"https:\/\/www.andromede-ocean.com\/english\/blog\/2014\/09\/24\/nomination-pour-le-prix-europeen-2014-de-lenvironnement-pour-les-entreprises\/#primaryimage\"},\"thumbnailUrl\":\"http:\/\/www.andromede-ocean.com\/english\/wp-content\/uploads\/sites\/2\/european-awards.png\",\"datePublished\":\"2014-09-24T15:11:23+00:00\",\"author\":{\"@id\":\"https:\/\/www.andromede-ocean.com\/english\/#\/schema\/person\/670621606150c9eb5a0c92897263dcf6\"},\"breadcrumb\":{\"@id\":\"https:\/\/www.andromede-ocean.com\/english\/blog\/2014\/09\/24\/nomination-pour-le-prix-europeen-2014-de-lenvironnement-pour-les-entreprises\/#breadcrumb\"},\"inLanguage\":\"en-GB\",\"potentialAction\":[{\"@type\":\"ReadAction\",\"target\":[\"https:\/\/www.andromede-ocean.com\/english\/blog\/2014\/09\/24\/nomination-pour-le-prix-europeen-2014-de-lenvironnement-pour-les-entreprises\/\"]}]},{\"@type\":\"ImageObject\",\"inLanguage\":\"en-GB\",\"@id\":\"https:\/\/www.andromede-ocean.com\/english\/blog\/2014\/09\/24\/nomination-pour-le-prix-europeen-2014-de-lenvironnement-pour-les-entreprises\/#primaryimage\",\"url\":\"http:\/\/www.andromede-ocean.com\/english\/wp-content\/uploads\/sites\/2\/european-awards.png\",\"contentUrl\":\"http:\/\/www.andromede-ocean.com\/english\/wp-content\/uploads\/sites\/2\/european-awards.png\"},{\"@type\":\"BreadcrumbList\",\"@id\":\"https:\/\/www.andromede-ocean.com\/english\/blog\/2014\/09\/24\/nomination-pour-le-prix-europeen-2014-de-lenvironnement-pour-les-entreprises\/#breadcrumb\",\"itemListElement\":[{\"@type\":\"ListItem\",\"position\":1,\"name\":\"Accueil\",\"item\":\"https:\/\/www.andromede-ocean.com\/english\/\"},{\"@type\":\"ListItem\",\"position\":2,\"name\":\"Nomination pour le prix europ\u00e9en 2014 de l&#039;environnement pour les entreprises\"}]},{\"@type\":\"WebSite\",\"@id\":\"https:\/\/www.andromede-ocean.com\/english\/#website\",\"url\":\"https:\/\/www.andromede-ocean.com\/english\/\",\"name\":\"Androm\u00e8de Oc\u00e9anologie\",\"description\":\"\",\"potentialAction\":[{\"@type\":\"SearchAction\",\"target\":{\"@type\":\"EntryPoint\",\"urlTemplate\":\"https:\/\/www.andromede-ocean.com\/english\/?s={search_term_string}\"},\"query-input\":{\"@type\":\"PropertyValueSpecification\",\"valueRequired\":true,\"valueName\":\"search_term_string\"}}],\"inLanguage\":\"en-GB\"},{\"@type\":\"Person\",\"@id\":\"https:\/\/www.andromede-ocean.com\/english\/#\/schema\/person\/670621606150c9eb5a0c92897263dcf6\",\"name\":\"julie Deter\",\"image\":{\"@type\":\"ImageObject\",\"inLanguage\":\"en-GB\",\"@id\":\"https:\/\/www.andromede-ocean.com\/english\/#\/schema\/person\/image\/\",\"url\":\"https:\/\/secure.gravatar.com\/avatar\/29b9c20f73f722191c32425ab84445e2b34fcc25b717ea8e1667c86ae7eb81cf?s=96&d=mm&r=g\",\"contentUrl\":\"https:\/\/secure.gravatar.com\/avatar\/29b9c20f73f722191c32425ab84445e2b34fcc25b717ea8e1667c86ae7eb81cf?s=96&d=mm&r=g\",\"caption\":\"julie Deter\"}}]}<\/script>\n<!-- \/ Yoast SEO plugin. -->","yoast_head_json":{"title":"Nomination pour le prix europ\u00e9en 2014 de l&#039;environnement pour les entreprises - Androm\u00e8de Oc\u00e9anologie","robots":{"index":"index","follow":"follow","max-snippet":"max-snippet:-1","max-image-preview":"max-image-preview:large","max-video-preview":"max-video-preview:-1"},"og_locale":"en_GB","og_type":"article","og_title":"Nomination pour le prix europ\u00e9en 2014 de l&#039;environnement pour les entreprises - Androm\u00e8de Oc\u00e9anologie","og_description":"Androm\u00e8de Oc\u00e9anologie figure parmi les finalistes du prix europ\u00e9en 2014 de l&#8217;environnement pour les entreprises (European Business Awards for the Environment \u2013 EBAE) dont la liste a \u00e9t\u00e9 d\u00e9voil\u00e9e par un jury international apr\u00e8s deux jours de d\u00e9lib\u00e9rations \u00e0 Rome, en Italie. Les 17 finalistes sont originaires de 10 pays et ont \u00e9t\u00e9 s\u00e9lectionn\u00e9s parmi [&hellip;]","og_url":"https:\/\/www.andromede-ocean.com\/english\/blog\/2014\/09\/24\/nomination-pour-le-prix-europeen-2014-de-lenvironnement-pour-les-entreprises\/","og_site_name":"Androm\u00e8de Oc\u00e9anologie","article_published_time":"2014-09-24T15:11:23+00:00","og_image":[{"url":"http:\/\/www.andromede-ocean.com\/english\/wp-content\/uploads\/sites\/2\/european-awards.png","type":"","width":"","height":""}],"author":"julie Deter","twitter_card":"summary_large_image","twitter_misc":{"Written by":"julie Deter","Estimated reading time":"1 minute"},"schema":{"@context":"https:\/\/schema.org","@graph":[{"@type":"Article","@id":"https:\/\/www.andromede-ocean.com\/english\/blog\/2014\/09\/24\/nomination-pour-le-prix-europeen-2014-de-lenvironnement-pour-les-entreprises\/#article","isPartOf":{"@id":"https:\/\/www.andromede-ocean.com\/english\/blog\/2014\/09\/24\/nomination-pour-le-prix-europeen-2014-de-lenvironnement-pour-les-entreprises\/"},"author":{"name":"julie Deter","@id":"https:\/\/www.andromede-ocean.com\/english\/#\/schema\/person\/670621606150c9eb5a0c92897263dcf6"},"headline":"Nomination pour le prix europ\u00e9en 2014 de l&#039;environnement pour les entreprises","datePublished":"2014-09-24T15:11:23+00:00","mainEntityOfPage":{"@id":"https:\/\/www.andromede-ocean.com\/english\/blog\/2014\/09\/24\/nomination-pour-le-prix-europeen-2014-de-lenvironnement-pour-les-entreprises\/"},"wordCount":239,"image":{"@id":"https:\/\/www.andromede-ocean.com\/english\/blog\/2014\/09\/24\/nomination-pour-le-prix-europeen-2014-de-lenvironnement-pour-les-entreprises\/#primaryimage"},"thumbnailUrl":"http:\/\/www.andromede-ocean.com\/english\/wp-content\/uploads\/sites\/2\/european-awards.png","articleSection":["Awards"],"inLanguage":"en-GB"},{"@type":"WebPage","@id":"https:\/\/www.andromede-ocean.com\/english\/blog\/2014\/09\/24\/nomination-pour-le-prix-europeen-2014-de-lenvironnement-pour-les-entreprises\/","url":"https:\/\/www.andromede-ocean.com\/english\/blog\/2014\/09\/24\/nomination-pour-le-prix-europeen-2014-de-lenvironnement-pour-les-entreprises\/","name":"Nomination pour le prix europ\u00e9en 2014 de l&#039;environnement pour les entreprises - Androm\u00e8de Oc\u00e9anologie","isPartOf":{"@id":"https:\/\/www.andromede-ocean.com\/english\/#website"},"primaryImageOfPage":{"@id":"https:\/\/www.andromede-ocean.com\/english\/blog\/2014\/09\/24\/nomination-pour-le-prix-europeen-2014-de-lenvironnement-pour-les-entreprises\/#primaryimage"},"image":{"@id":"https:\/\/www.andromede-ocean.com\/english\/blog\/2014\/09\/24\/nomination-pour-le-prix-europeen-2014-de-lenvironnement-pour-les-entreprises\/#primaryimage"},"thumbnailUrl":"http:\/\/www.andromede-ocean.com\/english\/wp-content\/uploads\/sites\/2\/european-awards.png","datePublished":"2014-09-24T15:11:23+00:00","author":{"@id":"https:\/\/www.andromede-ocean.com\/english\/#\/schema\/person\/670621606150c9eb5a0c92897263dcf6"},"breadcrumb":{"@id":"https:\/\/www.andromede-ocean.com\/english\/blog\/2014\/09\/24\/nomination-pour-le-prix-europeen-2014-de-lenvironnement-pour-les-entreprises\/#breadcrumb"},"inLanguage":"en-GB","potentialAction":[{"@type":"ReadAction","target":["https:\/\/www.andromede-ocean.com\/english\/blog\/2014\/09\/24\/nomination-pour-le-prix-europeen-2014-de-lenvironnement-pour-les-entreprises\/"]}]},{"@type":"ImageObject","inLanguage":"en-GB","@id":"https:\/\/www.andromede-ocean.com\/english\/blog\/2014\/09\/24\/nomination-pour-le-prix-europeen-2014-de-lenvironnement-pour-les-entreprises\/#primaryimage","url":"http:\/\/www.andromede-ocean.com\/english\/wp-content\/uploads\/sites\/2\/european-awards.png","contentUrl":"http:\/\/www.andromede-ocean.com\/english\/wp-content\/uploads\/sites\/2\/european-awards.png"},{"@type":"BreadcrumbList","@id":"https:\/\/www.andromede-ocean.com\/english\/blog\/2014\/09\/24\/nomination-pour-le-prix-europeen-2014-de-lenvironnement-pour-les-entreprises\/#breadcrumb","itemListElement":[{"@type":"ListItem","position":1,"name":"Accueil","item":"https:\/\/www.andromede-ocean.com\/english\/"},{"@type":"ListItem","position":2,"name":"Nomination pour le prix europ\u00e9en 2014 de l&#039;environnement pour les entreprises"}]},{"@type":"WebSite","@id":"https:\/\/www.andromede-ocean.com\/english\/#website","url":"https:\/\/www.andromede-ocean.com\/english\/","name":"Androm\u00e8de Oc\u00e9anologie","description":"","potentialAction":[{"@type":"SearchAction","target":{"@type":"EntryPoint","urlTemplate":"https:\/\/www.andromede-ocean.com\/english\/?s={search_term_string}"},"query-input":{"@type":"PropertyValueSpecification","valueRequired":true,"valueName":"search_term_string"}}],"inLanguage":"en-GB"},{"@type":"Person","@id":"https:\/\/www.andromede-ocean.com\/english\/#\/schema\/person\/670621606150c9eb5a0c92897263dcf6","name":"julie Deter","image":{"@type":"ImageObject","inLanguage":"en-GB","@id":"https:\/\/www.andromede-ocean.com\/english\/#\/schema\/person\/image\/","url":"https:\/\/secure.gravatar.com\/avatar\/29b9c20f73f722191c32425ab84445e2b34fcc25b717ea8e1667c86ae7eb81cf?s=96&d=mm&r=g","contentUrl":"https:\/\/secure.gravatar.com\/avatar\/29b9c20f73f722191c32425ab84445e2b34fcc25b717ea8e1667c86ae7eb81cf?s=96&d=mm&r=g","caption":"julie Deter"}}]}},"_links":{"self":[{"href":"https:\/\/www.andromede-ocean.com\/english\/wp-json\/wp\/v2\/posts\/1105","targetHints":{"allow":["GET"]}}],"collection":[{"href":"https:\/\/www.andromede-ocean.com\/english\/wp-json\/wp\/v2\/posts"}],"about":[{"href":"https:\/\/www.andromede-ocean.com\/english\/wp-json\/wp\/v2\/types\/post"}],"author":[{"embeddable":true,"href":"https:\/\/www.andromede-ocean.com\/english\/wp-json\/wp\/v2\/users\/3"}],"replies":[{"embeddable":true,"href":"https:\/\/www.andromede-ocean.com\/english\/wp-json\/wp\/v2\/comments?post=1105"}],"version-history":[{"count":0,"href":"https:\/\/www.andromede-ocean.com\/english\/wp-json\/wp\/v2\/posts\/1105\/revisions"}],"wp:attachment":[{"href":"https:\/\/www.andromede-ocean.com\/english\/wp-json\/wp\/v2\/media?parent=1105"}],"wp:term":[{"taxonomy":"category","embeddable":true,"href":"https:\/\/www.andromede-ocean.com\/english\/wp-json\/wp\/v2\/categories?post=1105"},{"taxonomy":"post_tag","embeddable":true,"href":"https:\/\/www.andromede-ocean.com\/english\/wp-json\/wp\/v2\/tags?post=1105"}],"curies":[{"name":"wp","href":"https:\/\/api.w.org\/{rel}","templated":true}]}}