{"id":1095,"date":"2014-09-19T07:10:43","date_gmt":"2014-09-19T06:10:43","guid":{"rendered":"http:\/\/marion-dev.valars.com\/andromede\/?p=1095"},"modified":"2014-09-19T07:10:43","modified_gmt":"2014-09-19T06:10:43","slug":"salon-de-lecologie-a-montpellier-du-6-au-8-novembre","status":"publish","type":"post","link":"https:\/\/www.andromede-ocean.com\/english\/blog\/2014\/09\/19\/salon-de-lecologie-a-montpellier-du-6-au-8-novembre\/","title":{"rendered":"Salon de l&#039;\u00e9cologie \u00e0 Montpellier du 6 au 8 novembre"},"content":{"rendered":"<p>\t\t\t\t<a href=\"http:\/\/www.andromede-ocean.com\/english\/wp-content\/uploads\/sites\/2\/bandeau_salon.jpg\"><img loading=\"lazy\" decoding=\"async\" class=\"alignleft size-full wp-image-1100\" alt=\"bandeau_salon\" src=\"http:\/\/www.andromede-ocean.com\/english\/wp-content\/uploads\/sites\/2\/bandeau_salon.jpg\" width=\"1000\" height=\"200\" \/><\/a><br \/>\n&nbsp;<br \/>\n&nbsp;<br \/>\n&nbsp;<br \/>\n&nbsp;<br \/>\n&nbsp;<\/p>\n<p style=\"text-align: center;\">Le <strong>Salon de l\u2019\u00c9cologie<\/strong> est un \u00e9v\u00e9nement annuel organis\u00e9 par les \u00e9tudiants en seconde ann\u00e9e du Master Ing\u00e9nierie en \u00c9cologie et en Gestion de la Biodiversit\u00e9 (IEGB) de l\u2019Universit\u00e9 Montpellier 2. Pour sa 6\u00e8me \u00e9dition, le Salon de l\u2019Ecologie vous propose de d\u00e9couvrir le monde de l&#8217;\u00e9cologie \u00e0 travers la th\u00e9matique \u00ab <strong>les Grandes exp\u00e9ditions naturalistes au 21\u00e8me si\u00e8cle \u00bb.<\/strong><\/p>\n<p style=\"text-align: center;\">Le Salon de l\u2019E\u0301cologie se de\u0301roulera<strong> \u00e0 Montpellier<\/strong> sur trois jours, <strong>du jeudi 6 au samedi 8 novembre 2014<\/strong>. Chaque journe\u0301e, ouverte a\u0300 tous, sera focalise\u0301e sur des objectifs spe\u0301cifiques afin de re\u0301pondre aux attentes d\u2019un public varie\u0301 :<\/p>\n<ul style=\"text-align: center;\">\n<li><span style=\"text-decoration: underline;\">Jeudi 6 novembre<\/span> 2014 : <strong>Rencontres entre professionnels de l\u2019e\u0301cologie<\/strong> (entreprises, associations, recherche publique et priv\u00e9e&#8230;),<\/li>\n<li><span style=\"text-decoration: underline;\">Vendredi 7 novembre<\/span> 2014 : <strong>Journe\u0301e \u00ab formations et me\u0301tiers de l\u2019e\u0301cologie \u00bb<\/strong> de\u0301die\u0301e aux e\u0301tudiants,<\/li>\n<li><span style=\"text-decoration: underline;\">Samedi 8 novembre<\/span> 2014 : <strong>Journe\u0301e \u00ab grand public \u00bb<\/strong> en lien avec le the\u0300me annuel.<\/li>\n<\/ul>\n<p>&nbsp;<\/p>\n<ul style=\"text-align: center;\">\n<li><strong>Contact<\/strong><\/li>\n<\/ul>\n<div style=\"text-align: center;\">ASMPE<\/div>\n<div style=\"text-align: center;\">Universite\u0301 Montpellier 2<\/div>\n<div style=\"text-align: center;\">Place Euge\u0300ne Bataillon, BP 38<\/div>\n<div style=\"text-align: center;\">34095 MONTPELLIER CEDEX 5<\/div>\n<div style=\"text-align: center;\"><a href=\"https:\/\/www.salon-ecologie.com\/infos-pratiques-contact\/\">Contacter les organisateurs<\/a><\/div>\n<ul style=\"text-align: center;\">\n<li><strong>En savoir plus<\/strong><\/li>\n<\/ul>\n<p style=\"text-align: center;\"><a href=\"http:\/\/www.salon-ecologie.com\/\">site web<\/a> : http:\/\/www.salon-ecologie.com\/<\/p>\n","protected":false},"excerpt":{"rendered":"<p>&nbsp; &nbsp; &nbsp; &nbsp; &nbsp; Le Salon de l\u2019\u00c9cologie est un \u00e9v\u00e9nement annuel organis\u00e9 par les \u00e9tudiants en seconde ann\u00e9e du Master Ing\u00e9nierie en \u00c9cologie et en Gestion de la Biodiversit\u00e9 (IEGB) de l\u2019Universit\u00e9 Montpellier 2. Pour sa 6\u00e8me \u00e9dition, le Salon de l\u2019Ecologie vous propose de d\u00e9couvrir le monde de l&#8217;\u00e9cologie \u00e0 travers la [&hellip;]<\/p>\n","protected":false},"author":3,"featured_media":0,"comment_status":"closed","ping_status":"open","sticky":false,"template":"","format":"standard","meta":{"_et_pb_use_builder":"","_et_pb_old_content":"","_et_gb_content_width":"","footnotes":""},"categories":[2,5],"tags":[],"class_list":["post-1095","post","type-post","status-publish","format-standard","hentry","category-animations","category-expeditions"],"yoast_head":"<!-- This site is optimized with the Yoast SEO plugin v27.0 - https:\/\/yoast.com\/product\/yoast-seo-wordpress\/ -->\n<title>Salon de l&#039;\u00e9cologie \u00e0 Montpellier du 6 au 8 novembre - Androm\u00e8de Oc\u00e9anologie<\/title>\n<meta name=\"robots\" content=\"index, follow, max-snippet:-1, max-image-preview:large, max-video-preview:-1\" \/>\n<meta property=\"og:locale\" content=\"en_GB\" \/>\n<meta property=\"og:type\" content=\"article\" \/>\n<meta property=\"og:title\" content=\"Salon de l&#039;\u00e9cologie \u00e0 Montpellier du 6 au 8 novembre - Androm\u00e8de Oc\u00e9anologie\" \/>\n<meta property=\"og:description\" content=\"&nbsp; &nbsp; &nbsp; &nbsp; &nbsp; Le Salon de l\u2019\u00c9cologie est un \u00e9v\u00e9nement annuel organis\u00e9 par les \u00e9tudiants en seconde ann\u00e9e du Master Ing\u00e9nierie en \u00c9cologie et en Gestion de la Biodiversit\u00e9 (IEGB) de l\u2019Universit\u00e9 Montpellier 2. Pour sa 6\u00e8me \u00e9dition, le Salon de l\u2019Ecologie vous propose de d\u00e9couvrir le monde de l&#8217;\u00e9cologie \u00e0 travers la [&hellip;]\" \/>\n<meta property=\"og:url\" content=\"https:\/\/www.andromede-ocean.com\/english\/blog\/2014\/09\/19\/salon-de-lecologie-a-montpellier-du-6-au-8-novembre\/\" \/>\n<meta property=\"og:site_name\" content=\"Androm\u00e8de Oc\u00e9anologie\" \/>\n<meta property=\"article:published_time\" content=\"2014-09-19T06:10:43+00:00\" \/>\n<meta property=\"og:image\" content=\"http:\/\/www.andromede-ocean.com\/english\/wp-content\/uploads\/sites\/2\/bandeau_salon.jpg\" \/>\n<meta name=\"author\" content=\"julie Deter\" \/>\n<meta name=\"twitter:card\" content=\"summary_large_image\" \/>\n<meta name=\"twitter:label1\" content=\"Written by\" \/>\n\t<meta name=\"twitter:data1\" content=\"julie Deter\" \/>\n\t<meta name=\"twitter:label2\" content=\"Estimated reading time\" \/>\n\t<meta name=\"twitter:data2\" content=\"1 minute\" \/>\n<script type=\"application\/ld+json\" class=\"yoast-schema-graph\">{\"@context\":\"https:\/\/schema.org\",\"@graph\":[{\"@type\":\"Article\",\"@id\":\"https:\/\/www.andromede-ocean.com\/english\/blog\/2014\/09\/19\/salon-de-lecologie-a-montpellier-du-6-au-8-novembre\/#article\",\"isPartOf\":{\"@id\":\"https:\/\/www.andromede-ocean.com\/english\/blog\/2014\/09\/19\/salon-de-lecologie-a-montpellier-du-6-au-8-novembre\/\"},\"author\":{\"name\":\"julie Deter\",\"@id\":\"https:\/\/www.andromede-ocean.com\/english\/#\/schema\/person\/670621606150c9eb5a0c92897263dcf6\"},\"headline\":\"Salon de l&#039;\u00e9cologie \u00e0 Montpellier du 6 au 8 novembre\",\"datePublished\":\"2014-09-19T06:10:43+00:00\",\"mainEntityOfPage\":{\"@id\":\"https:\/\/www.andromede-ocean.com\/english\/blog\/2014\/09\/19\/salon-de-lecologie-a-montpellier-du-6-au-8-novembre\/\"},\"wordCount\":193,\"image\":{\"@id\":\"https:\/\/www.andromede-ocean.com\/english\/blog\/2014\/09\/19\/salon-de-lecologie-a-montpellier-du-6-au-8-novembre\/#primaryimage\"},\"thumbnailUrl\":\"http:\/\/www.andromede-ocean.com\/english\/wp-content\/uploads\/sites\/2\/bandeau_salon.jpg\",\"articleSection\":[\"Animations\",\"Expeditions\"],\"inLanguage\":\"en-GB\"},{\"@type\":\"WebPage\",\"@id\":\"https:\/\/www.andromede-ocean.com\/english\/blog\/2014\/09\/19\/salon-de-lecologie-a-montpellier-du-6-au-8-novembre\/\",\"url\":\"https:\/\/www.andromede-ocean.com\/english\/blog\/2014\/09\/19\/salon-de-lecologie-a-montpellier-du-6-au-8-novembre\/\",\"name\":\"Salon de l&#039;\u00e9cologie \u00e0 Montpellier du 6 au 8 novembre - Androm\u00e8de Oc\u00e9anologie\",\"isPartOf\":{\"@id\":\"https:\/\/www.andromede-ocean.com\/english\/#website\"},\"primaryImageOfPage\":{\"@id\":\"https:\/\/www.andromede-ocean.com\/english\/blog\/2014\/09\/19\/salon-de-lecologie-a-montpellier-du-6-au-8-novembre\/#primaryimage\"},\"image\":{\"@id\":\"https:\/\/www.andromede-ocean.com\/english\/blog\/2014\/09\/19\/salon-de-lecologie-a-montpellier-du-6-au-8-novembre\/#primaryimage\"},\"thumbnailUrl\":\"http:\/\/www.andromede-ocean.com\/english\/wp-content\/uploads\/sites\/2\/bandeau_salon.jpg\",\"datePublished\":\"2014-09-19T06:10:43+00:00\",\"author\":{\"@id\":\"https:\/\/www.andromede-ocean.com\/english\/#\/schema\/person\/670621606150c9eb5a0c92897263dcf6\"},\"breadcrumb\":{\"@id\":\"https:\/\/www.andromede-ocean.com\/english\/blog\/2014\/09\/19\/salon-de-lecologie-a-montpellier-du-6-au-8-novembre\/#breadcrumb\"},\"inLanguage\":\"en-GB\",\"potentialAction\":[{\"@type\":\"ReadAction\",\"target\":[\"https:\/\/www.andromede-ocean.com\/english\/blog\/2014\/09\/19\/salon-de-lecologie-a-montpellier-du-6-au-8-novembre\/\"]}]},{\"@type\":\"ImageObject\",\"inLanguage\":\"en-GB\",\"@id\":\"https:\/\/www.andromede-ocean.com\/english\/blog\/2014\/09\/19\/salon-de-lecologie-a-montpellier-du-6-au-8-novembre\/#primaryimage\",\"url\":\"http:\/\/www.andromede-ocean.com\/english\/wp-content\/uploads\/sites\/2\/bandeau_salon.jpg\",\"contentUrl\":\"http:\/\/www.andromede-ocean.com\/english\/wp-content\/uploads\/sites\/2\/bandeau_salon.jpg\"},{\"@type\":\"BreadcrumbList\",\"@id\":\"https:\/\/www.andromede-ocean.com\/english\/blog\/2014\/09\/19\/salon-de-lecologie-a-montpellier-du-6-au-8-novembre\/#breadcrumb\",\"itemListElement\":[{\"@type\":\"ListItem\",\"position\":1,\"name\":\"Accueil\",\"item\":\"https:\/\/www.andromede-ocean.com\/english\/\"},{\"@type\":\"ListItem\",\"position\":2,\"name\":\"Salon de l&#039;\u00e9cologie \u00e0 Montpellier du 6 au 8 novembre\"}]},{\"@type\":\"WebSite\",\"@id\":\"https:\/\/www.andromede-ocean.com\/english\/#website\",\"url\":\"https:\/\/www.andromede-ocean.com\/english\/\",\"name\":\"Androm\u00e8de Oc\u00e9anologie\",\"description\":\"\",\"potentialAction\":[{\"@type\":\"SearchAction\",\"target\":{\"@type\":\"EntryPoint\",\"urlTemplate\":\"https:\/\/www.andromede-ocean.com\/english\/?s={search_term_string}\"},\"query-input\":{\"@type\":\"PropertyValueSpecification\",\"valueRequired\":true,\"valueName\":\"search_term_string\"}}],\"inLanguage\":\"en-GB\"},{\"@type\":\"Person\",\"@id\":\"https:\/\/www.andromede-ocean.com\/english\/#\/schema\/person\/670621606150c9eb5a0c92897263dcf6\",\"name\":\"julie Deter\",\"image\":{\"@type\":\"ImageObject\",\"inLanguage\":\"en-GB\",\"@id\":\"https:\/\/www.andromede-ocean.com\/english\/#\/schema\/person\/image\/\",\"url\":\"https:\/\/secure.gravatar.com\/avatar\/29b9c20f73f722191c32425ab84445e2b34fcc25b717ea8e1667c86ae7eb81cf?s=96&d=mm&r=g\",\"contentUrl\":\"https:\/\/secure.gravatar.com\/avatar\/29b9c20f73f722191c32425ab84445e2b34fcc25b717ea8e1667c86ae7eb81cf?s=96&d=mm&r=g\",\"caption\":\"julie Deter\"}}]}<\/script>\n<!-- \/ Yoast SEO plugin. -->","yoast_head_json":{"title":"Salon de l&#039;\u00e9cologie \u00e0 Montpellier du 6 au 8 novembre - Androm\u00e8de Oc\u00e9anologie","robots":{"index":"index","follow":"follow","max-snippet":"max-snippet:-1","max-image-preview":"max-image-preview:large","max-video-preview":"max-video-preview:-1"},"og_locale":"en_GB","og_type":"article","og_title":"Salon de l&#039;\u00e9cologie \u00e0 Montpellier du 6 au 8 novembre - Androm\u00e8de Oc\u00e9anologie","og_description":"&nbsp; &nbsp; &nbsp; &nbsp; &nbsp; Le Salon de l\u2019\u00c9cologie est un \u00e9v\u00e9nement annuel organis\u00e9 par les \u00e9tudiants en seconde ann\u00e9e du Master Ing\u00e9nierie en \u00c9cologie et en Gestion de la Biodiversit\u00e9 (IEGB) de l\u2019Universit\u00e9 Montpellier 2. Pour sa 6\u00e8me \u00e9dition, le Salon de l\u2019Ecologie vous propose de d\u00e9couvrir le monde de l&#8217;\u00e9cologie \u00e0 travers la [&hellip;]","og_url":"https:\/\/www.andromede-ocean.com\/english\/blog\/2014\/09\/19\/salon-de-lecologie-a-montpellier-du-6-au-8-novembre\/","og_site_name":"Androm\u00e8de Oc\u00e9anologie","article_published_time":"2014-09-19T06:10:43+00:00","og_image":[{"url":"http:\/\/www.andromede-ocean.com\/english\/wp-content\/uploads\/sites\/2\/bandeau_salon.jpg","type":"","width":"","height":""}],"author":"julie Deter","twitter_card":"summary_large_image","twitter_misc":{"Written by":"julie Deter","Estimated reading time":"1 minute"},"schema":{"@context":"https:\/\/schema.org","@graph":[{"@type":"Article","@id":"https:\/\/www.andromede-ocean.com\/english\/blog\/2014\/09\/19\/salon-de-lecologie-a-montpellier-du-6-au-8-novembre\/#article","isPartOf":{"@id":"https:\/\/www.andromede-ocean.com\/english\/blog\/2014\/09\/19\/salon-de-lecologie-a-montpellier-du-6-au-8-novembre\/"},"author":{"name":"julie Deter","@id":"https:\/\/www.andromede-ocean.com\/english\/#\/schema\/person\/670621606150c9eb5a0c92897263dcf6"},"headline":"Salon de l&#039;\u00e9cologie \u00e0 Montpellier du 6 au 8 novembre","datePublished":"2014-09-19T06:10:43+00:00","mainEntityOfPage":{"@id":"https:\/\/www.andromede-ocean.com\/english\/blog\/2014\/09\/19\/salon-de-lecologie-a-montpellier-du-6-au-8-novembre\/"},"wordCount":193,"image":{"@id":"https:\/\/www.andromede-ocean.com\/english\/blog\/2014\/09\/19\/salon-de-lecologie-a-montpellier-du-6-au-8-novembre\/#primaryimage"},"thumbnailUrl":"http:\/\/www.andromede-ocean.com\/english\/wp-content\/uploads\/sites\/2\/bandeau_salon.jpg","articleSection":["Animations","Expeditions"],"inLanguage":"en-GB"},{"@type":"WebPage","@id":"https:\/\/www.andromede-ocean.com\/english\/blog\/2014\/09\/19\/salon-de-lecologie-a-montpellier-du-6-au-8-novembre\/","url":"https:\/\/www.andromede-ocean.com\/english\/blog\/2014\/09\/19\/salon-de-lecologie-a-montpellier-du-6-au-8-novembre\/","name":"Salon de l&#039;\u00e9cologie \u00e0 Montpellier du 6 au 8 novembre - Androm\u00e8de Oc\u00e9anologie","isPartOf":{"@id":"https:\/\/www.andromede-ocean.com\/english\/#website"},"primaryImageOfPage":{"@id":"https:\/\/www.andromede-ocean.com\/english\/blog\/2014\/09\/19\/salon-de-lecologie-a-montpellier-du-6-au-8-novembre\/#primaryimage"},"image":{"@id":"https:\/\/www.andromede-ocean.com\/english\/blog\/2014\/09\/19\/salon-de-lecologie-a-montpellier-du-6-au-8-novembre\/#primaryimage"},"thumbnailUrl":"http:\/\/www.andromede-ocean.com\/english\/wp-content\/uploads\/sites\/2\/bandeau_salon.jpg","datePublished":"2014-09-19T06:10:43+00:00","author":{"@id":"https:\/\/www.andromede-ocean.com\/english\/#\/schema\/person\/670621606150c9eb5a0c92897263dcf6"},"breadcrumb":{"@id":"https:\/\/www.andromede-ocean.com\/english\/blog\/2014\/09\/19\/salon-de-lecologie-a-montpellier-du-6-au-8-novembre\/#breadcrumb"},"inLanguage":"en-GB","potentialAction":[{"@type":"ReadAction","target":["https:\/\/www.andromede-ocean.com\/english\/blog\/2014\/09\/19\/salon-de-lecologie-a-montpellier-du-6-au-8-novembre\/"]}]},{"@type":"ImageObject","inLanguage":"en-GB","@id":"https:\/\/www.andromede-ocean.com\/english\/blog\/2014\/09\/19\/salon-de-lecologie-a-montpellier-du-6-au-8-novembre\/#primaryimage","url":"http:\/\/www.andromede-ocean.com\/english\/wp-content\/uploads\/sites\/2\/bandeau_salon.jpg","contentUrl":"http:\/\/www.andromede-ocean.com\/english\/wp-content\/uploads\/sites\/2\/bandeau_salon.jpg"},{"@type":"BreadcrumbList","@id":"https:\/\/www.andromede-ocean.com\/english\/blog\/2014\/09\/19\/salon-de-lecologie-a-montpellier-du-6-au-8-novembre\/#breadcrumb","itemListElement":[{"@type":"ListItem","position":1,"name":"Accueil","item":"https:\/\/www.andromede-ocean.com\/english\/"},{"@type":"ListItem","position":2,"name":"Salon de l&#039;\u00e9cologie \u00e0 Montpellier du 6 au 8 novembre"}]},{"@type":"WebSite","@id":"https:\/\/www.andromede-ocean.com\/english\/#website","url":"https:\/\/www.andromede-ocean.com\/english\/","name":"Androm\u00e8de Oc\u00e9anologie","description":"","potentialAction":[{"@type":"SearchAction","target":{"@type":"EntryPoint","urlTemplate":"https:\/\/www.andromede-ocean.com\/english\/?s={search_term_string}"},"query-input":{"@type":"PropertyValueSpecification","valueRequired":true,"valueName":"search_term_string"}}],"inLanguage":"en-GB"},{"@type":"Person","@id":"https:\/\/www.andromede-ocean.com\/english\/#\/schema\/person\/670621606150c9eb5a0c92897263dcf6","name":"julie Deter","image":{"@type":"ImageObject","inLanguage":"en-GB","@id":"https:\/\/www.andromede-ocean.com\/english\/#\/schema\/person\/image\/","url":"https:\/\/secure.gravatar.com\/avatar\/29b9c20f73f722191c32425ab84445e2b34fcc25b717ea8e1667c86ae7eb81cf?s=96&d=mm&r=g","contentUrl":"https:\/\/secure.gravatar.com\/avatar\/29b9c20f73f722191c32425ab84445e2b34fcc25b717ea8e1667c86ae7eb81cf?s=96&d=mm&r=g","caption":"julie Deter"}}]}},"_links":{"self":[{"href":"https:\/\/www.andromede-ocean.com\/english\/wp-json\/wp\/v2\/posts\/1095","targetHints":{"allow":["GET"]}}],"collection":[{"href":"https:\/\/www.andromede-ocean.com\/english\/wp-json\/wp\/v2\/posts"}],"about":[{"href":"https:\/\/www.andromede-ocean.com\/english\/wp-json\/wp\/v2\/types\/post"}],"author":[{"embeddable":true,"href":"https:\/\/www.andromede-ocean.com\/english\/wp-json\/wp\/v2\/users\/3"}],"replies":[{"embeddable":true,"href":"https:\/\/www.andromede-ocean.com\/english\/wp-json\/wp\/v2\/comments?post=1095"}],"version-history":[{"count":0,"href":"https:\/\/www.andromede-ocean.com\/english\/wp-json\/wp\/v2\/posts\/1095\/revisions"}],"wp:attachment":[{"href":"https:\/\/www.andromede-ocean.com\/english\/wp-json\/wp\/v2\/media?parent=1095"}],"wp:term":[{"taxonomy":"category","embeddable":true,"href":"https:\/\/www.andromede-ocean.com\/english\/wp-json\/wp\/v2\/categories?post=1095"},{"taxonomy":"post_tag","embeddable":true,"href":"https:\/\/www.andromede-ocean.com\/english\/wp-json\/wp\/v2\/tags?post=1095"}],"curies":[{"name":"wp","href":"https:\/\/api.w.org\/{rel}","templated":true}]}}