{"id":1048,"date":"2014-08-20T13:57:17","date_gmt":"2014-08-20T12:57:17","guid":{"rendered":"http:\/\/marion-dev.valars.com\/andromede\/?p=1048"},"modified":"2014-08-20T13:57:17","modified_gmt":"2014-08-20T12:57:17","slug":"esthetisme-et-biodiversite-premiers-resultats","status":"publish","type":"post","link":"https:\/\/www.andromede-ocean.com\/english\/blog\/2014\/08\/20\/esthetisme-et-biodiversite-premiers-resultats\/","title":{"rendered":"Esth\u00e9tisme et Biodiversit\u00e9 : premiers r\u00e9sultats !"},"content":{"rendered":"<p style=\"text-align: center;\"><a href=\"http:\/\/www.andromede-ocean.com\/english\/wp-content\/uploads\/sites\/2\/esthetisme-biodiv.jpg\"><img loading=\"lazy\" decoding=\"async\" class=\"alignleft size-medium wp-image-1053\" alt=\"esthetisme-biodiv\" src=\"http:\/\/www.andromede-ocean.com\/english\/wp-content\/uploads\/sites\/2\/esthetisme-biodiv-300x197.jpg\" width=\"300\" height=\"197\" \/><\/a>Vous avez\u00a0 \u00e9t\u00e9 pr\u00e8s de <strong>1300 personnes<\/strong> \u00e0 avoir particip\u00e9 au questionnaire sur l\u2019esth\u00e9tisme des fonds marins envoy\u00e9 au printemps dernier !<\/p>\n<p style=\"text-align: justify;\">Nous vous remercions donc chaleureusement pour cette belle coop\u00e9ration, gr\u00e2ce \u00e0 laquelle nous avons pu mener \u00e0 bien cette \u00e9tude.\u00a0 Un poster synth\u00e9tique (<a href=\"http:\/\/www.andromede-ocean.com\/english\/wp-content\/uploads\/sites\/2\/Poster_esthetisme_diversit\u00e9_VF.pdf\">Poster_esthetisme_diversit\u00e9_VF<\/a>) reprenant les conclusions les plus importantes est disponible.<\/p>\n<p style=\"text-align: justify;\"><b> R\u00e9sum\u00e9\u00a0:<\/b>\u00a0 Plus un paysage naturel est jug\u00e9 beau et plus sa protection semble l\u00e9gitime. La beaut\u00e9 des paysages est de plus consid\u00e9r\u00e9e comme un <i>service \u00e9cosyst\u00e9mique<\/i> : il participe \u00e0 notre bien-\u00eatre. Comprendre ce qui\u00a0 rend les paysages beaux peut donc \u00eatre un bon moyen de prot\u00e9ger l&#8217;environnement mais aussi de nous rendre plus heureux. Ce travail a permis de comprendre vos pr\u00e9f\u00e9rences esth\u00e9tiques pour des fonds marins situ\u00e9s le long des c\u00f4t\u00e9s M\u00e9diterran\u00e9ennes Fran\u00e7aises. A certaines caract\u00e9ristiques biologiques et physiques, il est d\u00e9sormais possible d\u2019associer des jugements esth\u00e9tiques, voire des \u00e9tats \u00e9motionnels. Nous avons montr\u00e9 que certains param\u00e8tres ont un impact esth\u00e9tique positif (photo pr\u00e9f\u00e9r\u00e9e en pr\u00e9sence de ce param\u00e8tre) : pr\u00e9sence d\u2019esp\u00e8ces \u00e9rig\u00e9es, couleurs vives, contraste intense ; quand d\u2019autres ont un impact n\u00e9gatif (leur pr\u00e9sence entraine le rejet de la photo) : pr\u00e9sence de vase ou de fond non colonis\u00e9. Plus particuli\u00e8rement, cette \u00e9tude a montr\u00e9 que les usagers de la mer (notamment p\u00eacheurs et plongeurs) \u00e9taient les meilleurs \u00e9valuateurs de la biodiversit\u00e9.<\/p>\n<p>Pour les plus curieux d\u2019entre vous, d\u00e9sireux de conna\u00eetre les d\u00e9tails m\u00e9thodologiques et statistiques, le rapport de stage est disponible \u00e0 la demande.\u00a0 Pour information, une publication scientifique est \u00e9galement en cours de r\u00e9daction.<\/p>\n<p style=\"text-align: justify;\"><i>Merci \u00e0 tous les partenaires de ce projet\u00a0: l\u2019Agence l\u2019Eau Rh\u00f4ne-M\u00e9diterran\u00e9e-Corse, Androm\u00e8de Oc\u00e9anologie, l\u2019Universit\u00e9 Montpellier 2, l\u2019Institut des Sciences de l\u2019Evolution de Montpellier, l\u2019Observatoire de Recherche M\u00e9diterran\u00e9en de l\u2019Environnement, et le Labex CEMEB. Merci \u00e9galement \u00e0 toute l\u2019\u00e9quipe ayant particip\u00e9 \u00e0 ce projet\u00a0: Julie Deter (ISEM-Androm\u00e8de Oc\u00e9anologie), Nicolas Mouquet (ISEM), S\u00e9bastien Vill\u00e9ger (ECOSYM), Michel Raymond (ISEM), Fabrice Hoff (Ludiformation), Julien Veyssier et R\u00e9my Dernat (ISEM). <\/i><\/p>\n<p style=\"text-align: center;\">Ce travail a \u00e9t\u00e9 r\u00e9alis\u00e9 durant le stage de<\/p>\n<p style=\"text-align: center;\"><b>Master 2 Ing\u00e9nierie en \u00c9cologie et Gestion de la Biodiversit\u00e9 (Universit\u00e9 Montpellier 2)<\/b><\/p>\n<p style=\"text-align: center;\">de <b>Anne-Sophie TRIBOT<\/b> (anneso.tribot@free.fr)<b> <\/b><\/p>\n<p>&nbsp;\t\t<\/p>\n","protected":false},"excerpt":{"rendered":"<p>Vous avez\u00a0 \u00e9t\u00e9 pr\u00e8s de 1300 personnes \u00e0 avoir particip\u00e9 au questionnaire sur l\u2019esth\u00e9tisme des fonds marins envoy\u00e9 au printemps dernier ! Nous vous remercions donc chaleureusement pour cette belle coop\u00e9ration, gr\u00e2ce \u00e0 laquelle nous avons pu mener \u00e0 bien cette \u00e9tude.\u00a0 Un poster synth\u00e9tique (Poster_esthetisme_diversit\u00e9_VF) reprenant les conclusions les plus importantes est disponible. R\u00e9sum\u00e9\u00a0:\u00a0 [&hellip;]<\/p>\n","protected":false},"author":3,"featured_media":0,"comment_status":"closed","ping_status":"open","sticky":false,"template":"","format":"standard","meta":{"_et_pb_use_builder":"","_et_pb_old_content":"","_et_gb_content_width":"","footnotes":""},"categories":[6],"tags":[],"class_list":["post-1048","post","type-post","status-publish","format-standard","hentry","category-reseaux-surveillance"],"yoast_head":"<!-- This site is optimized with the Yoast SEO plugin v27.0 - https:\/\/yoast.com\/product\/yoast-seo-wordpress\/ -->\n<title>Esth\u00e9tisme et Biodiversit\u00e9 : premiers r\u00e9sultats ! - Androm\u00e8de Oc\u00e9anologie<\/title>\n<meta name=\"robots\" content=\"index, follow, max-snippet:-1, max-image-preview:large, max-video-preview:-1\" \/>\n<meta property=\"og:locale\" content=\"en_GB\" \/>\n<meta property=\"og:type\" content=\"article\" \/>\n<meta property=\"og:title\" content=\"Esth\u00e9tisme et Biodiversit\u00e9 : premiers r\u00e9sultats ! - Androm\u00e8de Oc\u00e9anologie\" \/>\n<meta property=\"og:description\" content=\"Vous avez\u00a0 \u00e9t\u00e9 pr\u00e8s de 1300 personnes \u00e0 avoir particip\u00e9 au questionnaire sur l\u2019esth\u00e9tisme des fonds marins envoy\u00e9 au printemps dernier ! Nous vous remercions donc chaleureusement pour cette belle coop\u00e9ration, gr\u00e2ce \u00e0 laquelle nous avons pu mener \u00e0 bien cette \u00e9tude.\u00a0 Un poster synth\u00e9tique (Poster_esthetisme_diversit\u00e9_VF) reprenant les conclusions les plus importantes est disponible. R\u00e9sum\u00e9\u00a0:\u00a0 [&hellip;]\" \/>\n<meta property=\"og:url\" content=\"https:\/\/www.andromede-ocean.com\/english\/blog\/2014\/08\/20\/esthetisme-et-biodiversite-premiers-resultats\/\" \/>\n<meta property=\"og:site_name\" content=\"Androm\u00e8de Oc\u00e9anologie\" \/>\n<meta property=\"article:published_time\" content=\"2014-08-20T12:57:17+00:00\" \/>\n<meta property=\"og:image\" content=\"http:\/\/www.andromede-ocean.com\/english\/wp-content\/uploads\/sites\/2\/esthetisme-biodiv-300x197.jpg\" \/>\n<meta name=\"author\" content=\"julie Deter\" \/>\n<meta name=\"twitter:card\" content=\"summary_large_image\" \/>\n<meta name=\"twitter:label1\" content=\"Written by\" \/>\n\t<meta name=\"twitter:data1\" content=\"julie Deter\" \/>\n\t<meta name=\"twitter:label2\" content=\"Estimated reading time\" \/>\n\t<meta name=\"twitter:data2\" content=\"2 minutes\" \/>\n<script type=\"application\/ld+json\" class=\"yoast-schema-graph\">{\"@context\":\"https:\/\/schema.org\",\"@graph\":[{\"@type\":\"Article\",\"@id\":\"https:\/\/www.andromede-ocean.com\/english\/blog\/2014\/08\/20\/esthetisme-et-biodiversite-premiers-resultats\/#article\",\"isPartOf\":{\"@id\":\"https:\/\/www.andromede-ocean.com\/english\/blog\/2014\/08\/20\/esthetisme-et-biodiversite-premiers-resultats\/\"},\"author\":{\"name\":\"julie Deter\",\"@id\":\"https:\/\/www.andromede-ocean.com\/english\/#\/schema\/person\/670621606150c9eb5a0c92897263dcf6\"},\"headline\":\"Esth\u00e9tisme et Biodiversit\u00e9 : premiers r\u00e9sultats !\",\"datePublished\":\"2014-08-20T12:57:17+00:00\",\"mainEntityOfPage\":{\"@id\":\"https:\/\/www.andromede-ocean.com\/english\/blog\/2014\/08\/20\/esthetisme-et-biodiversite-premiers-resultats\/\"},\"wordCount\":413,\"image\":{\"@id\":\"https:\/\/www.andromede-ocean.com\/english\/blog\/2014\/08\/20\/esthetisme-et-biodiversite-premiers-resultats\/#primaryimage\"},\"thumbnailUrl\":\"http:\/\/www.andromede-ocean.com\/english\/wp-content\/uploads\/sites\/2\/esthetisme-biodiv-300x197.jpg\",\"articleSection\":[\"Monitoring\"],\"inLanguage\":\"en-GB\"},{\"@type\":\"WebPage\",\"@id\":\"https:\/\/www.andromede-ocean.com\/english\/blog\/2014\/08\/20\/esthetisme-et-biodiversite-premiers-resultats\/\",\"url\":\"https:\/\/www.andromede-ocean.com\/english\/blog\/2014\/08\/20\/esthetisme-et-biodiversite-premiers-resultats\/\",\"name\":\"Esth\u00e9tisme et Biodiversit\u00e9 : premiers r\u00e9sultats ! - Androm\u00e8de Oc\u00e9anologie\",\"isPartOf\":{\"@id\":\"https:\/\/www.andromede-ocean.com\/english\/#website\"},\"primaryImageOfPage\":{\"@id\":\"https:\/\/www.andromede-ocean.com\/english\/blog\/2014\/08\/20\/esthetisme-et-biodiversite-premiers-resultats\/#primaryimage\"},\"image\":{\"@id\":\"https:\/\/www.andromede-ocean.com\/english\/blog\/2014\/08\/20\/esthetisme-et-biodiversite-premiers-resultats\/#primaryimage\"},\"thumbnailUrl\":\"http:\/\/www.andromede-ocean.com\/english\/wp-content\/uploads\/sites\/2\/esthetisme-biodiv-300x197.jpg\",\"datePublished\":\"2014-08-20T12:57:17+00:00\",\"author\":{\"@id\":\"https:\/\/www.andromede-ocean.com\/english\/#\/schema\/person\/670621606150c9eb5a0c92897263dcf6\"},\"breadcrumb\":{\"@id\":\"https:\/\/www.andromede-ocean.com\/english\/blog\/2014\/08\/20\/esthetisme-et-biodiversite-premiers-resultats\/#breadcrumb\"},\"inLanguage\":\"en-GB\",\"potentialAction\":[{\"@type\":\"ReadAction\",\"target\":[\"https:\/\/www.andromede-ocean.com\/english\/blog\/2014\/08\/20\/esthetisme-et-biodiversite-premiers-resultats\/\"]}]},{\"@type\":\"ImageObject\",\"inLanguage\":\"en-GB\",\"@id\":\"https:\/\/www.andromede-ocean.com\/english\/blog\/2014\/08\/20\/esthetisme-et-biodiversite-premiers-resultats\/#primaryimage\",\"url\":\"\",\"contentUrl\":\"\"},{\"@type\":\"BreadcrumbList\",\"@id\":\"https:\/\/www.andromede-ocean.com\/english\/blog\/2014\/08\/20\/esthetisme-et-biodiversite-premiers-resultats\/#breadcrumb\",\"itemListElement\":[{\"@type\":\"ListItem\",\"position\":1,\"name\":\"Accueil\",\"item\":\"https:\/\/www.andromede-ocean.com\/english\/\"},{\"@type\":\"ListItem\",\"position\":2,\"name\":\"Esth\u00e9tisme et Biodiversit\u00e9 : premiers r\u00e9sultats !\"}]},{\"@type\":\"WebSite\",\"@id\":\"https:\/\/www.andromede-ocean.com\/english\/#website\",\"url\":\"https:\/\/www.andromede-ocean.com\/english\/\",\"name\":\"Androm\u00e8de Oc\u00e9anologie\",\"description\":\"\",\"potentialAction\":[{\"@type\":\"SearchAction\",\"target\":{\"@type\":\"EntryPoint\",\"urlTemplate\":\"https:\/\/www.andromede-ocean.com\/english\/?s={search_term_string}\"},\"query-input\":{\"@type\":\"PropertyValueSpecification\",\"valueRequired\":true,\"valueName\":\"search_term_string\"}}],\"inLanguage\":\"en-GB\"},{\"@type\":\"Person\",\"@id\":\"https:\/\/www.andromede-ocean.com\/english\/#\/schema\/person\/670621606150c9eb5a0c92897263dcf6\",\"name\":\"julie Deter\",\"image\":{\"@type\":\"ImageObject\",\"inLanguage\":\"en-GB\",\"@id\":\"https:\/\/www.andromede-ocean.com\/english\/#\/schema\/person\/image\/\",\"url\":\"https:\/\/secure.gravatar.com\/avatar\/29b9c20f73f722191c32425ab84445e2b34fcc25b717ea8e1667c86ae7eb81cf?s=96&d=mm&r=g\",\"contentUrl\":\"https:\/\/secure.gravatar.com\/avatar\/29b9c20f73f722191c32425ab84445e2b34fcc25b717ea8e1667c86ae7eb81cf?s=96&d=mm&r=g\",\"caption\":\"julie Deter\"}}]}<\/script>\n<!-- \/ Yoast SEO plugin. -->","yoast_head_json":{"title":"Esth\u00e9tisme et Biodiversit\u00e9 : premiers r\u00e9sultats ! - Androm\u00e8de Oc\u00e9anologie","robots":{"index":"index","follow":"follow","max-snippet":"max-snippet:-1","max-image-preview":"max-image-preview:large","max-video-preview":"max-video-preview:-1"},"og_locale":"en_GB","og_type":"article","og_title":"Esth\u00e9tisme et Biodiversit\u00e9 : premiers r\u00e9sultats ! - Androm\u00e8de Oc\u00e9anologie","og_description":"Vous avez\u00a0 \u00e9t\u00e9 pr\u00e8s de 1300 personnes \u00e0 avoir particip\u00e9 au questionnaire sur l\u2019esth\u00e9tisme des fonds marins envoy\u00e9 au printemps dernier ! Nous vous remercions donc chaleureusement pour cette belle coop\u00e9ration, gr\u00e2ce \u00e0 laquelle nous avons pu mener \u00e0 bien cette \u00e9tude.\u00a0 Un poster synth\u00e9tique (Poster_esthetisme_diversit\u00e9_VF) reprenant les conclusions les plus importantes est disponible. R\u00e9sum\u00e9\u00a0:\u00a0 [&hellip;]","og_url":"https:\/\/www.andromede-ocean.com\/english\/blog\/2014\/08\/20\/esthetisme-et-biodiversite-premiers-resultats\/","og_site_name":"Androm\u00e8de Oc\u00e9anologie","article_published_time":"2014-08-20T12:57:17+00:00","og_image":[{"url":"http:\/\/www.andromede-ocean.com\/english\/wp-content\/uploads\/sites\/2\/esthetisme-biodiv-300x197.jpg","type":"","width":"","height":""}],"author":"julie Deter","twitter_card":"summary_large_image","twitter_misc":{"Written by":"julie Deter","Estimated reading time":"2 minutes"},"schema":{"@context":"https:\/\/schema.org","@graph":[{"@type":"Article","@id":"https:\/\/www.andromede-ocean.com\/english\/blog\/2014\/08\/20\/esthetisme-et-biodiversite-premiers-resultats\/#article","isPartOf":{"@id":"https:\/\/www.andromede-ocean.com\/english\/blog\/2014\/08\/20\/esthetisme-et-biodiversite-premiers-resultats\/"},"author":{"name":"julie Deter","@id":"https:\/\/www.andromede-ocean.com\/english\/#\/schema\/person\/670621606150c9eb5a0c92897263dcf6"},"headline":"Esth\u00e9tisme et Biodiversit\u00e9 : premiers r\u00e9sultats !","datePublished":"2014-08-20T12:57:17+00:00","mainEntityOfPage":{"@id":"https:\/\/www.andromede-ocean.com\/english\/blog\/2014\/08\/20\/esthetisme-et-biodiversite-premiers-resultats\/"},"wordCount":413,"image":{"@id":"https:\/\/www.andromede-ocean.com\/english\/blog\/2014\/08\/20\/esthetisme-et-biodiversite-premiers-resultats\/#primaryimage"},"thumbnailUrl":"http:\/\/www.andromede-ocean.com\/english\/wp-content\/uploads\/sites\/2\/esthetisme-biodiv-300x197.jpg","articleSection":["Monitoring"],"inLanguage":"en-GB"},{"@type":"WebPage","@id":"https:\/\/www.andromede-ocean.com\/english\/blog\/2014\/08\/20\/esthetisme-et-biodiversite-premiers-resultats\/","url":"https:\/\/www.andromede-ocean.com\/english\/blog\/2014\/08\/20\/esthetisme-et-biodiversite-premiers-resultats\/","name":"Esth\u00e9tisme et Biodiversit\u00e9 : premiers r\u00e9sultats ! - Androm\u00e8de Oc\u00e9anologie","isPartOf":{"@id":"https:\/\/www.andromede-ocean.com\/english\/#website"},"primaryImageOfPage":{"@id":"https:\/\/www.andromede-ocean.com\/english\/blog\/2014\/08\/20\/esthetisme-et-biodiversite-premiers-resultats\/#primaryimage"},"image":{"@id":"https:\/\/www.andromede-ocean.com\/english\/blog\/2014\/08\/20\/esthetisme-et-biodiversite-premiers-resultats\/#primaryimage"},"thumbnailUrl":"http:\/\/www.andromede-ocean.com\/english\/wp-content\/uploads\/sites\/2\/esthetisme-biodiv-300x197.jpg","datePublished":"2014-08-20T12:57:17+00:00","author":{"@id":"https:\/\/www.andromede-ocean.com\/english\/#\/schema\/person\/670621606150c9eb5a0c92897263dcf6"},"breadcrumb":{"@id":"https:\/\/www.andromede-ocean.com\/english\/blog\/2014\/08\/20\/esthetisme-et-biodiversite-premiers-resultats\/#breadcrumb"},"inLanguage":"en-GB","potentialAction":[{"@type":"ReadAction","target":["https:\/\/www.andromede-ocean.com\/english\/blog\/2014\/08\/20\/esthetisme-et-biodiversite-premiers-resultats\/"]}]},{"@type":"ImageObject","inLanguage":"en-GB","@id":"https:\/\/www.andromede-ocean.com\/english\/blog\/2014\/08\/20\/esthetisme-et-biodiversite-premiers-resultats\/#primaryimage","url":"","contentUrl":""},{"@type":"BreadcrumbList","@id":"https:\/\/www.andromede-ocean.com\/english\/blog\/2014\/08\/20\/esthetisme-et-biodiversite-premiers-resultats\/#breadcrumb","itemListElement":[{"@type":"ListItem","position":1,"name":"Accueil","item":"https:\/\/www.andromede-ocean.com\/english\/"},{"@type":"ListItem","position":2,"name":"Esth\u00e9tisme et Biodiversit\u00e9 : premiers r\u00e9sultats !"}]},{"@type":"WebSite","@id":"https:\/\/www.andromede-ocean.com\/english\/#website","url":"https:\/\/www.andromede-ocean.com\/english\/","name":"Androm\u00e8de Oc\u00e9anologie","description":"","potentialAction":[{"@type":"SearchAction","target":{"@type":"EntryPoint","urlTemplate":"https:\/\/www.andromede-ocean.com\/english\/?s={search_term_string}"},"query-input":{"@type":"PropertyValueSpecification","valueRequired":true,"valueName":"search_term_string"}}],"inLanguage":"en-GB"},{"@type":"Person","@id":"https:\/\/www.andromede-ocean.com\/english\/#\/schema\/person\/670621606150c9eb5a0c92897263dcf6","name":"julie Deter","image":{"@type":"ImageObject","inLanguage":"en-GB","@id":"https:\/\/www.andromede-ocean.com\/english\/#\/schema\/person\/image\/","url":"https:\/\/secure.gravatar.com\/avatar\/29b9c20f73f722191c32425ab84445e2b34fcc25b717ea8e1667c86ae7eb81cf?s=96&d=mm&r=g","contentUrl":"https:\/\/secure.gravatar.com\/avatar\/29b9c20f73f722191c32425ab84445e2b34fcc25b717ea8e1667c86ae7eb81cf?s=96&d=mm&r=g","caption":"julie Deter"}}]}},"_links":{"self":[{"href":"https:\/\/www.andromede-ocean.com\/english\/wp-json\/wp\/v2\/posts\/1048","targetHints":{"allow":["GET"]}}],"collection":[{"href":"https:\/\/www.andromede-ocean.com\/english\/wp-json\/wp\/v2\/posts"}],"about":[{"href":"https:\/\/www.andromede-ocean.com\/english\/wp-json\/wp\/v2\/types\/post"}],"author":[{"embeddable":true,"href":"https:\/\/www.andromede-ocean.com\/english\/wp-json\/wp\/v2\/users\/3"}],"replies":[{"embeddable":true,"href":"https:\/\/www.andromede-ocean.com\/english\/wp-json\/wp\/v2\/comments?post=1048"}],"version-history":[{"count":0,"href":"https:\/\/www.andromede-ocean.com\/english\/wp-json\/wp\/v2\/posts\/1048\/revisions"}],"wp:attachment":[{"href":"https:\/\/www.andromede-ocean.com\/english\/wp-json\/wp\/v2\/media?parent=1048"}],"wp:term":[{"taxonomy":"category","embeddable":true,"href":"https:\/\/www.andromede-ocean.com\/english\/wp-json\/wp\/v2\/categories?post=1048"},{"taxonomy":"post_tag","embeddable":true,"href":"https:\/\/www.andromede-ocean.com\/english\/wp-json\/wp\/v2\/tags?post=1048"}],"curies":[{"name":"wp","href":"https:\/\/api.w.org\/{rel}","templated":true}]}}